{"id":98598,"date":"2017-01-30T12:33:41","date_gmt":"2017-01-30T17:33:41","guid":{"rendered":"http:\/\/www.fiscalia.gov.co\/colombia\/?p=98598"},"modified":"2017-01-30T12:33:41","modified_gmt":"2017-01-30T17:33:41","slug":"capturado-exalcalde-de-florida-valle-del-cauca-por-peculado","status":"publish","type":"post","link":"https:\/\/www.fiscalia.gov.co\/colombia\/noticias\/capturado-exalcalde-de-florida-valle-del-cauca-por-peculado\/","title":{"rendered":"Capturado exalcalde de Florida (Valle del Cauca) por peculado"},"content":{"rendered":"<p>Hugo Venancio C\u00f3rdoba Bastidas, exalcalde del municipio de Florida (Valle del Cauca), fue capturado en su casa ubicada en esa poblaci\u00f3n, para que cumpla una medida de aseguramiento de detenci\u00f3n preventiva proferida por la Fiscal\u00eda 28 Seccional bajo los t\u00e9rminos de la ley 600 de 2000, por el delito de peculado por apropiaci\u00f3n.<\/p>\n<p>La medida en contra del exburgomaestre fue motivada por la denuncia que presentaron integrantes de la Veedur\u00eda Ciudadana Sim\u00f3n Bol\u00edvar, el 9 de julio de 2007, quienes representan a varias familias afectadas por el desastre registrado en el r\u00edo Fraile el 31 de enero de 1994.<\/p>\n<p>La alcald\u00eda de Venancio C\u00f3rdoba suscribi\u00f3 un contrato con una firma constructora para edificar 95 planes de vivienda, que ser\u00edan levantadas con un presupuesto de $700.000.000, del proyecto La Hacienda I etapa.<\/p>\n<p>Cinco a\u00f1os despu\u00e9s no se hab\u00eda cumplido con lo pactado, haciendo falta por construir 44 viviendas, fuera de las 30 casas que construyeron, pero que no se entregaron porque se deterioraron o fueron objeto del vandalismo.<\/p>\n<p>&nbsp;<\/p>\n<p><strong>Denuncia<\/strong><\/p>\n<p>Seg\u00fan el escrito, los damnificados vienen tratando de solucionar parte de sus problemas, entre ellos la adquisici\u00f3n de vivienda de inter\u00e9s social de las que prometieron y de las cuales se les asign\u00f3 un subsidio otorgado por la entidad Fonvivienda.<\/p>\n<p>El 19 de noviembre de 2003, mediante Resoluci\u00f3n No 033, el Ministerio del Medio Ambiente y Vivienda asign\u00f3 la suma de siete millones ciento siete mil pesos ($7.107.000) para adquirir una vivienda de inter\u00e9s social en la urbanizaci\u00f3n La Hacienda I etapa de Florida.<\/p>\n<p>Para el denunciante, \u201cse han encontrado falencias en la construcci\u00f3n del proyecto, al que no se la he dado cumplimiento total a las obras, dejando a varias familias a la intemperie, sin su techo. Otros beneficiarios confiando en la buena fe de los administradores de este municipio y de los ejecutantes del proyecto, por la demora en el inicio de las obras y haciendo uso de un documento p\u00fablico, construyeron sus viviendas de su propio bolsillo, confiados en el desembolso de su subsidio en efectivo como se les hab\u00eda prometido\u201d.<\/p>\n<p>&nbsp;<\/p>\n<p><strong>Investigaci\u00f3n<\/strong><\/p>\n<p>De acuerdo con lo expuesto en la denuncia de la Veedur\u00eda Ciudadana, el entonces alcalde C\u00f3rdoba Bastidas, por su omisi\u00f3n y acci\u00f3n, incumpli\u00f3 el convenio de cooperaci\u00f3n y asistencia t\u00e9cnica celebrado con el programa de Naciones Unidas para el Desarrollo (PNUD).<\/p>\n<p>\u201cLa alcald\u00eda incumpli\u00f3 con la vigilancia y control del proyecto La Hacienda I etapa, para los damnificados del r\u00edo Fraile, tim\u00e1ndolos para que les firmaran los documentos con los que se legalizaron el desembolso de los subsidios ($7.107.000) y en donde los desprotegen por negligencia y por la corrupci\u00f3n de este proyecto\u201d, se afirma en la denuncia.<\/p>\n<p>Seg\u00fan la Veedur\u00eda Ciudadana, dos presuntos representantes de los afectados recogieron algunas firmas de ellos como soportes legales ante las entidades otorgantes de los dineros, constat\u00e1ndose posteriormente que, de los 95 beneficiarios, solo uno asever\u00f3 que s\u00ed era su firma.<\/p>\n<p>Para la Fiscal\u00eda \u201ccon relaci\u00f3n al delito de peculado, que este ofrece como denominador com\u00fan el atentar contra el caudal de Estado a trav\u00e9s del incumplimiento de los deberes que tiene aquel que ejerza la funci\u00f3n p\u00fablica, como en este caso el se\u00f1or Hugo Venancio C\u00f3rdoba Bastidas, quien habiendo asumido como la primera autoridad administrativa y policiva del municipio de Florida, estaba obligado a garantizar la efectividad de las obras, bien que vinieran pactadas por la otra administraci\u00f3n o las que surgieran dentro de su administraci\u00f3n\u201d.<\/p>\n<p>&nbsp;<\/p>\n<p><strong>Resultados<\/strong><\/p>\n<p>A diciembre de 2015, la investigaci\u00f3n del Cuerpo T\u00e9cnico de Investigaci\u00f3n (CTI) Cali permiti\u00f3 establecer que de los recursos autorizados por el alcalde Venancio C\u00f3rdoba solo se invirti\u00f3 la suma de $165 millones. La falta de vigilancia y control por parte del mandatario local hizo que el contratista de la obra se quedara con los dineros aportados por el PNUD, depositados en Fiduagraria.<\/p>\n<p>El alcalde recibi\u00f3 informes de funcionarios de su administraci\u00f3n donde consignaron las dificultades por las que atravesaba el proyecto de viviendas para los damnificados del r\u00edo Fraile, el progresivo retraso y la negativa para nombrar un interventor.<\/p>\n<p>\u201cFacilit\u00f3 (Hugo Venancio C\u00f3rdoba) que se hiciera una inversi\u00f3n insuficiente y se apoderaran de una fuerte suma de dinero, sin considerar en la situaci\u00f3n de calamidad en que se dejar\u00eda a unas familias, afectadas gravemente por esa tragedia natural\u201d, dice la Fiscal\u00eda.<\/p>\n<p>El mandatario local certific\u00f3, adem\u00e1s, haber recibido a entera satisfacci\u00f3n las casas que se comprometi\u00f3 entregar el contratista para reubicar de las familias damnificadas, \u201ccosa que no fue cierta, no ejerci\u00f3 ninguna vigilancia efectiva y de haber atendido como era su deber constitucional y legal\u201d.<\/p>\n<p>&nbsp;<\/p>\n<p><strong>Decisi\u00f3n<\/strong><\/p>\n<p>La Fiscal\u00eda 28 Seccional de Ley 600 resolvi\u00f3 proferir medida de aseguramiento de detenci\u00f3n preventiva en contra el exalcalde de Florida, Hugo Venancio C\u00f3rdoba Bastidas por el delito de peculado.<\/p>\n<p>El ex mandatario local fue detenido en su casa en Florida y permanece detenido en la Estaci\u00f3n de Polic\u00eda del barrio El Guabal, al oriente de Cali, de donde ser\u00e1 trasladado en las pr\u00f3ximas horas a la c\u00e1rcel de Villahermosa, para dar cumplimiento de la medida de aseguramiento.<\/p>\n<p>&nbsp;<\/p>\n<p>&nbsp;<\/p>\n<p>JGPV\/DLBM<\/p>\n\n<div class=\"twitter-share\"><a href=\"https:\/\/twitter.com\/intent\/tweet?via=fiscaliacol\" class=\"twitter-share-button\">Tweet<\/a><\/div>\n","protected":false},"excerpt":{"rendered":"<p>Hugo Venancio C\u00f3rdoba Bastidas, exalcalde del municipio de Florida (Valle del Cauca), fue capturado en su casa ubicada en esa poblaci\u00f3n, para que cumpla una medida de aseguramiento de detenci\u00f3n preventiva proferida por la Fiscal\u00eda 28 Seccional bajo los t\u00e9rminos de la ley 600 de 2000, por el delito de peculado por apropiaci\u00f3n. La medida [&hellip;]<\/p>\n","protected":false},"author":143,"featured_media":0,"comment_status":"closed","ping_status":"open","sticky":false,"template":"","format":"standard","meta":{"_price":"","_stock":"","_tribe_ticket_header":"","_tribe_default_ticket_provider":"","_tribe_ticket_capacity":"0","_ticket_start_date":"","_ticket_end_date":"","_tribe_ticket_show_description":"","_tribe_ticket_show_not_going":false,"_tribe_ticket_use_global_stock":"","_tribe_ticket_global_stock_level":"","_global_stock_mode":"","_global_stock_cap":"","_tribe_rsvp_for_event":"","_tribe_ticket_going_count":"","_tribe_ticket_not_going_count":"","_tribe_tickets_list":"[]","_tribe_ticket_has_attendee_info_fields":false,"tdm_status":"","tdm_grid_status":"","footnotes":""},"categories":[1],"tags":[427],"class_list":{"0":"post-98598","1":"post","2":"type-post","3":"status-publish","4":"format-standard","6":"category-noticias","7":"tag-corrupcion"},"yoast_head":"<!-- This site is optimized with the Yoast SEO plugin v24.3 - https:\/\/yoast.com\/wordpress\/plugins\/seo\/ -->\n<title>Fiscal\u00eda General de la Naci\u00f3n<\/title>\n<meta name=\"description\" content=\"P\u00e1gina oficial de la Fiscal\u00eda General de la Naci\u00f3n \u2013 Colombia. Garantizamos el acceso efectivo a la justicia, la verdad y la reparaci\u00f3n de las v\u00edctimas de los delitos.\" \/>\n<meta name=\"robots\" content=\"noindex, follow\" \/>\n<meta property=\"og:locale\" content=\"es_ES\" \/>\n<meta property=\"og:type\" content=\"article\" \/>\n<meta property=\"og:title\" content=\"Fiscal\u00eda General de la Naci\u00f3n\" \/>\n<meta property=\"og:description\" content=\"P\u00e1gina oficial de la Fiscal\u00eda General de la Naci\u00f3n \u2013 Colombia. Garantizamos el acceso efectivo a la justicia, la verdad y la reparaci\u00f3n de las v\u00edctimas de los delitos.\" \/>\n<meta property=\"og:url\" content=\"https:\/\/www.fiscalia.gov.co\/colombia\/noticias\/capturado-exalcalde-de-florida-valle-del-cauca-por-peculado\/\" \/>\n<meta property=\"og:site_name\" content=\"Fiscal\u00eda General de la Naci\u00f3n\" \/>\n<meta property=\"article:publisher\" content=\"https:\/\/www.facebook.com\/FiscaliaCol\" \/>\n<meta property=\"article:published_time\" content=\"2017-01-30T17:33:41+00:00\" \/>\n<meta name=\"author\" content=\"dfgordillo\" \/>\n<meta name=\"twitter:card\" content=\"summary_large_image\" \/>\n<meta name=\"twitter:creator\" content=\"@FiscaliaCol\" \/>\n<meta name=\"twitter:site\" content=\"@FiscaliaCol\" \/>\n<meta name=\"twitter:label1\" content=\"Escrito por\" \/>\n\t<meta name=\"twitter:data1\" content=\"dfgordillo\" \/>\n\t<meta name=\"twitter:label2\" content=\"Tiempo de lectura\" \/>\n\t<meta name=\"twitter:data2\" content=\"4 minutos\" \/>\n<script type=\"application\/ld+json\" class=\"yoast-schema-graph\">{\"@context\":\"https:\/\/schema.org\",\"@graph\":[{\"@type\":\"Article\",\"@id\":\"https:\/\/www.fiscalia.gov.co\/colombia\/noticias\/capturado-exalcalde-de-florida-valle-del-cauca-por-peculado\/#article\",\"isPartOf\":{\"@id\":\"https:\/\/www.fiscalia.gov.co\/colombia\/noticias\/capturado-exalcalde-de-florida-valle-del-cauca-por-peculado\/\"},\"author\":{\"name\":\"dfgordillo\",\"@id\":\"https:\/\/www.fiscalia.gov.co\/colombia\/#\/schema\/person\/3903856a3ce2d54b094c69eb29247895\"},\"headline\":\"Capturado exalcalde de Florida (Valle del Cauca) por peculado\",\"datePublished\":\"2017-01-30T17:33:41+00:00\",\"dateModified\":\"2017-01-30T17:33:41+00:00\",\"mainEntityOfPage\":{\"@id\":\"https:\/\/www.fiscalia.gov.co\/colombia\/noticias\/capturado-exalcalde-de-florida-valle-del-cauca-por-peculado\/\"},\"wordCount\":900,\"publisher\":{\"@id\":\"https:\/\/www.fiscalia.gov.co\/colombia\/#organization\"},\"keywords\":[\"Corrupci\u00f3n\"],\"articleSection\":[\"Noticias\"],\"inLanguage\":\"es-CO\"},{\"@type\":\"WebPage\",\"@id\":\"https:\/\/www.fiscalia.gov.co\/colombia\/noticias\/capturado-exalcalde-de-florida-valle-del-cauca-por-peculado\/\",\"url\":\"https:\/\/www.fiscalia.gov.co\/colombia\/noticias\/capturado-exalcalde-de-florida-valle-del-cauca-por-peculado\/\",\"name\":\"Fiscal\u00eda General de la Naci\u00f3n\",\"isPartOf\":{\"@id\":\"https:\/\/www.fiscalia.gov.co\/colombia\/#website\"},\"datePublished\":\"2017-01-30T17:33:41+00:00\",\"dateModified\":\"2017-01-30T17:33:41+00:00\",\"description\":\"P\u00e1gina oficial de la Fiscal\u00eda General de la Naci\u00f3n \u2013 Colombia. Garantizamos el acceso efectivo a la justicia, la verdad y la reparaci\u00f3n de las v\u00edctimas de los delitos.\",\"breadcrumb\":{\"@id\":\"https:\/\/www.fiscalia.gov.co\/colombia\/noticias\/capturado-exalcalde-de-florida-valle-del-cauca-por-peculado\/#breadcrumb\"},\"inLanguage\":\"es-CO\",\"potentialAction\":[{\"@type\":\"ReadAction\",\"target\":[\"https:\/\/www.fiscalia.gov.co\/colombia\/noticias\/capturado-exalcalde-de-florida-valle-del-cauca-por-peculado\/\"]}]},{\"@type\":\"BreadcrumbList\",\"@id\":\"https:\/\/www.fiscalia.gov.co\/colombia\/noticias\/capturado-exalcalde-de-florida-valle-del-cauca-por-peculado\/#breadcrumb\",\"itemListElement\":[{\"@type\":\"ListItem\",\"position\":1,\"name\":\"Home\",\"item\":\"https:\/\/www.fiscalia.gov.co\/colombia\/\"},{\"@type\":\"ListItem\",\"position\":2,\"name\":\"Capturado exalcalde de Florida (Valle del Cauca) por peculado\"}]},{\"@type\":\"WebSite\",\"@id\":\"https:\/\/www.fiscalia.gov.co\/colombia\/#website\",\"url\":\"https:\/\/www.fiscalia.gov.co\/colombia\/\",\"name\":\"Fiscal\u00eda General de la Naci\u00f3n\",\"description\":\"P\u00e1gina oficial de la Fiscal\u00eda General de la Naci\u00f3n \u2013 Colombia. Garantizamos el acceso efectivo a la justicia, la verdad y la reparaci\u00f3n de las v\u00edctimas de los delitos.\",\"publisher\":{\"@id\":\"https:\/\/www.fiscalia.gov.co\/colombia\/#organization\"},\"potentialAction\":[{\"@type\":\"SearchAction\",\"target\":{\"@type\":\"EntryPoint\",\"urlTemplate\":\"https:\/\/www.fiscalia.gov.co\/colombia\/?s={search_term_string}\"},\"query-input\":{\"@type\":\"PropertyValueSpecification\",\"valueRequired\":true,\"valueName\":\"search_term_string\"}}],\"inLanguage\":\"es-CO\"},{\"@type\":\"Organization\",\"@id\":\"https:\/\/www.fiscalia.gov.co\/colombia\/#organization\",\"name\":\"Fiscal\u00eda General de la Naci\u00f3n\",\"url\":\"https:\/\/www.fiscalia.gov.co\/colombia\/\",\"logo\":{\"@type\":\"ImageObject\",\"inLanguage\":\"es-CO\",\"@id\":\"https:\/\/www.fiscalia.gov.co\/colombia\/#\/schema\/logo\/image\/\",\"url\":\"https:\/\/www.fiscalia.gov.co\/colombia\/wp-content\/uploads\/LogoHorizontal_1.jpg\",\"contentUrl\":\"https:\/\/www.fiscalia.gov.co\/colombia\/wp-content\/uploads\/LogoHorizontal_1.jpg\",\"width\":300,\"height\":90,\"caption\":\"Fiscal\u00eda General de la Naci\u00f3n\"},\"image\":{\"@id\":\"https:\/\/www.fiscalia.gov.co\/colombia\/#\/schema\/logo\/image\/\"},\"sameAs\":[\"https:\/\/www.facebook.com\/FiscaliaCol\",\"https:\/\/x.com\/FiscaliaCol\",\"https:\/\/www.instagram.com\/fiscaliacol\",\"https:\/\/www.linkedin.com\/company\/fiscalia-general-de-la-naci-n\/\",\"https:\/\/youtube.com\/@fiscaliageneraldelanacion-4668?si=6nN79nyQICPU5iTh\"]},{\"@type\":\"Person\",\"@id\":\"https:\/\/www.fiscalia.gov.co\/colombia\/#\/schema\/person\/3903856a3ce2d54b094c69eb29247895\",\"name\":\"dfgordillo\",\"image\":{\"@type\":\"ImageObject\",\"inLanguage\":\"es-CO\",\"@id\":\"https:\/\/www.fiscalia.gov.co\/colombia\/#\/schema\/person\/image\/\",\"url\":\"https:\/\/secure.gravatar.com\/avatar\/b6356e21c5657c60757fe6fb9493e947?s=96&d=mm&r=g\",\"contentUrl\":\"https:\/\/secure.gravatar.com\/avatar\/b6356e21c5657c60757fe6fb9493e947?s=96&d=mm&r=g\",\"caption\":\"dfgordillo\"},\"sameAs\":[\"dfgordillo\"],\"url\":\"https:\/\/www.fiscalia.gov.co\/colombia\/author\/dfgordillo\/\"}]}<\/script>\n<!-- \/ Yoast SEO plugin. -->","yoast_head_json":{"title":"Fiscal\u00eda General de la Naci\u00f3n","description":"P\u00e1gina oficial de la Fiscal\u00eda General de la Naci\u00f3n \u2013 Colombia. Garantizamos el acceso efectivo a la justicia, la verdad y la reparaci\u00f3n de las v\u00edctimas de los delitos.","robots":{"index":"noindex","follow":"follow"},"og_locale":"es_ES","og_type":"article","og_title":"Fiscal\u00eda General de la Naci\u00f3n","og_description":"P\u00e1gina oficial de la Fiscal\u00eda General de la Naci\u00f3n \u2013 Colombia. Garantizamos el acceso efectivo a la justicia, la verdad y la reparaci\u00f3n de las v\u00edctimas de los delitos.","og_url":"https:\/\/www.fiscalia.gov.co\/colombia\/noticias\/capturado-exalcalde-de-florida-valle-del-cauca-por-peculado\/","og_site_name":"Fiscal\u00eda General de la Naci\u00f3n","article_publisher":"https:\/\/www.facebook.com\/FiscaliaCol","article_published_time":"2017-01-30T17:33:41+00:00","author":"dfgordillo","twitter_card":"summary_large_image","twitter_creator":"@FiscaliaCol","twitter_site":"@FiscaliaCol","twitter_misc":{"Escrito por":"dfgordillo","Tiempo de lectura":"4 minutos"},"schema":{"@context":"https:\/\/schema.org","@graph":[{"@type":"Article","@id":"https:\/\/www.fiscalia.gov.co\/colombia\/noticias\/capturado-exalcalde-de-florida-valle-del-cauca-por-peculado\/#article","isPartOf":{"@id":"https:\/\/www.fiscalia.gov.co\/colombia\/noticias\/capturado-exalcalde-de-florida-valle-del-cauca-por-peculado\/"},"author":{"name":"dfgordillo","@id":"https:\/\/www.fiscalia.gov.co\/colombia\/#\/schema\/person\/3903856a3ce2d54b094c69eb29247895"},"headline":"Capturado exalcalde de Florida (Valle del Cauca) por peculado","datePublished":"2017-01-30T17:33:41+00:00","dateModified":"2017-01-30T17:33:41+00:00","mainEntityOfPage":{"@id":"https:\/\/www.fiscalia.gov.co\/colombia\/noticias\/capturado-exalcalde-de-florida-valle-del-cauca-por-peculado\/"},"wordCount":900,"publisher":{"@id":"https:\/\/www.fiscalia.gov.co\/colombia\/#organization"},"keywords":["Corrupci\u00f3n"],"articleSection":["Noticias"],"inLanguage":"es-CO"},{"@type":"WebPage","@id":"https:\/\/www.fiscalia.gov.co\/colombia\/noticias\/capturado-exalcalde-de-florida-valle-del-cauca-por-peculado\/","url":"https:\/\/www.fiscalia.gov.co\/colombia\/noticias\/capturado-exalcalde-de-florida-valle-del-cauca-por-peculado\/","name":"Fiscal\u00eda General de la Naci\u00f3n","isPartOf":{"@id":"https:\/\/www.fiscalia.gov.co\/colombia\/#website"},"datePublished":"2017-01-30T17:33:41+00:00","dateModified":"2017-01-30T17:33:41+00:00","description":"P\u00e1gina oficial de la Fiscal\u00eda General de la Naci\u00f3n \u2013 Colombia. Garantizamos el acceso efectivo a la justicia, la verdad y la reparaci\u00f3n de las v\u00edctimas de los delitos.","breadcrumb":{"@id":"https:\/\/www.fiscalia.gov.co\/colombia\/noticias\/capturado-exalcalde-de-florida-valle-del-cauca-por-peculado\/#breadcrumb"},"inLanguage":"es-CO","potentialAction":[{"@type":"ReadAction","target":["https:\/\/www.fiscalia.gov.co\/colombia\/noticias\/capturado-exalcalde-de-florida-valle-del-cauca-por-peculado\/"]}]},{"@type":"BreadcrumbList","@id":"https:\/\/www.fiscalia.gov.co\/colombia\/noticias\/capturado-exalcalde-de-florida-valle-del-cauca-por-peculado\/#breadcrumb","itemListElement":[{"@type":"ListItem","position":1,"name":"Home","item":"https:\/\/www.fiscalia.gov.co\/colombia\/"},{"@type":"ListItem","position":2,"name":"Capturado exalcalde de Florida (Valle del Cauca) por peculado"}]},{"@type":"WebSite","@id":"https:\/\/www.fiscalia.gov.co\/colombia\/#website","url":"https:\/\/www.fiscalia.gov.co\/colombia\/","name":"Fiscal\u00eda General de la Naci\u00f3n","description":"P\u00e1gina oficial de la Fiscal\u00eda General de la Naci\u00f3n \u2013 Colombia. Garantizamos el acceso efectivo a la justicia, la verdad y la reparaci\u00f3n de las v\u00edctimas de los delitos.","publisher":{"@id":"https:\/\/www.fiscalia.gov.co\/colombia\/#organization"},"potentialAction":[{"@type":"SearchAction","target":{"@type":"EntryPoint","urlTemplate":"https:\/\/www.fiscalia.gov.co\/colombia\/?s={search_term_string}"},"query-input":{"@type":"PropertyValueSpecification","valueRequired":true,"valueName":"search_term_string"}}],"inLanguage":"es-CO"},{"@type":"Organization","@id":"https:\/\/www.fiscalia.gov.co\/colombia\/#organization","name":"Fiscal\u00eda General de la Naci\u00f3n","url":"https:\/\/www.fiscalia.gov.co\/colombia\/","logo":{"@type":"ImageObject","inLanguage":"es-CO","@id":"https:\/\/www.fiscalia.gov.co\/colombia\/#\/schema\/logo\/image\/","url":"https:\/\/www.fiscalia.gov.co\/colombia\/wp-content\/uploads\/LogoHorizontal_1.jpg","contentUrl":"https:\/\/www.fiscalia.gov.co\/colombia\/wp-content\/uploads\/LogoHorizontal_1.jpg","width":300,"height":90,"caption":"Fiscal\u00eda General de la Naci\u00f3n"},"image":{"@id":"https:\/\/www.fiscalia.gov.co\/colombia\/#\/schema\/logo\/image\/"},"sameAs":["https:\/\/www.facebook.com\/FiscaliaCol","https:\/\/x.com\/FiscaliaCol","https:\/\/www.instagram.com\/fiscaliacol","https:\/\/www.linkedin.com\/company\/fiscalia-general-de-la-naci-n\/","https:\/\/youtube.com\/@fiscaliageneraldelanacion-4668?si=6nN79nyQICPU5iTh"]},{"@type":"Person","@id":"https:\/\/www.fiscalia.gov.co\/colombia\/#\/schema\/person\/3903856a3ce2d54b094c69eb29247895","name":"dfgordillo","image":{"@type":"ImageObject","inLanguage":"es-CO","@id":"https:\/\/www.fiscalia.gov.co\/colombia\/#\/schema\/person\/image\/","url":"https:\/\/secure.gravatar.com\/avatar\/b6356e21c5657c60757fe6fb9493e947?s=96&d=mm&r=g","contentUrl":"https:\/\/secure.gravatar.com\/avatar\/b6356e21c5657c60757fe6fb9493e947?s=96&d=mm&r=g","caption":"dfgordillo"},"sameAs":["dfgordillo"],"url":"https:\/\/www.fiscalia.gov.co\/colombia\/author\/dfgordillo\/"}]}},"_links":{"self":[{"href":"https:\/\/www.fiscalia.gov.co\/colombia\/wp-json\/wp\/v2\/posts\/98598","targetHints":{"allow":["GET"]}}],"collection":[{"href":"https:\/\/www.fiscalia.gov.co\/colombia\/wp-json\/wp\/v2\/posts"}],"about":[{"href":"https:\/\/www.fiscalia.gov.co\/colombia\/wp-json\/wp\/v2\/types\/post"}],"author":[{"embeddable":true,"href":"https:\/\/www.fiscalia.gov.co\/colombia\/wp-json\/wp\/v2\/users\/143"}],"replies":[{"embeddable":true,"href":"https:\/\/www.fiscalia.gov.co\/colombia\/wp-json\/wp\/v2\/comments?post=98598"}],"version-history":[{"count":2,"href":"https:\/\/www.fiscalia.gov.co\/colombia\/wp-json\/wp\/v2\/posts\/98598\/revisions"}],"predecessor-version":[{"id":98600,"href":"https:\/\/www.fiscalia.gov.co\/colombia\/wp-json\/wp\/v2\/posts\/98598\/revisions\/98600"}],"wp:attachment":[{"href":"https:\/\/www.fiscalia.gov.co\/colombia\/wp-json\/wp\/v2\/media?parent=98598"}],"wp:term":[{"taxonomy":"category","embeddable":true,"href":"https:\/\/www.fiscalia.gov.co\/colombia\/wp-json\/wp\/v2\/categories?post=98598"},{"taxonomy":"post_tag","embeddable":true,"href":"https:\/\/www.fiscalia.gov.co\/colombia\/wp-json\/wp\/v2\/tags?post=98598"}],"curies":[{"name":"wp","href":"https:\/\/api.w.org\/{rel}","templated":true}]}}