{"id":98127,"date":"2017-01-23T11:15:51","date_gmt":"2017-01-23T16:15:51","guid":{"rendered":"http:\/\/www.fiscalia.gov.co\/colombia\/?p=98127"},"modified":"2017-01-23T11:15:51","modified_gmt":"2017-01-23T16:15:51","slug":"45-anos-de-carcel-para-hombre-por-abuso-sexual-y-homicidio-de-su-hijastra-de-10-anos-en-cali-valle-del-cauca","status":"publish","type":"post","link":"https:\/\/www.fiscalia.gov.co\/colombia\/noticias\/45-anos-de-carcel-para-hombre-por-abuso-sexual-y-homicidio-de-su-hijastra-de-10-anos-en-cali-valle-del-cauca\/","title":{"rendered":"45 a\u00f1os de c\u00e1rcel para hombre por abuso sexual y homicidio de su hijastra de 10 a\u00f1os en Cali (Valle del Cauca)"},"content":{"rendered":"<p>Jefferson Waitoto Gamboa fue condenado a 45 a\u00f1os y 8 meses de prisi\u00f3n. No saldr\u00e1 de la c\u00e1rcel de Villahermosa de Cali (Valle del Cauca), en donde se encuentra recluido, luego de declararse culpable del asesinato de su hijastra de 10 a\u00f1os.<\/p>\n<p>El hombre cumplir\u00e1 la sentencia por los delitos de feminicidio agravado y fabricaci\u00f3n, tr\u00e1fico, porte o tenencia de armas de fuego, accesorios, partes o municiones.<\/p>\n<p>Los hechos est\u00e1n relacionados con la muerte violenta de una menor de 10 a\u00f1os, encontrada en la v\u00eda El Minero, sector Alto de Los Chorros, comuna 18 del suroccidente de Cali.<\/p>\n<p>La menor desapareci\u00f3 de la casa y su madre report\u00f3 lo ocurrido ante una patrulla de vigilancia de la Polic\u00eda Metropolitana de Cali (Mecal), que dio la alerta para iniciar la b\u00fasqueda de la ni\u00f1a en esa zona de la capital del Valle.<\/p>\n<p>El cuerpo de la v\u00edctima fue encontrado en un paraje solitario el domingo 23 de octubre de 2016, presentaba un impacto de arma de fuego en la parte frontal de la cabeza.<\/p>\n<p>Los ex\u00e1menes forenses de los peritos del Instituto de Medicina Legal Seccional Cali demostraron que la v\u00edctima hab\u00eda sido tambi\u00e9n abusada sexualmente.<\/p>\n<p><strong>El padrastro<\/strong><\/p>\n<p>Con el testimonio de varios vecinos del sector, la Fiscal\u00eda pudo establecer que la \u00faltima vez que la ni\u00f1a fue vista con vida, iba con su padrastro a bordo de una motocicleta.<\/p>\n<p>La mam\u00e1 de la ni\u00f1a report\u00f3 la desaparici\u00f3n de su hija con la advertencia de que en varias oportunidades, su compa\u00f1ero sentimental y padrastro de la menor le hab\u00eda insinuado que deb\u00eda matarla, porque se interpon\u00eda en la relaci\u00f3n de ellos.<\/p>\n<p>Conocido el hallazgo del cad\u00e1ver de la ni\u00f1a, el CTI Seccional Cali inici\u00f3 la b\u00fasqueda de su padrastro y, con apoyo de agentes de la Sij\u00edn de la Polic\u00eda Metropolitana de Cali, logr\u00f3 la ubicaci\u00f3n por intermedio de una llamada telef\u00f3nica de un familiar, en un motel al sur de esa ciudad. En la comunicaci\u00f3n, Waitoto Gamboa le aseguraba a una t\u00eda que hab\u00eda asesinado a la menor y quer\u00eda entregarse a las autoridades.<\/p>\n<p>Cuando llegaron las unidades del CTI al motel encontraron al hombre en compa\u00f1\u00eda de otra mujer y les dijo a los investigadores que ten\u00eda un arma de fuego escondida en la silla de la motocicleta de\u00a0 placas RLO-87D de su propiedad, que se encontraba en el parqueadero del motel. Asegur\u00f3 que \u00e9l fue el responsable del asesinato de la menor de edad.<\/p>\n<p>Durante las audiencias concentradas, la Fiscal\u00eda demostr\u00f3 que los m\u00f3viles de la muerte de la menor obedecer\u00edan a la mala relaci\u00f3n que ella ten\u00eda con su padrastro Waitoto Gamboa, situaci\u00f3n que habr\u00eda obligado a\u00a0 la madre a finalizar la relaci\u00f3n sentimental, y motivado al hombre a cometer el crimen.<\/p>\n<p>&nbsp;<\/p>\n<p>&nbsp;<\/p>\n<p>JGPV\/DLBM<\/p>\n\n<div class=\"twitter-share\"><a href=\"https:\/\/twitter.com\/intent\/tweet?via=fiscaliacol\" class=\"twitter-share-button\">Tweet<\/a><\/div>\n","protected":false},"excerpt":{"rendered":"<p>Jefferson Waitoto Gamboa fue condenado a 45 a\u00f1os y 8 meses de prisi\u00f3n. No saldr\u00e1 de la c\u00e1rcel de Villahermosa de Cali (Valle del Cauca), en donde se encuentra recluido, [&hellip;]<\/p>\n","protected":false},"author":143,"featured_media":0,"comment_status":"closed","ping_status":"open","sticky":false,"template":"","format":"standard","meta":{"tdm_status":"","tdm_grid_status":"","footnotes":""},"categories":[1],"tags":[11101],"class_list":["post-98127","post","type-post","status-publish","format-standard","category-noticias","tag-seguridad-ciudadana"],"yoast_head":"<!-- This site is optimized with the Yoast SEO plugin v24.3 - https:\/\/yoast.com\/wordpress\/plugins\/seo\/ -->\n<title>Fiscal\u00eda General de la Naci\u00f3n<\/title>\n<meta name=\"description\" content=\"P\u00e1gina oficial de la Fiscal\u00eda General de la Naci\u00f3n \u2013 Colombia. Garantizamos el acceso efectivo a la justicia, la verdad y la reparaci\u00f3n de las v\u00edctimas de los delitos.\" \/>\n<meta name=\"robots\" content=\"noindex, follow\" \/>\n<meta property=\"og:locale\" content=\"es_ES\" \/>\n<meta property=\"og:type\" content=\"article\" \/>\n<meta property=\"og:title\" content=\"Fiscal\u00eda General de la Naci\u00f3n\" \/>\n<meta property=\"og:description\" content=\"P\u00e1gina oficial de la Fiscal\u00eda General de la Naci\u00f3n \u2013 Colombia. Garantizamos el acceso efectivo a la justicia, la verdad y la reparaci\u00f3n de las v\u00edctimas de los delitos.\" \/>\n<meta property=\"og:url\" content=\"https:\/\/www.fiscalia.gov.co\/colombia\/noticias\/45-anos-de-carcel-para-hombre-por-abuso-sexual-y-homicidio-de-su-hijastra-de-10-anos-en-cali-valle-del-cauca\/\" \/>\n<meta property=\"og:site_name\" content=\"Fiscal\u00eda General de la Naci\u00f3n\" \/>\n<meta property=\"article:publisher\" content=\"https:\/\/www.facebook.com\/FiscaliaCol\" \/>\n<meta property=\"article:published_time\" content=\"2017-01-23T16:15:51+00:00\" \/>\n<meta name=\"author\" content=\"dfgordillo\" \/>\n<meta name=\"twitter:card\" content=\"summary_large_image\" \/>\n<meta name=\"twitter:creator\" content=\"@FiscaliaCol\" \/>\n<meta name=\"twitter:site\" content=\"@FiscaliaCol\" \/>\n<meta name=\"twitter:label1\" content=\"Escrito por\" \/>\n\t<meta name=\"twitter:data1\" content=\"dfgordillo\" \/>\n\t<meta name=\"twitter:label2\" content=\"Tiempo de lectura\" \/>\n\t<meta name=\"twitter:data2\" content=\"3 minutos\" \/>\n<script type=\"application\/ld+json\" class=\"yoast-schema-graph\">{\"@context\":\"https:\/\/schema.org\",\"@graph\":[{\"@type\":\"Article\",\"@id\":\"https:\/\/www.fiscalia.gov.co\/colombia\/noticias\/45-anos-de-carcel-para-hombre-por-abuso-sexual-y-homicidio-de-su-hijastra-de-10-anos-en-cali-valle-del-cauca\/#article\",\"isPartOf\":{\"@id\":\"https:\/\/www.fiscalia.gov.co\/colombia\/noticias\/45-anos-de-carcel-para-hombre-por-abuso-sexual-y-homicidio-de-su-hijastra-de-10-anos-en-cali-valle-del-cauca\/\"},\"author\":{\"name\":\"dfgordillo\",\"@id\":\"https:\/\/www.fiscalia.gov.co\/colombia\/#\/schema\/person\/3903856a3ce2d54b094c69eb29247895\"},\"headline\":\"45 a\u00f1os de c\u00e1rcel para hombre por abuso sexual y homicidio de su hijastra de 10 a\u00f1os en Cali (Valle del Cauca)\",\"datePublished\":\"2017-01-23T16:15:51+00:00\",\"dateModified\":\"2017-01-23T16:15:51+00:00\",\"mainEntityOfPage\":{\"@id\":\"https:\/\/www.fiscalia.gov.co\/colombia\/noticias\/45-anos-de-carcel-para-hombre-por-abuso-sexual-y-homicidio-de-su-hijastra-de-10-anos-en-cali-valle-del-cauca\/\"},\"wordCount\":523,\"publisher\":{\"@id\":\"https:\/\/www.fiscalia.gov.co\/colombia\/#organization\"},\"keywords\":[\"Seguridad ciudadana\"],\"articleSection\":[\"Noticias\"],\"inLanguage\":\"es-CO\"},{\"@type\":\"WebPage\",\"@id\":\"https:\/\/www.fiscalia.gov.co\/colombia\/noticias\/45-anos-de-carcel-para-hombre-por-abuso-sexual-y-homicidio-de-su-hijastra-de-10-anos-en-cali-valle-del-cauca\/\",\"url\":\"https:\/\/www.fiscalia.gov.co\/colombia\/noticias\/45-anos-de-carcel-para-hombre-por-abuso-sexual-y-homicidio-de-su-hijastra-de-10-anos-en-cali-valle-del-cauca\/\",\"name\":\"Fiscal\u00eda General de la Naci\u00f3n\",\"isPartOf\":{\"@id\":\"https:\/\/www.fiscalia.gov.co\/colombia\/#website\"},\"datePublished\":\"2017-01-23T16:15:51+00:00\",\"dateModified\":\"2017-01-23T16:15:51+00:00\",\"description\":\"P\u00e1gina oficial de la Fiscal\u00eda General de la Naci\u00f3n \u2013 Colombia. Garantizamos el acceso efectivo a la justicia, la verdad y la reparaci\u00f3n de las v\u00edctimas de los delitos.\",\"breadcrumb\":{\"@id\":\"https:\/\/www.fiscalia.gov.co\/colombia\/noticias\/45-anos-de-carcel-para-hombre-por-abuso-sexual-y-homicidio-de-su-hijastra-de-10-anos-en-cali-valle-del-cauca\/#breadcrumb\"},\"inLanguage\":\"es-CO\",\"potentialAction\":[{\"@type\":\"ReadAction\",\"target\":[\"https:\/\/www.fiscalia.gov.co\/colombia\/noticias\/45-anos-de-carcel-para-hombre-por-abuso-sexual-y-homicidio-de-su-hijastra-de-10-anos-en-cali-valle-del-cauca\/\"]}]},{\"@type\":\"BreadcrumbList\",\"@id\":\"https:\/\/www.fiscalia.gov.co\/colombia\/noticias\/45-anos-de-carcel-para-hombre-por-abuso-sexual-y-homicidio-de-su-hijastra-de-10-anos-en-cali-valle-del-cauca\/#breadcrumb\",\"itemListElement\":[{\"@type\":\"ListItem\",\"position\":1,\"name\":\"Home\",\"item\":\"https:\/\/www.fiscalia.gov.co\/colombia\/\"},{\"@type\":\"ListItem\",\"position\":2,\"name\":\"45 a\u00f1os de c\u00e1rcel para hombre por abuso sexual y homicidio de su hijastra de 10 a\u00f1os en Cali (Valle del Cauca)\"}]},{\"@type\":\"WebSite\",\"@id\":\"https:\/\/www.fiscalia.gov.co\/colombia\/#website\",\"url\":\"https:\/\/www.fiscalia.gov.co\/colombia\/\",\"name\":\"Fiscal\u00eda General de la Naci\u00f3n\",\"description\":\"P\u00e1gina oficial de la Fiscal\u00eda General de la Naci\u00f3n \u2013 Colombia. Garantizamos el acceso efectivo a la justicia, la verdad y la reparaci\u00f3n de las v\u00edctimas de los delitos.\",\"publisher\":{\"@id\":\"https:\/\/www.fiscalia.gov.co\/colombia\/#organization\"},\"potentialAction\":[{\"@type\":\"SearchAction\",\"target\":{\"@type\":\"EntryPoint\",\"urlTemplate\":\"https:\/\/www.fiscalia.gov.co\/colombia\/?s={search_term_string}\"},\"query-input\":{\"@type\":\"PropertyValueSpecification\",\"valueRequired\":true,\"valueName\":\"search_term_string\"}}],\"inLanguage\":\"es-CO\"},{\"@type\":\"Organization\",\"@id\":\"https:\/\/www.fiscalia.gov.co\/colombia\/#organization\",\"name\":\"Fiscal\u00eda General de la Naci\u00f3n\",\"url\":\"https:\/\/www.fiscalia.gov.co\/colombia\/\",\"logo\":{\"@type\":\"ImageObject\",\"inLanguage\":\"es-CO\",\"@id\":\"https:\/\/www.fiscalia.gov.co\/colombia\/#\/schema\/logo\/image\/\",\"url\":\"https:\/\/www.fiscalia.gov.co\/colombia\/wp-content\/uploads\/LogoHorizontal_1.jpg\",\"contentUrl\":\"https:\/\/www.fiscalia.gov.co\/colombia\/wp-content\/uploads\/LogoHorizontal_1.jpg\",\"width\":300,\"height\":90,\"caption\":\"Fiscal\u00eda General de la Naci\u00f3n\"},\"image\":{\"@id\":\"https:\/\/www.fiscalia.gov.co\/colombia\/#\/schema\/logo\/image\/\"},\"sameAs\":[\"https:\/\/www.facebook.com\/FiscaliaCol\",\"https:\/\/x.com\/FiscaliaCol\",\"https:\/\/www.instagram.com\/fiscaliacol\",\"https:\/\/www.linkedin.com\/company\/fiscalia-general-de-la-naci-n\/\",\"https:\/\/youtube.com\/@fiscaliageneraldelanacion-4668?si=6nN79nyQICPU5iTh\"]},{\"@type\":\"Person\",\"@id\":\"https:\/\/www.fiscalia.gov.co\/colombia\/#\/schema\/person\/3903856a3ce2d54b094c69eb29247895\",\"name\":\"dfgordillo\",\"image\":{\"@type\":\"ImageObject\",\"inLanguage\":\"es-CO\",\"@id\":\"https:\/\/www.fiscalia.gov.co\/colombia\/#\/schema\/person\/image\/\",\"url\":\"https:\/\/secure.gravatar.com\/avatar\/b6356e21c5657c60757fe6fb9493e947?s=96&d=mm&r=g\",\"contentUrl\":\"https:\/\/secure.gravatar.com\/avatar\/b6356e21c5657c60757fe6fb9493e947?s=96&d=mm&r=g\",\"caption\":\"dfgordillo\"},\"sameAs\":[\"dfgordillo\"],\"url\":\"https:\/\/www.fiscalia.gov.co\/colombia\/author\/dfgordillo\/\"}]}<\/script>\n<!-- \/ Yoast SEO plugin. -->","yoast_head_json":{"title":"Fiscal\u00eda General de la Naci\u00f3n","description":"P\u00e1gina oficial de la Fiscal\u00eda General de la Naci\u00f3n \u2013 Colombia. Garantizamos el acceso efectivo a la justicia, la verdad y la reparaci\u00f3n de las v\u00edctimas de los delitos.","robots":{"index":"noindex","follow":"follow"},"og_locale":"es_ES","og_type":"article","og_title":"Fiscal\u00eda General de la Naci\u00f3n","og_description":"P\u00e1gina oficial de la Fiscal\u00eda General de la Naci\u00f3n \u2013 Colombia. Garantizamos el acceso efectivo a la justicia, la verdad y la reparaci\u00f3n de las v\u00edctimas de los delitos.","og_url":"https:\/\/www.fiscalia.gov.co\/colombia\/noticias\/45-anos-de-carcel-para-hombre-por-abuso-sexual-y-homicidio-de-su-hijastra-de-10-anos-en-cali-valle-del-cauca\/","og_site_name":"Fiscal\u00eda General de la Naci\u00f3n","article_publisher":"https:\/\/www.facebook.com\/FiscaliaCol","article_published_time":"2017-01-23T16:15:51+00:00","author":"dfgordillo","twitter_card":"summary_large_image","twitter_creator":"@FiscaliaCol","twitter_site":"@FiscaliaCol","twitter_misc":{"Escrito por":"dfgordillo","Tiempo de lectura":"3 minutos"},"schema":{"@context":"https:\/\/schema.org","@graph":[{"@type":"Article","@id":"https:\/\/www.fiscalia.gov.co\/colombia\/noticias\/45-anos-de-carcel-para-hombre-por-abuso-sexual-y-homicidio-de-su-hijastra-de-10-anos-en-cali-valle-del-cauca\/#article","isPartOf":{"@id":"https:\/\/www.fiscalia.gov.co\/colombia\/noticias\/45-anos-de-carcel-para-hombre-por-abuso-sexual-y-homicidio-de-su-hijastra-de-10-anos-en-cali-valle-del-cauca\/"},"author":{"name":"dfgordillo","@id":"https:\/\/www.fiscalia.gov.co\/colombia\/#\/schema\/person\/3903856a3ce2d54b094c69eb29247895"},"headline":"45 a\u00f1os de c\u00e1rcel para hombre por abuso sexual y homicidio de su hijastra de 10 a\u00f1os en Cali (Valle del Cauca)","datePublished":"2017-01-23T16:15:51+00:00","dateModified":"2017-01-23T16:15:51+00:00","mainEntityOfPage":{"@id":"https:\/\/www.fiscalia.gov.co\/colombia\/noticias\/45-anos-de-carcel-para-hombre-por-abuso-sexual-y-homicidio-de-su-hijastra-de-10-anos-en-cali-valle-del-cauca\/"},"wordCount":523,"publisher":{"@id":"https:\/\/www.fiscalia.gov.co\/colombia\/#organization"},"keywords":["Seguridad ciudadana"],"articleSection":["Noticias"],"inLanguage":"es-CO"},{"@type":"WebPage","@id":"https:\/\/www.fiscalia.gov.co\/colombia\/noticias\/45-anos-de-carcel-para-hombre-por-abuso-sexual-y-homicidio-de-su-hijastra-de-10-anos-en-cali-valle-del-cauca\/","url":"https:\/\/www.fiscalia.gov.co\/colombia\/noticias\/45-anos-de-carcel-para-hombre-por-abuso-sexual-y-homicidio-de-su-hijastra-de-10-anos-en-cali-valle-del-cauca\/","name":"Fiscal\u00eda General de la Naci\u00f3n","isPartOf":{"@id":"https:\/\/www.fiscalia.gov.co\/colombia\/#website"},"datePublished":"2017-01-23T16:15:51+00:00","dateModified":"2017-01-23T16:15:51+00:00","description":"P\u00e1gina oficial de la Fiscal\u00eda General de la Naci\u00f3n \u2013 Colombia. Garantizamos el acceso efectivo a la justicia, la verdad y la reparaci\u00f3n de las v\u00edctimas de los delitos.","breadcrumb":{"@id":"https:\/\/www.fiscalia.gov.co\/colombia\/noticias\/45-anos-de-carcel-para-hombre-por-abuso-sexual-y-homicidio-de-su-hijastra-de-10-anos-en-cali-valle-del-cauca\/#breadcrumb"},"inLanguage":"es-CO","potentialAction":[{"@type":"ReadAction","target":["https:\/\/www.fiscalia.gov.co\/colombia\/noticias\/45-anos-de-carcel-para-hombre-por-abuso-sexual-y-homicidio-de-su-hijastra-de-10-anos-en-cali-valle-del-cauca\/"]}]},{"@type":"BreadcrumbList","@id":"https:\/\/www.fiscalia.gov.co\/colombia\/noticias\/45-anos-de-carcel-para-hombre-por-abuso-sexual-y-homicidio-de-su-hijastra-de-10-anos-en-cali-valle-del-cauca\/#breadcrumb","itemListElement":[{"@type":"ListItem","position":1,"name":"Home","item":"https:\/\/www.fiscalia.gov.co\/colombia\/"},{"@type":"ListItem","position":2,"name":"45 a\u00f1os de c\u00e1rcel para hombre por abuso sexual y homicidio de su hijastra de 10 a\u00f1os en Cali (Valle del Cauca)"}]},{"@type":"WebSite","@id":"https:\/\/www.fiscalia.gov.co\/colombia\/#website","url":"https:\/\/www.fiscalia.gov.co\/colombia\/","name":"Fiscal\u00eda General de la Naci\u00f3n","description":"P\u00e1gina oficial de la Fiscal\u00eda General de la Naci\u00f3n \u2013 Colombia. Garantizamos el acceso efectivo a la justicia, la verdad y la reparaci\u00f3n de las v\u00edctimas de los delitos.","publisher":{"@id":"https:\/\/www.fiscalia.gov.co\/colombia\/#organization"},"potentialAction":[{"@type":"SearchAction","target":{"@type":"EntryPoint","urlTemplate":"https:\/\/www.fiscalia.gov.co\/colombia\/?s={search_term_string}"},"query-input":{"@type":"PropertyValueSpecification","valueRequired":true,"valueName":"search_term_string"}}],"inLanguage":"es-CO"},{"@type":"Organization","@id":"https:\/\/www.fiscalia.gov.co\/colombia\/#organization","name":"Fiscal\u00eda General de la Naci\u00f3n","url":"https:\/\/www.fiscalia.gov.co\/colombia\/","logo":{"@type":"ImageObject","inLanguage":"es-CO","@id":"https:\/\/www.fiscalia.gov.co\/colombia\/#\/schema\/logo\/image\/","url":"https:\/\/www.fiscalia.gov.co\/colombia\/wp-content\/uploads\/LogoHorizontal_1.jpg","contentUrl":"https:\/\/www.fiscalia.gov.co\/colombia\/wp-content\/uploads\/LogoHorizontal_1.jpg","width":300,"height":90,"caption":"Fiscal\u00eda General de la Naci\u00f3n"},"image":{"@id":"https:\/\/www.fiscalia.gov.co\/colombia\/#\/schema\/logo\/image\/"},"sameAs":["https:\/\/www.facebook.com\/FiscaliaCol","https:\/\/x.com\/FiscaliaCol","https:\/\/www.instagram.com\/fiscaliacol","https:\/\/www.linkedin.com\/company\/fiscalia-general-de-la-naci-n\/","https:\/\/youtube.com\/@fiscaliageneraldelanacion-4668?si=6nN79nyQICPU5iTh"]},{"@type":"Person","@id":"https:\/\/www.fiscalia.gov.co\/colombia\/#\/schema\/person\/3903856a3ce2d54b094c69eb29247895","name":"dfgordillo","image":{"@type":"ImageObject","inLanguage":"es-CO","@id":"https:\/\/www.fiscalia.gov.co\/colombia\/#\/schema\/person\/image\/","url":"https:\/\/secure.gravatar.com\/avatar\/b6356e21c5657c60757fe6fb9493e947?s=96&d=mm&r=g","contentUrl":"https:\/\/secure.gravatar.com\/avatar\/b6356e21c5657c60757fe6fb9493e947?s=96&d=mm&r=g","caption":"dfgordillo"},"sameAs":["dfgordillo"],"url":"https:\/\/www.fiscalia.gov.co\/colombia\/author\/dfgordillo\/"}]}},"_links":{"self":[{"href":"https:\/\/www.fiscalia.gov.co\/colombia\/wp-json\/wp\/v2\/posts\/98127","targetHints":{"allow":["GET"]}}],"collection":[{"href":"https:\/\/www.fiscalia.gov.co\/colombia\/wp-json\/wp\/v2\/posts"}],"about":[{"href":"https:\/\/www.fiscalia.gov.co\/colombia\/wp-json\/wp\/v2\/types\/post"}],"author":[{"embeddable":true,"href":"https:\/\/www.fiscalia.gov.co\/colombia\/wp-json\/wp\/v2\/users\/143"}],"replies":[{"embeddable":true,"href":"https:\/\/www.fiscalia.gov.co\/colombia\/wp-json\/wp\/v2\/comments?post=98127"}],"version-history":[{"count":1,"href":"https:\/\/www.fiscalia.gov.co\/colombia\/wp-json\/wp\/v2\/posts\/98127\/revisions"}],"predecessor-version":[{"id":98131,"href":"https:\/\/www.fiscalia.gov.co\/colombia\/wp-json\/wp\/v2\/posts\/98127\/revisions\/98131"}],"wp:attachment":[{"href":"https:\/\/www.fiscalia.gov.co\/colombia\/wp-json\/wp\/v2\/media?parent=98127"}],"wp:term":[{"taxonomy":"category","embeddable":true,"href":"https:\/\/www.fiscalia.gov.co\/colombia\/wp-json\/wp\/v2\/categories?post=98127"},{"taxonomy":"post_tag","embeddable":true,"href":"https:\/\/www.fiscalia.gov.co\/colombia\/wp-json\/wp\/v2\/tags?post=98127"}],"curies":[{"name":"wp","href":"https:\/\/api.w.org\/{rel}","templated":true}]}}