{"id":98078,"date":"2017-01-20T12:43:51","date_gmt":"2017-01-20T17:43:51","guid":{"rendered":"http:\/\/www.fiscalia.gov.co\/colombia\/?p=98078"},"modified":"2017-01-20T12:43:51","modified_gmt":"2017-01-20T17:43:51","slug":"49-capturas-materializo-la-fiscalia-durante-la-ultima-semana-por-extorsion","status":"publish","type":"post","link":"https:\/\/www.fiscalia.gov.co\/colombia\/noticias\/49-capturas-materializo-la-fiscalia-durante-la-ultima-semana-por-extorsion\/","title":{"rendered":"49 capturas materializ\u00f3 la Fiscal\u00eda durante la \u00faltima semana por extorsi\u00f3n"},"content":{"rendered":"<p><strong><span style=\"text-decoration: underline;\">Desmanteladas cuatro organizaciones criminales.<\/span><\/strong><\/p>\n<p>Mediante 13 operativos realizados por la Fiscal\u00eda General de la Naci\u00f3n en ocho departamentos del pa\u00eds, se logr\u00f3 la captura de 49 personas que al parecer se dedicaban a la extorsi\u00f3n.<\/p>\n<p>Los capturados delinqu\u00edan en los departamentos de Atl\u00e1ntico, Cesar, Sucre, Choc\u00f3, Bol\u00edvar, Valle del Cauca, Cundinamarca y Antioquia; siendo este \u00faltimo el lugar donde se registr\u00f3 la mayor cantidad de capturas. Entre los detenidos se encuentran 38 presuntos integrantes de organizaciones criminales.<\/p>\n<p>Los operativos permitieron detener a presuntos integrantes del Clan del Golfo, Los Calvos, Los Patilla y Los Yarumitos.<\/p>\n<p>&nbsp;<\/p>\n<p><strong><span style=\"text-decoration: underline;\">Antioquia<\/span><\/strong><\/p>\n<p>En operativos realizados por la Fiscal\u00eda en el departamento, se efect\u00fao la captura de 37 personas vinculadas al delito de extorsi\u00f3n.<\/p>\n<p>En el primero de los casos y luego de 25 diligencias de allanamiento y registro, fueron capturados 31 supuestos integrantes de la organizaci\u00f3n criminal Los Yarumitos, (29 por orden judicial y dos en flagrancia), se\u00f1alados de extorsionar a varios comerciantes y transportadores en el municipio de Itag\u00fc\u00ed.<\/p>\n<p>De acuerdo con las investigaciones esta banda llevar\u00eda aproximadamente 7 a\u00f1os delinquiendo y tendr\u00eda cerca de 15 noticias criminales asociadas a los hechos.<\/p>\n<p>En otras diligencias, fue capturado el presunto cabecilla del Frente Virgilio Peralta Arenas del Clan del Golfo en el bajo cauca antioque\u00f1o.<\/p>\n<p>Alias Camilo o Duban ingres\u00f3 hace 8 a\u00f1os al Frente, donde se encargaba al parecer de coordinar y ejecutar homicidios, as\u00ed como atentados terroristas a miembros de la Fuerza P\u00fablica en el municipio de C\u00e1ceres, garantizando as\u00ed el control de las finanzas ilegales producto de la extorsi\u00f3n y el secuestro.<\/p>\n<p>Durante otro operativo el CTI de Santa Rosa de Osos, con el apoyo del Ej\u00e9rcito Nacional, hizo efectiva la orden de captura contra un hombre de Yarumal, por el delito de extorsi\u00f3n.<\/p>\n<p>Los hechos que motivaron esta captura ocurrieron el 4 de septiembre del 2010, cuando el detenido habr\u00eda llegado a la casa del denunciante a exigirle cuatro millones de pesos y un mercado, amenaz\u00e1ndolo con lanzarle bombas y granadas, si no cumpl\u00eda.<\/p>\n<p>Finalmente, fueron capturados otras cuatro personas como presuntas integrantes de la organizaci\u00f3n delincuencial Los de Patilla, quienes eran requeridos por el Juzgado Segundo Penal Municipal de Rionegro, por el delito de concierto para delinquir.<\/p>\n<p>Los capturados delinqu\u00edan en el oriente antioque\u00f1o y se dedicaban a la extorsi\u00f3n, al microtr\u00e1fico y a perpetrar homicidios selectivos.<\/p>\n<p>&nbsp;<\/p>\n<p><strong><span style=\"text-decoration: underline;\">Valle del Cauca<\/span><\/strong><\/p>\n<p>Oscar Eduardo Quintana Garc\u00eda fue detenido en flagrancia cuando recib\u00eda la suma de cien mil pesos ($100.000), presuntamente producto de una extorsi\u00f3n.<\/p>\n<p>La v\u00edctima, un prestamista del municipio de La Uni\u00f3n (Valle del Cauca), denunci\u00f3 que ven\u00eda siendo objeto de exigencias de dinero, por parte de un hombre, quien se identific\u00f3 como integrante de un grupo delincuencial.<\/p>\n<p>Seg\u00fan las primeras investigaciones, el detenido hac\u00eda exigencias de dinero a los prestamistas de este municipio y la v\u00edctima ya hab\u00eda pagado la misma suma en dos ocasiones. De no aceptar las condiciones ser\u00eda objeto de un atentado con sicarios.<\/p>\n<p>Durante las audiencias concentradas, en el Juzgado 26 Penal Municipal con funciones de control de garant\u00edas de Cali, se legaliz\u00f3 la captura y se aval\u00f3 la imputaci\u00f3n del cargo por el delito de extorsi\u00f3n.<\/p>\n<p>El capturado no se allan\u00f3 y se le impuso medida de aseguramiento consistente en detenci\u00f3n preventiva en el domicilio.<\/p>\n<p>En otro caso, durante un operativo en el puente San Carlos, ubicado en la doble calzada Buga-Tulu\u00e1, fue capturado un soldado del Ej\u00e9rcito cuando presuntamente iba a recibir un $1.500.000, de una v\u00edctima de extorsi\u00f3n.<\/p>\n<p>El soldado, identificado como Luis Eduardo Viveros Correa, quien vest\u00eda de civil, ven\u00eda extorsionando presuntamente a una prestamista de dinero, envi\u00e1ndole mensajes al celular amenaz\u00e1ndola de muerte si no pagaba una determinada cantidad y si segu\u00eda cobrando altos intereses por los pr\u00e9stamos.<\/p>\n<p>Durante las audiencias de control de garant\u00edas, un juez de Trujillo (Valle del Cauca), de turno en Tulu\u00e1, legaliz\u00f3 captura, aval\u00f3 la imputaci\u00f3n de cargos de la Fiscal\u00eda por el delito de extorsi\u00f3n\u00a0 en grado de tentativa, y le impuso medida de aseguramiento intramuros. Luis Eduardo Viveros Correa no acept\u00f3 los cargos.<\/p>\n<p>&nbsp;<\/p>\n<p><strong><span style=\"text-decoration: underline;\">Cesar<\/span><\/strong><\/p>\n<p>Cuando un hombre recib\u00eda un paquete que simulaba tener una suma de cinco millones de pesos, fue capturado en flagrancia, por el delito de extorsi\u00f3n, en un operativo organizado por el CTI Cesar.<\/p>\n<p>De acuerdo con la investigaci\u00f3n el hecho sucedi\u00f3 el 3 de enero del presente a\u00f1o, cuando la v\u00edctima recibi\u00f3 llamadas telef\u00f3nicas donde una persona se identificaba como miembro de las Autodefensas Unidas de Colombia (AUC), que regresaban a Curuman\u00ed y le brindar\u00edan seguridad para su negocio y su familia, a cambio de una suma de dinero.<\/p>\n<p>En caso de no aceptar atentar\u00edan en contra de su vida y la de algunos de sus familiares.<\/p>\n<p>&nbsp;<\/p>\n<p><strong><span style=\"text-decoration: underline;\">Sucre<\/span><\/strong><\/p>\n<p>El supuesto jefe de finanzas del Clan del Golfo fue capturado por el delito de concierto para delinquir con fines de extorsi\u00f3n y homicidio.<\/p>\n<p>El detenido, quien delinqu\u00eda en la regi\u00f3n de la Mojana Sucre\u00f1a, era el encargado de realizar las extorsiones a comerciantes, ganaderos, arroceros de la zona, de acuerdo con la investigaci\u00f3n adelantada por la Fiscal\u00eda de Sincelejo.<\/p>\n<p>&nbsp;<\/p>\n<p><strong><span style=\"text-decoration: underline;\">Choc\u00f3<\/span><\/strong><\/p>\n<p>Alias el Calvo, presunto cabecilla de la organizaci\u00f3n criminal Los Calvos, dedicado a extorsionar y a colocar explosivos al comercio de la ciudad de Quibd\u00f3, fue capturado por la Fiscal\u00eda, luego que la banda lanzara una granada al almac\u00e9n de un supermercado de cadena.<\/p>\n<p>De acuerdo con la informaci\u00f3n recolectada por la Fiscal\u00eda,<strong> <\/strong>alias el Calvo<strong> <\/strong>y otros integrantes de la organizaci\u00f3n eran los encargados de realizar atentados terroristas, como quema de veh\u00edculos, hostigamientos, artefactos explosivos, secuestros y extorsiones, entre otros, en el departamento del Choc\u00f3, especialmente en el Medio Atrato y el municipio de Quibd\u00f3.<\/p>\n<p>&nbsp;<\/p>\n<p><strong><span style=\"text-decoration: underline;\">Cundinamarca<\/span><\/strong><\/p>\n<p>Por el delito de extorsi\u00f3n y concierto para delinquir, funcionarios del Cuerpo T\u00e9cnico de Investigaci\u00f3n (CTI), adscritos al Grupo Gaula Militar Tolima, llevaron a cabo tres capturas en la ciudad de Bogot\u00e1.<\/p>\n<p>Dos mujeres y un hombre fueron los detenidos por hechos efectuados en los barrios El Tejar, Bosa y Suba Rinc\u00f3n, en la capital del pa\u00eds.<\/p>\n<p>Asimismo, en la localidad de Usaqu\u00e9n de la ciudad de Bogot\u00e1 fue capturada una se\u00f1ora requerida mediante orden de captura, por el delito de extorsi\u00f3n agravada, ordenada por un juzgado penal municipal de la ciudad de Barranquilla (Atl\u00e1ntico).<\/p>\n<p>&nbsp;<\/p>\n<p><strong><span style=\"text-decoration: underline;\">Atl\u00e1ntico<\/span><\/strong><\/p>\n<p>Con el fin de imputar cargos y solicitar medida de aseguramiento por el delito de extorsi\u00f3n, la Fiscal\u00eda captur\u00f3 a un hombre, quien era requerido por la Fiscal\u00eda especializada del Atl\u00e1ntico.<\/p>\n<p>&nbsp;<\/p>\n<p><strong><span style=\"text-decoration: underline;\">Bol\u00edvar<\/span><\/strong><\/p>\n<p>Dos hombres fueron capturados en flagrancia cuando recib\u00edan la suma de $170.000 en efectivo de manos de una ciudadana a cambio de no publicar un video \u00edntimo, producto de una relaci\u00f3n sentimental sostenida con uno de los capturados.<\/p>\n<p>LMH\/DLBM<\/p>\n\n<div class=\"twitter-share\"><a href=\"https:\/\/twitter.com\/intent\/tweet?via=fiscaliacol\" class=\"twitter-share-button\">Tweet<\/a><\/div>\n","protected":false},"excerpt":{"rendered":"<p>Desmanteladas cuatro organizaciones criminales. Mediante 13 operativos realizados por la Fiscal\u00eda General de la Naci\u00f3n en ocho departamentos del pa\u00eds, se logr\u00f3 la captura de 49 personas que al parecer [&hellip;]<\/p>\n","protected":false},"author":143,"featured_media":0,"comment_status":"closed","ping_status":"open","sticky":false,"template":"","format":"standard","meta":{"tdm_status":"","tdm_grid_status":"","footnotes":""},"categories":[1],"tags":[11101],"class_list":["post-98078","post","type-post","status-publish","format-standard","category-noticias","tag-seguridad-ciudadana"],"yoast_head":"<!-- This site is optimized with the Yoast SEO plugin v24.3 - https:\/\/yoast.com\/wordpress\/plugins\/seo\/ -->\n<title>Fiscal\u00eda General de la Naci\u00f3n<\/title>\n<meta name=\"description\" content=\"P\u00e1gina oficial de la Fiscal\u00eda General de la Naci\u00f3n \u2013 Colombia. Garantizamos el acceso efectivo a la justicia, la verdad y la reparaci\u00f3n de las v\u00edctimas de los delitos.\" \/>\n<meta name=\"robots\" content=\"noindex, follow\" \/>\n<meta property=\"og:locale\" content=\"es_ES\" \/>\n<meta property=\"og:type\" content=\"article\" \/>\n<meta property=\"og:title\" content=\"Fiscal\u00eda General de la Naci\u00f3n\" \/>\n<meta property=\"og:description\" content=\"P\u00e1gina oficial de la Fiscal\u00eda General de la Naci\u00f3n \u2013 Colombia. Garantizamos el acceso efectivo a la justicia, la verdad y la reparaci\u00f3n de las v\u00edctimas de los delitos.\" \/>\n<meta property=\"og:url\" content=\"https:\/\/www.fiscalia.gov.co\/colombia\/noticias\/49-capturas-materializo-la-fiscalia-durante-la-ultima-semana-por-extorsion\/\" \/>\n<meta property=\"og:site_name\" content=\"Fiscal\u00eda General de la Naci\u00f3n\" \/>\n<meta property=\"article:publisher\" content=\"https:\/\/www.facebook.com\/FiscaliaCol\" \/>\n<meta property=\"article:published_time\" content=\"2017-01-20T17:43:51+00:00\" \/>\n<meta name=\"author\" content=\"dfgordillo\" \/>\n<meta name=\"twitter:card\" content=\"summary_large_image\" \/>\n<meta name=\"twitter:creator\" content=\"@FiscaliaCol\" \/>\n<meta name=\"twitter:site\" content=\"@FiscaliaCol\" \/>\n<meta name=\"twitter:label1\" content=\"Escrito por\" \/>\n\t<meta name=\"twitter:data1\" content=\"dfgordillo\" \/>\n\t<meta name=\"twitter:label2\" content=\"Tiempo de lectura\" \/>\n\t<meta name=\"twitter:data2\" content=\"6 minutos\" \/>\n<script type=\"application\/ld+json\" class=\"yoast-schema-graph\">{\"@context\":\"https:\/\/schema.org\",\"@graph\":[{\"@type\":\"Article\",\"@id\":\"https:\/\/www.fiscalia.gov.co\/colombia\/noticias\/49-capturas-materializo-la-fiscalia-durante-la-ultima-semana-por-extorsion\/#article\",\"isPartOf\":{\"@id\":\"https:\/\/www.fiscalia.gov.co\/colombia\/noticias\/49-capturas-materializo-la-fiscalia-durante-la-ultima-semana-por-extorsion\/\"},\"author\":{\"name\":\"dfgordillo\",\"@id\":\"https:\/\/www.fiscalia.gov.co\/colombia\/#\/schema\/person\/3903856a3ce2d54b094c69eb29247895\"},\"headline\":\"49 capturas materializ\u00f3 la Fiscal\u00eda durante la \u00faltima semana por extorsi\u00f3n\",\"datePublished\":\"2017-01-20T17:43:51+00:00\",\"dateModified\":\"2017-01-20T17:43:51+00:00\",\"mainEntityOfPage\":{\"@id\":\"https:\/\/www.fiscalia.gov.co\/colombia\/noticias\/49-capturas-materializo-la-fiscalia-durante-la-ultima-semana-por-extorsion\/\"},\"wordCount\":1202,\"publisher\":{\"@id\":\"https:\/\/www.fiscalia.gov.co\/colombia\/#organization\"},\"keywords\":[\"Seguridad ciudadana\"],\"articleSection\":[\"Noticias\"],\"inLanguage\":\"es-CO\"},{\"@type\":\"WebPage\",\"@id\":\"https:\/\/www.fiscalia.gov.co\/colombia\/noticias\/49-capturas-materializo-la-fiscalia-durante-la-ultima-semana-por-extorsion\/\",\"url\":\"https:\/\/www.fiscalia.gov.co\/colombia\/noticias\/49-capturas-materializo-la-fiscalia-durante-la-ultima-semana-por-extorsion\/\",\"name\":\"Fiscal\u00eda General de la Naci\u00f3n\",\"isPartOf\":{\"@id\":\"https:\/\/www.fiscalia.gov.co\/colombia\/#website\"},\"datePublished\":\"2017-01-20T17:43:51+00:00\",\"dateModified\":\"2017-01-20T17:43:51+00:00\",\"description\":\"P\u00e1gina oficial de la Fiscal\u00eda General de la Naci\u00f3n \u2013 Colombia. Garantizamos el acceso efectivo a la justicia, la verdad y la reparaci\u00f3n de las v\u00edctimas de los delitos.\",\"breadcrumb\":{\"@id\":\"https:\/\/www.fiscalia.gov.co\/colombia\/noticias\/49-capturas-materializo-la-fiscalia-durante-la-ultima-semana-por-extorsion\/#breadcrumb\"},\"inLanguage\":\"es-CO\",\"potentialAction\":[{\"@type\":\"ReadAction\",\"target\":[\"https:\/\/www.fiscalia.gov.co\/colombia\/noticias\/49-capturas-materializo-la-fiscalia-durante-la-ultima-semana-por-extorsion\/\"]}]},{\"@type\":\"BreadcrumbList\",\"@id\":\"https:\/\/www.fiscalia.gov.co\/colombia\/noticias\/49-capturas-materializo-la-fiscalia-durante-la-ultima-semana-por-extorsion\/#breadcrumb\",\"itemListElement\":[{\"@type\":\"ListItem\",\"position\":1,\"name\":\"Home\",\"item\":\"https:\/\/www.fiscalia.gov.co\/colombia\/\"},{\"@type\":\"ListItem\",\"position\":2,\"name\":\"49 capturas materializ\u00f3 la Fiscal\u00eda durante la \u00faltima semana por extorsi\u00f3n\"}]},{\"@type\":\"WebSite\",\"@id\":\"https:\/\/www.fiscalia.gov.co\/colombia\/#website\",\"url\":\"https:\/\/www.fiscalia.gov.co\/colombia\/\",\"name\":\"Fiscal\u00eda General de la Naci\u00f3n\",\"description\":\"P\u00e1gina oficial de la Fiscal\u00eda General de la Naci\u00f3n \u2013 Colombia. Garantizamos el acceso efectivo a la justicia, la verdad y la reparaci\u00f3n de las v\u00edctimas de los delitos.\",\"publisher\":{\"@id\":\"https:\/\/www.fiscalia.gov.co\/colombia\/#organization\"},\"potentialAction\":[{\"@type\":\"SearchAction\",\"target\":{\"@type\":\"EntryPoint\",\"urlTemplate\":\"https:\/\/www.fiscalia.gov.co\/colombia\/?s={search_term_string}\"},\"query-input\":{\"@type\":\"PropertyValueSpecification\",\"valueRequired\":true,\"valueName\":\"search_term_string\"}}],\"inLanguage\":\"es-CO\"},{\"@type\":\"Organization\",\"@id\":\"https:\/\/www.fiscalia.gov.co\/colombia\/#organization\",\"name\":\"Fiscal\u00eda General de la Naci\u00f3n\",\"url\":\"https:\/\/www.fiscalia.gov.co\/colombia\/\",\"logo\":{\"@type\":\"ImageObject\",\"inLanguage\":\"es-CO\",\"@id\":\"https:\/\/www.fiscalia.gov.co\/colombia\/#\/schema\/logo\/image\/\",\"url\":\"https:\/\/www.fiscalia.gov.co\/colombia\/wp-content\/uploads\/LogoHorizontal_1.jpg\",\"contentUrl\":\"https:\/\/www.fiscalia.gov.co\/colombia\/wp-content\/uploads\/LogoHorizontal_1.jpg\",\"width\":300,\"height\":90,\"caption\":\"Fiscal\u00eda General de la Naci\u00f3n\"},\"image\":{\"@id\":\"https:\/\/www.fiscalia.gov.co\/colombia\/#\/schema\/logo\/image\/\"},\"sameAs\":[\"https:\/\/www.facebook.com\/FiscaliaCol\",\"https:\/\/x.com\/FiscaliaCol\",\"https:\/\/www.instagram.com\/fiscaliacol\",\"https:\/\/www.linkedin.com\/company\/fiscalia-general-de-la-naci-n\/\",\"https:\/\/youtube.com\/@fiscaliageneraldelanacion-4668?si=6nN79nyQICPU5iTh\"]},{\"@type\":\"Person\",\"@id\":\"https:\/\/www.fiscalia.gov.co\/colombia\/#\/schema\/person\/3903856a3ce2d54b094c69eb29247895\",\"name\":\"dfgordillo\",\"image\":{\"@type\":\"ImageObject\",\"inLanguage\":\"es-CO\",\"@id\":\"https:\/\/www.fiscalia.gov.co\/colombia\/#\/schema\/person\/image\/\",\"url\":\"https:\/\/secure.gravatar.com\/avatar\/b6356e21c5657c60757fe6fb9493e947?s=96&d=mm&r=g\",\"contentUrl\":\"https:\/\/secure.gravatar.com\/avatar\/b6356e21c5657c60757fe6fb9493e947?s=96&d=mm&r=g\",\"caption\":\"dfgordillo\"},\"sameAs\":[\"dfgordillo\"],\"url\":\"https:\/\/www.fiscalia.gov.co\/colombia\/author\/dfgordillo\/\"}]}<\/script>\n<!-- \/ Yoast SEO plugin. -->","yoast_head_json":{"title":"Fiscal\u00eda General de la Naci\u00f3n","description":"P\u00e1gina oficial de la Fiscal\u00eda General de la Naci\u00f3n \u2013 Colombia. Garantizamos el acceso efectivo a la justicia, la verdad y la reparaci\u00f3n de las v\u00edctimas de los delitos.","robots":{"index":"noindex","follow":"follow"},"og_locale":"es_ES","og_type":"article","og_title":"Fiscal\u00eda General de la Naci\u00f3n","og_description":"P\u00e1gina oficial de la Fiscal\u00eda General de la Naci\u00f3n \u2013 Colombia. Garantizamos el acceso efectivo a la justicia, la verdad y la reparaci\u00f3n de las v\u00edctimas de los delitos.","og_url":"https:\/\/www.fiscalia.gov.co\/colombia\/noticias\/49-capturas-materializo-la-fiscalia-durante-la-ultima-semana-por-extorsion\/","og_site_name":"Fiscal\u00eda General de la Naci\u00f3n","article_publisher":"https:\/\/www.facebook.com\/FiscaliaCol","article_published_time":"2017-01-20T17:43:51+00:00","author":"dfgordillo","twitter_card":"summary_large_image","twitter_creator":"@FiscaliaCol","twitter_site":"@FiscaliaCol","twitter_misc":{"Escrito por":"dfgordillo","Tiempo de lectura":"6 minutos"},"schema":{"@context":"https:\/\/schema.org","@graph":[{"@type":"Article","@id":"https:\/\/www.fiscalia.gov.co\/colombia\/noticias\/49-capturas-materializo-la-fiscalia-durante-la-ultima-semana-por-extorsion\/#article","isPartOf":{"@id":"https:\/\/www.fiscalia.gov.co\/colombia\/noticias\/49-capturas-materializo-la-fiscalia-durante-la-ultima-semana-por-extorsion\/"},"author":{"name":"dfgordillo","@id":"https:\/\/www.fiscalia.gov.co\/colombia\/#\/schema\/person\/3903856a3ce2d54b094c69eb29247895"},"headline":"49 capturas materializ\u00f3 la Fiscal\u00eda durante la \u00faltima semana por extorsi\u00f3n","datePublished":"2017-01-20T17:43:51+00:00","dateModified":"2017-01-20T17:43:51+00:00","mainEntityOfPage":{"@id":"https:\/\/www.fiscalia.gov.co\/colombia\/noticias\/49-capturas-materializo-la-fiscalia-durante-la-ultima-semana-por-extorsion\/"},"wordCount":1202,"publisher":{"@id":"https:\/\/www.fiscalia.gov.co\/colombia\/#organization"},"keywords":["Seguridad ciudadana"],"articleSection":["Noticias"],"inLanguage":"es-CO"},{"@type":"WebPage","@id":"https:\/\/www.fiscalia.gov.co\/colombia\/noticias\/49-capturas-materializo-la-fiscalia-durante-la-ultima-semana-por-extorsion\/","url":"https:\/\/www.fiscalia.gov.co\/colombia\/noticias\/49-capturas-materializo-la-fiscalia-durante-la-ultima-semana-por-extorsion\/","name":"Fiscal\u00eda General de la Naci\u00f3n","isPartOf":{"@id":"https:\/\/www.fiscalia.gov.co\/colombia\/#website"},"datePublished":"2017-01-20T17:43:51+00:00","dateModified":"2017-01-20T17:43:51+00:00","description":"P\u00e1gina oficial de la Fiscal\u00eda General de la Naci\u00f3n \u2013 Colombia. Garantizamos el acceso efectivo a la justicia, la verdad y la reparaci\u00f3n de las v\u00edctimas de los delitos.","breadcrumb":{"@id":"https:\/\/www.fiscalia.gov.co\/colombia\/noticias\/49-capturas-materializo-la-fiscalia-durante-la-ultima-semana-por-extorsion\/#breadcrumb"},"inLanguage":"es-CO","potentialAction":[{"@type":"ReadAction","target":["https:\/\/www.fiscalia.gov.co\/colombia\/noticias\/49-capturas-materializo-la-fiscalia-durante-la-ultima-semana-por-extorsion\/"]}]},{"@type":"BreadcrumbList","@id":"https:\/\/www.fiscalia.gov.co\/colombia\/noticias\/49-capturas-materializo-la-fiscalia-durante-la-ultima-semana-por-extorsion\/#breadcrumb","itemListElement":[{"@type":"ListItem","position":1,"name":"Home","item":"https:\/\/www.fiscalia.gov.co\/colombia\/"},{"@type":"ListItem","position":2,"name":"49 capturas materializ\u00f3 la Fiscal\u00eda durante la \u00faltima semana por extorsi\u00f3n"}]},{"@type":"WebSite","@id":"https:\/\/www.fiscalia.gov.co\/colombia\/#website","url":"https:\/\/www.fiscalia.gov.co\/colombia\/","name":"Fiscal\u00eda General de la Naci\u00f3n","description":"P\u00e1gina oficial de la Fiscal\u00eda General de la Naci\u00f3n \u2013 Colombia. Garantizamos el acceso efectivo a la justicia, la verdad y la reparaci\u00f3n de las v\u00edctimas de los delitos.","publisher":{"@id":"https:\/\/www.fiscalia.gov.co\/colombia\/#organization"},"potentialAction":[{"@type":"SearchAction","target":{"@type":"EntryPoint","urlTemplate":"https:\/\/www.fiscalia.gov.co\/colombia\/?s={search_term_string}"},"query-input":{"@type":"PropertyValueSpecification","valueRequired":true,"valueName":"search_term_string"}}],"inLanguage":"es-CO"},{"@type":"Organization","@id":"https:\/\/www.fiscalia.gov.co\/colombia\/#organization","name":"Fiscal\u00eda General de la Naci\u00f3n","url":"https:\/\/www.fiscalia.gov.co\/colombia\/","logo":{"@type":"ImageObject","inLanguage":"es-CO","@id":"https:\/\/www.fiscalia.gov.co\/colombia\/#\/schema\/logo\/image\/","url":"https:\/\/www.fiscalia.gov.co\/colombia\/wp-content\/uploads\/LogoHorizontal_1.jpg","contentUrl":"https:\/\/www.fiscalia.gov.co\/colombia\/wp-content\/uploads\/LogoHorizontal_1.jpg","width":300,"height":90,"caption":"Fiscal\u00eda General de la Naci\u00f3n"},"image":{"@id":"https:\/\/www.fiscalia.gov.co\/colombia\/#\/schema\/logo\/image\/"},"sameAs":["https:\/\/www.facebook.com\/FiscaliaCol","https:\/\/x.com\/FiscaliaCol","https:\/\/www.instagram.com\/fiscaliacol","https:\/\/www.linkedin.com\/company\/fiscalia-general-de-la-naci-n\/","https:\/\/youtube.com\/@fiscaliageneraldelanacion-4668?si=6nN79nyQICPU5iTh"]},{"@type":"Person","@id":"https:\/\/www.fiscalia.gov.co\/colombia\/#\/schema\/person\/3903856a3ce2d54b094c69eb29247895","name":"dfgordillo","image":{"@type":"ImageObject","inLanguage":"es-CO","@id":"https:\/\/www.fiscalia.gov.co\/colombia\/#\/schema\/person\/image\/","url":"https:\/\/secure.gravatar.com\/avatar\/b6356e21c5657c60757fe6fb9493e947?s=96&d=mm&r=g","contentUrl":"https:\/\/secure.gravatar.com\/avatar\/b6356e21c5657c60757fe6fb9493e947?s=96&d=mm&r=g","caption":"dfgordillo"},"sameAs":["dfgordillo"],"url":"https:\/\/www.fiscalia.gov.co\/colombia\/author\/dfgordillo\/"}]}},"_links":{"self":[{"href":"https:\/\/www.fiscalia.gov.co\/colombia\/wp-json\/wp\/v2\/posts\/98078","targetHints":{"allow":["GET"]}}],"collection":[{"href":"https:\/\/www.fiscalia.gov.co\/colombia\/wp-json\/wp\/v2\/posts"}],"about":[{"href":"https:\/\/www.fiscalia.gov.co\/colombia\/wp-json\/wp\/v2\/types\/post"}],"author":[{"embeddable":true,"href":"https:\/\/www.fiscalia.gov.co\/colombia\/wp-json\/wp\/v2\/users\/143"}],"replies":[{"embeddable":true,"href":"https:\/\/www.fiscalia.gov.co\/colombia\/wp-json\/wp\/v2\/comments?post=98078"}],"version-history":[{"count":2,"href":"https:\/\/www.fiscalia.gov.co\/colombia\/wp-json\/wp\/v2\/posts\/98078\/revisions"}],"predecessor-version":[{"id":98080,"href":"https:\/\/www.fiscalia.gov.co\/colombia\/wp-json\/wp\/v2\/posts\/98078\/revisions\/98080"}],"wp:attachment":[{"href":"https:\/\/www.fiscalia.gov.co\/colombia\/wp-json\/wp\/v2\/media?parent=98078"}],"wp:term":[{"taxonomy":"category","embeddable":true,"href":"https:\/\/www.fiscalia.gov.co\/colombia\/wp-json\/wp\/v2\/categories?post=98078"},{"taxonomy":"post_tag","embeddable":true,"href":"https:\/\/www.fiscalia.gov.co\/colombia\/wp-json\/wp\/v2\/tags?post=98078"}],"curies":[{"name":"wp","href":"https:\/\/api.w.org\/{rel}","templated":true}]}}