{"id":97666,"date":"2017-01-14T17:42:04","date_gmt":"2017-01-14T22:42:04","guid":{"rendered":"http:\/\/www.fiscalia.gov.co\/colombia\/?p=97666"},"modified":"2017-01-14T17:53:19","modified_gmt":"2017-01-14T22:53:19","slug":"fiscalia-revela-segundo-pago-efectuado-por-odebrecht","status":"publish","type":"post","link":"https:\/\/www.fiscalia.gov.co\/colombia\/noticias\/destacada\/fiscalia-revela-segundo-pago-efectuado-por-odebrecht\/","title":{"rendered":"Fiscal\u00eda revela segundo pago efectuado por Odebrecht"},"content":{"rendered":"<p><em><strong>Capturado exsenador Otto Bula.\u00a0<\/strong><\/em><\/p>\n<p><strong>1.\u00a0<\/strong>El pasado 21 de diciembre de 2016, con ocasi\u00f3n del acuerdo de colaboraci\u00f3n suscrito por Odebrecht ante las autoridades de los Estados Unidos, el Departamento de Justicia de ese pa\u00eds manifest\u00f3 \u2013frente a los sobornos efectuados en 12 naciones\u2212 que \u201cEn el caso de Colombia, los pagos suman 11 millones de d\u00f3lares\u00a0entre 2009 y 2014 para asegurarse contratos de obra p\u00fablica.<\/p>\n<p><strong>2.<\/strong> Las indagaciones de la Fiscal\u00eda han llegado a concluir que los pagos efectuados por Odebrecht para obtener dos (2) contratos de obra p\u00fablica a nivel nacional, ascendieron a USD $ 11.100.000,oo, as\u00ed:<\/p>\n<p style=\"padding-left: 30px;\">i. \u00a0 Un primer pago, de USD6.5 millones, para lograr la adjudicaci\u00f3n de la concesi\u00f3n, por el Instituto Nacional de Concesiones (INCO), dirigido en calidad de encargado por Gabriel Garc\u00eda Morales, entonces Viceministro de Transporte de la \u00e9poca, del Tramo Dos de la Ruta del Sol. Este contrato fue adjudicado en diciembre de 2009 y firmado en enero de 2010.<\/p>\n<p style=\"padding-left: 30px;\">ii. \u00a0 \u00a0 \u00a0 Un segundo pago, por USD4.6 millones, para la adjudicaci\u00f3n de la v\u00eda Oca\u00f1a-Gamarra, mediante su contrataci\u00f3n por adici\u00f3n al contrato del tramo Dos de la Ruta del Sol. Esta adici\u00f3n se hizo mediante el otros\u00ed n\u00famero 6, firmado\u00a0 el 14 de marzo de 2014 por el director de la Agencia Nacional de Infraestructura (ANI), Luis Fernando Andrade.<strong><\/strong><\/p>\n<p><strong><span style=\"text-decoration: underline;\">Decisiones en Ruta del Sol Tramo Dos<\/span><\/strong><\/p>\n<p>El pasado jueves 12 de enero la Fiscal\u00eda General de la Naci\u00f3n anunci\u00f3 la captura e imputaci\u00f3n por los delitos de cohecho, celebraci\u00f3n indebida de contrato y enriquecimiento il\u00edcito contra Gabriel Garc\u00eda Morales, ex director del Inco y ex viceministro de Transporte, a prop\u00f3sito de la adjudicaci\u00f3n del tramo dos (2) de la Ruta del Sol.<\/p>\n<p>La legalizaci\u00f3n de la captura se formaliz\u00f3 en la madrugada de este s\u00e1bado y la audiencia de imputaci\u00f3n qued\u00f3 suspendida para desarrollarse este domingo 15 de enero ante un juez de control de Bogot\u00e1.<\/p>\n<p>&nbsp;<\/p>\n<p><strong><span style=\"text-decoration: underline;\">Decisiones sobre adici\u00f3n contractual de la V\u00eda Oca\u00f1a-Gamarra<\/span><\/strong><\/p>\n<p>La Fiscal\u00eda General de la Naci\u00f3n estableci\u00f3 que la sucursal en Colombia de la firma Odebrecht contrat\u00f3 el cinco (5) de agosto de 2013 a Otto Nicol\u00e1s Bula Bula, mediante la modalidad de \u201chonorarios por resultado o cuota de \u00e9xito\u201d, con el objeto de obtener el contrato de la v\u00eda Oca\u00f1a-Gamarra, a favor de la Concesionaria Ruta del Sol S.A.S.<\/p>\n<p>Al se\u00f1or Bula Bula asimismo se le confi\u00f3 el encargo de obtener la inclusi\u00f3n de ciertas condiciones econ\u00f3micas en el contrato, que se formaliz\u00f3 a trav\u00e9s del otros\u00ed n\u00famero 6 mediante una ADICION al Contrato del Tramo dos (2) de Ruta del Sol.<\/p>\n<p>La adici\u00f3n contractual correspondiente para llevar a cabo la v\u00eda Oca\u00f1a-Gamarra, se perfeccion\u00f3 \u00a0el 14 de marzo de 2014, mediante contrataci\u00f3n directa por \u201cadici\u00f3n\u201d, esto es sin licitaci\u00f3n previa. El documento contractual del 2014 incorpor\u00f3 las mismas condiciones (n\u00famero de peajes,\u00a0 aumento del valor de los peajes existentes y\u00a0 anticipo de las vigencias futuras) que hab\u00edan sido requeridas por Odebrecht al contratista Bula, seg\u00fan la evidencia que posee la Fiscal\u00eda.<\/p>\n<p>Por esta gesti\u00f3n, Odebrecht efectu\u00f3 pagos desde Brasil por USD $ 4.6 millones, que fueron fraccionados.<\/p>\n<p>Con las evidencias que se poseen en este caso, el fiscal de conocimiento imputar\u00e1 al se\u00f1or Otto Bula los delitos de cohecho por dar u ofrecer y enriquecimiento il\u00edcito de particulares.<\/p>\n<p>El se\u00f1or Bula Bula fue capturado al medio d\u00eda de hoy s\u00e1bado por unidades del CTI.<\/p>\n<p>De manera complementaria, la fiscal de conocimiento ha dispuesto compulsa de copias de esta transacci\u00f3n por presunta violaci\u00f3n al r\u00e9gimen de cambios internacionales.<\/p>\n<p>&nbsp;<\/p>\n\n<div class=\"twitter-share\"><a href=\"https:\/\/twitter.com\/intent\/tweet?via=fiscaliacol\" class=\"twitter-share-button\">Tweet<\/a><\/div>\n","protected":false},"excerpt":{"rendered":"<p>Capturado exsenador Otto Bula. <\/p>\n","protected":false},"author":143,"featured_media":0,"comment_status":"closed","ping_status":"open","sticky":false,"template":"","format":"standard","meta":{"tdm_status":"","tdm_grid_status":"","footnotes":""},"categories":[3],"tags":[427],"class_list":{"0":"post-97666","1":"post","2":"type-post","3":"status-publish","4":"format-standard","6":"category-destacada","7":"tag-corrupcion"},"yoast_head":"<!-- This site is optimized with the Yoast SEO plugin v24.3 - https:\/\/yoast.com\/wordpress\/plugins\/seo\/ -->\n<title>Fiscal\u00eda General de la Naci\u00f3n<\/title>\n<meta name=\"description\" content=\"P\u00e1gina oficial de la Fiscal\u00eda General de la Naci\u00f3n \u2013 Colombia. Garantizamos el acceso efectivo a la justicia, la verdad y la reparaci\u00f3n de las v\u00edctimas de los delitos.\" \/>\n<meta name=\"robots\" content=\"noindex, follow\" \/>\n<meta property=\"og:locale\" content=\"es_ES\" \/>\n<meta property=\"og:type\" content=\"article\" \/>\n<meta property=\"og:title\" content=\"Fiscal\u00eda General de la Naci\u00f3n\" \/>\n<meta property=\"og:description\" content=\"P\u00e1gina oficial de la Fiscal\u00eda General de la Naci\u00f3n \u2013 Colombia. Garantizamos el acceso efectivo a la justicia, la verdad y la reparaci\u00f3n de las v\u00edctimas de los delitos.\" \/>\n<meta property=\"og:url\" content=\"https:\/\/www.fiscalia.gov.co\/colombia\/noticias\/destacada\/fiscalia-revela-segundo-pago-efectuado-por-odebrecht\/\" \/>\n<meta property=\"og:site_name\" content=\"Fiscal\u00eda General de la Naci\u00f3n\" \/>\n<meta property=\"article:publisher\" content=\"https:\/\/www.facebook.com\/FiscaliaCol\" \/>\n<meta property=\"article:published_time\" content=\"2017-01-14T22:42:04+00:00\" \/>\n<meta property=\"article:modified_time\" content=\"2017-01-14T22:53:19+00:00\" \/>\n<meta name=\"author\" content=\"dfgordillo\" \/>\n<meta name=\"twitter:card\" content=\"summary_large_image\" \/>\n<meta name=\"twitter:creator\" content=\"@FiscaliaCol\" \/>\n<meta name=\"twitter:site\" content=\"@FiscaliaCol\" \/>\n<meta name=\"twitter:label1\" content=\"Escrito por\" \/>\n\t<meta name=\"twitter:data1\" content=\"dfgordillo\" \/>\n\t<meta name=\"twitter:label2\" content=\"Tiempo de lectura\" \/>\n\t<meta name=\"twitter:data2\" content=\"3 minutos\" \/>\n<script type=\"application\/ld+json\" class=\"yoast-schema-graph\">{\"@context\":\"https:\/\/schema.org\",\"@graph\":[{\"@type\":\"Article\",\"@id\":\"https:\/\/www.fiscalia.gov.co\/colombia\/noticias\/destacada\/fiscalia-revela-segundo-pago-efectuado-por-odebrecht\/#article\",\"isPartOf\":{\"@id\":\"https:\/\/www.fiscalia.gov.co\/colombia\/noticias\/destacada\/fiscalia-revela-segundo-pago-efectuado-por-odebrecht\/\"},\"author\":{\"name\":\"dfgordillo\",\"@id\":\"https:\/\/www.fiscalia.gov.co\/colombia\/#\/schema\/person\/3903856a3ce2d54b094c69eb29247895\"},\"headline\":\"Fiscal\u00eda revela segundo pago efectuado por Odebrecht\",\"datePublished\":\"2017-01-14T22:42:04+00:00\",\"dateModified\":\"2017-01-14T22:53:19+00:00\",\"mainEntityOfPage\":{\"@id\":\"https:\/\/www.fiscalia.gov.co\/colombia\/noticias\/destacada\/fiscalia-revela-segundo-pago-efectuado-por-odebrecht\/\"},\"wordCount\":626,\"publisher\":{\"@id\":\"https:\/\/www.fiscalia.gov.co\/colombia\/#organization\"},\"keywords\":[\"Corrupci\u00f3n\"],\"articleSection\":[\"Destacada\"],\"inLanguage\":\"es-CO\"},{\"@type\":\"WebPage\",\"@id\":\"https:\/\/www.fiscalia.gov.co\/colombia\/noticias\/destacada\/fiscalia-revela-segundo-pago-efectuado-por-odebrecht\/\",\"url\":\"https:\/\/www.fiscalia.gov.co\/colombia\/noticias\/destacada\/fiscalia-revela-segundo-pago-efectuado-por-odebrecht\/\",\"name\":\"Fiscal\u00eda General de la Naci\u00f3n\",\"isPartOf\":{\"@id\":\"https:\/\/www.fiscalia.gov.co\/colombia\/#website\"},\"datePublished\":\"2017-01-14T22:42:04+00:00\",\"dateModified\":\"2017-01-14T22:53:19+00:00\",\"description\":\"P\u00e1gina oficial de la Fiscal\u00eda General de la Naci\u00f3n \u2013 Colombia. Garantizamos el acceso efectivo a la justicia, la verdad y la reparaci\u00f3n de las v\u00edctimas de los delitos.\",\"breadcrumb\":{\"@id\":\"https:\/\/www.fiscalia.gov.co\/colombia\/noticias\/destacada\/fiscalia-revela-segundo-pago-efectuado-por-odebrecht\/#breadcrumb\"},\"inLanguage\":\"es-CO\",\"potentialAction\":[{\"@type\":\"ReadAction\",\"target\":[\"https:\/\/www.fiscalia.gov.co\/colombia\/noticias\/destacada\/fiscalia-revela-segundo-pago-efectuado-por-odebrecht\/\"]}]},{\"@type\":\"BreadcrumbList\",\"@id\":\"https:\/\/www.fiscalia.gov.co\/colombia\/noticias\/destacada\/fiscalia-revela-segundo-pago-efectuado-por-odebrecht\/#breadcrumb\",\"itemListElement\":[{\"@type\":\"ListItem\",\"position\":1,\"name\":\"Home\",\"item\":\"https:\/\/www.fiscalia.gov.co\/colombia\/\"},{\"@type\":\"ListItem\",\"position\":2,\"name\":\"Fiscal\u00eda revela segundo pago efectuado por Odebrecht\"}]},{\"@type\":\"WebSite\",\"@id\":\"https:\/\/www.fiscalia.gov.co\/colombia\/#website\",\"url\":\"https:\/\/www.fiscalia.gov.co\/colombia\/\",\"name\":\"Fiscal\u00eda General de la Naci\u00f3n\",\"description\":\"P\u00e1gina oficial de la Fiscal\u00eda General de la Naci\u00f3n \u2013 Colombia. Garantizamos el acceso efectivo a la justicia, la verdad y la reparaci\u00f3n de las v\u00edctimas de los delitos.\",\"publisher\":{\"@id\":\"https:\/\/www.fiscalia.gov.co\/colombia\/#organization\"},\"potentialAction\":[{\"@type\":\"SearchAction\",\"target\":{\"@type\":\"EntryPoint\",\"urlTemplate\":\"https:\/\/www.fiscalia.gov.co\/colombia\/?s={search_term_string}\"},\"query-input\":{\"@type\":\"PropertyValueSpecification\",\"valueRequired\":true,\"valueName\":\"search_term_string\"}}],\"inLanguage\":\"es-CO\"},{\"@type\":\"Organization\",\"@id\":\"https:\/\/www.fiscalia.gov.co\/colombia\/#organization\",\"name\":\"Fiscal\u00eda General de la Naci\u00f3n\",\"url\":\"https:\/\/www.fiscalia.gov.co\/colombia\/\",\"logo\":{\"@type\":\"ImageObject\",\"inLanguage\":\"es-CO\",\"@id\":\"https:\/\/www.fiscalia.gov.co\/colombia\/#\/schema\/logo\/image\/\",\"url\":\"https:\/\/www.fiscalia.gov.co\/colombia\/wp-content\/uploads\/LogoHorizontal_1.jpg\",\"contentUrl\":\"https:\/\/www.fiscalia.gov.co\/colombia\/wp-content\/uploads\/LogoHorizontal_1.jpg\",\"width\":300,\"height\":90,\"caption\":\"Fiscal\u00eda General de la Naci\u00f3n\"},\"image\":{\"@id\":\"https:\/\/www.fiscalia.gov.co\/colombia\/#\/schema\/logo\/image\/\"},\"sameAs\":[\"https:\/\/www.facebook.com\/FiscaliaCol\",\"https:\/\/x.com\/FiscaliaCol\",\"https:\/\/www.instagram.com\/fiscaliacol\",\"https:\/\/www.linkedin.com\/company\/fiscalia-general-de-la-naci-n\/\",\"https:\/\/youtube.com\/@fiscaliageneraldelanacion-4668?si=6nN79nyQICPU5iTh\"]},{\"@type\":\"Person\",\"@id\":\"https:\/\/www.fiscalia.gov.co\/colombia\/#\/schema\/person\/3903856a3ce2d54b094c69eb29247895\",\"name\":\"dfgordillo\",\"image\":{\"@type\":\"ImageObject\",\"inLanguage\":\"es-CO\",\"@id\":\"https:\/\/www.fiscalia.gov.co\/colombia\/#\/schema\/person\/image\/\",\"url\":\"https:\/\/secure.gravatar.com\/avatar\/b6356e21c5657c60757fe6fb9493e947?s=96&d=mm&r=g\",\"contentUrl\":\"https:\/\/secure.gravatar.com\/avatar\/b6356e21c5657c60757fe6fb9493e947?s=96&d=mm&r=g\",\"caption\":\"dfgordillo\"},\"sameAs\":[\"dfgordillo\"],\"url\":\"https:\/\/www.fiscalia.gov.co\/colombia\/author\/dfgordillo\/\"}]}<\/script>\n<!-- \/ Yoast SEO plugin. -->","yoast_head_json":{"title":"Fiscal\u00eda General de la Naci\u00f3n","description":"P\u00e1gina oficial de la Fiscal\u00eda General de la Naci\u00f3n \u2013 Colombia. Garantizamos el acceso efectivo a la justicia, la verdad y la reparaci\u00f3n de las v\u00edctimas de los delitos.","robots":{"index":"noindex","follow":"follow"},"og_locale":"es_ES","og_type":"article","og_title":"Fiscal\u00eda General de la Naci\u00f3n","og_description":"P\u00e1gina oficial de la Fiscal\u00eda General de la Naci\u00f3n \u2013 Colombia. Garantizamos el acceso efectivo a la justicia, la verdad y la reparaci\u00f3n de las v\u00edctimas de los delitos.","og_url":"https:\/\/www.fiscalia.gov.co\/colombia\/noticias\/destacada\/fiscalia-revela-segundo-pago-efectuado-por-odebrecht\/","og_site_name":"Fiscal\u00eda General de la Naci\u00f3n","article_publisher":"https:\/\/www.facebook.com\/FiscaliaCol","article_published_time":"2017-01-14T22:42:04+00:00","article_modified_time":"2017-01-14T22:53:19+00:00","author":"dfgordillo","twitter_card":"summary_large_image","twitter_creator":"@FiscaliaCol","twitter_site":"@FiscaliaCol","twitter_misc":{"Escrito por":"dfgordillo","Tiempo de lectura":"3 minutos"},"schema":{"@context":"https:\/\/schema.org","@graph":[{"@type":"Article","@id":"https:\/\/www.fiscalia.gov.co\/colombia\/noticias\/destacada\/fiscalia-revela-segundo-pago-efectuado-por-odebrecht\/#article","isPartOf":{"@id":"https:\/\/www.fiscalia.gov.co\/colombia\/noticias\/destacada\/fiscalia-revela-segundo-pago-efectuado-por-odebrecht\/"},"author":{"name":"dfgordillo","@id":"https:\/\/www.fiscalia.gov.co\/colombia\/#\/schema\/person\/3903856a3ce2d54b094c69eb29247895"},"headline":"Fiscal\u00eda revela segundo pago efectuado por Odebrecht","datePublished":"2017-01-14T22:42:04+00:00","dateModified":"2017-01-14T22:53:19+00:00","mainEntityOfPage":{"@id":"https:\/\/www.fiscalia.gov.co\/colombia\/noticias\/destacada\/fiscalia-revela-segundo-pago-efectuado-por-odebrecht\/"},"wordCount":626,"publisher":{"@id":"https:\/\/www.fiscalia.gov.co\/colombia\/#organization"},"keywords":["Corrupci\u00f3n"],"articleSection":["Destacada"],"inLanguage":"es-CO"},{"@type":"WebPage","@id":"https:\/\/www.fiscalia.gov.co\/colombia\/noticias\/destacada\/fiscalia-revela-segundo-pago-efectuado-por-odebrecht\/","url":"https:\/\/www.fiscalia.gov.co\/colombia\/noticias\/destacada\/fiscalia-revela-segundo-pago-efectuado-por-odebrecht\/","name":"Fiscal\u00eda General de la Naci\u00f3n","isPartOf":{"@id":"https:\/\/www.fiscalia.gov.co\/colombia\/#website"},"datePublished":"2017-01-14T22:42:04+00:00","dateModified":"2017-01-14T22:53:19+00:00","description":"P\u00e1gina oficial de la Fiscal\u00eda General de la Naci\u00f3n \u2013 Colombia. Garantizamos el acceso efectivo a la justicia, la verdad y la reparaci\u00f3n de las v\u00edctimas de los delitos.","breadcrumb":{"@id":"https:\/\/www.fiscalia.gov.co\/colombia\/noticias\/destacada\/fiscalia-revela-segundo-pago-efectuado-por-odebrecht\/#breadcrumb"},"inLanguage":"es-CO","potentialAction":[{"@type":"ReadAction","target":["https:\/\/www.fiscalia.gov.co\/colombia\/noticias\/destacada\/fiscalia-revela-segundo-pago-efectuado-por-odebrecht\/"]}]},{"@type":"BreadcrumbList","@id":"https:\/\/www.fiscalia.gov.co\/colombia\/noticias\/destacada\/fiscalia-revela-segundo-pago-efectuado-por-odebrecht\/#breadcrumb","itemListElement":[{"@type":"ListItem","position":1,"name":"Home","item":"https:\/\/www.fiscalia.gov.co\/colombia\/"},{"@type":"ListItem","position":2,"name":"Fiscal\u00eda revela segundo pago efectuado por Odebrecht"}]},{"@type":"WebSite","@id":"https:\/\/www.fiscalia.gov.co\/colombia\/#website","url":"https:\/\/www.fiscalia.gov.co\/colombia\/","name":"Fiscal\u00eda General de la Naci\u00f3n","description":"P\u00e1gina oficial de la Fiscal\u00eda General de la Naci\u00f3n \u2013 Colombia. Garantizamos el acceso efectivo a la justicia, la verdad y la reparaci\u00f3n de las v\u00edctimas de los delitos.","publisher":{"@id":"https:\/\/www.fiscalia.gov.co\/colombia\/#organization"},"potentialAction":[{"@type":"SearchAction","target":{"@type":"EntryPoint","urlTemplate":"https:\/\/www.fiscalia.gov.co\/colombia\/?s={search_term_string}"},"query-input":{"@type":"PropertyValueSpecification","valueRequired":true,"valueName":"search_term_string"}}],"inLanguage":"es-CO"},{"@type":"Organization","@id":"https:\/\/www.fiscalia.gov.co\/colombia\/#organization","name":"Fiscal\u00eda General de la Naci\u00f3n","url":"https:\/\/www.fiscalia.gov.co\/colombia\/","logo":{"@type":"ImageObject","inLanguage":"es-CO","@id":"https:\/\/www.fiscalia.gov.co\/colombia\/#\/schema\/logo\/image\/","url":"https:\/\/www.fiscalia.gov.co\/colombia\/wp-content\/uploads\/LogoHorizontal_1.jpg","contentUrl":"https:\/\/www.fiscalia.gov.co\/colombia\/wp-content\/uploads\/LogoHorizontal_1.jpg","width":300,"height":90,"caption":"Fiscal\u00eda General de la Naci\u00f3n"},"image":{"@id":"https:\/\/www.fiscalia.gov.co\/colombia\/#\/schema\/logo\/image\/"},"sameAs":["https:\/\/www.facebook.com\/FiscaliaCol","https:\/\/x.com\/FiscaliaCol","https:\/\/www.instagram.com\/fiscaliacol","https:\/\/www.linkedin.com\/company\/fiscalia-general-de-la-naci-n\/","https:\/\/youtube.com\/@fiscaliageneraldelanacion-4668?si=6nN79nyQICPU5iTh"]},{"@type":"Person","@id":"https:\/\/www.fiscalia.gov.co\/colombia\/#\/schema\/person\/3903856a3ce2d54b094c69eb29247895","name":"dfgordillo","image":{"@type":"ImageObject","inLanguage":"es-CO","@id":"https:\/\/www.fiscalia.gov.co\/colombia\/#\/schema\/person\/image\/","url":"https:\/\/secure.gravatar.com\/avatar\/b6356e21c5657c60757fe6fb9493e947?s=96&d=mm&r=g","contentUrl":"https:\/\/secure.gravatar.com\/avatar\/b6356e21c5657c60757fe6fb9493e947?s=96&d=mm&r=g","caption":"dfgordillo"},"sameAs":["dfgordillo"],"url":"https:\/\/www.fiscalia.gov.co\/colombia\/author\/dfgordillo\/"}]}},"_links":{"self":[{"href":"https:\/\/www.fiscalia.gov.co\/colombia\/wp-json\/wp\/v2\/posts\/97666","targetHints":{"allow":["GET"]}}],"collection":[{"href":"https:\/\/www.fiscalia.gov.co\/colombia\/wp-json\/wp\/v2\/posts"}],"about":[{"href":"https:\/\/www.fiscalia.gov.co\/colombia\/wp-json\/wp\/v2\/types\/post"}],"author":[{"embeddable":true,"href":"https:\/\/www.fiscalia.gov.co\/colombia\/wp-json\/wp\/v2\/users\/143"}],"replies":[{"embeddable":true,"href":"https:\/\/www.fiscalia.gov.co\/colombia\/wp-json\/wp\/v2\/comments?post=97666"}],"version-history":[{"count":5,"href":"https:\/\/www.fiscalia.gov.co\/colombia\/wp-json\/wp\/v2\/posts\/97666\/revisions"}],"predecessor-version":[{"id":97674,"href":"https:\/\/www.fiscalia.gov.co\/colombia\/wp-json\/wp\/v2\/posts\/97666\/revisions\/97674"}],"wp:attachment":[{"href":"https:\/\/www.fiscalia.gov.co\/colombia\/wp-json\/wp\/v2\/media?parent=97666"}],"wp:term":[{"taxonomy":"category","embeddable":true,"href":"https:\/\/www.fiscalia.gov.co\/colombia\/wp-json\/wp\/v2\/categories?post=97666"},{"taxonomy":"post_tag","embeddable":true,"href":"https:\/\/www.fiscalia.gov.co\/colombia\/wp-json\/wp\/v2\/tags?post=97666"}],"curies":[{"name":"wp","href":"https:\/\/api.w.org\/{rel}","templated":true}]}}