{"id":97569,"date":"2017-01-13T11:43:18","date_gmt":"2017-01-13T16:43:18","guid":{"rendered":"http:\/\/www.fiscalia.gov.co\/colombia\/?p=97569"},"modified":"2017-01-13T11:43:18","modified_gmt":"2017-01-13T16:43:18","slug":"juez-condeno-por-falsas-pensiones-a-exfuncionarios-del-iss-valle-del-cauca-un-abogado-y-7-personas-mas","status":"publish","type":"post","link":"https:\/\/www.fiscalia.gov.co\/colombia\/noticias\/juez-condeno-por-falsas-pensiones-a-exfuncionarios-del-iss-valle-del-cauca-un-abogado-y-7-personas-mas\/","title":{"rendered":"Juez conden\u00f3 por falsas pensiones a exfuncionarios del ISS Valle del Cauca, un abogado y 7 personas m\u00e1s"},"content":{"rendered":"<p>Siendo sustanciador en 2007, para establecer los derechos para pensi\u00f3n por invalidez, vejez y muerte de afiliados del Instituto de Seguros Sociales (ISS), Seccional Valle del Cauca, H\u00e9ctor Fabio Llanos Marmolejo tramit\u00f3 ilegalmente la pensi\u00f3n de una t\u00eda materna con la que vivi\u00f3 10 a\u00f1os, la afili\u00f3 ilegalmente a pesar de que ella nunca cotiz\u00f3 al Sistema Nacional de Pensiones.<\/p>\n<p>Anunciaci\u00f3n Marmolejo no puso reparos al ofrecimiento de su sobrino y recibi\u00f3 una pensi\u00f3n del antiguo ISS por vejez, con un retroactivo de 56 millones de pesos, sabiendo que no reun\u00eda los requisitos legales.<\/p>\n<p>Como el caso de la mujer se registraron 53 m\u00e1s, con personas como adultos mayores, alba\u00f1iles y amas de casa, que fueron beneficiarias de pensiones tramitadas de manera il\u00edcita.<\/p>\n<p>Las investigaciones de la Fiscal\u00eda por los delitos de peculado por apropiaci\u00f3n, fraude procesal y uso de documento p\u00fablico falso permitieron la condena de 12 personas, por parte del Juzgado 15 penal del Circuito de Cali (Valle del Cauca), entre ellas exfuncionarios del liquidado ISS, abogados y personas naturales.<\/p>\n<p>Adem\u00e1s el juez les aplic\u00f3 multas para poder recuperar para el Estado m\u00e1s de 5 mil millones de pesos, suma que se pag\u00f3 a los falsos cotizantes del ISS.<\/p>\n<p><strong>Una denuncia<br \/>\n<\/strong><\/p>\n<p>Todo comenz\u00f3 en febrero de 2007. Un funcionario que se desempe\u00f1aba en el Departamento de Atenci\u00f3n al Pensionado, nuevo OAP, asignado a la sala de c\u00f3mputo, ingres\u00f3 a n\u00f3mina realizando labores de control de calidad.<\/p>\n<p>Al momento de revisar el expediente correspondiente al afiliado Marco Ospina Escobar, advirti\u00f3 que por alguna raz\u00f3n no coincid\u00edan las semanas cotizadas, raz\u00f3n por la cual se desplaz\u00f3 hasta el Departamento de Historias Laborales para que el funcionario encargado le expidiera una nueva historia laboral.<\/p>\n<p>Al recibir la informaci\u00f3n de Ospina Escobar, observ\u00f3 que el n\u00famero de semanas realmente cotizadas era inferior a las de la historia laboral obrante en el expediente.<\/p>\n<p>El funcionario se comunic\u00f3 con el presunto cotizante a fin de que aportara las tarjetas de comprobaci\u00f3n de derechos para hacer la verificaci\u00f3n, comprometi\u00e9ndose este a buscarlas y aportarlas. Pasaron las semanas y el cotizante nunca llev\u00f3 la documentaci\u00f3n requerida.<\/p>\n<p>Lo llam\u00f3 de nuevo para exigirle los documentos y Marco Ospina le dijo no ten\u00eda las tarjetas y no era cotizante del ISS. El funcionario puso en conocimiento la situaci\u00f3n, al comprobar los mismos hechos en m\u00e1s de 8 casos, en cabeza de su jefe, quien dijo encargarse del tema para revisarlo.<\/p>\n<p>Una semana despu\u00e9s, el funcionario fue contactado por una empleada para que dejara las cosas as\u00ed y que el asunto investigado por \u00e9l, era resorte de su jefe.<\/p>\n<p><strong>Intervenci\u00f3n<br \/>\n<\/strong><\/p>\n<p>Puesta la denuncia por fraude procesal y falsedad de documento p\u00fablico, la gerencia del ISS investig\u00f3 el expediente laboral de Marco Ospina Escobar y de otros afiliados, encontrando que se presentaban irregularidades con afiliados de manera ilegal, lo que oblig\u00f3 la intervenci\u00f3n de la Contralor\u00eda General, en la que se hall\u00f3 que en el ISS Seccional Valle del Cauca, funcionarios de la entidad, en colaboraci\u00f3n de abogados, ven\u00edan reconociendo pensiones de forma fraudulenta.<\/p>\n<p>Las investigaciones del CTI, en el marco del plan \u201cBolsillos de Cristal, cero tolerancia con la Corrupci\u00f3n\u201d,\u00a0 establecieron que se hab\u00edan reconocido pensiones y otorgado pensiones, por un monto 5 mil millones de pesos.<\/p>\n<p><strong>Condenas<br \/>\n<\/strong><\/p>\n<p>El Juzgado 15 Penal del Circuito conden\u00f3 a los exfuncionarios del ISS Seccional Valle, H\u00e9ctor Fabio Llanos Marmolejo, Minsa Sinisterra Garc\u00eda, Sandra Liliana Ram\u00edrez Rodr\u00edguez y a Lucelly Loaiza Jim\u00e9nez, a una pena de prisi\u00f3n de 12 a\u00f1os y 5 meses, como autores de los delitos de uso de documento p\u00fablico falso, fraude procesal y peculado por apropiaci\u00f3n en la modalidad de delitos continuado. El juez los conmin\u00f3 a pagar una multa de 950 millones de pesos.<\/p>\n<p>Adem\u00e1s, el juzgador determin\u00f3 que deber\u00e1n pagar perjuicios materiales a favor del ISS en liquidaci\u00f3n, por $1.038.748.460.<\/p>\n<p>Tambi\u00e9n conden\u00f3 a Juan de Dios Llanos Marmolejo, abogado, hermano de H\u00e9ctor Fabio Llanos, a 12 a\u00f1os, 5 meses de prisi\u00f3n, y una multa de 950 millones de pesos.<\/p>\n<p>Asimismo, al pago de perjuicios materiales a favor del liquidado ISS por $1.038.748.460.<\/p>\n<p>Por su parte, Anunciaci\u00f3n Marmolejo deber\u00e1 purgar 6 a\u00f1os y 5 meses de prisi\u00f3n y pagar una multa de $149 millones de pesos, como coautora responsable del delito de fraude procesal e interviniente del delito de peculado por apropiaci\u00f3n en la modalidad de delito continuado.<\/p>\n<p>Igualmente Saulo Silva<strong> <\/strong>fue sentenciado a<strong> <\/strong>6 a\u00f1os, 5 meses de prisi\u00f3n y al pago de una multa por $91 millones de pesos, como coautor del delito de fraude procesal e interviniente del delito de peculado por apropiaci\u00f3n en la modalidad de delito continuado.<\/p>\n<p>El juzgador tambi\u00e9n conden\u00f3 a Juan Fernando Rivera Rivera<strong> <\/strong>a<strong> <\/strong>6 a\u00f1os y 5 meses de prisi\u00f3n y al pago de una multa de $122.594.620 como coautor responsable del delito de peculado por apropiaci\u00f3n.<\/p>\n<p>Ramiro Cuero Nieva<strong> <\/strong>fue condenado<strong> <\/strong>a la misma pena y al pago de una multa de $72.615.297 como coautor de peculado por apropiaci\u00f3n.<\/p>\n<p>Entre tanto, Efra\u00edn Rodr\u00edguez Mu\u00f1oz purgar\u00e1 6 a\u00f1os de prisi\u00f3n y debe pagar una multa de $74.518.561 por peculado por apropiaci\u00f3n.<\/p>\n<p>Finalmente, Miguel Antonio Jaramillo y Nohelia G\u00f3mez Galeano<strong> <\/strong>cumplir\u00e1n la misma condena de 6 a\u00f1os de prisi\u00f3n y pagar\u00e1n multas de $59.930.290 y $55.961.334, respectivamente, como responsables del delito de peculado por apropiaci\u00f3n.<\/p>\n<p>El juez tambi\u00e9n extingui\u00f3 la acci\u00f3n penal por los delitos de uso en documento falso, fraude procesal y peculado por apropiaci\u00f3n en contra de Avelino Dom\u00ednguez Arana por su fallecimiento antes de la sentencia.<\/p>\n<p>&nbsp;<\/p>\n<p>JGPV\/DLBM<\/p>\n<p>&nbsp;<\/p>\n\n<div class=\"twitter-share\"><a href=\"https:\/\/twitter.com\/intent\/tweet?via=fiscaliacol\" class=\"twitter-share-button\">Tweet<\/a><\/div>\n","protected":false},"excerpt":{"rendered":"<p>Siendo sustanciador en 2007, para establecer los derechos para pensi\u00f3n por invalidez, vejez y muerte de afiliados del Instituto de Seguros Sociales (ISS), Seccional Valle del Cauca, H\u00e9ctor Fabio Llanos [&hellip;]<\/p>\n","protected":false},"author":143,"featured_media":0,"comment_status":"closed","ping_status":"open","sticky":false,"template":"","format":"standard","meta":{"tdm_status":"","tdm_grid_status":"","footnotes":""},"categories":[1],"tags":[21368],"class_list":["post-97569","post","type-post","status-publish","format-standard","category-noticias","tag-plan-bolsillos-de-cristal"],"yoast_head":"<!-- This site is optimized with the Yoast SEO plugin v24.3 - https:\/\/yoast.com\/wordpress\/plugins\/seo\/ -->\n<title>Fiscal\u00eda General de la Naci\u00f3n<\/title>\n<meta name=\"description\" content=\"P\u00e1gina oficial de la Fiscal\u00eda General de la Naci\u00f3n \u2013 Colombia. Garantizamos el acceso efectivo a la justicia, la verdad y la reparaci\u00f3n de las v\u00edctimas de los delitos.\" \/>\n<meta name=\"robots\" content=\"noindex, follow\" \/>\n<meta property=\"og:locale\" content=\"es_ES\" \/>\n<meta property=\"og:type\" content=\"article\" \/>\n<meta property=\"og:title\" content=\"Fiscal\u00eda General de la Naci\u00f3n\" \/>\n<meta property=\"og:description\" content=\"P\u00e1gina oficial de la Fiscal\u00eda General de la Naci\u00f3n \u2013 Colombia. Garantizamos el acceso efectivo a la justicia, la verdad y la reparaci\u00f3n de las v\u00edctimas de los delitos.\" \/>\n<meta property=\"og:url\" content=\"https:\/\/www.fiscalia.gov.co\/colombia\/noticias\/juez-condeno-por-falsas-pensiones-a-exfuncionarios-del-iss-valle-del-cauca-un-abogado-y-7-personas-mas\/\" \/>\n<meta property=\"og:site_name\" content=\"Fiscal\u00eda General de la Naci\u00f3n\" \/>\n<meta property=\"article:publisher\" content=\"https:\/\/www.facebook.com\/FiscaliaCol\" \/>\n<meta property=\"article:published_time\" content=\"2017-01-13T16:43:18+00:00\" \/>\n<meta name=\"author\" content=\"dfgordillo\" \/>\n<meta name=\"twitter:card\" content=\"summary_large_image\" \/>\n<meta name=\"twitter:creator\" content=\"@FiscaliaCol\" \/>\n<meta name=\"twitter:site\" content=\"@FiscaliaCol\" \/>\n<meta name=\"twitter:label1\" content=\"Escrito por\" \/>\n\t<meta name=\"twitter:data1\" content=\"dfgordillo\" \/>\n\t<meta name=\"twitter:label2\" content=\"Tiempo de lectura\" \/>\n\t<meta name=\"twitter:data2\" content=\"5 minutos\" \/>\n<script type=\"application\/ld+json\" class=\"yoast-schema-graph\">{\"@context\":\"https:\/\/schema.org\",\"@graph\":[{\"@type\":\"Article\",\"@id\":\"https:\/\/www.fiscalia.gov.co\/colombia\/noticias\/juez-condeno-por-falsas-pensiones-a-exfuncionarios-del-iss-valle-del-cauca-un-abogado-y-7-personas-mas\/#article\",\"isPartOf\":{\"@id\":\"https:\/\/www.fiscalia.gov.co\/colombia\/noticias\/juez-condeno-por-falsas-pensiones-a-exfuncionarios-del-iss-valle-del-cauca-un-abogado-y-7-personas-mas\/\"},\"author\":{\"name\":\"dfgordillo\",\"@id\":\"https:\/\/www.fiscalia.gov.co\/colombia\/#\/schema\/person\/3903856a3ce2d54b094c69eb29247895\"},\"headline\":\"Juez conden\u00f3 por falsas pensiones a exfuncionarios del ISS Valle del Cauca, un abogado y 7 personas m\u00e1s\",\"datePublished\":\"2017-01-13T16:43:18+00:00\",\"dateModified\":\"2017-01-13T16:43:18+00:00\",\"mainEntityOfPage\":{\"@id\":\"https:\/\/www.fiscalia.gov.co\/colombia\/noticias\/juez-condeno-por-falsas-pensiones-a-exfuncionarios-del-iss-valle-del-cauca-un-abogado-y-7-personas-mas\/\"},\"wordCount\":982,\"publisher\":{\"@id\":\"https:\/\/www.fiscalia.gov.co\/colombia\/#organization\"},\"keywords\":[\"Plan Bolsillos de Cristal\"],\"articleSection\":[\"Noticias\"],\"inLanguage\":\"es-CO\"},{\"@type\":\"WebPage\",\"@id\":\"https:\/\/www.fiscalia.gov.co\/colombia\/noticias\/juez-condeno-por-falsas-pensiones-a-exfuncionarios-del-iss-valle-del-cauca-un-abogado-y-7-personas-mas\/\",\"url\":\"https:\/\/www.fiscalia.gov.co\/colombia\/noticias\/juez-condeno-por-falsas-pensiones-a-exfuncionarios-del-iss-valle-del-cauca-un-abogado-y-7-personas-mas\/\",\"name\":\"Fiscal\u00eda General de la Naci\u00f3n\",\"isPartOf\":{\"@id\":\"https:\/\/www.fiscalia.gov.co\/colombia\/#website\"},\"datePublished\":\"2017-01-13T16:43:18+00:00\",\"dateModified\":\"2017-01-13T16:43:18+00:00\",\"description\":\"P\u00e1gina oficial de la Fiscal\u00eda General de la Naci\u00f3n \u2013 Colombia. Garantizamos el acceso efectivo a la justicia, la verdad y la reparaci\u00f3n de las v\u00edctimas de los delitos.\",\"breadcrumb\":{\"@id\":\"https:\/\/www.fiscalia.gov.co\/colombia\/noticias\/juez-condeno-por-falsas-pensiones-a-exfuncionarios-del-iss-valle-del-cauca-un-abogado-y-7-personas-mas\/#breadcrumb\"},\"inLanguage\":\"es-CO\",\"potentialAction\":[{\"@type\":\"ReadAction\",\"target\":[\"https:\/\/www.fiscalia.gov.co\/colombia\/noticias\/juez-condeno-por-falsas-pensiones-a-exfuncionarios-del-iss-valle-del-cauca-un-abogado-y-7-personas-mas\/\"]}]},{\"@type\":\"BreadcrumbList\",\"@id\":\"https:\/\/www.fiscalia.gov.co\/colombia\/noticias\/juez-condeno-por-falsas-pensiones-a-exfuncionarios-del-iss-valle-del-cauca-un-abogado-y-7-personas-mas\/#breadcrumb\",\"itemListElement\":[{\"@type\":\"ListItem\",\"position\":1,\"name\":\"Home\",\"item\":\"https:\/\/www.fiscalia.gov.co\/colombia\/\"},{\"@type\":\"ListItem\",\"position\":2,\"name\":\"Juez conden\u00f3 por falsas pensiones a exfuncionarios del ISS Valle del Cauca, un abogado y 7 personas m\u00e1s\"}]},{\"@type\":\"WebSite\",\"@id\":\"https:\/\/www.fiscalia.gov.co\/colombia\/#website\",\"url\":\"https:\/\/www.fiscalia.gov.co\/colombia\/\",\"name\":\"Fiscal\u00eda General de la Naci\u00f3n\",\"description\":\"P\u00e1gina oficial de la Fiscal\u00eda General de la Naci\u00f3n \u2013 Colombia. Garantizamos el acceso efectivo a la justicia, la verdad y la reparaci\u00f3n de las v\u00edctimas de los delitos.\",\"publisher\":{\"@id\":\"https:\/\/www.fiscalia.gov.co\/colombia\/#organization\"},\"potentialAction\":[{\"@type\":\"SearchAction\",\"target\":{\"@type\":\"EntryPoint\",\"urlTemplate\":\"https:\/\/www.fiscalia.gov.co\/colombia\/?s={search_term_string}\"},\"query-input\":{\"@type\":\"PropertyValueSpecification\",\"valueRequired\":true,\"valueName\":\"search_term_string\"}}],\"inLanguage\":\"es-CO\"},{\"@type\":\"Organization\",\"@id\":\"https:\/\/www.fiscalia.gov.co\/colombia\/#organization\",\"name\":\"Fiscal\u00eda General de la Naci\u00f3n\",\"url\":\"https:\/\/www.fiscalia.gov.co\/colombia\/\",\"logo\":{\"@type\":\"ImageObject\",\"inLanguage\":\"es-CO\",\"@id\":\"https:\/\/www.fiscalia.gov.co\/colombia\/#\/schema\/logo\/image\/\",\"url\":\"https:\/\/www.fiscalia.gov.co\/colombia\/wp-content\/uploads\/LogoHorizontal_1.jpg\",\"contentUrl\":\"https:\/\/www.fiscalia.gov.co\/colombia\/wp-content\/uploads\/LogoHorizontal_1.jpg\",\"width\":300,\"height\":90,\"caption\":\"Fiscal\u00eda General de la Naci\u00f3n\"},\"image\":{\"@id\":\"https:\/\/www.fiscalia.gov.co\/colombia\/#\/schema\/logo\/image\/\"},\"sameAs\":[\"https:\/\/www.facebook.com\/FiscaliaCol\",\"https:\/\/x.com\/FiscaliaCol\",\"https:\/\/www.instagram.com\/fiscaliacol\",\"https:\/\/www.linkedin.com\/company\/fiscalia-general-de-la-naci-n\/\",\"https:\/\/youtube.com\/@fiscaliageneraldelanacion-4668?si=6nN79nyQICPU5iTh\"]},{\"@type\":\"Person\",\"@id\":\"https:\/\/www.fiscalia.gov.co\/colombia\/#\/schema\/person\/3903856a3ce2d54b094c69eb29247895\",\"name\":\"dfgordillo\",\"image\":{\"@type\":\"ImageObject\",\"inLanguage\":\"es-CO\",\"@id\":\"https:\/\/www.fiscalia.gov.co\/colombia\/#\/schema\/person\/image\/\",\"url\":\"https:\/\/secure.gravatar.com\/avatar\/b6356e21c5657c60757fe6fb9493e947?s=96&d=mm&r=g\",\"contentUrl\":\"https:\/\/secure.gravatar.com\/avatar\/b6356e21c5657c60757fe6fb9493e947?s=96&d=mm&r=g\",\"caption\":\"dfgordillo\"},\"sameAs\":[\"dfgordillo\"],\"url\":\"https:\/\/www.fiscalia.gov.co\/colombia\/author\/dfgordillo\/\"}]}<\/script>\n<!-- \/ Yoast SEO plugin. -->","yoast_head_json":{"title":"Fiscal\u00eda General de la Naci\u00f3n","description":"P\u00e1gina oficial de la Fiscal\u00eda General de la Naci\u00f3n \u2013 Colombia. Garantizamos el acceso efectivo a la justicia, la verdad y la reparaci\u00f3n de las v\u00edctimas de los delitos.","robots":{"index":"noindex","follow":"follow"},"og_locale":"es_ES","og_type":"article","og_title":"Fiscal\u00eda General de la Naci\u00f3n","og_description":"P\u00e1gina oficial de la Fiscal\u00eda General de la Naci\u00f3n \u2013 Colombia. Garantizamos el acceso efectivo a la justicia, la verdad y la reparaci\u00f3n de las v\u00edctimas de los delitos.","og_url":"https:\/\/www.fiscalia.gov.co\/colombia\/noticias\/juez-condeno-por-falsas-pensiones-a-exfuncionarios-del-iss-valle-del-cauca-un-abogado-y-7-personas-mas\/","og_site_name":"Fiscal\u00eda General de la Naci\u00f3n","article_publisher":"https:\/\/www.facebook.com\/FiscaliaCol","article_published_time":"2017-01-13T16:43:18+00:00","author":"dfgordillo","twitter_card":"summary_large_image","twitter_creator":"@FiscaliaCol","twitter_site":"@FiscaliaCol","twitter_misc":{"Escrito por":"dfgordillo","Tiempo de lectura":"5 minutos"},"schema":{"@context":"https:\/\/schema.org","@graph":[{"@type":"Article","@id":"https:\/\/www.fiscalia.gov.co\/colombia\/noticias\/juez-condeno-por-falsas-pensiones-a-exfuncionarios-del-iss-valle-del-cauca-un-abogado-y-7-personas-mas\/#article","isPartOf":{"@id":"https:\/\/www.fiscalia.gov.co\/colombia\/noticias\/juez-condeno-por-falsas-pensiones-a-exfuncionarios-del-iss-valle-del-cauca-un-abogado-y-7-personas-mas\/"},"author":{"name":"dfgordillo","@id":"https:\/\/www.fiscalia.gov.co\/colombia\/#\/schema\/person\/3903856a3ce2d54b094c69eb29247895"},"headline":"Juez conden\u00f3 por falsas pensiones a exfuncionarios del ISS Valle del Cauca, un abogado y 7 personas m\u00e1s","datePublished":"2017-01-13T16:43:18+00:00","dateModified":"2017-01-13T16:43:18+00:00","mainEntityOfPage":{"@id":"https:\/\/www.fiscalia.gov.co\/colombia\/noticias\/juez-condeno-por-falsas-pensiones-a-exfuncionarios-del-iss-valle-del-cauca-un-abogado-y-7-personas-mas\/"},"wordCount":982,"publisher":{"@id":"https:\/\/www.fiscalia.gov.co\/colombia\/#organization"},"keywords":["Plan Bolsillos de Cristal"],"articleSection":["Noticias"],"inLanguage":"es-CO"},{"@type":"WebPage","@id":"https:\/\/www.fiscalia.gov.co\/colombia\/noticias\/juez-condeno-por-falsas-pensiones-a-exfuncionarios-del-iss-valle-del-cauca-un-abogado-y-7-personas-mas\/","url":"https:\/\/www.fiscalia.gov.co\/colombia\/noticias\/juez-condeno-por-falsas-pensiones-a-exfuncionarios-del-iss-valle-del-cauca-un-abogado-y-7-personas-mas\/","name":"Fiscal\u00eda General de la Naci\u00f3n","isPartOf":{"@id":"https:\/\/www.fiscalia.gov.co\/colombia\/#website"},"datePublished":"2017-01-13T16:43:18+00:00","dateModified":"2017-01-13T16:43:18+00:00","description":"P\u00e1gina oficial de la Fiscal\u00eda General de la Naci\u00f3n \u2013 Colombia. Garantizamos el acceso efectivo a la justicia, la verdad y la reparaci\u00f3n de las v\u00edctimas de los delitos.","breadcrumb":{"@id":"https:\/\/www.fiscalia.gov.co\/colombia\/noticias\/juez-condeno-por-falsas-pensiones-a-exfuncionarios-del-iss-valle-del-cauca-un-abogado-y-7-personas-mas\/#breadcrumb"},"inLanguage":"es-CO","potentialAction":[{"@type":"ReadAction","target":["https:\/\/www.fiscalia.gov.co\/colombia\/noticias\/juez-condeno-por-falsas-pensiones-a-exfuncionarios-del-iss-valle-del-cauca-un-abogado-y-7-personas-mas\/"]}]},{"@type":"BreadcrumbList","@id":"https:\/\/www.fiscalia.gov.co\/colombia\/noticias\/juez-condeno-por-falsas-pensiones-a-exfuncionarios-del-iss-valle-del-cauca-un-abogado-y-7-personas-mas\/#breadcrumb","itemListElement":[{"@type":"ListItem","position":1,"name":"Home","item":"https:\/\/www.fiscalia.gov.co\/colombia\/"},{"@type":"ListItem","position":2,"name":"Juez conden\u00f3 por falsas pensiones a exfuncionarios del ISS Valle del Cauca, un abogado y 7 personas m\u00e1s"}]},{"@type":"WebSite","@id":"https:\/\/www.fiscalia.gov.co\/colombia\/#website","url":"https:\/\/www.fiscalia.gov.co\/colombia\/","name":"Fiscal\u00eda General de la Naci\u00f3n","description":"P\u00e1gina oficial de la Fiscal\u00eda General de la Naci\u00f3n \u2013 Colombia. Garantizamos el acceso efectivo a la justicia, la verdad y la reparaci\u00f3n de las v\u00edctimas de los delitos.","publisher":{"@id":"https:\/\/www.fiscalia.gov.co\/colombia\/#organization"},"potentialAction":[{"@type":"SearchAction","target":{"@type":"EntryPoint","urlTemplate":"https:\/\/www.fiscalia.gov.co\/colombia\/?s={search_term_string}"},"query-input":{"@type":"PropertyValueSpecification","valueRequired":true,"valueName":"search_term_string"}}],"inLanguage":"es-CO"},{"@type":"Organization","@id":"https:\/\/www.fiscalia.gov.co\/colombia\/#organization","name":"Fiscal\u00eda General de la Naci\u00f3n","url":"https:\/\/www.fiscalia.gov.co\/colombia\/","logo":{"@type":"ImageObject","inLanguage":"es-CO","@id":"https:\/\/www.fiscalia.gov.co\/colombia\/#\/schema\/logo\/image\/","url":"https:\/\/www.fiscalia.gov.co\/colombia\/wp-content\/uploads\/LogoHorizontal_1.jpg","contentUrl":"https:\/\/www.fiscalia.gov.co\/colombia\/wp-content\/uploads\/LogoHorizontal_1.jpg","width":300,"height":90,"caption":"Fiscal\u00eda General de la Naci\u00f3n"},"image":{"@id":"https:\/\/www.fiscalia.gov.co\/colombia\/#\/schema\/logo\/image\/"},"sameAs":["https:\/\/www.facebook.com\/FiscaliaCol","https:\/\/x.com\/FiscaliaCol","https:\/\/www.instagram.com\/fiscaliacol","https:\/\/www.linkedin.com\/company\/fiscalia-general-de-la-naci-n\/","https:\/\/youtube.com\/@fiscaliageneraldelanacion-4668?si=6nN79nyQICPU5iTh"]},{"@type":"Person","@id":"https:\/\/www.fiscalia.gov.co\/colombia\/#\/schema\/person\/3903856a3ce2d54b094c69eb29247895","name":"dfgordillo","image":{"@type":"ImageObject","inLanguage":"es-CO","@id":"https:\/\/www.fiscalia.gov.co\/colombia\/#\/schema\/person\/image\/","url":"https:\/\/secure.gravatar.com\/avatar\/b6356e21c5657c60757fe6fb9493e947?s=96&d=mm&r=g","contentUrl":"https:\/\/secure.gravatar.com\/avatar\/b6356e21c5657c60757fe6fb9493e947?s=96&d=mm&r=g","caption":"dfgordillo"},"sameAs":["dfgordillo"],"url":"https:\/\/www.fiscalia.gov.co\/colombia\/author\/dfgordillo\/"}]}},"_links":{"self":[{"href":"https:\/\/www.fiscalia.gov.co\/colombia\/wp-json\/wp\/v2\/posts\/97569","targetHints":{"allow":["GET"]}}],"collection":[{"href":"https:\/\/www.fiscalia.gov.co\/colombia\/wp-json\/wp\/v2\/posts"}],"about":[{"href":"https:\/\/www.fiscalia.gov.co\/colombia\/wp-json\/wp\/v2\/types\/post"}],"author":[{"embeddable":true,"href":"https:\/\/www.fiscalia.gov.co\/colombia\/wp-json\/wp\/v2\/users\/143"}],"replies":[{"embeddable":true,"href":"https:\/\/www.fiscalia.gov.co\/colombia\/wp-json\/wp\/v2\/comments?post=97569"}],"version-history":[{"count":2,"href":"https:\/\/www.fiscalia.gov.co\/colombia\/wp-json\/wp\/v2\/posts\/97569\/revisions"}],"predecessor-version":[{"id":97578,"href":"https:\/\/www.fiscalia.gov.co\/colombia\/wp-json\/wp\/v2\/posts\/97569\/revisions\/97578"}],"wp:attachment":[{"href":"https:\/\/www.fiscalia.gov.co\/colombia\/wp-json\/wp\/v2\/media?parent=97569"}],"wp:term":[{"taxonomy":"category","embeddable":true,"href":"https:\/\/www.fiscalia.gov.co\/colombia\/wp-json\/wp\/v2\/categories?post=97569"},{"taxonomy":"post_tag","embeddable":true,"href":"https:\/\/www.fiscalia.gov.co\/colombia\/wp-json\/wp\/v2\/tags?post=97569"}],"curies":[{"name":"wp","href":"https:\/\/api.w.org\/{rel}","templated":true}]}}