{"id":97558,"date":"2017-01-13T10:35:18","date_gmt":"2017-01-13T15:35:18","guid":{"rendered":"http:\/\/www.fiscalia.gov.co\/colombia\/?p=97558"},"modified":"2017-01-13T10:42:25","modified_gmt":"2017-01-13T15:42:25","slug":"ley-de-procedimiento-abreviado-para-combatir-inseguridad-ciudadana","status":"publish","type":"post","link":"https:\/\/www.fiscalia.gov.co\/colombia\/noticias\/ley-de-procedimiento-abreviado-para-combatir-inseguridad-ciudadana\/","title":{"rendered":"Ley de procedimiento abreviado para combatir inseguridad ciudadana"},"content":{"rendered":"<p><em><strong>Se aceleran los procesos penales.<\/strong><\/em><\/p>\n<div>La Fiscal\u00eda General de la Naci\u00f3n celebra la aprobaci\u00f3n por parte del Congreso de la Rep\u00fablica de la ley de procedimiento abreviado, que reducir\u00e1 significativamente los t\u00e9rminos de m\u00e1s de la mitad de los procesos penales.<\/div>\n<p>Las principales caracter\u00edsticas de la nueva ley son las siguientes:<\/p>\n<p style=\"padding-left: 30px;\"><strong>1.\u00a0\u00a0\u00a0\u00a0\u00a0<\/strong><strong>Proceso abreviado para delitos contra seguridad ciudadana:<\/strong>\u00a0Reducir\u00e1 en la mitad el tiempo de duraci\u00f3n de los procesos penales en los delitos que m\u00e1s afectan la seguridad ciudadana: hurtos, lesiones personales, inasistencia alimentaria, da\u00f1o en bien ajeno, estafa y calumnia e injuria, particularmente.<\/p>\n<p style=\"padding-left: 30px;\"><strong>2.\u00a0\u00a0\u00a0\u00a0\u00a0<\/strong><strong>Descongesti\u00f3n judicial en un 50%:<\/strong>\u00a0Los delitos en los cuales se aplicar\u00e1 la ley del procedimiento abreviado representan m\u00e1s de la mitad de las noticias criminales que recibe anualmente la Fiscal\u00eda General de la Naci\u00f3n. Se trata de delitos que por sus caracter\u00edsticas no requieren de investigaciones complejas por parte del Estado. Esto quiere decir, por ejemplo que la Fiscal\u00eda no se tomar\u00e1 el mismo tiempo para investigar una sofisticada organizaci\u00f3n criminal que para investigar una ri\u00f1a callejera.<\/p>\n<p style=\"padding-left: 30px;\"><strong>3.\u00a0\u00a0\u00a0\u00a0\u00a0<\/strong><strong>De cinco a dos audiencias:<\/strong>\u00a0Estas investigaciones ya no se har\u00e1n en cinco, sino en dos audiencias procesales. Esta simplificaci\u00f3n implica la eliminaci\u00f3n de la audiencia de imputaci\u00f3n y la reducci\u00f3n del proceso a dos etapas: audiencia concentrada y juicio oral.<\/p>\n<p style=\"padding-left: 30px;\"><strong>4.\u00a0\u00a0\u00a0\u00a0\u00a0<\/strong><strong>Castigo a reincidentes:<\/strong>\u00a0Una de las principales novedades de la nueva ley es que las personas reincidentes tendr\u00e1n que ir a la c\u00e1rcel y la privaci\u00f3n de su libertad dejar\u00e1 de ser opcional. As\u00ed se evita que personas con antecedentes sigan delinquiendo en la calle, como ha venido ocurriendo, en detrimento de la seguridad ciudadana.<\/p>\n<p style=\"padding-left: 30px;\"><strong>5.\u00a0\u00a0\u00a0\u00a0\u00a0<\/strong><strong>Facilita judicializaci\u00f3n en casos de flagrancia:<\/strong>\u00a0La nueva ley establece que en los delitos que exigen que la persona afectada interponga una denuncia, se pueda iniciar la investigaci\u00f3n de oficio cuando haya flagrancia. Tambi\u00e9n habilita a los integrantes de la Polic\u00eda Nacional para denunciar cuando la v\u00edctima est\u00e9 en imposibilidad de hacerlo, como, por ejemplo, cuando no est\u00e9 presente o est\u00e9 inconsciente.<\/p>\n<p style=\"padding-left: 30px;\"><strong>6.\u00a0\u00a0\u00a0\u00a0\u00a0<\/strong><strong>Elimina requisitos para investigar corrupci\u00f3n:<\/strong>\u00a0La nueva norma de procedimiento abreviado elimina la necesidad de que un ciudadano denuncie para iniciar la investigaci\u00f3n en varios delitos contra la administraci\u00f3n p\u00fablica, tales como:\u00a0Divulgaci\u00f3n y empleo de documentos reservados;\u00a0\u00a0utilizaci\u00f3n indebida de informaci\u00f3n obtenida en el ejercicio de la funci\u00f3n p\u00fablica; utilizaci\u00f3n indebida en la informaci\u00f3n privilegiada o revelaci\u00f3n de secreto; ofrecimiento, venta o compra de instrumento apto para interceptar comunicaciones y abuso de autoridad por acto arbitrario e injusto.<\/p>\n<p style=\"padding-left: 30px;\"><strong>7.\u00a0\u00a0\u00a0\u00a0\u00a0<\/strong><strong>Destrucci\u00f3n de armas:<\/strong>\u00a0Para impedir que las armas puedan volver a emplearse en nuevos delitos, la ley de procedimiento abreviado le permite a la Fiscal\u00eda destruir las armas de fuego y armas blancas incautadas, tras comprobar que se utilizaron para cometer il\u00edcitos.<\/p>\n<p style=\"padding-left: 30px;\"><strong>8.\u00a0\u00a0\u00a0\u00a0\u00a0<\/strong><strong>Seis meses para divulgar y socializar nueva ley<\/strong>: La\u00a0 ley entrar\u00e1 en vigencia seis meses despu\u00e9s de su expedici\u00f3n y se podr\u00e1 aplicar, incluso, a investigaciones en curso en las que no se haya formulado imputaci\u00f3n.<\/p>\n<p>&nbsp;<\/p>\n<p>&nbsp;<\/p>\n<p>LAPM<\/p>\n\n<div class=\"twitter-share\"><a href=\"https:\/\/twitter.com\/intent\/tweet?via=fiscaliacol\" class=\"twitter-share-button\">Tweet<\/a><\/div>\n","protected":false},"excerpt":{"rendered":"<p>Se aceleran los procesos penales. La Fiscal\u00eda General de la Naci\u00f3n celebra la aprobaci\u00f3n por parte del Congreso de la Rep\u00fablica de la ley de procedimiento abreviado, que reducir\u00e1 significativamente [&hellip;]<\/p>\n","protected":false},"author":143,"featured_media":0,"comment_status":"closed","ping_status":"open","sticky":false,"template":"","format":"standard","meta":{"tdm_status":"","tdm_grid_status":"","footnotes":""},"categories":[1],"tags":[78],"class_list":["post-97558","post","type-post","status-publish","format-standard","category-noticias","tag-fiscal-general-de-la-nacion"],"yoast_head":"<!-- This site is optimized with the Yoast SEO plugin v24.3 - https:\/\/yoast.com\/wordpress\/plugins\/seo\/ -->\n<title>Fiscal\u00eda General de la Naci\u00f3n<\/title>\n<meta name=\"description\" content=\"P\u00e1gina oficial de la Fiscal\u00eda General de la Naci\u00f3n \u2013 Colombia. Garantizamos el acceso efectivo a la justicia, la verdad y la reparaci\u00f3n de las v\u00edctimas de los delitos.\" \/>\n<meta name=\"robots\" content=\"noindex, follow\" \/>\n<meta property=\"og:locale\" content=\"es_ES\" \/>\n<meta property=\"og:type\" content=\"article\" \/>\n<meta property=\"og:title\" content=\"Fiscal\u00eda General de la Naci\u00f3n\" \/>\n<meta property=\"og:description\" content=\"P\u00e1gina oficial de la Fiscal\u00eda General de la Naci\u00f3n \u2013 Colombia. Garantizamos el acceso efectivo a la justicia, la verdad y la reparaci\u00f3n de las v\u00edctimas de los delitos.\" \/>\n<meta property=\"og:url\" content=\"https:\/\/www.fiscalia.gov.co\/colombia\/noticias\/ley-de-procedimiento-abreviado-para-combatir-inseguridad-ciudadana\/\" \/>\n<meta property=\"og:site_name\" content=\"Fiscal\u00eda General de la Naci\u00f3n\" \/>\n<meta property=\"article:publisher\" content=\"https:\/\/www.facebook.com\/FiscaliaCol\" \/>\n<meta property=\"article:published_time\" content=\"2017-01-13T15:35:18+00:00\" \/>\n<meta property=\"article:modified_time\" content=\"2017-01-13T15:42:25+00:00\" \/>\n<meta name=\"author\" content=\"dfgordillo\" \/>\n<meta name=\"twitter:card\" content=\"summary_large_image\" \/>\n<meta name=\"twitter:creator\" content=\"@FiscaliaCol\" \/>\n<meta name=\"twitter:site\" content=\"@FiscaliaCol\" \/>\n<meta name=\"twitter:label1\" content=\"Escrito por\" \/>\n\t<meta name=\"twitter:data1\" content=\"dfgordillo\" \/>\n\t<meta name=\"twitter:label2\" content=\"Tiempo de lectura\" \/>\n\t<meta name=\"twitter:data2\" content=\"3 minutos\" \/>\n<script type=\"application\/ld+json\" class=\"yoast-schema-graph\">{\"@context\":\"https:\/\/schema.org\",\"@graph\":[{\"@type\":\"Article\",\"@id\":\"https:\/\/www.fiscalia.gov.co\/colombia\/noticias\/ley-de-procedimiento-abreviado-para-combatir-inseguridad-ciudadana\/#article\",\"isPartOf\":{\"@id\":\"https:\/\/www.fiscalia.gov.co\/colombia\/noticias\/ley-de-procedimiento-abreviado-para-combatir-inseguridad-ciudadana\/\"},\"author\":{\"name\":\"dfgordillo\",\"@id\":\"https:\/\/www.fiscalia.gov.co\/colombia\/#\/schema\/person\/3903856a3ce2d54b094c69eb29247895\"},\"headline\":\"Ley de procedimiento abreviado para combatir inseguridad ciudadana\",\"datePublished\":\"2017-01-13T15:35:18+00:00\",\"dateModified\":\"2017-01-13T15:42:25+00:00\",\"mainEntityOfPage\":{\"@id\":\"https:\/\/www.fiscalia.gov.co\/colombia\/noticias\/ley-de-procedimiento-abreviado-para-combatir-inseguridad-ciudadana\/\"},\"wordCount\":546,\"publisher\":{\"@id\":\"https:\/\/www.fiscalia.gov.co\/colombia\/#organization\"},\"keywords\":[\"Fiscal General de la Naci\u00f3n\"],\"articleSection\":[\"Noticias\"],\"inLanguage\":\"es-CO\"},{\"@type\":\"WebPage\",\"@id\":\"https:\/\/www.fiscalia.gov.co\/colombia\/noticias\/ley-de-procedimiento-abreviado-para-combatir-inseguridad-ciudadana\/\",\"url\":\"https:\/\/www.fiscalia.gov.co\/colombia\/noticias\/ley-de-procedimiento-abreviado-para-combatir-inseguridad-ciudadana\/\",\"name\":\"Fiscal\u00eda General de la Naci\u00f3n\",\"isPartOf\":{\"@id\":\"https:\/\/www.fiscalia.gov.co\/colombia\/#website\"},\"datePublished\":\"2017-01-13T15:35:18+00:00\",\"dateModified\":\"2017-01-13T15:42:25+00:00\",\"description\":\"P\u00e1gina oficial de la Fiscal\u00eda General de la Naci\u00f3n \u2013 Colombia. Garantizamos el acceso efectivo a la justicia, la verdad y la reparaci\u00f3n de las v\u00edctimas de los delitos.\",\"breadcrumb\":{\"@id\":\"https:\/\/www.fiscalia.gov.co\/colombia\/noticias\/ley-de-procedimiento-abreviado-para-combatir-inseguridad-ciudadana\/#breadcrumb\"},\"inLanguage\":\"es-CO\",\"potentialAction\":[{\"@type\":\"ReadAction\",\"target\":[\"https:\/\/www.fiscalia.gov.co\/colombia\/noticias\/ley-de-procedimiento-abreviado-para-combatir-inseguridad-ciudadana\/\"]}]},{\"@type\":\"BreadcrumbList\",\"@id\":\"https:\/\/www.fiscalia.gov.co\/colombia\/noticias\/ley-de-procedimiento-abreviado-para-combatir-inseguridad-ciudadana\/#breadcrumb\",\"itemListElement\":[{\"@type\":\"ListItem\",\"position\":1,\"name\":\"Home\",\"item\":\"https:\/\/www.fiscalia.gov.co\/colombia\/\"},{\"@type\":\"ListItem\",\"position\":2,\"name\":\"Ley de procedimiento abreviado para combatir inseguridad ciudadana\"}]},{\"@type\":\"WebSite\",\"@id\":\"https:\/\/www.fiscalia.gov.co\/colombia\/#website\",\"url\":\"https:\/\/www.fiscalia.gov.co\/colombia\/\",\"name\":\"Fiscal\u00eda General de la Naci\u00f3n\",\"description\":\"P\u00e1gina oficial de la Fiscal\u00eda General de la Naci\u00f3n \u2013 Colombia. Garantizamos el acceso efectivo a la justicia, la verdad y la reparaci\u00f3n de las v\u00edctimas de los delitos.\",\"publisher\":{\"@id\":\"https:\/\/www.fiscalia.gov.co\/colombia\/#organization\"},\"potentialAction\":[{\"@type\":\"SearchAction\",\"target\":{\"@type\":\"EntryPoint\",\"urlTemplate\":\"https:\/\/www.fiscalia.gov.co\/colombia\/?s={search_term_string}\"},\"query-input\":{\"@type\":\"PropertyValueSpecification\",\"valueRequired\":true,\"valueName\":\"search_term_string\"}}],\"inLanguage\":\"es-CO\"},{\"@type\":\"Organization\",\"@id\":\"https:\/\/www.fiscalia.gov.co\/colombia\/#organization\",\"name\":\"Fiscal\u00eda General de la Naci\u00f3n\",\"url\":\"https:\/\/www.fiscalia.gov.co\/colombia\/\",\"logo\":{\"@type\":\"ImageObject\",\"inLanguage\":\"es-CO\",\"@id\":\"https:\/\/www.fiscalia.gov.co\/colombia\/#\/schema\/logo\/image\/\",\"url\":\"https:\/\/www.fiscalia.gov.co\/colombia\/wp-content\/uploads\/LogoHorizontal_1.jpg\",\"contentUrl\":\"https:\/\/www.fiscalia.gov.co\/colombia\/wp-content\/uploads\/LogoHorizontal_1.jpg\",\"width\":300,\"height\":90,\"caption\":\"Fiscal\u00eda General de la Naci\u00f3n\"},\"image\":{\"@id\":\"https:\/\/www.fiscalia.gov.co\/colombia\/#\/schema\/logo\/image\/\"},\"sameAs\":[\"https:\/\/www.facebook.com\/FiscaliaCol\",\"https:\/\/x.com\/FiscaliaCol\",\"https:\/\/www.instagram.com\/fiscaliacol\",\"https:\/\/www.linkedin.com\/company\/fiscalia-general-de-la-naci-n\/\",\"https:\/\/youtube.com\/@fiscaliageneraldelanacion-4668?si=6nN79nyQICPU5iTh\"]},{\"@type\":\"Person\",\"@id\":\"https:\/\/www.fiscalia.gov.co\/colombia\/#\/schema\/person\/3903856a3ce2d54b094c69eb29247895\",\"name\":\"dfgordillo\",\"image\":{\"@type\":\"ImageObject\",\"inLanguage\":\"es-CO\",\"@id\":\"https:\/\/www.fiscalia.gov.co\/colombia\/#\/schema\/person\/image\/\",\"url\":\"https:\/\/secure.gravatar.com\/avatar\/b6356e21c5657c60757fe6fb9493e947?s=96&d=mm&r=g\",\"contentUrl\":\"https:\/\/secure.gravatar.com\/avatar\/b6356e21c5657c60757fe6fb9493e947?s=96&d=mm&r=g\",\"caption\":\"dfgordillo\"},\"sameAs\":[\"dfgordillo\"],\"url\":\"https:\/\/www.fiscalia.gov.co\/colombia\/author\/dfgordillo\/\"}]}<\/script>\n<!-- \/ Yoast SEO plugin. -->","yoast_head_json":{"title":"Fiscal\u00eda General de la Naci\u00f3n","description":"P\u00e1gina oficial de la Fiscal\u00eda General de la Naci\u00f3n \u2013 Colombia. Garantizamos el acceso efectivo a la justicia, la verdad y la reparaci\u00f3n de las v\u00edctimas de los delitos.","robots":{"index":"noindex","follow":"follow"},"og_locale":"es_ES","og_type":"article","og_title":"Fiscal\u00eda General de la Naci\u00f3n","og_description":"P\u00e1gina oficial de la Fiscal\u00eda General de la Naci\u00f3n \u2013 Colombia. Garantizamos el acceso efectivo a la justicia, la verdad y la reparaci\u00f3n de las v\u00edctimas de los delitos.","og_url":"https:\/\/www.fiscalia.gov.co\/colombia\/noticias\/ley-de-procedimiento-abreviado-para-combatir-inseguridad-ciudadana\/","og_site_name":"Fiscal\u00eda General de la Naci\u00f3n","article_publisher":"https:\/\/www.facebook.com\/FiscaliaCol","article_published_time":"2017-01-13T15:35:18+00:00","article_modified_time":"2017-01-13T15:42:25+00:00","author":"dfgordillo","twitter_card":"summary_large_image","twitter_creator":"@FiscaliaCol","twitter_site":"@FiscaliaCol","twitter_misc":{"Escrito por":"dfgordillo","Tiempo de lectura":"3 minutos"},"schema":{"@context":"https:\/\/schema.org","@graph":[{"@type":"Article","@id":"https:\/\/www.fiscalia.gov.co\/colombia\/noticias\/ley-de-procedimiento-abreviado-para-combatir-inseguridad-ciudadana\/#article","isPartOf":{"@id":"https:\/\/www.fiscalia.gov.co\/colombia\/noticias\/ley-de-procedimiento-abreviado-para-combatir-inseguridad-ciudadana\/"},"author":{"name":"dfgordillo","@id":"https:\/\/www.fiscalia.gov.co\/colombia\/#\/schema\/person\/3903856a3ce2d54b094c69eb29247895"},"headline":"Ley de procedimiento abreviado para combatir inseguridad ciudadana","datePublished":"2017-01-13T15:35:18+00:00","dateModified":"2017-01-13T15:42:25+00:00","mainEntityOfPage":{"@id":"https:\/\/www.fiscalia.gov.co\/colombia\/noticias\/ley-de-procedimiento-abreviado-para-combatir-inseguridad-ciudadana\/"},"wordCount":546,"publisher":{"@id":"https:\/\/www.fiscalia.gov.co\/colombia\/#organization"},"keywords":["Fiscal General de la Naci\u00f3n"],"articleSection":["Noticias"],"inLanguage":"es-CO"},{"@type":"WebPage","@id":"https:\/\/www.fiscalia.gov.co\/colombia\/noticias\/ley-de-procedimiento-abreviado-para-combatir-inseguridad-ciudadana\/","url":"https:\/\/www.fiscalia.gov.co\/colombia\/noticias\/ley-de-procedimiento-abreviado-para-combatir-inseguridad-ciudadana\/","name":"Fiscal\u00eda General de la Naci\u00f3n","isPartOf":{"@id":"https:\/\/www.fiscalia.gov.co\/colombia\/#website"},"datePublished":"2017-01-13T15:35:18+00:00","dateModified":"2017-01-13T15:42:25+00:00","description":"P\u00e1gina oficial de la Fiscal\u00eda General de la Naci\u00f3n \u2013 Colombia. Garantizamos el acceso efectivo a la justicia, la verdad y la reparaci\u00f3n de las v\u00edctimas de los delitos.","breadcrumb":{"@id":"https:\/\/www.fiscalia.gov.co\/colombia\/noticias\/ley-de-procedimiento-abreviado-para-combatir-inseguridad-ciudadana\/#breadcrumb"},"inLanguage":"es-CO","potentialAction":[{"@type":"ReadAction","target":["https:\/\/www.fiscalia.gov.co\/colombia\/noticias\/ley-de-procedimiento-abreviado-para-combatir-inseguridad-ciudadana\/"]}]},{"@type":"BreadcrumbList","@id":"https:\/\/www.fiscalia.gov.co\/colombia\/noticias\/ley-de-procedimiento-abreviado-para-combatir-inseguridad-ciudadana\/#breadcrumb","itemListElement":[{"@type":"ListItem","position":1,"name":"Home","item":"https:\/\/www.fiscalia.gov.co\/colombia\/"},{"@type":"ListItem","position":2,"name":"Ley de procedimiento abreviado para combatir inseguridad ciudadana"}]},{"@type":"WebSite","@id":"https:\/\/www.fiscalia.gov.co\/colombia\/#website","url":"https:\/\/www.fiscalia.gov.co\/colombia\/","name":"Fiscal\u00eda General de la Naci\u00f3n","description":"P\u00e1gina oficial de la Fiscal\u00eda General de la Naci\u00f3n \u2013 Colombia. Garantizamos el acceso efectivo a la justicia, la verdad y la reparaci\u00f3n de las v\u00edctimas de los delitos.","publisher":{"@id":"https:\/\/www.fiscalia.gov.co\/colombia\/#organization"},"potentialAction":[{"@type":"SearchAction","target":{"@type":"EntryPoint","urlTemplate":"https:\/\/www.fiscalia.gov.co\/colombia\/?s={search_term_string}"},"query-input":{"@type":"PropertyValueSpecification","valueRequired":true,"valueName":"search_term_string"}}],"inLanguage":"es-CO"},{"@type":"Organization","@id":"https:\/\/www.fiscalia.gov.co\/colombia\/#organization","name":"Fiscal\u00eda General de la Naci\u00f3n","url":"https:\/\/www.fiscalia.gov.co\/colombia\/","logo":{"@type":"ImageObject","inLanguage":"es-CO","@id":"https:\/\/www.fiscalia.gov.co\/colombia\/#\/schema\/logo\/image\/","url":"https:\/\/www.fiscalia.gov.co\/colombia\/wp-content\/uploads\/LogoHorizontal_1.jpg","contentUrl":"https:\/\/www.fiscalia.gov.co\/colombia\/wp-content\/uploads\/LogoHorizontal_1.jpg","width":300,"height":90,"caption":"Fiscal\u00eda General de la Naci\u00f3n"},"image":{"@id":"https:\/\/www.fiscalia.gov.co\/colombia\/#\/schema\/logo\/image\/"},"sameAs":["https:\/\/www.facebook.com\/FiscaliaCol","https:\/\/x.com\/FiscaliaCol","https:\/\/www.instagram.com\/fiscaliacol","https:\/\/www.linkedin.com\/company\/fiscalia-general-de-la-naci-n\/","https:\/\/youtube.com\/@fiscaliageneraldelanacion-4668?si=6nN79nyQICPU5iTh"]},{"@type":"Person","@id":"https:\/\/www.fiscalia.gov.co\/colombia\/#\/schema\/person\/3903856a3ce2d54b094c69eb29247895","name":"dfgordillo","image":{"@type":"ImageObject","inLanguage":"es-CO","@id":"https:\/\/www.fiscalia.gov.co\/colombia\/#\/schema\/person\/image\/","url":"https:\/\/secure.gravatar.com\/avatar\/b6356e21c5657c60757fe6fb9493e947?s=96&d=mm&r=g","contentUrl":"https:\/\/secure.gravatar.com\/avatar\/b6356e21c5657c60757fe6fb9493e947?s=96&d=mm&r=g","caption":"dfgordillo"},"sameAs":["dfgordillo"],"url":"https:\/\/www.fiscalia.gov.co\/colombia\/author\/dfgordillo\/"}]}},"_links":{"self":[{"href":"https:\/\/www.fiscalia.gov.co\/colombia\/wp-json\/wp\/v2\/posts\/97558","targetHints":{"allow":["GET"]}}],"collection":[{"href":"https:\/\/www.fiscalia.gov.co\/colombia\/wp-json\/wp\/v2\/posts"}],"about":[{"href":"https:\/\/www.fiscalia.gov.co\/colombia\/wp-json\/wp\/v2\/types\/post"}],"author":[{"embeddable":true,"href":"https:\/\/www.fiscalia.gov.co\/colombia\/wp-json\/wp\/v2\/users\/143"}],"replies":[{"embeddable":true,"href":"https:\/\/www.fiscalia.gov.co\/colombia\/wp-json\/wp\/v2\/comments?post=97558"}],"version-history":[{"count":3,"href":"https:\/\/www.fiscalia.gov.co\/colombia\/wp-json\/wp\/v2\/posts\/97558\/revisions"}],"predecessor-version":[{"id":97560,"href":"https:\/\/www.fiscalia.gov.co\/colombia\/wp-json\/wp\/v2\/posts\/97558\/revisions\/97560"}],"wp:attachment":[{"href":"https:\/\/www.fiscalia.gov.co\/colombia\/wp-json\/wp\/v2\/media?parent=97558"}],"wp:term":[{"taxonomy":"category","embeddable":true,"href":"https:\/\/www.fiscalia.gov.co\/colombia\/wp-json\/wp\/v2\/categories?post=97558"},{"taxonomy":"post_tag","embeddable":true,"href":"https:\/\/www.fiscalia.gov.co\/colombia\/wp-json\/wp\/v2\/tags?post=97558"}],"curies":[{"name":"wp","href":"https:\/\/api.w.org\/{rel}","templated":true}]}}