{"id":97363,"date":"2017-01-06T11:50:36","date_gmt":"2017-01-06T16:50:36","guid":{"rendered":"http:\/\/www.fiscalia.gov.co\/colombia\/?p=97363"},"modified":"2017-01-06T11:50:36","modified_gmt":"2017-01-06T16:50:36","slug":"asegurado-alias-cazuelo-presunto-jefe-del-eln-en-el-sur-de-cauca-por-muertes-de-lideres-comunales","status":"publish","type":"post","link":"https:\/\/www.fiscalia.gov.co\/colombia\/noticias\/asegurado-alias-cazuelo-presunto-jefe-del-eln-en-el-sur-de-cauca-por-muertes-de-lideres-comunales\/","title":{"rendered":"Asegurado alias Cazuelo, presunto jefe del ELN en el sur de Cauca por muertes de l\u00edderes comunales"},"content":{"rendered":"<p>El juez 4\u00ba Penal Municipal con funciones de Control de Garant\u00edas de Popay\u00e1n (Cauca) legaliz\u00f3 la captura de Javier Gaviria Mu\u00f1oz, alias Cazuelo, presunto jefe de las milicias urbanas del Ej\u00e9rcito de Liberaci\u00f3n Nacional, ELN, que operan en el sur del departamento del Cauca.<\/p>\n<p>El togado acept\u00f3 la imputaci\u00f3n de cargos de la Fiscal\u00eda contra alias Cazuelo como presunto autor material de los delitos de homicidio agravado, tr\u00e1fico, fabricaci\u00f3n o porte de armas, accesorios o municiones de defensa personal y de uso privativo de las Fuerzas Militares y concierto para delinquir.<\/p>\n<p>El hombre no acept\u00f3 los cargos y el juez le impuso medida de aseguramiento consistente en detenci\u00f3n intramuros. En las pr\u00f3ximas horas, Gaviria Mu\u00f1oz ser\u00e1 trasladado a la c\u00e1rcel San Isidro de Popay\u00e1n.<\/p>\n<p><strong>Contrat\u00f3 sicarios<\/strong><\/p>\n<p>Seg\u00fan las investigaciones de la Fiscal\u00eda, Javier Gaviria Mu\u00f1oz presuntamente contrat\u00f3 los servicios de una banda de sicarios denominada Los Monos, quienes obedec\u00edan \u00f3rdenes de alias Cazuelo para cometer homicidios de l\u00edderes comunitarios y defensores de Derechos Humanos en los municipios caucanos de El Bordo, Almaguer y Sucre\u00a0 (Cauca).<\/p>\n<p>Uno de estos cr\u00edmenes fue el ocurrido el pasado 29 de agosto de 2016, en\u00a0\u00a0el\u00a0\u00a0sitio\u00a0\u00a0Guayabillas,\u00a0del\u00a0\u00a0corregimiento\u00a0\u00a0de Llacuanas, municipio de Almaguer, cuando hombres\u00a0 armados,\u00a0 vistiendo\u00a0 uniforme\u00a0 militar y con armas\u00a0\u00a0 largas, interceptaron\u00a0 los\u00a0 veh\u00edculos que\u00a0 se\u00a0 dirig\u00edan\u00a0 al\u00a0 mercado\u00a0 de\u00a0 ese corregimiento.<\/p>\n<p>De all\u00ed bajaron a 3 hombres, que fueron llevados a un sitio conocido como Monte Oscuro, en los l\u00edmites de los municipios de Bol\u00edvar y Almaguer, y los asesinaron. Las v\u00edctimas fueron identificadas como Joel Meneses, integrante de El Comit\u00e9 de Integraci\u00f3n del Macizo Colombiano, CIMA; Nereo Meneses, l\u00edder comunitario, y<strong><em> <\/em><\/strong>Carlos Ariel Sotelo Acosta.<\/p>\n<p>Seg\u00fan la Fiscal\u00eda, el crimen de los tres hombres fue ordenado, presuntamente, por Javier Gaviria Mu\u00f1oz porque los l\u00edderes ven\u00edan exigiendo la salida de grupos armados ilegales de la regi\u00f3n y participaron\u00a0\u00a0 en la organizaci\u00f3n de diferentes movilizaciones campesinas, entre ellas la Minga Nacional Agraria Campesina, \u00c9tnica y Popular, donde exigieron al ELN y las FARC el respeto por la autonom\u00eda de los territorios ind\u00edgenas del Cauca.<\/p>\n<p>El jefe subversivo fue capturado por agentes del Cuerpo T\u00e9cnico de Investigaci\u00f3n, CTI seccional, en la carrera 17 con calle 3, barrio La Esmeralda, en cercan\u00edas al hotel Panorama de la ciudad de Popay\u00e1n.<\/p>\n<p>&nbsp;<\/p>\n<p>JGPV \/ AAEA<\/p>\n\n<div class=\"twitter-share\"><a href=\"https:\/\/twitter.com\/intent\/tweet?via=fiscaliacol\" class=\"twitter-share-button\">Tweet<\/a><\/div>\n","protected":false},"excerpt":{"rendered":"<p>El juez 4\u00ba Penal Municipal con funciones de Control de Garant\u00edas de Popay\u00e1n (Cauca) legaliz\u00f3 la captura de Javier Gaviria Mu\u00f1oz, alias Cazuelo, presunto jefe de las milicias urbanas del Ej\u00e9rcito de Liberaci\u00f3n Nacional, ELN, que operan en el sur del departamento del Cauca. El togado acept\u00f3 la imputaci\u00f3n de cargos de la Fiscal\u00eda contra [&hellip;]<\/p>\n","protected":false},"author":143,"featured_media":0,"comment_status":"closed","ping_status":"open","sticky":false,"template":"","format":"standard","meta":{"_price":"","_stock":"","_tribe_ticket_header":"","_tribe_default_ticket_provider":"","_tribe_ticket_capacity":"0","_ticket_start_date":"","_ticket_end_date":"","_tribe_ticket_show_description":"","_tribe_ticket_show_not_going":false,"_tribe_ticket_use_global_stock":"","_tribe_ticket_global_stock_level":"","_global_stock_mode":"","_global_stock_cap":"","_tribe_rsvp_for_event":"","_tribe_ticket_going_count":"","_tribe_ticket_not_going_count":"","_tribe_tickets_list":"[]","_tribe_ticket_has_attendee_info_fields":false,"tdm_status":"","tdm_grid_status":"","footnotes":""},"categories":[1],"tags":[22153,762,5187,22154],"class_list":{"0":"post-97363","1":"post","2":"type-post","3":"status-publish","4":"format-standard","6":"category-noticias","7":"tag-alias-cazuelo","8":"tag-eln","9":"tag-homicidios","10":"tag-lideres-comunlaes"},"yoast_head":"<!-- This site is optimized with the Yoast SEO plugin v24.3 - https:\/\/yoast.com\/wordpress\/plugins\/seo\/ -->\n<title>Fiscal\u00eda General de la Naci\u00f3n<\/title>\n<meta name=\"description\" content=\"P\u00e1gina oficial de la Fiscal\u00eda General de la Naci\u00f3n \u2013 Colombia. Garantizamos el acceso efectivo a la justicia, la verdad y la reparaci\u00f3n de las v\u00edctimas de los delitos.\" \/>\n<meta name=\"robots\" content=\"noindex, follow\" \/>\n<meta property=\"og:locale\" content=\"es_ES\" \/>\n<meta property=\"og:type\" content=\"article\" \/>\n<meta property=\"og:title\" content=\"Fiscal\u00eda General de la Naci\u00f3n\" \/>\n<meta property=\"og:description\" content=\"P\u00e1gina oficial de la Fiscal\u00eda General de la Naci\u00f3n \u2013 Colombia. Garantizamos el acceso efectivo a la justicia, la verdad y la reparaci\u00f3n de las v\u00edctimas de los delitos.\" \/>\n<meta property=\"og:url\" content=\"https:\/\/www.fiscalia.gov.co\/colombia\/noticias\/asegurado-alias-cazuelo-presunto-jefe-del-eln-en-el-sur-de-cauca-por-muertes-de-lideres-comunales\/\" \/>\n<meta property=\"og:site_name\" content=\"Fiscal\u00eda General de la Naci\u00f3n\" \/>\n<meta property=\"article:publisher\" content=\"https:\/\/www.facebook.com\/FiscaliaCol\" \/>\n<meta property=\"article:published_time\" content=\"2017-01-06T16:50:36+00:00\" \/>\n<meta name=\"author\" content=\"dfgordillo\" \/>\n<meta name=\"twitter:card\" content=\"summary_large_image\" \/>\n<meta name=\"twitter:creator\" content=\"@FiscaliaCol\" \/>\n<meta name=\"twitter:site\" content=\"@FiscaliaCol\" \/>\n<meta name=\"twitter:label1\" content=\"Escrito por\" \/>\n\t<meta name=\"twitter:data1\" content=\"dfgordillo\" \/>\n\t<meta name=\"twitter:label2\" content=\"Tiempo de lectura\" \/>\n\t<meta name=\"twitter:data2\" content=\"2 minutos\" \/>\n<script type=\"application\/ld+json\" class=\"yoast-schema-graph\">{\"@context\":\"https:\/\/schema.org\",\"@graph\":[{\"@type\":\"Article\",\"@id\":\"https:\/\/www.fiscalia.gov.co\/colombia\/noticias\/asegurado-alias-cazuelo-presunto-jefe-del-eln-en-el-sur-de-cauca-por-muertes-de-lideres-comunales\/#article\",\"isPartOf\":{\"@id\":\"https:\/\/www.fiscalia.gov.co\/colombia\/noticias\/asegurado-alias-cazuelo-presunto-jefe-del-eln-en-el-sur-de-cauca-por-muertes-de-lideres-comunales\/\"},\"author\":{\"name\":\"dfgordillo\",\"@id\":\"https:\/\/www.fiscalia.gov.co\/colombia\/#\/schema\/person\/3903856a3ce2d54b094c69eb29247895\"},\"headline\":\"Asegurado alias Cazuelo, presunto jefe del ELN en el sur de Cauca por muertes de l\u00edderes comunales\",\"datePublished\":\"2017-01-06T16:50:36+00:00\",\"dateModified\":\"2017-01-06T16:50:36+00:00\",\"mainEntityOfPage\":{\"@id\":\"https:\/\/www.fiscalia.gov.co\/colombia\/noticias\/asegurado-alias-cazuelo-presunto-jefe-del-eln-en-el-sur-de-cauca-por-muertes-de-lideres-comunales\/\"},\"wordCount\":432,\"publisher\":{\"@id\":\"https:\/\/www.fiscalia.gov.co\/colombia\/#organization\"},\"keywords\":[\"Alias Cazuelo\",\"Eln\",\"Homicidios\",\"L\u00edderes comunlaes\"],\"articleSection\":[\"Noticias\"],\"inLanguage\":\"es-CO\"},{\"@type\":\"WebPage\",\"@id\":\"https:\/\/www.fiscalia.gov.co\/colombia\/noticias\/asegurado-alias-cazuelo-presunto-jefe-del-eln-en-el-sur-de-cauca-por-muertes-de-lideres-comunales\/\",\"url\":\"https:\/\/www.fiscalia.gov.co\/colombia\/noticias\/asegurado-alias-cazuelo-presunto-jefe-del-eln-en-el-sur-de-cauca-por-muertes-de-lideres-comunales\/\",\"name\":\"Fiscal\u00eda General de la Naci\u00f3n\",\"isPartOf\":{\"@id\":\"https:\/\/www.fiscalia.gov.co\/colombia\/#website\"},\"datePublished\":\"2017-01-06T16:50:36+00:00\",\"dateModified\":\"2017-01-06T16:50:36+00:00\",\"description\":\"P\u00e1gina oficial de la Fiscal\u00eda General de la Naci\u00f3n \u2013 Colombia. Garantizamos el acceso efectivo a la justicia, la verdad y la reparaci\u00f3n de las v\u00edctimas de los delitos.\",\"breadcrumb\":{\"@id\":\"https:\/\/www.fiscalia.gov.co\/colombia\/noticias\/asegurado-alias-cazuelo-presunto-jefe-del-eln-en-el-sur-de-cauca-por-muertes-de-lideres-comunales\/#breadcrumb\"},\"inLanguage\":\"es-CO\",\"potentialAction\":[{\"@type\":\"ReadAction\",\"target\":[\"https:\/\/www.fiscalia.gov.co\/colombia\/noticias\/asegurado-alias-cazuelo-presunto-jefe-del-eln-en-el-sur-de-cauca-por-muertes-de-lideres-comunales\/\"]}]},{\"@type\":\"BreadcrumbList\",\"@id\":\"https:\/\/www.fiscalia.gov.co\/colombia\/noticias\/asegurado-alias-cazuelo-presunto-jefe-del-eln-en-el-sur-de-cauca-por-muertes-de-lideres-comunales\/#breadcrumb\",\"itemListElement\":[{\"@type\":\"ListItem\",\"position\":1,\"name\":\"Home\",\"item\":\"https:\/\/www.fiscalia.gov.co\/colombia\/\"},{\"@type\":\"ListItem\",\"position\":2,\"name\":\"Asegurado alias Cazuelo, presunto jefe del ELN en el sur de Cauca por muertes de l\u00edderes comunales\"}]},{\"@type\":\"WebSite\",\"@id\":\"https:\/\/www.fiscalia.gov.co\/colombia\/#website\",\"url\":\"https:\/\/www.fiscalia.gov.co\/colombia\/\",\"name\":\"Fiscal\u00eda General de la Naci\u00f3n\",\"description\":\"P\u00e1gina oficial de la Fiscal\u00eda General de la Naci\u00f3n \u2013 Colombia. Garantizamos el acceso efectivo a la justicia, la verdad y la reparaci\u00f3n de las v\u00edctimas de los delitos.\",\"publisher\":{\"@id\":\"https:\/\/www.fiscalia.gov.co\/colombia\/#organization\"},\"potentialAction\":[{\"@type\":\"SearchAction\",\"target\":{\"@type\":\"EntryPoint\",\"urlTemplate\":\"https:\/\/www.fiscalia.gov.co\/colombia\/?s={search_term_string}\"},\"query-input\":{\"@type\":\"PropertyValueSpecification\",\"valueRequired\":true,\"valueName\":\"search_term_string\"}}],\"inLanguage\":\"es-CO\"},{\"@type\":\"Organization\",\"@id\":\"https:\/\/www.fiscalia.gov.co\/colombia\/#organization\",\"name\":\"Fiscal\u00eda General de la Naci\u00f3n\",\"url\":\"https:\/\/www.fiscalia.gov.co\/colombia\/\",\"logo\":{\"@type\":\"ImageObject\",\"inLanguage\":\"es-CO\",\"@id\":\"https:\/\/www.fiscalia.gov.co\/colombia\/#\/schema\/logo\/image\/\",\"url\":\"https:\/\/www.fiscalia.gov.co\/colombia\/wp-content\/uploads\/LogoHorizontal_1.jpg\",\"contentUrl\":\"https:\/\/www.fiscalia.gov.co\/colombia\/wp-content\/uploads\/LogoHorizontal_1.jpg\",\"width\":300,\"height\":90,\"caption\":\"Fiscal\u00eda General de la Naci\u00f3n\"},\"image\":{\"@id\":\"https:\/\/www.fiscalia.gov.co\/colombia\/#\/schema\/logo\/image\/\"},\"sameAs\":[\"https:\/\/www.facebook.com\/FiscaliaCol\",\"https:\/\/x.com\/FiscaliaCol\",\"https:\/\/www.instagram.com\/fiscaliacol\",\"https:\/\/www.linkedin.com\/company\/fiscalia-general-de-la-naci-n\/\",\"https:\/\/youtube.com\/@fiscaliageneraldelanacion-4668?si=6nN79nyQICPU5iTh\"]},{\"@type\":\"Person\",\"@id\":\"https:\/\/www.fiscalia.gov.co\/colombia\/#\/schema\/person\/3903856a3ce2d54b094c69eb29247895\",\"name\":\"dfgordillo\",\"image\":{\"@type\":\"ImageObject\",\"inLanguage\":\"es-CO\",\"@id\":\"https:\/\/www.fiscalia.gov.co\/colombia\/#\/schema\/person\/image\/\",\"url\":\"https:\/\/secure.gravatar.com\/avatar\/b6356e21c5657c60757fe6fb9493e947?s=96&d=mm&r=g\",\"contentUrl\":\"https:\/\/secure.gravatar.com\/avatar\/b6356e21c5657c60757fe6fb9493e947?s=96&d=mm&r=g\",\"caption\":\"dfgordillo\"},\"sameAs\":[\"dfgordillo\"],\"url\":\"https:\/\/www.fiscalia.gov.co\/colombia\/author\/dfgordillo\/\"}]}<\/script>\n<!-- \/ Yoast SEO plugin. -->","yoast_head_json":{"title":"Fiscal\u00eda General de la Naci\u00f3n","description":"P\u00e1gina oficial de la Fiscal\u00eda General de la Naci\u00f3n \u2013 Colombia. Garantizamos el acceso efectivo a la justicia, la verdad y la reparaci\u00f3n de las v\u00edctimas de los delitos.","robots":{"index":"noindex","follow":"follow"},"og_locale":"es_ES","og_type":"article","og_title":"Fiscal\u00eda General de la Naci\u00f3n","og_description":"P\u00e1gina oficial de la Fiscal\u00eda General de la Naci\u00f3n \u2013 Colombia. Garantizamos el acceso efectivo a la justicia, la verdad y la reparaci\u00f3n de las v\u00edctimas de los delitos.","og_url":"https:\/\/www.fiscalia.gov.co\/colombia\/noticias\/asegurado-alias-cazuelo-presunto-jefe-del-eln-en-el-sur-de-cauca-por-muertes-de-lideres-comunales\/","og_site_name":"Fiscal\u00eda General de la Naci\u00f3n","article_publisher":"https:\/\/www.facebook.com\/FiscaliaCol","article_published_time":"2017-01-06T16:50:36+00:00","author":"dfgordillo","twitter_card":"summary_large_image","twitter_creator":"@FiscaliaCol","twitter_site":"@FiscaliaCol","twitter_misc":{"Escrito por":"dfgordillo","Tiempo de lectura":"2 minutos"},"schema":{"@context":"https:\/\/schema.org","@graph":[{"@type":"Article","@id":"https:\/\/www.fiscalia.gov.co\/colombia\/noticias\/asegurado-alias-cazuelo-presunto-jefe-del-eln-en-el-sur-de-cauca-por-muertes-de-lideres-comunales\/#article","isPartOf":{"@id":"https:\/\/www.fiscalia.gov.co\/colombia\/noticias\/asegurado-alias-cazuelo-presunto-jefe-del-eln-en-el-sur-de-cauca-por-muertes-de-lideres-comunales\/"},"author":{"name":"dfgordillo","@id":"https:\/\/www.fiscalia.gov.co\/colombia\/#\/schema\/person\/3903856a3ce2d54b094c69eb29247895"},"headline":"Asegurado alias Cazuelo, presunto jefe del ELN en el sur de Cauca por muertes de l\u00edderes comunales","datePublished":"2017-01-06T16:50:36+00:00","dateModified":"2017-01-06T16:50:36+00:00","mainEntityOfPage":{"@id":"https:\/\/www.fiscalia.gov.co\/colombia\/noticias\/asegurado-alias-cazuelo-presunto-jefe-del-eln-en-el-sur-de-cauca-por-muertes-de-lideres-comunales\/"},"wordCount":432,"publisher":{"@id":"https:\/\/www.fiscalia.gov.co\/colombia\/#organization"},"keywords":["Alias Cazuelo","Eln","Homicidios","L\u00edderes comunlaes"],"articleSection":["Noticias"],"inLanguage":"es-CO"},{"@type":"WebPage","@id":"https:\/\/www.fiscalia.gov.co\/colombia\/noticias\/asegurado-alias-cazuelo-presunto-jefe-del-eln-en-el-sur-de-cauca-por-muertes-de-lideres-comunales\/","url":"https:\/\/www.fiscalia.gov.co\/colombia\/noticias\/asegurado-alias-cazuelo-presunto-jefe-del-eln-en-el-sur-de-cauca-por-muertes-de-lideres-comunales\/","name":"Fiscal\u00eda General de la Naci\u00f3n","isPartOf":{"@id":"https:\/\/www.fiscalia.gov.co\/colombia\/#website"},"datePublished":"2017-01-06T16:50:36+00:00","dateModified":"2017-01-06T16:50:36+00:00","description":"P\u00e1gina oficial de la Fiscal\u00eda General de la Naci\u00f3n \u2013 Colombia. Garantizamos el acceso efectivo a la justicia, la verdad y la reparaci\u00f3n de las v\u00edctimas de los delitos.","breadcrumb":{"@id":"https:\/\/www.fiscalia.gov.co\/colombia\/noticias\/asegurado-alias-cazuelo-presunto-jefe-del-eln-en-el-sur-de-cauca-por-muertes-de-lideres-comunales\/#breadcrumb"},"inLanguage":"es-CO","potentialAction":[{"@type":"ReadAction","target":["https:\/\/www.fiscalia.gov.co\/colombia\/noticias\/asegurado-alias-cazuelo-presunto-jefe-del-eln-en-el-sur-de-cauca-por-muertes-de-lideres-comunales\/"]}]},{"@type":"BreadcrumbList","@id":"https:\/\/www.fiscalia.gov.co\/colombia\/noticias\/asegurado-alias-cazuelo-presunto-jefe-del-eln-en-el-sur-de-cauca-por-muertes-de-lideres-comunales\/#breadcrumb","itemListElement":[{"@type":"ListItem","position":1,"name":"Home","item":"https:\/\/www.fiscalia.gov.co\/colombia\/"},{"@type":"ListItem","position":2,"name":"Asegurado alias Cazuelo, presunto jefe del ELN en el sur de Cauca por muertes de l\u00edderes comunales"}]},{"@type":"WebSite","@id":"https:\/\/www.fiscalia.gov.co\/colombia\/#website","url":"https:\/\/www.fiscalia.gov.co\/colombia\/","name":"Fiscal\u00eda General de la Naci\u00f3n","description":"P\u00e1gina oficial de la Fiscal\u00eda General de la Naci\u00f3n \u2013 Colombia. Garantizamos el acceso efectivo a la justicia, la verdad y la reparaci\u00f3n de las v\u00edctimas de los delitos.","publisher":{"@id":"https:\/\/www.fiscalia.gov.co\/colombia\/#organization"},"potentialAction":[{"@type":"SearchAction","target":{"@type":"EntryPoint","urlTemplate":"https:\/\/www.fiscalia.gov.co\/colombia\/?s={search_term_string}"},"query-input":{"@type":"PropertyValueSpecification","valueRequired":true,"valueName":"search_term_string"}}],"inLanguage":"es-CO"},{"@type":"Organization","@id":"https:\/\/www.fiscalia.gov.co\/colombia\/#organization","name":"Fiscal\u00eda General de la Naci\u00f3n","url":"https:\/\/www.fiscalia.gov.co\/colombia\/","logo":{"@type":"ImageObject","inLanguage":"es-CO","@id":"https:\/\/www.fiscalia.gov.co\/colombia\/#\/schema\/logo\/image\/","url":"https:\/\/www.fiscalia.gov.co\/colombia\/wp-content\/uploads\/LogoHorizontal_1.jpg","contentUrl":"https:\/\/www.fiscalia.gov.co\/colombia\/wp-content\/uploads\/LogoHorizontal_1.jpg","width":300,"height":90,"caption":"Fiscal\u00eda General de la Naci\u00f3n"},"image":{"@id":"https:\/\/www.fiscalia.gov.co\/colombia\/#\/schema\/logo\/image\/"},"sameAs":["https:\/\/www.facebook.com\/FiscaliaCol","https:\/\/x.com\/FiscaliaCol","https:\/\/www.instagram.com\/fiscaliacol","https:\/\/www.linkedin.com\/company\/fiscalia-general-de-la-naci-n\/","https:\/\/youtube.com\/@fiscaliageneraldelanacion-4668?si=6nN79nyQICPU5iTh"]},{"@type":"Person","@id":"https:\/\/www.fiscalia.gov.co\/colombia\/#\/schema\/person\/3903856a3ce2d54b094c69eb29247895","name":"dfgordillo","image":{"@type":"ImageObject","inLanguage":"es-CO","@id":"https:\/\/www.fiscalia.gov.co\/colombia\/#\/schema\/person\/image\/","url":"https:\/\/secure.gravatar.com\/avatar\/b6356e21c5657c60757fe6fb9493e947?s=96&d=mm&r=g","contentUrl":"https:\/\/secure.gravatar.com\/avatar\/b6356e21c5657c60757fe6fb9493e947?s=96&d=mm&r=g","caption":"dfgordillo"},"sameAs":["dfgordillo"],"url":"https:\/\/www.fiscalia.gov.co\/colombia\/author\/dfgordillo\/"}]}},"_links":{"self":[{"href":"https:\/\/www.fiscalia.gov.co\/colombia\/wp-json\/wp\/v2\/posts\/97363","targetHints":{"allow":["GET"]}}],"collection":[{"href":"https:\/\/www.fiscalia.gov.co\/colombia\/wp-json\/wp\/v2\/posts"}],"about":[{"href":"https:\/\/www.fiscalia.gov.co\/colombia\/wp-json\/wp\/v2\/types\/post"}],"author":[{"embeddable":true,"href":"https:\/\/www.fiscalia.gov.co\/colombia\/wp-json\/wp\/v2\/users\/143"}],"replies":[{"embeddable":true,"href":"https:\/\/www.fiscalia.gov.co\/colombia\/wp-json\/wp\/v2\/comments?post=97363"}],"version-history":[{"count":2,"href":"https:\/\/www.fiscalia.gov.co\/colombia\/wp-json\/wp\/v2\/posts\/97363\/revisions"}],"predecessor-version":[{"id":97365,"href":"https:\/\/www.fiscalia.gov.co\/colombia\/wp-json\/wp\/v2\/posts\/97363\/revisions\/97365"}],"wp:attachment":[{"href":"https:\/\/www.fiscalia.gov.co\/colombia\/wp-json\/wp\/v2\/media?parent=97363"}],"wp:term":[{"taxonomy":"category","embeddable":true,"href":"https:\/\/www.fiscalia.gov.co\/colombia\/wp-json\/wp\/v2\/categories?post=97363"},{"taxonomy":"post_tag","embeddable":true,"href":"https:\/\/www.fiscalia.gov.co\/colombia\/wp-json\/wp\/v2\/tags?post=97363"}],"curies":[{"name":"wp","href":"https:\/\/api.w.org\/{rel}","templated":true}]}}