{"id":97354,"date":"2017-01-06T10:59:41","date_gmt":"2017-01-06T15:59:41","guid":{"rendered":"http:\/\/www.fiscalia.gov.co\/colombia\/?p=97354"},"modified":"2017-01-06T10:59:41","modified_gmt":"2017-01-06T15:59:41","slug":"otorgan-medidas-cautelares-por-peticion-de-la-fiscalia-para-evitar-que-predio-de-la-alcaldia-de-bogota-sea-vendido-por-particulares","status":"publish","type":"post","link":"https:\/\/www.fiscalia.gov.co\/colombia\/noticias\/otorgan-medidas-cautelares-por-peticion-de-la-fiscalia-para-evitar-que-predio-de-la-alcaldia-de-bogota-sea-vendido-por-particulares\/","title":{"rendered":"Otorgan medidas cautelares por petici\u00f3n de la Fiscal\u00eda para evitar que predio de la Alcald\u00eda de Bogot\u00e1 sea vendido por particulares"},"content":{"rendered":"<p>Un juez con funci\u00f3n de control de garant\u00edas acogi\u00f3 la solicitud de la Direcci\u00f3n Seccional de Fiscal\u00edas de Bogot\u00e1 de sacar de la actividad comercial un predio del Departamento Administrativo de la Defensor\u00eda del Espacio P\u00fablico (Dadep) ubicado en la calle 83 con carrera primera, zona norte de la capital.<\/p>\n<p>Esta historia comienza en 1974. El terreno fue cedido de manera gratuita como zona de uso recreativo para la administraci\u00f3n distrital por parte de la Constructora Ospinas tras la construcci\u00f3n de un complejo habitacional en el barrio El Retiro. Sin embargo, la Fiscal\u00eda investiga la posible parcelaci\u00f3n del predio en las pr\u00f3ximas semanas y para ser puesto en venta a terceros, sin que la Alcald\u00eda haya tomado decisi\u00f3n alguna sobre el tema.<\/p>\n<p>Actualmente, el bien inmueble aparece a nombre de Ferm\u00edn Duarte, quien es procesado como presunto autor del delito de estafa y falsedad en documento p\u00fablico. Esta persona manifest\u00f3 hab\u00e9r comprado a William Meek Granados el predio; pero este \u00faltimo afirma que nunca sostuvo relaci\u00f3n comercial de alg\u00fan tipo con el procesado.<\/p>\n<p>A \u00e9l \u201cle hurtaron la cedula en el a\u00f1o 2004 y con el mismo n\u00famero de documento le pusieron una foto diferentes. Con ese documento hicieron la negociaci\u00f3n\u201d, explic\u00f3 Meek Granados a trav\u00e9s de su abogado.<\/p>\n<div>\n<p>La supuesta compraventa habr\u00eda sido realizada en el a\u00f1o 1990, pero registrada en los\u00a0 instrumentos p\u00fablicos casi 20 a\u00f1os despu\u00e9s.<\/p>\n<p>La respuesta que dio la constructora Ospinas S.A., en solicitud hecha por la Fiscal\u00eda el a\u00f1o 2013, indica que en sus registros contables no aparece alguna negociaci\u00f3n con Meek Granados.<\/p>\n<p>La Fiscal\u00eda investiga adem\u00e1s las razones por las cuales aparecen enmendaduras en las escrituras, as\u00ed como irregularidades en los documentos p\u00fablicos.<\/p>\n<p>&nbsp;<\/p>\n<\/div>\n<p>CMR \/ AAEA<\/p>\n\n<div class=\"twitter-share\"><a href=\"https:\/\/twitter.com\/intent\/tweet?via=fiscaliacol\" class=\"twitter-share-button\">Tweet<\/a><\/div>\n","protected":false},"excerpt":{"rendered":"<p>Un juez con funci\u00f3n de control de garant\u00edas acogi\u00f3 la solicitud de la Direcci\u00f3n Seccional de Fiscal\u00edas de Bogot\u00e1 de sacar de la actividad comercial un predio del Departamento Administrativo [&hellip;]<\/p>\n","protected":false},"author":143,"featured_media":0,"comment_status":"closed","ping_status":"open","sticky":false,"template":"","format":"standard","meta":{"tdm_status":"","tdm_grid_status":"","footnotes":""},"categories":[1],"tags":[18485,4614,14117,17427],"class_list":["post-97354","post","type-post","status-publish","format-standard","category-noticias","tag-alcaldia-de-bogota","tag-fiscalia-2","tag-medidas-cautelares","tag-predio"],"yoast_head":"<!-- This site is optimized with the Yoast SEO plugin v24.3 - https:\/\/yoast.com\/wordpress\/plugins\/seo\/ -->\n<title>Fiscal\u00eda General de la Naci\u00f3n<\/title>\n<meta name=\"description\" content=\"P\u00e1gina oficial de la Fiscal\u00eda General de la Naci\u00f3n \u2013 Colombia. Garantizamos el acceso efectivo a la justicia, la verdad y la reparaci\u00f3n de las v\u00edctimas de los delitos.\" \/>\n<meta name=\"robots\" content=\"noindex, follow\" \/>\n<meta property=\"og:locale\" content=\"es_ES\" \/>\n<meta property=\"og:type\" content=\"article\" \/>\n<meta property=\"og:title\" content=\"Fiscal\u00eda General de la Naci\u00f3n\" \/>\n<meta property=\"og:description\" content=\"P\u00e1gina oficial de la Fiscal\u00eda General de la Naci\u00f3n \u2013 Colombia. Garantizamos el acceso efectivo a la justicia, la verdad y la reparaci\u00f3n de las v\u00edctimas de los delitos.\" \/>\n<meta property=\"og:url\" content=\"https:\/\/www.fiscalia.gov.co\/colombia\/noticias\/otorgan-medidas-cautelares-por-peticion-de-la-fiscalia-para-evitar-que-predio-de-la-alcaldia-de-bogota-sea-vendido-por-particulares\/\" \/>\n<meta property=\"og:site_name\" content=\"Fiscal\u00eda General de la Naci\u00f3n\" \/>\n<meta property=\"article:publisher\" content=\"https:\/\/www.facebook.com\/FiscaliaCol\" \/>\n<meta property=\"article:published_time\" content=\"2017-01-06T15:59:41+00:00\" \/>\n<meta name=\"author\" content=\"dfgordillo\" \/>\n<meta name=\"twitter:card\" content=\"summary_large_image\" \/>\n<meta name=\"twitter:creator\" content=\"@FiscaliaCol\" \/>\n<meta name=\"twitter:site\" content=\"@FiscaliaCol\" \/>\n<meta name=\"twitter:label1\" content=\"Escrito por\" \/>\n\t<meta name=\"twitter:data1\" content=\"dfgordillo\" \/>\n\t<meta name=\"twitter:label2\" content=\"Tiempo de lectura\" \/>\n\t<meta name=\"twitter:data2\" content=\"2 minutos\" \/>\n<script type=\"application\/ld+json\" class=\"yoast-schema-graph\">{\"@context\":\"https:\/\/schema.org\",\"@graph\":[{\"@type\":\"Article\",\"@id\":\"https:\/\/www.fiscalia.gov.co\/colombia\/noticias\/otorgan-medidas-cautelares-por-peticion-de-la-fiscalia-para-evitar-que-predio-de-la-alcaldia-de-bogota-sea-vendido-por-particulares\/#article\",\"isPartOf\":{\"@id\":\"https:\/\/www.fiscalia.gov.co\/colombia\/noticias\/otorgan-medidas-cautelares-por-peticion-de-la-fiscalia-para-evitar-que-predio-de-la-alcaldia-de-bogota-sea-vendido-por-particulares\/\"},\"author\":{\"name\":\"dfgordillo\",\"@id\":\"https:\/\/www.fiscalia.gov.co\/colombia\/#\/schema\/person\/3903856a3ce2d54b094c69eb29247895\"},\"headline\":\"Otorgan medidas cautelares por petici\u00f3n de la Fiscal\u00eda para evitar que predio de la Alcald\u00eda de Bogot\u00e1 sea vendido por particulares\",\"datePublished\":\"2017-01-06T15:59:41+00:00\",\"dateModified\":\"2017-01-06T15:59:41+00:00\",\"mainEntityOfPage\":{\"@id\":\"https:\/\/www.fiscalia.gov.co\/colombia\/noticias\/otorgan-medidas-cautelares-por-peticion-de-la-fiscalia-para-evitar-que-predio-de-la-alcaldia-de-bogota-sea-vendido-por-particulares\/\"},\"wordCount\":335,\"publisher\":{\"@id\":\"https:\/\/www.fiscalia.gov.co\/colombia\/#organization\"},\"keywords\":[\"Alcald\u00eda de Bogot\u00e1\",\"Fiscal\u00eda\",\"Medidas cautelares\",\"Predio\"],\"articleSection\":[\"Noticias\"],\"inLanguage\":\"es-CO\"},{\"@type\":\"WebPage\",\"@id\":\"https:\/\/www.fiscalia.gov.co\/colombia\/noticias\/otorgan-medidas-cautelares-por-peticion-de-la-fiscalia-para-evitar-que-predio-de-la-alcaldia-de-bogota-sea-vendido-por-particulares\/\",\"url\":\"https:\/\/www.fiscalia.gov.co\/colombia\/noticias\/otorgan-medidas-cautelares-por-peticion-de-la-fiscalia-para-evitar-que-predio-de-la-alcaldia-de-bogota-sea-vendido-por-particulares\/\",\"name\":\"Fiscal\u00eda General de la Naci\u00f3n\",\"isPartOf\":{\"@id\":\"https:\/\/www.fiscalia.gov.co\/colombia\/#website\"},\"datePublished\":\"2017-01-06T15:59:41+00:00\",\"dateModified\":\"2017-01-06T15:59:41+00:00\",\"description\":\"P\u00e1gina oficial de la Fiscal\u00eda General de la Naci\u00f3n \u2013 Colombia. Garantizamos el acceso efectivo a la justicia, la verdad y la reparaci\u00f3n de las v\u00edctimas de los delitos.\",\"breadcrumb\":{\"@id\":\"https:\/\/www.fiscalia.gov.co\/colombia\/noticias\/otorgan-medidas-cautelares-por-peticion-de-la-fiscalia-para-evitar-que-predio-de-la-alcaldia-de-bogota-sea-vendido-por-particulares\/#breadcrumb\"},\"inLanguage\":\"es-CO\",\"potentialAction\":[{\"@type\":\"ReadAction\",\"target\":[\"https:\/\/www.fiscalia.gov.co\/colombia\/noticias\/otorgan-medidas-cautelares-por-peticion-de-la-fiscalia-para-evitar-que-predio-de-la-alcaldia-de-bogota-sea-vendido-por-particulares\/\"]}]},{\"@type\":\"BreadcrumbList\",\"@id\":\"https:\/\/www.fiscalia.gov.co\/colombia\/noticias\/otorgan-medidas-cautelares-por-peticion-de-la-fiscalia-para-evitar-que-predio-de-la-alcaldia-de-bogota-sea-vendido-por-particulares\/#breadcrumb\",\"itemListElement\":[{\"@type\":\"ListItem\",\"position\":1,\"name\":\"Home\",\"item\":\"https:\/\/www.fiscalia.gov.co\/colombia\/\"},{\"@type\":\"ListItem\",\"position\":2,\"name\":\"Otorgan medidas cautelares por petici\u00f3n de la Fiscal\u00eda para evitar que predio de la Alcald\u00eda de Bogot\u00e1 sea vendido por particulares\"}]},{\"@type\":\"WebSite\",\"@id\":\"https:\/\/www.fiscalia.gov.co\/colombia\/#website\",\"url\":\"https:\/\/www.fiscalia.gov.co\/colombia\/\",\"name\":\"Fiscal\u00eda General de la Naci\u00f3n\",\"description\":\"P\u00e1gina oficial de la Fiscal\u00eda General de la Naci\u00f3n \u2013 Colombia. Garantizamos el acceso efectivo a la justicia, la verdad y la reparaci\u00f3n de las v\u00edctimas de los delitos.\",\"publisher\":{\"@id\":\"https:\/\/www.fiscalia.gov.co\/colombia\/#organization\"},\"potentialAction\":[{\"@type\":\"SearchAction\",\"target\":{\"@type\":\"EntryPoint\",\"urlTemplate\":\"https:\/\/www.fiscalia.gov.co\/colombia\/?s={search_term_string}\"},\"query-input\":{\"@type\":\"PropertyValueSpecification\",\"valueRequired\":true,\"valueName\":\"search_term_string\"}}],\"inLanguage\":\"es-CO\"},{\"@type\":\"Organization\",\"@id\":\"https:\/\/www.fiscalia.gov.co\/colombia\/#organization\",\"name\":\"Fiscal\u00eda General de la Naci\u00f3n\",\"url\":\"https:\/\/www.fiscalia.gov.co\/colombia\/\",\"logo\":{\"@type\":\"ImageObject\",\"inLanguage\":\"es-CO\",\"@id\":\"https:\/\/www.fiscalia.gov.co\/colombia\/#\/schema\/logo\/image\/\",\"url\":\"https:\/\/www.fiscalia.gov.co\/colombia\/wp-content\/uploads\/LogoHorizontal_1.jpg\",\"contentUrl\":\"https:\/\/www.fiscalia.gov.co\/colombia\/wp-content\/uploads\/LogoHorizontal_1.jpg\",\"width\":300,\"height\":90,\"caption\":\"Fiscal\u00eda General de la Naci\u00f3n\"},\"image\":{\"@id\":\"https:\/\/www.fiscalia.gov.co\/colombia\/#\/schema\/logo\/image\/\"},\"sameAs\":[\"https:\/\/www.facebook.com\/FiscaliaCol\",\"https:\/\/x.com\/FiscaliaCol\",\"https:\/\/www.instagram.com\/fiscaliacol\",\"https:\/\/www.linkedin.com\/company\/fiscalia-general-de-la-naci-n\/\",\"https:\/\/youtube.com\/@fiscaliageneraldelanacion-4668?si=6nN79nyQICPU5iTh\"]},{\"@type\":\"Person\",\"@id\":\"https:\/\/www.fiscalia.gov.co\/colombia\/#\/schema\/person\/3903856a3ce2d54b094c69eb29247895\",\"name\":\"dfgordillo\",\"image\":{\"@type\":\"ImageObject\",\"inLanguage\":\"es-CO\",\"@id\":\"https:\/\/www.fiscalia.gov.co\/colombia\/#\/schema\/person\/image\/\",\"url\":\"https:\/\/secure.gravatar.com\/avatar\/b6356e21c5657c60757fe6fb9493e947?s=96&d=mm&r=g\",\"contentUrl\":\"https:\/\/secure.gravatar.com\/avatar\/b6356e21c5657c60757fe6fb9493e947?s=96&d=mm&r=g\",\"caption\":\"dfgordillo\"},\"sameAs\":[\"dfgordillo\"],\"url\":\"https:\/\/www.fiscalia.gov.co\/colombia\/author\/dfgordillo\/\"}]}<\/script>\n<!-- \/ Yoast SEO plugin. -->","yoast_head_json":{"title":"Fiscal\u00eda General de la Naci\u00f3n","description":"P\u00e1gina oficial de la Fiscal\u00eda General de la Naci\u00f3n \u2013 Colombia. Garantizamos el acceso efectivo a la justicia, la verdad y la reparaci\u00f3n de las v\u00edctimas de los delitos.","robots":{"index":"noindex","follow":"follow"},"og_locale":"es_ES","og_type":"article","og_title":"Fiscal\u00eda General de la Naci\u00f3n","og_description":"P\u00e1gina oficial de la Fiscal\u00eda General de la Naci\u00f3n \u2013 Colombia. Garantizamos el acceso efectivo a la justicia, la verdad y la reparaci\u00f3n de las v\u00edctimas de los delitos.","og_url":"https:\/\/www.fiscalia.gov.co\/colombia\/noticias\/otorgan-medidas-cautelares-por-peticion-de-la-fiscalia-para-evitar-que-predio-de-la-alcaldia-de-bogota-sea-vendido-por-particulares\/","og_site_name":"Fiscal\u00eda General de la Naci\u00f3n","article_publisher":"https:\/\/www.facebook.com\/FiscaliaCol","article_published_time":"2017-01-06T15:59:41+00:00","author":"dfgordillo","twitter_card":"summary_large_image","twitter_creator":"@FiscaliaCol","twitter_site":"@FiscaliaCol","twitter_misc":{"Escrito por":"dfgordillo","Tiempo de lectura":"2 minutos"},"schema":{"@context":"https:\/\/schema.org","@graph":[{"@type":"Article","@id":"https:\/\/www.fiscalia.gov.co\/colombia\/noticias\/otorgan-medidas-cautelares-por-peticion-de-la-fiscalia-para-evitar-que-predio-de-la-alcaldia-de-bogota-sea-vendido-por-particulares\/#article","isPartOf":{"@id":"https:\/\/www.fiscalia.gov.co\/colombia\/noticias\/otorgan-medidas-cautelares-por-peticion-de-la-fiscalia-para-evitar-que-predio-de-la-alcaldia-de-bogota-sea-vendido-por-particulares\/"},"author":{"name":"dfgordillo","@id":"https:\/\/www.fiscalia.gov.co\/colombia\/#\/schema\/person\/3903856a3ce2d54b094c69eb29247895"},"headline":"Otorgan medidas cautelares por petici\u00f3n de la Fiscal\u00eda para evitar que predio de la Alcald\u00eda de Bogot\u00e1 sea vendido por particulares","datePublished":"2017-01-06T15:59:41+00:00","dateModified":"2017-01-06T15:59:41+00:00","mainEntityOfPage":{"@id":"https:\/\/www.fiscalia.gov.co\/colombia\/noticias\/otorgan-medidas-cautelares-por-peticion-de-la-fiscalia-para-evitar-que-predio-de-la-alcaldia-de-bogota-sea-vendido-por-particulares\/"},"wordCount":335,"publisher":{"@id":"https:\/\/www.fiscalia.gov.co\/colombia\/#organization"},"keywords":["Alcald\u00eda de Bogot\u00e1","Fiscal\u00eda","Medidas cautelares","Predio"],"articleSection":["Noticias"],"inLanguage":"es-CO"},{"@type":"WebPage","@id":"https:\/\/www.fiscalia.gov.co\/colombia\/noticias\/otorgan-medidas-cautelares-por-peticion-de-la-fiscalia-para-evitar-que-predio-de-la-alcaldia-de-bogota-sea-vendido-por-particulares\/","url":"https:\/\/www.fiscalia.gov.co\/colombia\/noticias\/otorgan-medidas-cautelares-por-peticion-de-la-fiscalia-para-evitar-que-predio-de-la-alcaldia-de-bogota-sea-vendido-por-particulares\/","name":"Fiscal\u00eda General de la Naci\u00f3n","isPartOf":{"@id":"https:\/\/www.fiscalia.gov.co\/colombia\/#website"},"datePublished":"2017-01-06T15:59:41+00:00","dateModified":"2017-01-06T15:59:41+00:00","description":"P\u00e1gina oficial de la Fiscal\u00eda General de la Naci\u00f3n \u2013 Colombia. Garantizamos el acceso efectivo a la justicia, la verdad y la reparaci\u00f3n de las v\u00edctimas de los delitos.","breadcrumb":{"@id":"https:\/\/www.fiscalia.gov.co\/colombia\/noticias\/otorgan-medidas-cautelares-por-peticion-de-la-fiscalia-para-evitar-que-predio-de-la-alcaldia-de-bogota-sea-vendido-por-particulares\/#breadcrumb"},"inLanguage":"es-CO","potentialAction":[{"@type":"ReadAction","target":["https:\/\/www.fiscalia.gov.co\/colombia\/noticias\/otorgan-medidas-cautelares-por-peticion-de-la-fiscalia-para-evitar-que-predio-de-la-alcaldia-de-bogota-sea-vendido-por-particulares\/"]}]},{"@type":"BreadcrumbList","@id":"https:\/\/www.fiscalia.gov.co\/colombia\/noticias\/otorgan-medidas-cautelares-por-peticion-de-la-fiscalia-para-evitar-que-predio-de-la-alcaldia-de-bogota-sea-vendido-por-particulares\/#breadcrumb","itemListElement":[{"@type":"ListItem","position":1,"name":"Home","item":"https:\/\/www.fiscalia.gov.co\/colombia\/"},{"@type":"ListItem","position":2,"name":"Otorgan medidas cautelares por petici\u00f3n de la Fiscal\u00eda para evitar que predio de la Alcald\u00eda de Bogot\u00e1 sea vendido por particulares"}]},{"@type":"WebSite","@id":"https:\/\/www.fiscalia.gov.co\/colombia\/#website","url":"https:\/\/www.fiscalia.gov.co\/colombia\/","name":"Fiscal\u00eda General de la Naci\u00f3n","description":"P\u00e1gina oficial de la Fiscal\u00eda General de la Naci\u00f3n \u2013 Colombia. Garantizamos el acceso efectivo a la justicia, la verdad y la reparaci\u00f3n de las v\u00edctimas de los delitos.","publisher":{"@id":"https:\/\/www.fiscalia.gov.co\/colombia\/#organization"},"potentialAction":[{"@type":"SearchAction","target":{"@type":"EntryPoint","urlTemplate":"https:\/\/www.fiscalia.gov.co\/colombia\/?s={search_term_string}"},"query-input":{"@type":"PropertyValueSpecification","valueRequired":true,"valueName":"search_term_string"}}],"inLanguage":"es-CO"},{"@type":"Organization","@id":"https:\/\/www.fiscalia.gov.co\/colombia\/#organization","name":"Fiscal\u00eda General de la Naci\u00f3n","url":"https:\/\/www.fiscalia.gov.co\/colombia\/","logo":{"@type":"ImageObject","inLanguage":"es-CO","@id":"https:\/\/www.fiscalia.gov.co\/colombia\/#\/schema\/logo\/image\/","url":"https:\/\/www.fiscalia.gov.co\/colombia\/wp-content\/uploads\/LogoHorizontal_1.jpg","contentUrl":"https:\/\/www.fiscalia.gov.co\/colombia\/wp-content\/uploads\/LogoHorizontal_1.jpg","width":300,"height":90,"caption":"Fiscal\u00eda General de la Naci\u00f3n"},"image":{"@id":"https:\/\/www.fiscalia.gov.co\/colombia\/#\/schema\/logo\/image\/"},"sameAs":["https:\/\/www.facebook.com\/FiscaliaCol","https:\/\/x.com\/FiscaliaCol","https:\/\/www.instagram.com\/fiscaliacol","https:\/\/www.linkedin.com\/company\/fiscalia-general-de-la-naci-n\/","https:\/\/youtube.com\/@fiscaliageneraldelanacion-4668?si=6nN79nyQICPU5iTh"]},{"@type":"Person","@id":"https:\/\/www.fiscalia.gov.co\/colombia\/#\/schema\/person\/3903856a3ce2d54b094c69eb29247895","name":"dfgordillo","image":{"@type":"ImageObject","inLanguage":"es-CO","@id":"https:\/\/www.fiscalia.gov.co\/colombia\/#\/schema\/person\/image\/","url":"https:\/\/secure.gravatar.com\/avatar\/b6356e21c5657c60757fe6fb9493e947?s=96&d=mm&r=g","contentUrl":"https:\/\/secure.gravatar.com\/avatar\/b6356e21c5657c60757fe6fb9493e947?s=96&d=mm&r=g","caption":"dfgordillo"},"sameAs":["dfgordillo"],"url":"https:\/\/www.fiscalia.gov.co\/colombia\/author\/dfgordillo\/"}]}},"_links":{"self":[{"href":"https:\/\/www.fiscalia.gov.co\/colombia\/wp-json\/wp\/v2\/posts\/97354","targetHints":{"allow":["GET"]}}],"collection":[{"href":"https:\/\/www.fiscalia.gov.co\/colombia\/wp-json\/wp\/v2\/posts"}],"about":[{"href":"https:\/\/www.fiscalia.gov.co\/colombia\/wp-json\/wp\/v2\/types\/post"}],"author":[{"embeddable":true,"href":"https:\/\/www.fiscalia.gov.co\/colombia\/wp-json\/wp\/v2\/users\/143"}],"replies":[{"embeddable":true,"href":"https:\/\/www.fiscalia.gov.co\/colombia\/wp-json\/wp\/v2\/comments?post=97354"}],"version-history":[{"count":2,"href":"https:\/\/www.fiscalia.gov.co\/colombia\/wp-json\/wp\/v2\/posts\/97354\/revisions"}],"predecessor-version":[{"id":97356,"href":"https:\/\/www.fiscalia.gov.co\/colombia\/wp-json\/wp\/v2\/posts\/97354\/revisions\/97356"}],"wp:attachment":[{"href":"https:\/\/www.fiscalia.gov.co\/colombia\/wp-json\/wp\/v2\/media?parent=97354"}],"wp:term":[{"taxonomy":"category","embeddable":true,"href":"https:\/\/www.fiscalia.gov.co\/colombia\/wp-json\/wp\/v2\/categories?post=97354"},{"taxonomy":"post_tag","embeddable":true,"href":"https:\/\/www.fiscalia.gov.co\/colombia\/wp-json\/wp\/v2\/tags?post=97354"}],"curies":[{"name":"wp","href":"https:\/\/api.w.org\/{rel}","templated":true}]}}