{"id":97130,"date":"2016-12-28T09:37:19","date_gmt":"2016-12-28T14:37:19","guid":{"rendered":"http:\/\/www.fiscalia.gov.co\/colombia\/?p=97130"},"modified":"2016-12-28T09:37:19","modified_gmt":"2016-12-28T14:37:19","slug":"cuarto-judicializado-por-alterar-informacion-contable-para-desviacion-de-dineros-de-la-dne-correspondientes-a-administracion-de-hotel","status":"publish","type":"post","link":"https:\/\/www.fiscalia.gov.co\/colombia\/noticias\/cuarto-judicializado-por-alterar-informacion-contable-para-desviacion-de-dineros-de-la-dne-correspondientes-a-administracion-de-hotel\/","title":{"rendered":"Cuarto judicializado por alterar informaci\u00f3n contable para desviaci\u00f3n de dineros de la DNE correspondientes a administraci\u00f3n de hotel"},"content":{"rendered":"<p>Ante el Juzgado 31 Penal Municipal de Cali (Valle del Cauca), con funciones de control de garant\u00edas, la Fiscal\u00eda 48 Seccional de la Unidad de Delitos contra la Administraci\u00f3n P\u00fablica imput\u00f3 cargos a Ramiro Corrales Latorre, contador p\u00fablico, por presuntas irregularidades cometidas para desviar dineros de la Direcci\u00f3n Nacional de Estupefacientes (DNE).<\/p>\n<p>El hombre presumiblemente habr\u00eda participado en la alteraci\u00f3n de la informaci\u00f3n financiera de los resultados de la administraci\u00f3n de un hotel, dado en custodia por la DNE en Cali (Valle del Cauca).<\/p>\n<p>Por estos hechos, la Fiscal\u00eda le endilg\u00f3 los delitos de peculado por apropiaci\u00f3n y falsedad ideol\u00f3gica en documento p\u00fablico, los cuales no acept\u00f3 el procesado.<\/p>\n<p>Personal del Cuerpo T\u00e9cnico de Investigaci\u00f3n (CTI) hizo efectiva la captura, luego de que Corrales Latorre se presentara voluntariamente. Este ser\u00eda el cuarto 4 judicializado por tales irregularidades.<\/p>\n<p><strong>La investigaci\u00f3n<\/strong><\/p>\n<p>Los hechos materia de investigaci\u00f3n est\u00e1n relacionados con la apropiaci\u00f3n de $1.700 millones aproximadamente, de la administraci\u00f3n del Hotel Plaza Versalles, entre los a\u00f1os 2009 y 2011; dineros que pertenecer\u00edan a la DNE.<\/p>\n<p>Seg\u00fan peritos contables del Cuerpo T\u00e9cnico de Investigaci\u00f3n (CTI), contadores del hotel para la \u00e9poca de los hechos habr\u00edan alterado y ocultado la informaci\u00f3n sobre el sistema financiero, presentando informes falsos para favorecer al depositario y dem\u00e1s responsables de la administraci\u00f3n del dicho inmueble.<\/p>\n<p><strong>Otros implicados<\/strong><\/p>\n<p>Por los mismos hechos, fue acusada por la Fiscal\u00eda\u00a0Adriana Fernanda Urresty Isaza, quien se encuentra privada de la libertad y acusada por la Fiscal\u00eda. La audiencia preparatoria se fij\u00f3 para el 25 de enero de 2017, ante el Juzgado 22 Penal del Circuito con funciones de conocimiento.<\/p>\n<p>Asimismo, fueron judicializados, la semana pasada, y se encuentran privados de la libertad los contadores Harold Mart\u00ednez Bonilla y Harbey Rubio Ni\u00f1o.<\/p>\n<p>De otro lado, figuran con orden de captura est\u00e1n\u00a0Carlos Arturo Urresty Benavidez y Carlos Andr\u00e9s Urresty Isaza; padre e hijo respectivamente, a quienes el fiscal del caso solicit\u00f3\u00a0emplazamiento para declararlos personas ausentes.<\/p>\n<p>&nbsp;<\/p>\n<p>MAP\/DLBM<\/p>\n<p>&nbsp;<\/p>\n\n<div class=\"twitter-share\"><a href=\"https:\/\/twitter.com\/intent\/tweet?via=fiscaliacol\" class=\"twitter-share-button\">Tweet<\/a><\/div>\n","protected":false},"excerpt":{"rendered":"<p>Ante el Juzgado 31 Penal Municipal de Cali (Valle del Cauca), con funciones de control de garant\u00edas, la Fiscal\u00eda 48 Seccional de la Unidad de Delitos contra la Administraci\u00f3n P\u00fablica [&hellip;]<\/p>\n","protected":false},"author":143,"featured_media":0,"comment_status":"closed","ping_status":"open","sticky":false,"template":"","format":"standard","meta":{"tdm_status":"","tdm_grid_status":"","footnotes":""},"categories":[1],"tags":[51],"class_list":["post-97130","post","type-post","status-publish","format-standard","category-noticias","tag-dne"],"yoast_head":"<!-- This site is optimized with the Yoast SEO plugin v24.3 - https:\/\/yoast.com\/wordpress\/plugins\/seo\/ -->\n<title>Fiscal\u00eda General de la Naci\u00f3n<\/title>\n<meta name=\"description\" content=\"P\u00e1gina oficial de la Fiscal\u00eda General de la Naci\u00f3n \u2013 Colombia. Garantizamos el acceso efectivo a la justicia, la verdad y la reparaci\u00f3n de las v\u00edctimas de los delitos.\" \/>\n<meta name=\"robots\" content=\"noindex, follow\" \/>\n<meta property=\"og:locale\" content=\"es_ES\" \/>\n<meta property=\"og:type\" content=\"article\" \/>\n<meta property=\"og:title\" content=\"Fiscal\u00eda General de la Naci\u00f3n\" \/>\n<meta property=\"og:description\" content=\"P\u00e1gina oficial de la Fiscal\u00eda General de la Naci\u00f3n \u2013 Colombia. Garantizamos el acceso efectivo a la justicia, la verdad y la reparaci\u00f3n de las v\u00edctimas de los delitos.\" \/>\n<meta property=\"og:url\" content=\"https:\/\/www.fiscalia.gov.co\/colombia\/noticias\/cuarto-judicializado-por-alterar-informacion-contable-para-desviacion-de-dineros-de-la-dne-correspondientes-a-administracion-de-hotel\/\" \/>\n<meta property=\"og:site_name\" content=\"Fiscal\u00eda General de la Naci\u00f3n\" \/>\n<meta property=\"article:publisher\" content=\"https:\/\/www.facebook.com\/FiscaliaCol\" \/>\n<meta property=\"article:published_time\" content=\"2016-12-28T14:37:19+00:00\" \/>\n<meta name=\"author\" content=\"dfgordillo\" \/>\n<meta name=\"twitter:card\" content=\"summary_large_image\" \/>\n<meta name=\"twitter:creator\" content=\"@FiscaliaCol\" \/>\n<meta name=\"twitter:site\" content=\"@FiscaliaCol\" \/>\n<meta name=\"twitter:label1\" content=\"Escrito por\" \/>\n\t<meta name=\"twitter:data1\" content=\"dfgordillo\" \/>\n\t<meta name=\"twitter:label2\" content=\"Tiempo de lectura\" \/>\n\t<meta name=\"twitter:data2\" content=\"2 minutos\" \/>\n<script type=\"application\/ld+json\" class=\"yoast-schema-graph\">{\"@context\":\"https:\/\/schema.org\",\"@graph\":[{\"@type\":\"Article\",\"@id\":\"https:\/\/www.fiscalia.gov.co\/colombia\/noticias\/cuarto-judicializado-por-alterar-informacion-contable-para-desviacion-de-dineros-de-la-dne-correspondientes-a-administracion-de-hotel\/#article\",\"isPartOf\":{\"@id\":\"https:\/\/www.fiscalia.gov.co\/colombia\/noticias\/cuarto-judicializado-por-alterar-informacion-contable-para-desviacion-de-dineros-de-la-dne-correspondientes-a-administracion-de-hotel\/\"},\"author\":{\"name\":\"dfgordillo\",\"@id\":\"https:\/\/www.fiscalia.gov.co\/colombia\/#\/schema\/person\/3903856a3ce2d54b094c69eb29247895\"},\"headline\":\"Cuarto judicializado por alterar informaci\u00f3n contable para desviaci\u00f3n de dineros de la DNE correspondientes a administraci\u00f3n de hotel\",\"datePublished\":\"2016-12-28T14:37:19+00:00\",\"dateModified\":\"2016-12-28T14:37:19+00:00\",\"mainEntityOfPage\":{\"@id\":\"https:\/\/www.fiscalia.gov.co\/colombia\/noticias\/cuarto-judicializado-por-alterar-informacion-contable-para-desviacion-de-dineros-de-la-dne-correspondientes-a-administracion-de-hotel\/\"},\"wordCount\":375,\"publisher\":{\"@id\":\"https:\/\/www.fiscalia.gov.co\/colombia\/#organization\"},\"keywords\":[\"DNE\"],\"articleSection\":[\"Noticias\"],\"inLanguage\":\"es-CO\"},{\"@type\":\"WebPage\",\"@id\":\"https:\/\/www.fiscalia.gov.co\/colombia\/noticias\/cuarto-judicializado-por-alterar-informacion-contable-para-desviacion-de-dineros-de-la-dne-correspondientes-a-administracion-de-hotel\/\",\"url\":\"https:\/\/www.fiscalia.gov.co\/colombia\/noticias\/cuarto-judicializado-por-alterar-informacion-contable-para-desviacion-de-dineros-de-la-dne-correspondientes-a-administracion-de-hotel\/\",\"name\":\"Fiscal\u00eda General de la Naci\u00f3n\",\"isPartOf\":{\"@id\":\"https:\/\/www.fiscalia.gov.co\/colombia\/#website\"},\"datePublished\":\"2016-12-28T14:37:19+00:00\",\"dateModified\":\"2016-12-28T14:37:19+00:00\",\"description\":\"P\u00e1gina oficial de la Fiscal\u00eda General de la Naci\u00f3n \u2013 Colombia. Garantizamos el acceso efectivo a la justicia, la verdad y la reparaci\u00f3n de las v\u00edctimas de los delitos.\",\"breadcrumb\":{\"@id\":\"https:\/\/www.fiscalia.gov.co\/colombia\/noticias\/cuarto-judicializado-por-alterar-informacion-contable-para-desviacion-de-dineros-de-la-dne-correspondientes-a-administracion-de-hotel\/#breadcrumb\"},\"inLanguage\":\"es-CO\",\"potentialAction\":[{\"@type\":\"ReadAction\",\"target\":[\"https:\/\/www.fiscalia.gov.co\/colombia\/noticias\/cuarto-judicializado-por-alterar-informacion-contable-para-desviacion-de-dineros-de-la-dne-correspondientes-a-administracion-de-hotel\/\"]}]},{\"@type\":\"BreadcrumbList\",\"@id\":\"https:\/\/www.fiscalia.gov.co\/colombia\/noticias\/cuarto-judicializado-por-alterar-informacion-contable-para-desviacion-de-dineros-de-la-dne-correspondientes-a-administracion-de-hotel\/#breadcrumb\",\"itemListElement\":[{\"@type\":\"ListItem\",\"position\":1,\"name\":\"Home\",\"item\":\"https:\/\/www.fiscalia.gov.co\/colombia\/\"},{\"@type\":\"ListItem\",\"position\":2,\"name\":\"Cuarto judicializado por alterar informaci\u00f3n contable para desviaci\u00f3n de dineros de la DNE correspondientes a administraci\u00f3n de hotel\"}]},{\"@type\":\"WebSite\",\"@id\":\"https:\/\/www.fiscalia.gov.co\/colombia\/#website\",\"url\":\"https:\/\/www.fiscalia.gov.co\/colombia\/\",\"name\":\"Fiscal\u00eda General de la Naci\u00f3n\",\"description\":\"P\u00e1gina oficial de la Fiscal\u00eda General de la Naci\u00f3n \u2013 Colombia. Garantizamos el acceso efectivo a la justicia, la verdad y la reparaci\u00f3n de las v\u00edctimas de los delitos.\",\"publisher\":{\"@id\":\"https:\/\/www.fiscalia.gov.co\/colombia\/#organization\"},\"potentialAction\":[{\"@type\":\"SearchAction\",\"target\":{\"@type\":\"EntryPoint\",\"urlTemplate\":\"https:\/\/www.fiscalia.gov.co\/colombia\/?s={search_term_string}\"},\"query-input\":{\"@type\":\"PropertyValueSpecification\",\"valueRequired\":true,\"valueName\":\"search_term_string\"}}],\"inLanguage\":\"es-CO\"},{\"@type\":\"Organization\",\"@id\":\"https:\/\/www.fiscalia.gov.co\/colombia\/#organization\",\"name\":\"Fiscal\u00eda General de la Naci\u00f3n\",\"url\":\"https:\/\/www.fiscalia.gov.co\/colombia\/\",\"logo\":{\"@type\":\"ImageObject\",\"inLanguage\":\"es-CO\",\"@id\":\"https:\/\/www.fiscalia.gov.co\/colombia\/#\/schema\/logo\/image\/\",\"url\":\"https:\/\/www.fiscalia.gov.co\/colombia\/wp-content\/uploads\/LogoHorizontal_1.jpg\",\"contentUrl\":\"https:\/\/www.fiscalia.gov.co\/colombia\/wp-content\/uploads\/LogoHorizontal_1.jpg\",\"width\":300,\"height\":90,\"caption\":\"Fiscal\u00eda General de la Naci\u00f3n\"},\"image\":{\"@id\":\"https:\/\/www.fiscalia.gov.co\/colombia\/#\/schema\/logo\/image\/\"},\"sameAs\":[\"https:\/\/www.facebook.com\/FiscaliaCol\",\"https:\/\/x.com\/FiscaliaCol\",\"https:\/\/www.instagram.com\/fiscaliacol\",\"https:\/\/www.linkedin.com\/company\/fiscalia-general-de-la-naci-n\/\",\"https:\/\/youtube.com\/@fiscaliageneraldelanacion-4668?si=6nN79nyQICPU5iTh\"]},{\"@type\":\"Person\",\"@id\":\"https:\/\/www.fiscalia.gov.co\/colombia\/#\/schema\/person\/3903856a3ce2d54b094c69eb29247895\",\"name\":\"dfgordillo\",\"image\":{\"@type\":\"ImageObject\",\"inLanguage\":\"es-CO\",\"@id\":\"https:\/\/www.fiscalia.gov.co\/colombia\/#\/schema\/person\/image\/\",\"url\":\"https:\/\/secure.gravatar.com\/avatar\/b6356e21c5657c60757fe6fb9493e947?s=96&d=mm&r=g\",\"contentUrl\":\"https:\/\/secure.gravatar.com\/avatar\/b6356e21c5657c60757fe6fb9493e947?s=96&d=mm&r=g\",\"caption\":\"dfgordillo\"},\"sameAs\":[\"dfgordillo\"],\"url\":\"https:\/\/www.fiscalia.gov.co\/colombia\/author\/dfgordillo\/\"}]}<\/script>\n<!-- \/ Yoast SEO plugin. -->","yoast_head_json":{"title":"Fiscal\u00eda General de la Naci\u00f3n","description":"P\u00e1gina oficial de la Fiscal\u00eda General de la Naci\u00f3n \u2013 Colombia. Garantizamos el acceso efectivo a la justicia, la verdad y la reparaci\u00f3n de las v\u00edctimas de los delitos.","robots":{"index":"noindex","follow":"follow"},"og_locale":"es_ES","og_type":"article","og_title":"Fiscal\u00eda General de la Naci\u00f3n","og_description":"P\u00e1gina oficial de la Fiscal\u00eda General de la Naci\u00f3n \u2013 Colombia. Garantizamos el acceso efectivo a la justicia, la verdad y la reparaci\u00f3n de las v\u00edctimas de los delitos.","og_url":"https:\/\/www.fiscalia.gov.co\/colombia\/noticias\/cuarto-judicializado-por-alterar-informacion-contable-para-desviacion-de-dineros-de-la-dne-correspondientes-a-administracion-de-hotel\/","og_site_name":"Fiscal\u00eda General de la Naci\u00f3n","article_publisher":"https:\/\/www.facebook.com\/FiscaliaCol","article_published_time":"2016-12-28T14:37:19+00:00","author":"dfgordillo","twitter_card":"summary_large_image","twitter_creator":"@FiscaliaCol","twitter_site":"@FiscaliaCol","twitter_misc":{"Escrito por":"dfgordillo","Tiempo de lectura":"2 minutos"},"schema":{"@context":"https:\/\/schema.org","@graph":[{"@type":"Article","@id":"https:\/\/www.fiscalia.gov.co\/colombia\/noticias\/cuarto-judicializado-por-alterar-informacion-contable-para-desviacion-de-dineros-de-la-dne-correspondientes-a-administracion-de-hotel\/#article","isPartOf":{"@id":"https:\/\/www.fiscalia.gov.co\/colombia\/noticias\/cuarto-judicializado-por-alterar-informacion-contable-para-desviacion-de-dineros-de-la-dne-correspondientes-a-administracion-de-hotel\/"},"author":{"name":"dfgordillo","@id":"https:\/\/www.fiscalia.gov.co\/colombia\/#\/schema\/person\/3903856a3ce2d54b094c69eb29247895"},"headline":"Cuarto judicializado por alterar informaci\u00f3n contable para desviaci\u00f3n de dineros de la DNE correspondientes a administraci\u00f3n de hotel","datePublished":"2016-12-28T14:37:19+00:00","dateModified":"2016-12-28T14:37:19+00:00","mainEntityOfPage":{"@id":"https:\/\/www.fiscalia.gov.co\/colombia\/noticias\/cuarto-judicializado-por-alterar-informacion-contable-para-desviacion-de-dineros-de-la-dne-correspondientes-a-administracion-de-hotel\/"},"wordCount":375,"publisher":{"@id":"https:\/\/www.fiscalia.gov.co\/colombia\/#organization"},"keywords":["DNE"],"articleSection":["Noticias"],"inLanguage":"es-CO"},{"@type":"WebPage","@id":"https:\/\/www.fiscalia.gov.co\/colombia\/noticias\/cuarto-judicializado-por-alterar-informacion-contable-para-desviacion-de-dineros-de-la-dne-correspondientes-a-administracion-de-hotel\/","url":"https:\/\/www.fiscalia.gov.co\/colombia\/noticias\/cuarto-judicializado-por-alterar-informacion-contable-para-desviacion-de-dineros-de-la-dne-correspondientes-a-administracion-de-hotel\/","name":"Fiscal\u00eda General de la Naci\u00f3n","isPartOf":{"@id":"https:\/\/www.fiscalia.gov.co\/colombia\/#website"},"datePublished":"2016-12-28T14:37:19+00:00","dateModified":"2016-12-28T14:37:19+00:00","description":"P\u00e1gina oficial de la Fiscal\u00eda General de la Naci\u00f3n \u2013 Colombia. Garantizamos el acceso efectivo a la justicia, la verdad y la reparaci\u00f3n de las v\u00edctimas de los delitos.","breadcrumb":{"@id":"https:\/\/www.fiscalia.gov.co\/colombia\/noticias\/cuarto-judicializado-por-alterar-informacion-contable-para-desviacion-de-dineros-de-la-dne-correspondientes-a-administracion-de-hotel\/#breadcrumb"},"inLanguage":"es-CO","potentialAction":[{"@type":"ReadAction","target":["https:\/\/www.fiscalia.gov.co\/colombia\/noticias\/cuarto-judicializado-por-alterar-informacion-contable-para-desviacion-de-dineros-de-la-dne-correspondientes-a-administracion-de-hotel\/"]}]},{"@type":"BreadcrumbList","@id":"https:\/\/www.fiscalia.gov.co\/colombia\/noticias\/cuarto-judicializado-por-alterar-informacion-contable-para-desviacion-de-dineros-de-la-dne-correspondientes-a-administracion-de-hotel\/#breadcrumb","itemListElement":[{"@type":"ListItem","position":1,"name":"Home","item":"https:\/\/www.fiscalia.gov.co\/colombia\/"},{"@type":"ListItem","position":2,"name":"Cuarto judicializado por alterar informaci\u00f3n contable para desviaci\u00f3n de dineros de la DNE correspondientes a administraci\u00f3n de hotel"}]},{"@type":"WebSite","@id":"https:\/\/www.fiscalia.gov.co\/colombia\/#website","url":"https:\/\/www.fiscalia.gov.co\/colombia\/","name":"Fiscal\u00eda General de la Naci\u00f3n","description":"P\u00e1gina oficial de la Fiscal\u00eda General de la Naci\u00f3n \u2013 Colombia. Garantizamos el acceso efectivo a la justicia, la verdad y la reparaci\u00f3n de las v\u00edctimas de los delitos.","publisher":{"@id":"https:\/\/www.fiscalia.gov.co\/colombia\/#organization"},"potentialAction":[{"@type":"SearchAction","target":{"@type":"EntryPoint","urlTemplate":"https:\/\/www.fiscalia.gov.co\/colombia\/?s={search_term_string}"},"query-input":{"@type":"PropertyValueSpecification","valueRequired":true,"valueName":"search_term_string"}}],"inLanguage":"es-CO"},{"@type":"Organization","@id":"https:\/\/www.fiscalia.gov.co\/colombia\/#organization","name":"Fiscal\u00eda General de la Naci\u00f3n","url":"https:\/\/www.fiscalia.gov.co\/colombia\/","logo":{"@type":"ImageObject","inLanguage":"es-CO","@id":"https:\/\/www.fiscalia.gov.co\/colombia\/#\/schema\/logo\/image\/","url":"https:\/\/www.fiscalia.gov.co\/colombia\/wp-content\/uploads\/LogoHorizontal_1.jpg","contentUrl":"https:\/\/www.fiscalia.gov.co\/colombia\/wp-content\/uploads\/LogoHorizontal_1.jpg","width":300,"height":90,"caption":"Fiscal\u00eda General de la Naci\u00f3n"},"image":{"@id":"https:\/\/www.fiscalia.gov.co\/colombia\/#\/schema\/logo\/image\/"},"sameAs":["https:\/\/www.facebook.com\/FiscaliaCol","https:\/\/x.com\/FiscaliaCol","https:\/\/www.instagram.com\/fiscaliacol","https:\/\/www.linkedin.com\/company\/fiscalia-general-de-la-naci-n\/","https:\/\/youtube.com\/@fiscaliageneraldelanacion-4668?si=6nN79nyQICPU5iTh"]},{"@type":"Person","@id":"https:\/\/www.fiscalia.gov.co\/colombia\/#\/schema\/person\/3903856a3ce2d54b094c69eb29247895","name":"dfgordillo","image":{"@type":"ImageObject","inLanguage":"es-CO","@id":"https:\/\/www.fiscalia.gov.co\/colombia\/#\/schema\/person\/image\/","url":"https:\/\/secure.gravatar.com\/avatar\/b6356e21c5657c60757fe6fb9493e947?s=96&d=mm&r=g","contentUrl":"https:\/\/secure.gravatar.com\/avatar\/b6356e21c5657c60757fe6fb9493e947?s=96&d=mm&r=g","caption":"dfgordillo"},"sameAs":["dfgordillo"],"url":"https:\/\/www.fiscalia.gov.co\/colombia\/author\/dfgordillo\/"}]}},"_links":{"self":[{"href":"https:\/\/www.fiscalia.gov.co\/colombia\/wp-json\/wp\/v2\/posts\/97130","targetHints":{"allow":["GET"]}}],"collection":[{"href":"https:\/\/www.fiscalia.gov.co\/colombia\/wp-json\/wp\/v2\/posts"}],"about":[{"href":"https:\/\/www.fiscalia.gov.co\/colombia\/wp-json\/wp\/v2\/types\/post"}],"author":[{"embeddable":true,"href":"https:\/\/www.fiscalia.gov.co\/colombia\/wp-json\/wp\/v2\/users\/143"}],"replies":[{"embeddable":true,"href":"https:\/\/www.fiscalia.gov.co\/colombia\/wp-json\/wp\/v2\/comments?post=97130"}],"version-history":[{"count":1,"href":"https:\/\/www.fiscalia.gov.co\/colombia\/wp-json\/wp\/v2\/posts\/97130\/revisions"}],"predecessor-version":[{"id":97131,"href":"https:\/\/www.fiscalia.gov.co\/colombia\/wp-json\/wp\/v2\/posts\/97130\/revisions\/97131"}],"wp:attachment":[{"href":"https:\/\/www.fiscalia.gov.co\/colombia\/wp-json\/wp\/v2\/media?parent=97130"}],"wp:term":[{"taxonomy":"category","embeddable":true,"href":"https:\/\/www.fiscalia.gov.co\/colombia\/wp-json\/wp\/v2\/categories?post=97130"},{"taxonomy":"post_tag","embeddable":true,"href":"https:\/\/www.fiscalia.gov.co\/colombia\/wp-json\/wp\/v2\/tags?post=97130"}],"curies":[{"name":"wp","href":"https:\/\/api.w.org\/{rel}","templated":true}]}}