{"id":96995,"date":"2016-12-23T14:20:08","date_gmt":"2016-12-23T19:20:08","guid":{"rendered":"http:\/\/www.fiscalia.gov.co\/colombia\/?p=96995"},"modified":"2016-12-23T14:20:08","modified_gmt":"2016-12-23T19:20:08","slug":"45-capturas-por-hurto-realizo-la-fiscalia-esta-semana","status":"publish","type":"post","link":"https:\/\/www.fiscalia.gov.co\/colombia\/noticias\/45-capturas-por-hurto-realizo-la-fiscalia-esta-semana\/","title":{"rendered":"45 capturas por hurto realiz\u00f3 la Fiscal\u00eda esta semana"},"content":{"rendered":"<p><strong><em>Durante la \u00faltima semana en el pa\u00eds, la Fiscal\u00eda General de la Naci\u00f3n realiz\u00f3 45 capturas.<\/em><\/strong><\/p>\n<p>La mayor\u00eda de las aprehensiones se desarrollaron en el departamento del Huila, donde se efectuaron 13, seguido de Choc\u00f3 con 11, otras 6 se ejecutaron en Cauca, 4 en los departamentos de Magdalena y Nari\u00f1o, 2 en Risaralda y Valle del Cauca y 1 en Norte de Santander, Santander y Cundinamarca, respectivamente.<\/p>\n<p>Con estas capturas la Fiscal\u00eda logr\u00f3 desmantelar cinco bandas delincuenciales dedicadas al hurto en sus diferentes modalidades, que ten\u00edan presencia en los departamentos de Magdalena, Nari\u00f1o, Cauca, Choc\u00f3 y Huila.<\/p>\n<p>Los operativos fueron los siguientes:<\/p>\n<p><strong>\u00a0<\/strong><\/p>\n<p><strong><span style=\"text-decoration: underline;\">Magdalena<\/span><\/strong><\/p>\n<p>En el municipio de Zona Bananera, la Fiscal\u00eda desarticul\u00f3 la banda criminal Los Zoneros, la cual ser\u00eda la responsable del hurto de guineo y de aspersores en esta regi\u00f3n.<\/p>\n<p>Luego de la investigaci\u00f3n realizada por la entidad, en la cual se recopilaron denuncias y testimonios, se hicieron seguimientos a las actuaciones delincuenciales, y se logr\u00f3 la captura de cuatro integrantes de la organizaci\u00f3n, conocidos como alias Ara\u00f1a, alias el Capo, alias el Flaco y alias Vecino.<\/p>\n<p>Seg\u00fan lo establecido, el <em>modus operandi <\/em>consist\u00eda en realizar los hurtos por las noches, ingresando a las fincas de la regi\u00f3n bananera.<\/p>\n<p>El hurto de guineo y aspersores en el departamento del Magdalena ha sido uno de los fen\u00f3menos delictivos que m\u00e1s ha afectado a los ciudadanos.<\/p>\n<p>&nbsp;<\/p>\n<p><strong><span style=\"text-decoration: underline;\">Nari\u00f1o<\/span><\/strong><\/p>\n<p>Cuatro personas, por hechos aislados, fueron capturadas en este departamento.<\/p>\n<p>En el primero de los casos, se captur\u00f3 a alias el Tuerto, quien ser\u00eda integrante de la banda delincuencial Los Tarzanes y habr\u00eda incurrido en los delitos de homicidio, extorsi\u00f3n, hurto calificado y agravado, tr\u00e1fico, fabricaci\u00f3n y porte de estupefacientes, tr\u00e1fico, fabricaci\u00f3n y porte ilegal de armas y concierto para delinquir.<\/p>\n<p>Los Tarzanes se dedican principalmente a la extorsi\u00f3n y al hurto de automotores para desguzarlos, en los municipios de C\u00f3rdoba, Pu\u00e9rres, Ipiales y sectores aleda\u00f1os.<\/p>\n<p>En otro caso el CTI de Pasto, en articulaci\u00f3n con unidades de Ej\u00e9rcito Nacional, logr\u00f3 la captura en flagrancia de una persona e incaut\u00f3 cuatro motocicletas y partes de otras que habr\u00edan sido hurtadas.<\/p>\n<p>Durante este operativo Maria Jos\u00e9 Delgado Eraso fue capturada por el delito de\u00a0 hurto y receptaci\u00f3n, pero en las respectivas audiencias no acept\u00f3 los cargos. El Juzgado le impuso medida de aseguramiento en la c\u00e1rcel de Pasto.<\/p>\n<p>En la \u00faltima de las operaciones fue capturada en v\u00eda p\u00fablica del barrio Miraflores de la capital nari\u00f1ense, Leidy Johana Vallejos Gelpud, por el delito de hurto calificado y agravado.<\/p>\n<p>Otra de las detenciones se efectu\u00f3 contra Oscar Dar\u00edo Jim\u00e9nez Cortez, quien fue requerido por un Juzgado de Ejecuci\u00f3n de Penas y Medidas de Seguridad de Pasto, a fin de ser notificado sobre una sentencia condenatoria correspondiente a seis meses de prisi\u00f3n; por ello fue trasladado de inmediato a la c\u00e1rcel judicial de esa ciudad.<\/p>\n<p>Una mujer, tambi\u00e9n requerida, fue puesta a disposici\u00f3n de la autoridad solicitante, a fin de ser notificada de la sentencia condenatoria correspondiente a 14 meses de prisi\u00f3n, sin derecho a beneficios, siendo trasladada a la c\u00e1rcel de Pasto.<\/p>\n<p>&nbsp;<\/p>\n<p><strong><span style=\"text-decoration: underline;\">Cauca<\/span><\/strong><\/p>\n<p>Seis presuntos integrantes de la organizaci\u00f3n delincuencial Los Periquillos, dedicada al hurto en modalidad de pirater\u00eda terrestre, fueron capturados por los delitos de concierto para delinquir, hurto calificado y agravado, fabricaci\u00f3n, tr\u00e1fico\u00a0 o porte de armas de fuego o municiones.<\/p>\n<p>Lo anterior, por los hechos registrados desde el a\u00f1o 2013 sobre la v\u00eda Panamericana, donde con armas de fabricaci\u00f3n artesanal obligaban a los conductores a reducir la velocidad, con piedras y palos, para luego ingresar a los veh\u00edculos de transporte p\u00fablico y amedrentar a las v\u00edctimas para despojarlos de sus pertenencias.<\/p>\n<p>&nbsp;<\/p>\n<p><strong><span style=\"text-decoration: underline;\">Cundinamarca<\/span><\/strong><\/p>\n<p>Por el delito de hurto calificado y agravado, el CTI Cundinamarca realiz\u00f3 la captura de una persona requerida por presuntamente apoderarse, junto con tres personas m\u00e1s, de piezas de andamios avaluadas en 800 millones de pesos.<\/p>\n<p>De acuerdo con la investigaci\u00f3n el capturado trabaja en la parte de seguridad de esta empresa y aprovechando su acceso a la totalidad de las bodegas rob\u00f3 estos elementos.<\/p>\n<p>&nbsp;<\/p>\n<p><strong><span style=\"text-decoration: underline;\">Risaralda<\/span><\/strong><\/p>\n<p>Dos personas fueron capturadas por hurto calificado en el departamento de Pereira, en la \u00faltima semana. En el primer operativo se detuvo una persona que al parecer atrac\u00f3 con arma de fuego una buseta de transporte p\u00fablico, intimidando tambi\u00e9n al conductor.<\/p>\n<p>La segunda persona fue aprehendida por hurtar presuntamente el celular y dinero en efectivo a su v\u00edctima, utilizando un arma cortopunzante.<\/p>\n<p>&nbsp;<\/p>\n<p><strong><span style=\"text-decoration: underline;\">Valle del Cauca<\/span><\/strong><\/p>\n<p>Dos personas fueron capturadas por el delito de\u00a0 hurto agravado y violaci\u00f3n de datos personales, por los hechos efectuados en febrero de este a\u00f1o, cuando en un local comercial se accedi\u00f3 a la plataforma de una empresa de giros, realizando dos giros a la ciudad de Cali por un valor de $18.650.000.<\/p>\n<p>De acuerdo con la investigaci\u00f3n, la primera capturada, quien ser\u00eda la administradora del local, habr\u00eda realizado los giros suplantando a otro empleado ante la plataforma y luego habr\u00eda hecho las denuncias.<\/p>\n<p>El otro capturado, quiwn presuntamente es el compa\u00f1ero permanente de la administradora del local, ser\u00eda el encargado de coordinar el cobro de los giros en Cali.<\/p>\n<p>&nbsp;<\/p>\n<p><strong><span style=\"text-decoration: underline;\">Choc\u00f3 <\/span><\/strong><\/p>\n<p>Nueve presuntos integrantes de la organizaci\u00f3n delincuencial Arc\u00f3n, fueron capturados por el delito\u00a0 de hurto calificado y agravado en concurso con el delito de fabricaci\u00f3n, tr\u00e1fico o porte de arma de fuego o municiones, en el barrio Obrero, sector Las Brisas de la ciudad de Quibd\u00f3 (Choc\u00f3).<\/p>\n<p>De acuerdo con la investigaci\u00f3n, los detenidos se dedicaban al hurto en todas sus modalidades en el per\u00edmetro urbano de la capital chocoana.<\/p>\n<p>Durante el operativo fueron incautados adem\u00e1s 1 pistola calibre 9mm, 30 cartuchos calibre 9mm. y 7 celulares.<\/p>\n<p>En otro caso, dos sujetos m\u00e1s fueron capturados y judicializados por el delito de hurto, al haber interceptado a dos mujeres que se movilizaban en moto. Los capturados habr\u00edan hurtado el bolso de una de las mujeres, donde llevaban el celular y dinero en efectivo de la v\u00edctima.<\/p>\n<p>&nbsp;<\/p>\n<p><strong><span style=\"text-decoration: underline;\">Santander<\/span><\/strong><\/p>\n<p>Luego de la investigaci\u00f3n efectuada por el CTI Barrancabermeja, la cual durante tres meses se adelant\u00f3 el proceso de recopilaci\u00f3n de informaci\u00f3n, fue capturada una persona por el delito de hurto y tr\u00e1fico fabricaci\u00f3n o porte de armas de fuego, al obtener<strong> <\/strong>las \u00f3rdenes de captura suministradas por el Juzgado Promiscuo Municipal de Puerto Wilches.<\/p>\n<p>&nbsp;<\/p>\n<p>&nbsp;<\/p>\n<p><strong><span style=\"text-decoration: underline;\">Huila<\/span><\/strong><\/p>\n<p>13 personas capturadas en el departamento de Huila se registraron durante la semana, de las cuales 11 fueron porque al parecer son integrantes de la organizaci\u00f3n delincuencial Los Gal\u00e1cticos, dedicados al hurto a personas, de motocicletas y residencias, a trav\u00e9s de diferentes modalidades, entre ellas el halado y el atraco a mano armada.<\/p>\n<p>Mediante labores investigativas, interceptaci\u00f3n de l\u00edneas y entrevistas a v\u00edctimas, se determin\u00f3 que algunos de sus integrantes se encargaban de hurtar las motocicletas, otros las ocultaban en sitios ya destinados para ese fin y posteriormente, mediante exigencia de dinero a los afectados, coordinaban su devoluci\u00f3n.<\/p>\n<p>En otras ocasiones, las motocicletas eran trasladadas a zonas rurales de diferentes municipios donde pod\u00edan ser comercializadas.<\/p>\n<p>Otro de los capturados, en esta regi\u00f3n del pa\u00eds, fue por el presunto robo de cinco vacas de la finca \u201cSal si Puede\u201d, de la vereda Mesa Redonda de Tello. En este caso el due\u00f1o de la finca le sigui\u00f3 el rastro al ganado, estableciendo que el capturado ser\u00eda la persona que hurt\u00f3 las reses.<\/p>\n<p>Finalmente en otro operativo, una persona m\u00e1s fue capturada por la Fiscal\u00eda, por el mismo delito.<\/p>\n<p>&nbsp;<\/p>\n<p><strong><span style=\"text-decoration: underline;\">Norte de Santander<\/span><\/strong><\/p>\n<p>Luego de varias diligencias de allanamiento y registro fue capturada en flagrancia una persona, por el delito de hurto y tr\u00e1fico fabricaci\u00f3n o porte de armas de fuego o munici\u00f3n.<\/p>\n<p>&nbsp;<\/p>\n<p>&nbsp;<\/p>\n<p>&nbsp;<\/p>\n<p>LMH\/DLBM<\/p>\n\n<div class=\"twitter-share\"><a href=\"https:\/\/twitter.com\/intent\/tweet?via=fiscaliacol\" class=\"twitter-share-button\">Tweet<\/a><\/div>\n","protected":false},"excerpt":{"rendered":"<p>Durante la \u00faltima semana en el pa\u00eds, la Fiscal\u00eda General de la Naci\u00f3n realiz\u00f3 45 capturas. La mayor\u00eda de las aprehensiones se desarrollaron en el departamento del Huila, donde se efectuaron 13, seguido de Choc\u00f3 con 11, otras 6 se ejecutaron en Cauca, 4 en los departamentos de Magdalena y Nari\u00f1o, 2 en Risaralda y [&hellip;]<\/p>\n","protected":false},"author":143,"featured_media":0,"comment_status":"closed","ping_status":"open","sticky":false,"template":"","format":"standard","meta":{"tdm_status":"","tdm_grid_status":"","footnotes":""},"categories":[1],"tags":[],"class_list":{"0":"post-96995","1":"post","2":"type-post","3":"status-publish","4":"format-standard","6":"category-noticias"},"yoast_head":"<!-- This site is optimized with the Yoast SEO plugin v24.3 - https:\/\/yoast.com\/wordpress\/plugins\/seo\/ -->\n<title>Fiscal\u00eda General de la Naci\u00f3n<\/title>\n<meta name=\"description\" content=\"P\u00e1gina oficial de la Fiscal\u00eda General de la Naci\u00f3n \u2013 Colombia. Garantizamos el acceso efectivo a la justicia, la verdad y la reparaci\u00f3n de las v\u00edctimas de los delitos.\" \/>\n<meta name=\"robots\" content=\"noindex, follow\" \/>\n<meta property=\"og:locale\" content=\"es_ES\" \/>\n<meta property=\"og:type\" content=\"article\" \/>\n<meta property=\"og:title\" content=\"Fiscal\u00eda General de la Naci\u00f3n\" \/>\n<meta property=\"og:description\" content=\"P\u00e1gina oficial de la Fiscal\u00eda General de la Naci\u00f3n \u2013 Colombia. Garantizamos el acceso efectivo a la justicia, la verdad y la reparaci\u00f3n de las v\u00edctimas de los delitos.\" \/>\n<meta property=\"og:url\" content=\"https:\/\/www.fiscalia.gov.co\/colombia\/noticias\/45-capturas-por-hurto-realizo-la-fiscalia-esta-semana\/\" \/>\n<meta property=\"og:site_name\" content=\"Fiscal\u00eda General de la Naci\u00f3n\" \/>\n<meta property=\"article:publisher\" content=\"https:\/\/www.facebook.com\/FiscaliaCol\" \/>\n<meta property=\"article:published_time\" content=\"2016-12-23T19:20:08+00:00\" \/>\n<meta name=\"author\" content=\"dfgordillo\" \/>\n<meta name=\"twitter:card\" content=\"summary_large_image\" \/>\n<meta name=\"twitter:creator\" content=\"@FiscaliaCol\" \/>\n<meta name=\"twitter:site\" content=\"@FiscaliaCol\" \/>\n<meta name=\"twitter:label1\" content=\"Escrito por\" \/>\n\t<meta name=\"twitter:data1\" content=\"dfgordillo\" \/>\n\t<meta name=\"twitter:label2\" content=\"Tiempo de lectura\" \/>\n\t<meta name=\"twitter:data2\" content=\"7 minutos\" \/>\n<script type=\"application\/ld+json\" class=\"yoast-schema-graph\">{\"@context\":\"https:\/\/schema.org\",\"@graph\":[{\"@type\":\"Article\",\"@id\":\"https:\/\/www.fiscalia.gov.co\/colombia\/noticias\/45-capturas-por-hurto-realizo-la-fiscalia-esta-semana\/#article\",\"isPartOf\":{\"@id\":\"https:\/\/www.fiscalia.gov.co\/colombia\/noticias\/45-capturas-por-hurto-realizo-la-fiscalia-esta-semana\/\"},\"author\":{\"name\":\"dfgordillo\",\"@id\":\"https:\/\/www.fiscalia.gov.co\/colombia\/#\/schema\/person\/3903856a3ce2d54b094c69eb29247895\"},\"headline\":\"45 capturas por hurto realiz\u00f3 la Fiscal\u00eda esta semana\",\"datePublished\":\"2016-12-23T19:20:08+00:00\",\"dateModified\":\"2016-12-23T19:20:08+00:00\",\"mainEntityOfPage\":{\"@id\":\"https:\/\/www.fiscalia.gov.co\/colombia\/noticias\/45-capturas-por-hurto-realizo-la-fiscalia-esta-semana\/\"},\"wordCount\":1364,\"publisher\":{\"@id\":\"https:\/\/www.fiscalia.gov.co\/colombia\/#organization\"},\"articleSection\":[\"Noticias\"],\"inLanguage\":\"es-CO\"},{\"@type\":\"WebPage\",\"@id\":\"https:\/\/www.fiscalia.gov.co\/colombia\/noticias\/45-capturas-por-hurto-realizo-la-fiscalia-esta-semana\/\",\"url\":\"https:\/\/www.fiscalia.gov.co\/colombia\/noticias\/45-capturas-por-hurto-realizo-la-fiscalia-esta-semana\/\",\"name\":\"Fiscal\u00eda General de la Naci\u00f3n\",\"isPartOf\":{\"@id\":\"https:\/\/www.fiscalia.gov.co\/colombia\/#website\"},\"datePublished\":\"2016-12-23T19:20:08+00:00\",\"dateModified\":\"2016-12-23T19:20:08+00:00\",\"description\":\"P\u00e1gina oficial de la Fiscal\u00eda General de la Naci\u00f3n \u2013 Colombia. Garantizamos el acceso efectivo a la justicia, la verdad y la reparaci\u00f3n de las v\u00edctimas de los delitos.\",\"breadcrumb\":{\"@id\":\"https:\/\/www.fiscalia.gov.co\/colombia\/noticias\/45-capturas-por-hurto-realizo-la-fiscalia-esta-semana\/#breadcrumb\"},\"inLanguage\":\"es-CO\",\"potentialAction\":[{\"@type\":\"ReadAction\",\"target\":[\"https:\/\/www.fiscalia.gov.co\/colombia\/noticias\/45-capturas-por-hurto-realizo-la-fiscalia-esta-semana\/\"]}]},{\"@type\":\"BreadcrumbList\",\"@id\":\"https:\/\/www.fiscalia.gov.co\/colombia\/noticias\/45-capturas-por-hurto-realizo-la-fiscalia-esta-semana\/#breadcrumb\",\"itemListElement\":[{\"@type\":\"ListItem\",\"position\":1,\"name\":\"Home\",\"item\":\"https:\/\/www.fiscalia.gov.co\/colombia\/\"},{\"@type\":\"ListItem\",\"position\":2,\"name\":\"45 capturas por hurto realiz\u00f3 la Fiscal\u00eda esta semana\"}]},{\"@type\":\"WebSite\",\"@id\":\"https:\/\/www.fiscalia.gov.co\/colombia\/#website\",\"url\":\"https:\/\/www.fiscalia.gov.co\/colombia\/\",\"name\":\"Fiscal\u00eda General de la Naci\u00f3n\",\"description\":\"P\u00e1gina oficial de la Fiscal\u00eda General de la Naci\u00f3n \u2013 Colombia. Garantizamos el acceso efectivo a la justicia, la verdad y la reparaci\u00f3n de las v\u00edctimas de los delitos.\",\"publisher\":{\"@id\":\"https:\/\/www.fiscalia.gov.co\/colombia\/#organization\"},\"potentialAction\":[{\"@type\":\"SearchAction\",\"target\":{\"@type\":\"EntryPoint\",\"urlTemplate\":\"https:\/\/www.fiscalia.gov.co\/colombia\/?s={search_term_string}\"},\"query-input\":{\"@type\":\"PropertyValueSpecification\",\"valueRequired\":true,\"valueName\":\"search_term_string\"}}],\"inLanguage\":\"es-CO\"},{\"@type\":\"Organization\",\"@id\":\"https:\/\/www.fiscalia.gov.co\/colombia\/#organization\",\"name\":\"Fiscal\u00eda General de la Naci\u00f3n\",\"url\":\"https:\/\/www.fiscalia.gov.co\/colombia\/\",\"logo\":{\"@type\":\"ImageObject\",\"inLanguage\":\"es-CO\",\"@id\":\"https:\/\/www.fiscalia.gov.co\/colombia\/#\/schema\/logo\/image\/\",\"url\":\"https:\/\/www.fiscalia.gov.co\/colombia\/wp-content\/uploads\/LogoHorizontal_1.jpg\",\"contentUrl\":\"https:\/\/www.fiscalia.gov.co\/colombia\/wp-content\/uploads\/LogoHorizontal_1.jpg\",\"width\":300,\"height\":90,\"caption\":\"Fiscal\u00eda General de la Naci\u00f3n\"},\"image\":{\"@id\":\"https:\/\/www.fiscalia.gov.co\/colombia\/#\/schema\/logo\/image\/\"},\"sameAs\":[\"https:\/\/www.facebook.com\/FiscaliaCol\",\"https:\/\/x.com\/FiscaliaCol\",\"https:\/\/www.instagram.com\/fiscaliacol\",\"https:\/\/www.linkedin.com\/company\/fiscalia-general-de-la-naci-n\/\",\"https:\/\/youtube.com\/@fiscaliageneraldelanacion-4668?si=6nN79nyQICPU5iTh\"]},{\"@type\":\"Person\",\"@id\":\"https:\/\/www.fiscalia.gov.co\/colombia\/#\/schema\/person\/3903856a3ce2d54b094c69eb29247895\",\"name\":\"dfgordillo\",\"image\":{\"@type\":\"ImageObject\",\"inLanguage\":\"es-CO\",\"@id\":\"https:\/\/www.fiscalia.gov.co\/colombia\/#\/schema\/person\/image\/\",\"url\":\"https:\/\/secure.gravatar.com\/avatar\/b6356e21c5657c60757fe6fb9493e947?s=96&d=mm&r=g\",\"contentUrl\":\"https:\/\/secure.gravatar.com\/avatar\/b6356e21c5657c60757fe6fb9493e947?s=96&d=mm&r=g\",\"caption\":\"dfgordillo\"},\"sameAs\":[\"dfgordillo\"],\"url\":\"https:\/\/www.fiscalia.gov.co\/colombia\/author\/dfgordillo\/\"}]}<\/script>\n<!-- \/ Yoast SEO plugin. -->","yoast_head_json":{"title":"Fiscal\u00eda General de la Naci\u00f3n","description":"P\u00e1gina oficial de la Fiscal\u00eda General de la Naci\u00f3n \u2013 Colombia. Garantizamos el acceso efectivo a la justicia, la verdad y la reparaci\u00f3n de las v\u00edctimas de los delitos.","robots":{"index":"noindex","follow":"follow"},"og_locale":"es_ES","og_type":"article","og_title":"Fiscal\u00eda General de la Naci\u00f3n","og_description":"P\u00e1gina oficial de la Fiscal\u00eda General de la Naci\u00f3n \u2013 Colombia. Garantizamos el acceso efectivo a la justicia, la verdad y la reparaci\u00f3n de las v\u00edctimas de los delitos.","og_url":"https:\/\/www.fiscalia.gov.co\/colombia\/noticias\/45-capturas-por-hurto-realizo-la-fiscalia-esta-semana\/","og_site_name":"Fiscal\u00eda General de la Naci\u00f3n","article_publisher":"https:\/\/www.facebook.com\/FiscaliaCol","article_published_time":"2016-12-23T19:20:08+00:00","author":"dfgordillo","twitter_card":"summary_large_image","twitter_creator":"@FiscaliaCol","twitter_site":"@FiscaliaCol","twitter_misc":{"Escrito por":"dfgordillo","Tiempo de lectura":"7 minutos"},"schema":{"@context":"https:\/\/schema.org","@graph":[{"@type":"Article","@id":"https:\/\/www.fiscalia.gov.co\/colombia\/noticias\/45-capturas-por-hurto-realizo-la-fiscalia-esta-semana\/#article","isPartOf":{"@id":"https:\/\/www.fiscalia.gov.co\/colombia\/noticias\/45-capturas-por-hurto-realizo-la-fiscalia-esta-semana\/"},"author":{"name":"dfgordillo","@id":"https:\/\/www.fiscalia.gov.co\/colombia\/#\/schema\/person\/3903856a3ce2d54b094c69eb29247895"},"headline":"45 capturas por hurto realiz\u00f3 la Fiscal\u00eda esta semana","datePublished":"2016-12-23T19:20:08+00:00","dateModified":"2016-12-23T19:20:08+00:00","mainEntityOfPage":{"@id":"https:\/\/www.fiscalia.gov.co\/colombia\/noticias\/45-capturas-por-hurto-realizo-la-fiscalia-esta-semana\/"},"wordCount":1364,"publisher":{"@id":"https:\/\/www.fiscalia.gov.co\/colombia\/#organization"},"articleSection":["Noticias"],"inLanguage":"es-CO"},{"@type":"WebPage","@id":"https:\/\/www.fiscalia.gov.co\/colombia\/noticias\/45-capturas-por-hurto-realizo-la-fiscalia-esta-semana\/","url":"https:\/\/www.fiscalia.gov.co\/colombia\/noticias\/45-capturas-por-hurto-realizo-la-fiscalia-esta-semana\/","name":"Fiscal\u00eda General de la Naci\u00f3n","isPartOf":{"@id":"https:\/\/www.fiscalia.gov.co\/colombia\/#website"},"datePublished":"2016-12-23T19:20:08+00:00","dateModified":"2016-12-23T19:20:08+00:00","description":"P\u00e1gina oficial de la Fiscal\u00eda General de la Naci\u00f3n \u2013 Colombia. Garantizamos el acceso efectivo a la justicia, la verdad y la reparaci\u00f3n de las v\u00edctimas de los delitos.","breadcrumb":{"@id":"https:\/\/www.fiscalia.gov.co\/colombia\/noticias\/45-capturas-por-hurto-realizo-la-fiscalia-esta-semana\/#breadcrumb"},"inLanguage":"es-CO","potentialAction":[{"@type":"ReadAction","target":["https:\/\/www.fiscalia.gov.co\/colombia\/noticias\/45-capturas-por-hurto-realizo-la-fiscalia-esta-semana\/"]}]},{"@type":"BreadcrumbList","@id":"https:\/\/www.fiscalia.gov.co\/colombia\/noticias\/45-capturas-por-hurto-realizo-la-fiscalia-esta-semana\/#breadcrumb","itemListElement":[{"@type":"ListItem","position":1,"name":"Home","item":"https:\/\/www.fiscalia.gov.co\/colombia\/"},{"@type":"ListItem","position":2,"name":"45 capturas por hurto realiz\u00f3 la Fiscal\u00eda esta semana"}]},{"@type":"WebSite","@id":"https:\/\/www.fiscalia.gov.co\/colombia\/#website","url":"https:\/\/www.fiscalia.gov.co\/colombia\/","name":"Fiscal\u00eda General de la Naci\u00f3n","description":"P\u00e1gina oficial de la Fiscal\u00eda General de la Naci\u00f3n \u2013 Colombia. Garantizamos el acceso efectivo a la justicia, la verdad y la reparaci\u00f3n de las v\u00edctimas de los delitos.","publisher":{"@id":"https:\/\/www.fiscalia.gov.co\/colombia\/#organization"},"potentialAction":[{"@type":"SearchAction","target":{"@type":"EntryPoint","urlTemplate":"https:\/\/www.fiscalia.gov.co\/colombia\/?s={search_term_string}"},"query-input":{"@type":"PropertyValueSpecification","valueRequired":true,"valueName":"search_term_string"}}],"inLanguage":"es-CO"},{"@type":"Organization","@id":"https:\/\/www.fiscalia.gov.co\/colombia\/#organization","name":"Fiscal\u00eda General de la Naci\u00f3n","url":"https:\/\/www.fiscalia.gov.co\/colombia\/","logo":{"@type":"ImageObject","inLanguage":"es-CO","@id":"https:\/\/www.fiscalia.gov.co\/colombia\/#\/schema\/logo\/image\/","url":"https:\/\/www.fiscalia.gov.co\/colombia\/wp-content\/uploads\/LogoHorizontal_1.jpg","contentUrl":"https:\/\/www.fiscalia.gov.co\/colombia\/wp-content\/uploads\/LogoHorizontal_1.jpg","width":300,"height":90,"caption":"Fiscal\u00eda General de la Naci\u00f3n"},"image":{"@id":"https:\/\/www.fiscalia.gov.co\/colombia\/#\/schema\/logo\/image\/"},"sameAs":["https:\/\/www.facebook.com\/FiscaliaCol","https:\/\/x.com\/FiscaliaCol","https:\/\/www.instagram.com\/fiscaliacol","https:\/\/www.linkedin.com\/company\/fiscalia-general-de-la-naci-n\/","https:\/\/youtube.com\/@fiscaliageneraldelanacion-4668?si=6nN79nyQICPU5iTh"]},{"@type":"Person","@id":"https:\/\/www.fiscalia.gov.co\/colombia\/#\/schema\/person\/3903856a3ce2d54b094c69eb29247895","name":"dfgordillo","image":{"@type":"ImageObject","inLanguage":"es-CO","@id":"https:\/\/www.fiscalia.gov.co\/colombia\/#\/schema\/person\/image\/","url":"https:\/\/secure.gravatar.com\/avatar\/b6356e21c5657c60757fe6fb9493e947?s=96&d=mm&r=g","contentUrl":"https:\/\/secure.gravatar.com\/avatar\/b6356e21c5657c60757fe6fb9493e947?s=96&d=mm&r=g","caption":"dfgordillo"},"sameAs":["dfgordillo"],"url":"https:\/\/www.fiscalia.gov.co\/colombia\/author\/dfgordillo\/"}]}},"_links":{"self":[{"href":"https:\/\/www.fiscalia.gov.co\/colombia\/wp-json\/wp\/v2\/posts\/96995","targetHints":{"allow":["GET"]}}],"collection":[{"href":"https:\/\/www.fiscalia.gov.co\/colombia\/wp-json\/wp\/v2\/posts"}],"about":[{"href":"https:\/\/www.fiscalia.gov.co\/colombia\/wp-json\/wp\/v2\/types\/post"}],"author":[{"embeddable":true,"href":"https:\/\/www.fiscalia.gov.co\/colombia\/wp-json\/wp\/v2\/users\/143"}],"replies":[{"embeddable":true,"href":"https:\/\/www.fiscalia.gov.co\/colombia\/wp-json\/wp\/v2\/comments?post=96995"}],"version-history":[{"count":3,"href":"https:\/\/www.fiscalia.gov.co\/colombia\/wp-json\/wp\/v2\/posts\/96995\/revisions"}],"predecessor-version":[{"id":96998,"href":"https:\/\/www.fiscalia.gov.co\/colombia\/wp-json\/wp\/v2\/posts\/96995\/revisions\/96998"}],"wp:attachment":[{"href":"https:\/\/www.fiscalia.gov.co\/colombia\/wp-json\/wp\/v2\/media?parent=96995"}],"wp:term":[{"taxonomy":"category","embeddable":true,"href":"https:\/\/www.fiscalia.gov.co\/colombia\/wp-json\/wp\/v2\/categories?post=96995"},{"taxonomy":"post_tag","embeddable":true,"href":"https:\/\/www.fiscalia.gov.co\/colombia\/wp-json\/wp\/v2\/tags?post=96995"}],"curies":[{"name":"wp","href":"https:\/\/api.w.org\/{rel}","templated":true}]}}