{"id":96895,"date":"2016-12-21T16:53:45","date_gmt":"2016-12-21T21:53:45","guid":{"rendered":"http:\/\/www.fiscalia.gov.co\/colombia\/?p=96895"},"modified":"2016-12-21T16:53:45","modified_gmt":"2016-12-21T21:53:45","slug":"restos-oseos-de-13-victimas-de-grupos-armados-ilegales-en-valle-y-cauca-fueron-entregados-a-sus-familiares","status":"publish","type":"post","link":"https:\/\/www.fiscalia.gov.co\/colombia\/noticias\/restos-oseos-de-13-victimas-de-grupos-armados-ilegales-en-valle-y-cauca-fueron-entregados-a-sus-familiares\/","title":{"rendered":"Restos \u00f3seos de 13 v\u00edctimas de grupos armados ilegales en Valle y Cauca fueron entregados a sus familiares"},"content":{"rendered":"<p>La familia de Wilmer Oviedo Yatacu\u00e9 Yonda esper\u00f3 casi 8 a\u00f1os para recibir sus restos y darle cristiana sepultura. Viajaron casi 10 horas para trasladarlo hasta Torib\u00edo (Cauca), de donde era oriundo.<\/p>\n<p>Yatacu\u00e9 Yonda fue asesinado por un grupo armado ilegal y sus restos exhumados por peritos del Cuerpo T\u00e9cnico de Investigaci\u00f3n (CTI) de Cali y Popay\u00e1n. En una ceremonia la Fiscal\u00eda los entreg\u00f3 junto con otros 12 cuerpos, entre ellos los de dos menores de edad, a sus respectivas familias.<\/p>\n<p>Ramiro Figueroa Quintana, fiscal seccional adscrito al grupo interno de trabajo de exhumaciones, asegur\u00f3 que se realizaron las necropsias m\u00e9dico legales, los estudios forenses antropol\u00f3gicos y odontol\u00f3gicos, para lograr la plena identidad de estas v\u00edctimas.<\/p>\n<p>\u201cLos laboratorios de gen\u00e9tica del Instituto Nacional de Medicina Legal y Ciencias Forenses del Suroccidente y el CTI nivel central adelantaron la tipificaci\u00f3n molecular y posterior cotejo de perfiles gen\u00e9ticos para lograr la plena identidad de estas v\u00edctimas y continuar sin descanso con el prop\u00f3sito de que las familias tengan derecho a la verdad, justicia y a la reparaci\u00f3n\u201d, dijo Figueroa Quintana.<\/p>\n<p>&nbsp;<\/p>\n<p><strong>Identificados<\/strong><\/p>\n<p>La entrega se llev\u00f3 a cabo en el edificio Conquistadores de la Fiscal\u00eda General, en el sur de Cali (Valle del Cauca), con la respectiva documentaci\u00f3n.<\/p>\n<p>Las v\u00edctimas son Aldibar Guzm\u00e1n; Fredy Ubaney Cifuentes; Gustavo Ojeda Z\u00fa\u00f1iga; Jorge Isaac Tabarez Aguirre; Wilson Antonio Tabarez Trujillo; Juan Carlos Ocoro Salazar; Lewis Johan Chaverra Lasso; Luis Alfonso Pareja Mart\u00ednez; Shirley Maji Navia; Wilmer Ovidio Yatacu\u00e9 Yonda; y Yoni Ruiz Burbano.<\/p>\n<p>Lastenia Yatacu\u00e9, representante de las v\u00edctimas, asegur\u00f3 durante la ceremonia de entrega que \u201cla guerra en Colombia es injusta. Los inocentes pagan los platos rotos. No tengo rencor con nadie, ni con los que mataron a Wilmer Ovidio. Le pido a Dios que tengamos valor y agradecerle a la Fiscal\u00eda que han encontrado nuestros muertos y nos los han entregado\u201d.<\/p>\n<p>Los familiares de las v\u00edctimas residentes fuera de Cali y el Valle del Cauca, viajaron con los 13 restos hacia sus regiones de origen.<\/p>\n<p>&nbsp;<\/p>\n<p><strong>\u00a0<\/strong><\/p>\n<p><strong>JGPV\/DLBM<\/strong><\/p>\n\n<div class=\"twitter-share\"><a href=\"https:\/\/twitter.com\/intent\/tweet?via=fiscaliacol\" class=\"twitter-share-button\">Tweet<\/a><\/div>\n","protected":false},"excerpt":{"rendered":"<p>La familia de Wilmer Oviedo Yatacu\u00e9 Yonda esper\u00f3 casi 8 a\u00f1os para recibir sus restos y darle cristiana sepultura. Viajaron casi 10 horas para trasladarlo hasta Torib\u00edo (Cauca), de donde era oriundo. Yatacu\u00e9 Yonda fue asesinado por un grupo armado ilegal y sus restos exhumados por peritos del Cuerpo T\u00e9cnico de Investigaci\u00f3n (CTI) de Cali [&hellip;]<\/p>\n","protected":false},"author":143,"featured_media":0,"comment_status":"closed","ping_status":"open","sticky":false,"template":"","format":"standard","meta":{"tdm_status":"","tdm_grid_status":"","footnotes":""},"categories":[1],"tags":[518],"class_list":{"0":"post-96895","1":"post","2":"type-post","3":"status-publish","4":"format-standard","6":"category-noticias","7":"tag-justicia-transicional"},"yoast_head":"<!-- This site is optimized with the Yoast SEO plugin v24.3 - https:\/\/yoast.com\/wordpress\/plugins\/seo\/ -->\n<title>Fiscal\u00eda General de la Naci\u00f3n<\/title>\n<meta name=\"description\" content=\"P\u00e1gina oficial de la Fiscal\u00eda General de la Naci\u00f3n \u2013 Colombia. Garantizamos el acceso efectivo a la justicia, la verdad y la reparaci\u00f3n de las v\u00edctimas de los delitos.\" \/>\n<meta name=\"robots\" content=\"noindex, follow\" \/>\n<meta property=\"og:locale\" content=\"es_ES\" \/>\n<meta property=\"og:type\" content=\"article\" \/>\n<meta property=\"og:title\" content=\"Fiscal\u00eda General de la Naci\u00f3n\" \/>\n<meta property=\"og:description\" content=\"P\u00e1gina oficial de la Fiscal\u00eda General de la Naci\u00f3n \u2013 Colombia. Garantizamos el acceso efectivo a la justicia, la verdad y la reparaci\u00f3n de las v\u00edctimas de los delitos.\" \/>\n<meta property=\"og:url\" content=\"https:\/\/www.fiscalia.gov.co\/colombia\/noticias\/restos-oseos-de-13-victimas-de-grupos-armados-ilegales-en-valle-y-cauca-fueron-entregados-a-sus-familiares\/\" \/>\n<meta property=\"og:site_name\" content=\"Fiscal\u00eda General de la Naci\u00f3n\" \/>\n<meta property=\"article:publisher\" content=\"https:\/\/www.facebook.com\/FiscaliaCol\" \/>\n<meta property=\"article:published_time\" content=\"2016-12-21T21:53:45+00:00\" \/>\n<meta name=\"author\" content=\"dfgordillo\" \/>\n<meta name=\"twitter:card\" content=\"summary_large_image\" \/>\n<meta name=\"twitter:creator\" content=\"@FiscaliaCol\" \/>\n<meta name=\"twitter:site\" content=\"@FiscaliaCol\" \/>\n<meta name=\"twitter:label1\" content=\"Escrito por\" \/>\n\t<meta name=\"twitter:data1\" content=\"dfgordillo\" \/>\n\t<meta name=\"twitter:label2\" content=\"Tiempo de lectura\" \/>\n\t<meta name=\"twitter:data2\" content=\"2 minutos\" \/>\n<script type=\"application\/ld+json\" class=\"yoast-schema-graph\">{\"@context\":\"https:\/\/schema.org\",\"@graph\":[{\"@type\":\"Article\",\"@id\":\"https:\/\/www.fiscalia.gov.co\/colombia\/noticias\/restos-oseos-de-13-victimas-de-grupos-armados-ilegales-en-valle-y-cauca-fueron-entregados-a-sus-familiares\/#article\",\"isPartOf\":{\"@id\":\"https:\/\/www.fiscalia.gov.co\/colombia\/noticias\/restos-oseos-de-13-victimas-de-grupos-armados-ilegales-en-valle-y-cauca-fueron-entregados-a-sus-familiares\/\"},\"author\":{\"name\":\"dfgordillo\",\"@id\":\"https:\/\/www.fiscalia.gov.co\/colombia\/#\/schema\/person\/3903856a3ce2d54b094c69eb29247895\"},\"headline\":\"Restos \u00f3seos de 13 v\u00edctimas de grupos armados ilegales en Valle y Cauca fueron entregados a sus familiares\",\"datePublished\":\"2016-12-21T21:53:45+00:00\",\"dateModified\":\"2016-12-21T21:53:45+00:00\",\"mainEntityOfPage\":{\"@id\":\"https:\/\/www.fiscalia.gov.co\/colombia\/noticias\/restos-oseos-de-13-victimas-de-grupos-armados-ilegales-en-valle-y-cauca-fueron-entregados-a-sus-familiares\/\"},\"wordCount\":374,\"publisher\":{\"@id\":\"https:\/\/www.fiscalia.gov.co\/colombia\/#organization\"},\"keywords\":[\"Justicia transicional\"],\"articleSection\":[\"Noticias\"],\"inLanguage\":\"es-CO\"},{\"@type\":\"WebPage\",\"@id\":\"https:\/\/www.fiscalia.gov.co\/colombia\/noticias\/restos-oseos-de-13-victimas-de-grupos-armados-ilegales-en-valle-y-cauca-fueron-entregados-a-sus-familiares\/\",\"url\":\"https:\/\/www.fiscalia.gov.co\/colombia\/noticias\/restos-oseos-de-13-victimas-de-grupos-armados-ilegales-en-valle-y-cauca-fueron-entregados-a-sus-familiares\/\",\"name\":\"Fiscal\u00eda General de la Naci\u00f3n\",\"isPartOf\":{\"@id\":\"https:\/\/www.fiscalia.gov.co\/colombia\/#website\"},\"datePublished\":\"2016-12-21T21:53:45+00:00\",\"dateModified\":\"2016-12-21T21:53:45+00:00\",\"description\":\"P\u00e1gina oficial de la Fiscal\u00eda General de la Naci\u00f3n \u2013 Colombia. Garantizamos el acceso efectivo a la justicia, la verdad y la reparaci\u00f3n de las v\u00edctimas de los delitos.\",\"breadcrumb\":{\"@id\":\"https:\/\/www.fiscalia.gov.co\/colombia\/noticias\/restos-oseos-de-13-victimas-de-grupos-armados-ilegales-en-valle-y-cauca-fueron-entregados-a-sus-familiares\/#breadcrumb\"},\"inLanguage\":\"es-CO\",\"potentialAction\":[{\"@type\":\"ReadAction\",\"target\":[\"https:\/\/www.fiscalia.gov.co\/colombia\/noticias\/restos-oseos-de-13-victimas-de-grupos-armados-ilegales-en-valle-y-cauca-fueron-entregados-a-sus-familiares\/\"]}]},{\"@type\":\"BreadcrumbList\",\"@id\":\"https:\/\/www.fiscalia.gov.co\/colombia\/noticias\/restos-oseos-de-13-victimas-de-grupos-armados-ilegales-en-valle-y-cauca-fueron-entregados-a-sus-familiares\/#breadcrumb\",\"itemListElement\":[{\"@type\":\"ListItem\",\"position\":1,\"name\":\"Home\",\"item\":\"https:\/\/www.fiscalia.gov.co\/colombia\/\"},{\"@type\":\"ListItem\",\"position\":2,\"name\":\"Restos \u00f3seos de 13 v\u00edctimas de grupos armados ilegales en Valle y Cauca fueron entregados a sus familiares\"}]},{\"@type\":\"WebSite\",\"@id\":\"https:\/\/www.fiscalia.gov.co\/colombia\/#website\",\"url\":\"https:\/\/www.fiscalia.gov.co\/colombia\/\",\"name\":\"Fiscal\u00eda General de la Naci\u00f3n\",\"description\":\"P\u00e1gina oficial de la Fiscal\u00eda General de la Naci\u00f3n \u2013 Colombia. Garantizamos el acceso efectivo a la justicia, la verdad y la reparaci\u00f3n de las v\u00edctimas de los delitos.\",\"publisher\":{\"@id\":\"https:\/\/www.fiscalia.gov.co\/colombia\/#organization\"},\"potentialAction\":[{\"@type\":\"SearchAction\",\"target\":{\"@type\":\"EntryPoint\",\"urlTemplate\":\"https:\/\/www.fiscalia.gov.co\/colombia\/?s={search_term_string}\"},\"query-input\":{\"@type\":\"PropertyValueSpecification\",\"valueRequired\":true,\"valueName\":\"search_term_string\"}}],\"inLanguage\":\"es-CO\"},{\"@type\":\"Organization\",\"@id\":\"https:\/\/www.fiscalia.gov.co\/colombia\/#organization\",\"name\":\"Fiscal\u00eda General de la Naci\u00f3n\",\"url\":\"https:\/\/www.fiscalia.gov.co\/colombia\/\",\"logo\":{\"@type\":\"ImageObject\",\"inLanguage\":\"es-CO\",\"@id\":\"https:\/\/www.fiscalia.gov.co\/colombia\/#\/schema\/logo\/image\/\",\"url\":\"https:\/\/www.fiscalia.gov.co\/colombia\/wp-content\/uploads\/LogoHorizontal_1.jpg\",\"contentUrl\":\"https:\/\/www.fiscalia.gov.co\/colombia\/wp-content\/uploads\/LogoHorizontal_1.jpg\",\"width\":300,\"height\":90,\"caption\":\"Fiscal\u00eda General de la Naci\u00f3n\"},\"image\":{\"@id\":\"https:\/\/www.fiscalia.gov.co\/colombia\/#\/schema\/logo\/image\/\"},\"sameAs\":[\"https:\/\/www.facebook.com\/FiscaliaCol\",\"https:\/\/x.com\/FiscaliaCol\",\"https:\/\/www.instagram.com\/fiscaliacol\",\"https:\/\/www.linkedin.com\/company\/fiscalia-general-de-la-naci-n\/\",\"https:\/\/youtube.com\/@fiscaliageneraldelanacion-4668?si=6nN79nyQICPU5iTh\"]},{\"@type\":\"Person\",\"@id\":\"https:\/\/www.fiscalia.gov.co\/colombia\/#\/schema\/person\/3903856a3ce2d54b094c69eb29247895\",\"name\":\"dfgordillo\",\"image\":{\"@type\":\"ImageObject\",\"inLanguage\":\"es-CO\",\"@id\":\"https:\/\/www.fiscalia.gov.co\/colombia\/#\/schema\/person\/image\/\",\"url\":\"https:\/\/secure.gravatar.com\/avatar\/b6356e21c5657c60757fe6fb9493e947?s=96&d=mm&r=g\",\"contentUrl\":\"https:\/\/secure.gravatar.com\/avatar\/b6356e21c5657c60757fe6fb9493e947?s=96&d=mm&r=g\",\"caption\":\"dfgordillo\"},\"sameAs\":[\"dfgordillo\"],\"url\":\"https:\/\/www.fiscalia.gov.co\/colombia\/author\/dfgordillo\/\"}]}<\/script>\n<!-- \/ Yoast SEO plugin. -->","yoast_head_json":{"title":"Fiscal\u00eda General de la Naci\u00f3n","description":"P\u00e1gina oficial de la Fiscal\u00eda General de la Naci\u00f3n \u2013 Colombia. Garantizamos el acceso efectivo a la justicia, la verdad y la reparaci\u00f3n de las v\u00edctimas de los delitos.","robots":{"index":"noindex","follow":"follow"},"og_locale":"es_ES","og_type":"article","og_title":"Fiscal\u00eda General de la Naci\u00f3n","og_description":"P\u00e1gina oficial de la Fiscal\u00eda General de la Naci\u00f3n \u2013 Colombia. Garantizamos el acceso efectivo a la justicia, la verdad y la reparaci\u00f3n de las v\u00edctimas de los delitos.","og_url":"https:\/\/www.fiscalia.gov.co\/colombia\/noticias\/restos-oseos-de-13-victimas-de-grupos-armados-ilegales-en-valle-y-cauca-fueron-entregados-a-sus-familiares\/","og_site_name":"Fiscal\u00eda General de la Naci\u00f3n","article_publisher":"https:\/\/www.facebook.com\/FiscaliaCol","article_published_time":"2016-12-21T21:53:45+00:00","author":"dfgordillo","twitter_card":"summary_large_image","twitter_creator":"@FiscaliaCol","twitter_site":"@FiscaliaCol","twitter_misc":{"Escrito por":"dfgordillo","Tiempo de lectura":"2 minutos"},"schema":{"@context":"https:\/\/schema.org","@graph":[{"@type":"Article","@id":"https:\/\/www.fiscalia.gov.co\/colombia\/noticias\/restos-oseos-de-13-victimas-de-grupos-armados-ilegales-en-valle-y-cauca-fueron-entregados-a-sus-familiares\/#article","isPartOf":{"@id":"https:\/\/www.fiscalia.gov.co\/colombia\/noticias\/restos-oseos-de-13-victimas-de-grupos-armados-ilegales-en-valle-y-cauca-fueron-entregados-a-sus-familiares\/"},"author":{"name":"dfgordillo","@id":"https:\/\/www.fiscalia.gov.co\/colombia\/#\/schema\/person\/3903856a3ce2d54b094c69eb29247895"},"headline":"Restos \u00f3seos de 13 v\u00edctimas de grupos armados ilegales en Valle y Cauca fueron entregados a sus familiares","datePublished":"2016-12-21T21:53:45+00:00","dateModified":"2016-12-21T21:53:45+00:00","mainEntityOfPage":{"@id":"https:\/\/www.fiscalia.gov.co\/colombia\/noticias\/restos-oseos-de-13-victimas-de-grupos-armados-ilegales-en-valle-y-cauca-fueron-entregados-a-sus-familiares\/"},"wordCount":374,"publisher":{"@id":"https:\/\/www.fiscalia.gov.co\/colombia\/#organization"},"keywords":["Justicia transicional"],"articleSection":["Noticias"],"inLanguage":"es-CO"},{"@type":"WebPage","@id":"https:\/\/www.fiscalia.gov.co\/colombia\/noticias\/restos-oseos-de-13-victimas-de-grupos-armados-ilegales-en-valle-y-cauca-fueron-entregados-a-sus-familiares\/","url":"https:\/\/www.fiscalia.gov.co\/colombia\/noticias\/restos-oseos-de-13-victimas-de-grupos-armados-ilegales-en-valle-y-cauca-fueron-entregados-a-sus-familiares\/","name":"Fiscal\u00eda General de la Naci\u00f3n","isPartOf":{"@id":"https:\/\/www.fiscalia.gov.co\/colombia\/#website"},"datePublished":"2016-12-21T21:53:45+00:00","dateModified":"2016-12-21T21:53:45+00:00","description":"P\u00e1gina oficial de la Fiscal\u00eda General de la Naci\u00f3n \u2013 Colombia. Garantizamos el acceso efectivo a la justicia, la verdad y la reparaci\u00f3n de las v\u00edctimas de los delitos.","breadcrumb":{"@id":"https:\/\/www.fiscalia.gov.co\/colombia\/noticias\/restos-oseos-de-13-victimas-de-grupos-armados-ilegales-en-valle-y-cauca-fueron-entregados-a-sus-familiares\/#breadcrumb"},"inLanguage":"es-CO","potentialAction":[{"@type":"ReadAction","target":["https:\/\/www.fiscalia.gov.co\/colombia\/noticias\/restos-oseos-de-13-victimas-de-grupos-armados-ilegales-en-valle-y-cauca-fueron-entregados-a-sus-familiares\/"]}]},{"@type":"BreadcrumbList","@id":"https:\/\/www.fiscalia.gov.co\/colombia\/noticias\/restos-oseos-de-13-victimas-de-grupos-armados-ilegales-en-valle-y-cauca-fueron-entregados-a-sus-familiares\/#breadcrumb","itemListElement":[{"@type":"ListItem","position":1,"name":"Home","item":"https:\/\/www.fiscalia.gov.co\/colombia\/"},{"@type":"ListItem","position":2,"name":"Restos \u00f3seos de 13 v\u00edctimas de grupos armados ilegales en Valle y Cauca fueron entregados a sus familiares"}]},{"@type":"WebSite","@id":"https:\/\/www.fiscalia.gov.co\/colombia\/#website","url":"https:\/\/www.fiscalia.gov.co\/colombia\/","name":"Fiscal\u00eda General de la Naci\u00f3n","description":"P\u00e1gina oficial de la Fiscal\u00eda General de la Naci\u00f3n \u2013 Colombia. Garantizamos el acceso efectivo a la justicia, la verdad y la reparaci\u00f3n de las v\u00edctimas de los delitos.","publisher":{"@id":"https:\/\/www.fiscalia.gov.co\/colombia\/#organization"},"potentialAction":[{"@type":"SearchAction","target":{"@type":"EntryPoint","urlTemplate":"https:\/\/www.fiscalia.gov.co\/colombia\/?s={search_term_string}"},"query-input":{"@type":"PropertyValueSpecification","valueRequired":true,"valueName":"search_term_string"}}],"inLanguage":"es-CO"},{"@type":"Organization","@id":"https:\/\/www.fiscalia.gov.co\/colombia\/#organization","name":"Fiscal\u00eda General de la Naci\u00f3n","url":"https:\/\/www.fiscalia.gov.co\/colombia\/","logo":{"@type":"ImageObject","inLanguage":"es-CO","@id":"https:\/\/www.fiscalia.gov.co\/colombia\/#\/schema\/logo\/image\/","url":"https:\/\/www.fiscalia.gov.co\/colombia\/wp-content\/uploads\/LogoHorizontal_1.jpg","contentUrl":"https:\/\/www.fiscalia.gov.co\/colombia\/wp-content\/uploads\/LogoHorizontal_1.jpg","width":300,"height":90,"caption":"Fiscal\u00eda General de la Naci\u00f3n"},"image":{"@id":"https:\/\/www.fiscalia.gov.co\/colombia\/#\/schema\/logo\/image\/"},"sameAs":["https:\/\/www.facebook.com\/FiscaliaCol","https:\/\/x.com\/FiscaliaCol","https:\/\/www.instagram.com\/fiscaliacol","https:\/\/www.linkedin.com\/company\/fiscalia-general-de-la-naci-n\/","https:\/\/youtube.com\/@fiscaliageneraldelanacion-4668?si=6nN79nyQICPU5iTh"]},{"@type":"Person","@id":"https:\/\/www.fiscalia.gov.co\/colombia\/#\/schema\/person\/3903856a3ce2d54b094c69eb29247895","name":"dfgordillo","image":{"@type":"ImageObject","inLanguage":"es-CO","@id":"https:\/\/www.fiscalia.gov.co\/colombia\/#\/schema\/person\/image\/","url":"https:\/\/secure.gravatar.com\/avatar\/b6356e21c5657c60757fe6fb9493e947?s=96&d=mm&r=g","contentUrl":"https:\/\/secure.gravatar.com\/avatar\/b6356e21c5657c60757fe6fb9493e947?s=96&d=mm&r=g","caption":"dfgordillo"},"sameAs":["dfgordillo"],"url":"https:\/\/www.fiscalia.gov.co\/colombia\/author\/dfgordillo\/"}]}},"_links":{"self":[{"href":"https:\/\/www.fiscalia.gov.co\/colombia\/wp-json\/wp\/v2\/posts\/96895","targetHints":{"allow":["GET"]}}],"collection":[{"href":"https:\/\/www.fiscalia.gov.co\/colombia\/wp-json\/wp\/v2\/posts"}],"about":[{"href":"https:\/\/www.fiscalia.gov.co\/colombia\/wp-json\/wp\/v2\/types\/post"}],"author":[{"embeddable":true,"href":"https:\/\/www.fiscalia.gov.co\/colombia\/wp-json\/wp\/v2\/users\/143"}],"replies":[{"embeddable":true,"href":"https:\/\/www.fiscalia.gov.co\/colombia\/wp-json\/wp\/v2\/comments?post=96895"}],"version-history":[{"count":2,"href":"https:\/\/www.fiscalia.gov.co\/colombia\/wp-json\/wp\/v2\/posts\/96895\/revisions"}],"predecessor-version":[{"id":96897,"href":"https:\/\/www.fiscalia.gov.co\/colombia\/wp-json\/wp\/v2\/posts\/96895\/revisions\/96897"}],"wp:attachment":[{"href":"https:\/\/www.fiscalia.gov.co\/colombia\/wp-json\/wp\/v2\/media?parent=96895"}],"wp:term":[{"taxonomy":"category","embeddable":true,"href":"https:\/\/www.fiscalia.gov.co\/colombia\/wp-json\/wp\/v2\/categories?post=96895"},{"taxonomy":"post_tag","embeddable":true,"href":"https:\/\/www.fiscalia.gov.co\/colombia\/wp-json\/wp\/v2\/tags?post=96895"}],"curies":[{"name":"wp","href":"https:\/\/api.w.org\/{rel}","templated":true}]}}