{"id":96738,"date":"2016-12-19T10:55:28","date_gmt":"2016-12-19T15:55:28","guid":{"rendered":"http:\/\/www.fiscalia.gov.co\/colombia\/?p=96738"},"modified":"2016-12-19T10:55:28","modified_gmt":"2016-12-19T15:55:28","slug":"fiscalia-y-ministerio-publico-apelan-libertad-de-los-8-presuntos-implicados-en-irregularidades-en-contrato-del-servicio-farmaceutico-en-el-huv","status":"publish","type":"post","link":"https:\/\/www.fiscalia.gov.co\/colombia\/noticias\/fiscalia-y-ministerio-publico-apelan-libertad-de-los-8-presuntos-implicados-en-irregularidades-en-contrato-del-servicio-farmaceutico-en-el-huv\/","title":{"rendered":"Fiscal\u00eda y Ministerio P\u00fablico apelan libertad de los 8 presuntos implicados en irregularidades en contrato del servicio farmac\u00e9utico en el HUV"},"content":{"rendered":"<p>Ante la decisi\u00f3n de la Juez 13 Penal Municipal, con funciones de control de garant\u00edas, de no imponer medida de aseguramiento en contra de 8 personas, por las presuntas irregularidades en el contrato del servicio farmac\u00e9utico del Hospital Universitario del Valle (HUV), la Fiscal\u00eda General de la Naci\u00f3n y el Ministerio P\u00fablico interpusieron el recurso de apelaci\u00f3n.<\/p>\n<p>As\u00ed se conoci\u00f3 en las \u00faltimas horas, luego de que el togado les concediera la libertad a los procesados, entre ellos, al exdirector del centro asistencial, al gerente de la Uni\u00f3n Temporal Vallepharma. Sin embargo, contin\u00faan vinculados al proceso.<\/p>\n<p>Contrario a lo solicitado por la Fiscal\u00eda y el Ministerio P\u00fablico, la juez consider\u00f3 que no se cumpl\u00edan los fines de la medida de aseguramiento, pues no representan un peligro la sociedad, no van a obstruir la justicia, que comparecer\u00e1n al Despacho y tienen arraigo.<\/p>\n<p>A trav\u00e9s del Plan Bolsillos de Cristal, cero tolerancia a la corrupci\u00f3n, se puso en evidencia una detrimento patrimonial de m\u00e1s de 20 mil millones de pesos en el sector de la salud, en Cali (Valle del Cauca).<\/p>\n<p>Luego de varios meses de trabajo investigativo, una fiscal\u00eda de la Unidad Administraci\u00f3n P\u00fablica, se estableci\u00f3 que en el a\u00f1o 2014, el HUV suscribi\u00f3 un contrato con Vallepharma, para el suministro y dispensaci\u00f3n de medicamentos que inclu\u00eda dispositivos m\u00e9dicos y quir\u00fargicos, material de osteos\u00edntesis y dotaci\u00f3n de equipos tecnol\u00f3gicos.<\/p>\n<p>Sin embargo, se determin\u00f3 que como el HUV no contaba con la certificaci\u00f3n del Invima para el suministro de medicamentos, este deb\u00eda contratar con una entidad que s\u00ed tuviera dicho aval, pero Vallepharma no ten\u00eda tal certificaci\u00f3n.<\/p>\n<p>Para el ente acusador, se violaron los principios de contrataci\u00f3n como planeaci\u00f3n y transparencia.<\/p>\n<p>En los an\u00e1lisis periciales del CTI se hall\u00f3 un detrimento de $20.047.764.990 por sobrecostos de los medicamentos. Para ello se tuvo en cuenta el valor de los mismos en el mercado, por lo que se estima que fue de un 38% el incremento.<\/p>\n<p>Asimismo, se habr\u00eda realizado un contrato de arrendamiento de un espacio f\u00edsico y uso de dotaciones en equipos con Vallepharma, por valor de 10 millones de pesos. No obstante, el HUV hab\u00eda invertido $1.007.095.699 en adecuaciones f\u00edsicas para ese servicio farmac\u00e9utico, por lo que la Fiscal\u00eda considera que se trataba de un arriendo irrisorio.<\/p>\n<p>De otro lado, en el contrato se estipul\u00f3 que el HUV entregaba a Vallepharma, en inventario, unos medicamentos que ten\u00eda por valor de $2.700 millones, pero dicho contrato se habr\u00eda modificado y se entregaron los medicamentos en consignaci\u00f3n y, adem\u00e1s, el HUV le pagar\u00eda al contratista un dinero por la administraci\u00f3n y manejo de los mismos.<\/p>\n<p><strong>Los capturados<\/strong><\/p>\n<p>Durante 7 diligencias de allanamiento y registro, el CTI con apoyo del Ej\u00e9rcito Nacional, hizo efectivas las capturas de: Jaime Ram\u00f3n Rubiano, exdirector del HUV; Luz Marina Lagarejo Hinestroza, jefe jur\u00eddica del HUV para la \u00e9poca de los hechos; Jos\u00e9 Alejandro Vallejo Gordillo; integrante del comit\u00e9 evaluador; Hernando Hely Manosalva Archila, interventor; Milton Mosquera Montoya, gerente de Vallepharma; Naralia Andrea Caicedo Lozada, integrante del comit\u00e9 evaluador; Yohanna Vallejo Castillo, integrante del comit\u00e9 evaluador y Eduardo\u00a0Cruz Fern\u00e1ndez, integrante del comit\u00e9 evaluador y quien se entreg\u00f3 al CTI.<\/p>\n<p>La Fiscal\u00eda formul\u00f3 cargos por los delitos de peculado por apropiaci\u00f3n, inter\u00e9s indebido en la celebraci\u00f3n de contratos y contrato sin cumplimiento de los requisitos legales.<\/p>\n<p>Ma\u00f1ana martes 20 de diciembre, a partir de las 2:00 p.m., la Fiscal\u00eda y el Ministerio P\u00fablico sustentar\u00e1n el recurso de apelaci\u00f3n contra la decisi\u00f3n del juez de primera instancia.<\/p>\n<p>&nbsp;<\/p>\n<p>MAP\/DLBM<\/p>\n\n<div class=\"twitter-share\"><a href=\"https:\/\/twitter.com\/intent\/tweet?via=fiscaliacol\" class=\"twitter-share-button\">Tweet<\/a><\/div>\n","protected":false},"excerpt":{"rendered":"<p>Ante la decisi\u00f3n de la Juez 13 Penal Municipal, con funciones de control de garant\u00edas, de no imponer medida de aseguramiento en contra de 8 personas, por las presuntas irregularidades en el contrato del servicio farmac\u00e9utico del Hospital Universitario del Valle (HUV), la Fiscal\u00eda General de la Naci\u00f3n y el Ministerio P\u00fablico interpusieron el recurso [&hellip;]<\/p>\n","protected":false},"author":143,"featured_media":0,"comment_status":"closed","ping_status":"open","sticky":false,"template":"","format":"standard","meta":{"tdm_status":"","tdm_grid_status":"","footnotes":""},"categories":[1],"tags":[],"class_list":{"0":"post-96738","1":"post","2":"type-post","3":"status-publish","4":"format-standard","6":"category-noticias"},"yoast_head":"<!-- This site is optimized with the Yoast SEO plugin v24.3 - https:\/\/yoast.com\/wordpress\/plugins\/seo\/ -->\n<title>Fiscal\u00eda General de la Naci\u00f3n<\/title>\n<meta name=\"description\" content=\"P\u00e1gina oficial de la Fiscal\u00eda General de la Naci\u00f3n \u2013 Colombia. Garantizamos el acceso efectivo a la justicia, la verdad y la reparaci\u00f3n de las v\u00edctimas de los delitos.\" \/>\n<meta name=\"robots\" content=\"noindex, follow\" \/>\n<meta property=\"og:locale\" content=\"es_ES\" \/>\n<meta property=\"og:type\" content=\"article\" \/>\n<meta property=\"og:title\" content=\"Fiscal\u00eda General de la Naci\u00f3n\" \/>\n<meta property=\"og:description\" content=\"P\u00e1gina oficial de la Fiscal\u00eda General de la Naci\u00f3n \u2013 Colombia. Garantizamos el acceso efectivo a la justicia, la verdad y la reparaci\u00f3n de las v\u00edctimas de los delitos.\" \/>\n<meta property=\"og:url\" content=\"https:\/\/www.fiscalia.gov.co\/colombia\/noticias\/fiscalia-y-ministerio-publico-apelan-libertad-de-los-8-presuntos-implicados-en-irregularidades-en-contrato-del-servicio-farmaceutico-en-el-huv\/\" \/>\n<meta property=\"og:site_name\" content=\"Fiscal\u00eda General de la Naci\u00f3n\" \/>\n<meta property=\"article:publisher\" content=\"https:\/\/www.facebook.com\/FiscaliaCol\" \/>\n<meta property=\"article:published_time\" content=\"2016-12-19T15:55:28+00:00\" \/>\n<meta name=\"author\" content=\"dfgordillo\" \/>\n<meta name=\"twitter:card\" content=\"summary_large_image\" \/>\n<meta name=\"twitter:creator\" content=\"@FiscaliaCol\" \/>\n<meta name=\"twitter:site\" content=\"@FiscaliaCol\" \/>\n<meta name=\"twitter:label1\" content=\"Escrito por\" \/>\n\t<meta name=\"twitter:data1\" content=\"dfgordillo\" \/>\n\t<meta name=\"twitter:label2\" content=\"Tiempo de lectura\" \/>\n\t<meta name=\"twitter:data2\" content=\"3 minutos\" \/>\n<script type=\"application\/ld+json\" class=\"yoast-schema-graph\">{\"@context\":\"https:\/\/schema.org\",\"@graph\":[{\"@type\":\"Article\",\"@id\":\"https:\/\/www.fiscalia.gov.co\/colombia\/noticias\/fiscalia-y-ministerio-publico-apelan-libertad-de-los-8-presuntos-implicados-en-irregularidades-en-contrato-del-servicio-farmaceutico-en-el-huv\/#article\",\"isPartOf\":{\"@id\":\"https:\/\/www.fiscalia.gov.co\/colombia\/noticias\/fiscalia-y-ministerio-publico-apelan-libertad-de-los-8-presuntos-implicados-en-irregularidades-en-contrato-del-servicio-farmaceutico-en-el-huv\/\"},\"author\":{\"name\":\"dfgordillo\",\"@id\":\"https:\/\/www.fiscalia.gov.co\/colombia\/#\/schema\/person\/3903856a3ce2d54b094c69eb29247895\"},\"headline\":\"Fiscal\u00eda y Ministerio P\u00fablico apelan libertad de los 8 presuntos implicados en irregularidades en contrato del servicio farmac\u00e9utico en el HUV\",\"datePublished\":\"2016-12-19T15:55:28+00:00\",\"dateModified\":\"2016-12-19T15:55:28+00:00\",\"mainEntityOfPage\":{\"@id\":\"https:\/\/www.fiscalia.gov.co\/colombia\/noticias\/fiscalia-y-ministerio-publico-apelan-libertad-de-los-8-presuntos-implicados-en-irregularidades-en-contrato-del-servicio-farmaceutico-en-el-huv\/\"},\"wordCount\":652,\"publisher\":{\"@id\":\"https:\/\/www.fiscalia.gov.co\/colombia\/#organization\"},\"articleSection\":[\"Noticias\"],\"inLanguage\":\"es-CO\"},{\"@type\":\"WebPage\",\"@id\":\"https:\/\/www.fiscalia.gov.co\/colombia\/noticias\/fiscalia-y-ministerio-publico-apelan-libertad-de-los-8-presuntos-implicados-en-irregularidades-en-contrato-del-servicio-farmaceutico-en-el-huv\/\",\"url\":\"https:\/\/www.fiscalia.gov.co\/colombia\/noticias\/fiscalia-y-ministerio-publico-apelan-libertad-de-los-8-presuntos-implicados-en-irregularidades-en-contrato-del-servicio-farmaceutico-en-el-huv\/\",\"name\":\"Fiscal\u00eda General de la Naci\u00f3n\",\"isPartOf\":{\"@id\":\"https:\/\/www.fiscalia.gov.co\/colombia\/#website\"},\"datePublished\":\"2016-12-19T15:55:28+00:00\",\"dateModified\":\"2016-12-19T15:55:28+00:00\",\"description\":\"P\u00e1gina oficial de la Fiscal\u00eda General de la Naci\u00f3n \u2013 Colombia. Garantizamos el acceso efectivo a la justicia, la verdad y la reparaci\u00f3n de las v\u00edctimas de los delitos.\",\"breadcrumb\":{\"@id\":\"https:\/\/www.fiscalia.gov.co\/colombia\/noticias\/fiscalia-y-ministerio-publico-apelan-libertad-de-los-8-presuntos-implicados-en-irregularidades-en-contrato-del-servicio-farmaceutico-en-el-huv\/#breadcrumb\"},\"inLanguage\":\"es-CO\",\"potentialAction\":[{\"@type\":\"ReadAction\",\"target\":[\"https:\/\/www.fiscalia.gov.co\/colombia\/noticias\/fiscalia-y-ministerio-publico-apelan-libertad-de-los-8-presuntos-implicados-en-irregularidades-en-contrato-del-servicio-farmaceutico-en-el-huv\/\"]}]},{\"@type\":\"BreadcrumbList\",\"@id\":\"https:\/\/www.fiscalia.gov.co\/colombia\/noticias\/fiscalia-y-ministerio-publico-apelan-libertad-de-los-8-presuntos-implicados-en-irregularidades-en-contrato-del-servicio-farmaceutico-en-el-huv\/#breadcrumb\",\"itemListElement\":[{\"@type\":\"ListItem\",\"position\":1,\"name\":\"Home\",\"item\":\"https:\/\/www.fiscalia.gov.co\/colombia\/\"},{\"@type\":\"ListItem\",\"position\":2,\"name\":\"Fiscal\u00eda y Ministerio P\u00fablico apelan libertad de los 8 presuntos implicados en irregularidades en contrato del servicio farmac\u00e9utico en el HUV\"}]},{\"@type\":\"WebSite\",\"@id\":\"https:\/\/www.fiscalia.gov.co\/colombia\/#website\",\"url\":\"https:\/\/www.fiscalia.gov.co\/colombia\/\",\"name\":\"Fiscal\u00eda General de la Naci\u00f3n\",\"description\":\"P\u00e1gina oficial de la Fiscal\u00eda General de la Naci\u00f3n \u2013 Colombia. Garantizamos el acceso efectivo a la justicia, la verdad y la reparaci\u00f3n de las v\u00edctimas de los delitos.\",\"publisher\":{\"@id\":\"https:\/\/www.fiscalia.gov.co\/colombia\/#organization\"},\"potentialAction\":[{\"@type\":\"SearchAction\",\"target\":{\"@type\":\"EntryPoint\",\"urlTemplate\":\"https:\/\/www.fiscalia.gov.co\/colombia\/?s={search_term_string}\"},\"query-input\":{\"@type\":\"PropertyValueSpecification\",\"valueRequired\":true,\"valueName\":\"search_term_string\"}}],\"inLanguage\":\"es-CO\"},{\"@type\":\"Organization\",\"@id\":\"https:\/\/www.fiscalia.gov.co\/colombia\/#organization\",\"name\":\"Fiscal\u00eda General de la Naci\u00f3n\",\"url\":\"https:\/\/www.fiscalia.gov.co\/colombia\/\",\"logo\":{\"@type\":\"ImageObject\",\"inLanguage\":\"es-CO\",\"@id\":\"https:\/\/www.fiscalia.gov.co\/colombia\/#\/schema\/logo\/image\/\",\"url\":\"https:\/\/www.fiscalia.gov.co\/colombia\/wp-content\/uploads\/LogoHorizontal_1.jpg\",\"contentUrl\":\"https:\/\/www.fiscalia.gov.co\/colombia\/wp-content\/uploads\/LogoHorizontal_1.jpg\",\"width\":300,\"height\":90,\"caption\":\"Fiscal\u00eda General de la Naci\u00f3n\"},\"image\":{\"@id\":\"https:\/\/www.fiscalia.gov.co\/colombia\/#\/schema\/logo\/image\/\"},\"sameAs\":[\"https:\/\/www.facebook.com\/FiscaliaCol\",\"https:\/\/x.com\/FiscaliaCol\",\"https:\/\/www.instagram.com\/fiscaliacol\",\"https:\/\/www.linkedin.com\/company\/fiscalia-general-de-la-naci-n\/\",\"https:\/\/youtube.com\/@fiscaliageneraldelanacion-4668?si=6nN79nyQICPU5iTh\"]},{\"@type\":\"Person\",\"@id\":\"https:\/\/www.fiscalia.gov.co\/colombia\/#\/schema\/person\/3903856a3ce2d54b094c69eb29247895\",\"name\":\"dfgordillo\",\"image\":{\"@type\":\"ImageObject\",\"inLanguage\":\"es-CO\",\"@id\":\"https:\/\/www.fiscalia.gov.co\/colombia\/#\/schema\/person\/image\/\",\"url\":\"https:\/\/secure.gravatar.com\/avatar\/b6356e21c5657c60757fe6fb9493e947?s=96&d=mm&r=g\",\"contentUrl\":\"https:\/\/secure.gravatar.com\/avatar\/b6356e21c5657c60757fe6fb9493e947?s=96&d=mm&r=g\",\"caption\":\"dfgordillo\"},\"sameAs\":[\"dfgordillo\"],\"url\":\"https:\/\/www.fiscalia.gov.co\/colombia\/author\/dfgordillo\/\"}]}<\/script>\n<!-- \/ Yoast SEO plugin. -->","yoast_head_json":{"title":"Fiscal\u00eda General de la Naci\u00f3n","description":"P\u00e1gina oficial de la Fiscal\u00eda General de la Naci\u00f3n \u2013 Colombia. Garantizamos el acceso efectivo a la justicia, la verdad y la reparaci\u00f3n de las v\u00edctimas de los delitos.","robots":{"index":"noindex","follow":"follow"},"og_locale":"es_ES","og_type":"article","og_title":"Fiscal\u00eda General de la Naci\u00f3n","og_description":"P\u00e1gina oficial de la Fiscal\u00eda General de la Naci\u00f3n \u2013 Colombia. Garantizamos el acceso efectivo a la justicia, la verdad y la reparaci\u00f3n de las v\u00edctimas de los delitos.","og_url":"https:\/\/www.fiscalia.gov.co\/colombia\/noticias\/fiscalia-y-ministerio-publico-apelan-libertad-de-los-8-presuntos-implicados-en-irregularidades-en-contrato-del-servicio-farmaceutico-en-el-huv\/","og_site_name":"Fiscal\u00eda General de la Naci\u00f3n","article_publisher":"https:\/\/www.facebook.com\/FiscaliaCol","article_published_time":"2016-12-19T15:55:28+00:00","author":"dfgordillo","twitter_card":"summary_large_image","twitter_creator":"@FiscaliaCol","twitter_site":"@FiscaliaCol","twitter_misc":{"Escrito por":"dfgordillo","Tiempo de lectura":"3 minutos"},"schema":{"@context":"https:\/\/schema.org","@graph":[{"@type":"Article","@id":"https:\/\/www.fiscalia.gov.co\/colombia\/noticias\/fiscalia-y-ministerio-publico-apelan-libertad-de-los-8-presuntos-implicados-en-irregularidades-en-contrato-del-servicio-farmaceutico-en-el-huv\/#article","isPartOf":{"@id":"https:\/\/www.fiscalia.gov.co\/colombia\/noticias\/fiscalia-y-ministerio-publico-apelan-libertad-de-los-8-presuntos-implicados-en-irregularidades-en-contrato-del-servicio-farmaceutico-en-el-huv\/"},"author":{"name":"dfgordillo","@id":"https:\/\/www.fiscalia.gov.co\/colombia\/#\/schema\/person\/3903856a3ce2d54b094c69eb29247895"},"headline":"Fiscal\u00eda y Ministerio P\u00fablico apelan libertad de los 8 presuntos implicados en irregularidades en contrato del servicio farmac\u00e9utico en el HUV","datePublished":"2016-12-19T15:55:28+00:00","dateModified":"2016-12-19T15:55:28+00:00","mainEntityOfPage":{"@id":"https:\/\/www.fiscalia.gov.co\/colombia\/noticias\/fiscalia-y-ministerio-publico-apelan-libertad-de-los-8-presuntos-implicados-en-irregularidades-en-contrato-del-servicio-farmaceutico-en-el-huv\/"},"wordCount":652,"publisher":{"@id":"https:\/\/www.fiscalia.gov.co\/colombia\/#organization"},"articleSection":["Noticias"],"inLanguage":"es-CO"},{"@type":"WebPage","@id":"https:\/\/www.fiscalia.gov.co\/colombia\/noticias\/fiscalia-y-ministerio-publico-apelan-libertad-de-los-8-presuntos-implicados-en-irregularidades-en-contrato-del-servicio-farmaceutico-en-el-huv\/","url":"https:\/\/www.fiscalia.gov.co\/colombia\/noticias\/fiscalia-y-ministerio-publico-apelan-libertad-de-los-8-presuntos-implicados-en-irregularidades-en-contrato-del-servicio-farmaceutico-en-el-huv\/","name":"Fiscal\u00eda General de la Naci\u00f3n","isPartOf":{"@id":"https:\/\/www.fiscalia.gov.co\/colombia\/#website"},"datePublished":"2016-12-19T15:55:28+00:00","dateModified":"2016-12-19T15:55:28+00:00","description":"P\u00e1gina oficial de la Fiscal\u00eda General de la Naci\u00f3n \u2013 Colombia. Garantizamos el acceso efectivo a la justicia, la verdad y la reparaci\u00f3n de las v\u00edctimas de los delitos.","breadcrumb":{"@id":"https:\/\/www.fiscalia.gov.co\/colombia\/noticias\/fiscalia-y-ministerio-publico-apelan-libertad-de-los-8-presuntos-implicados-en-irregularidades-en-contrato-del-servicio-farmaceutico-en-el-huv\/#breadcrumb"},"inLanguage":"es-CO","potentialAction":[{"@type":"ReadAction","target":["https:\/\/www.fiscalia.gov.co\/colombia\/noticias\/fiscalia-y-ministerio-publico-apelan-libertad-de-los-8-presuntos-implicados-en-irregularidades-en-contrato-del-servicio-farmaceutico-en-el-huv\/"]}]},{"@type":"BreadcrumbList","@id":"https:\/\/www.fiscalia.gov.co\/colombia\/noticias\/fiscalia-y-ministerio-publico-apelan-libertad-de-los-8-presuntos-implicados-en-irregularidades-en-contrato-del-servicio-farmaceutico-en-el-huv\/#breadcrumb","itemListElement":[{"@type":"ListItem","position":1,"name":"Home","item":"https:\/\/www.fiscalia.gov.co\/colombia\/"},{"@type":"ListItem","position":2,"name":"Fiscal\u00eda y Ministerio P\u00fablico apelan libertad de los 8 presuntos implicados en irregularidades en contrato del servicio farmac\u00e9utico en el HUV"}]},{"@type":"WebSite","@id":"https:\/\/www.fiscalia.gov.co\/colombia\/#website","url":"https:\/\/www.fiscalia.gov.co\/colombia\/","name":"Fiscal\u00eda General de la Naci\u00f3n","description":"P\u00e1gina oficial de la Fiscal\u00eda General de la Naci\u00f3n \u2013 Colombia. Garantizamos el acceso efectivo a la justicia, la verdad y la reparaci\u00f3n de las v\u00edctimas de los delitos.","publisher":{"@id":"https:\/\/www.fiscalia.gov.co\/colombia\/#organization"},"potentialAction":[{"@type":"SearchAction","target":{"@type":"EntryPoint","urlTemplate":"https:\/\/www.fiscalia.gov.co\/colombia\/?s={search_term_string}"},"query-input":{"@type":"PropertyValueSpecification","valueRequired":true,"valueName":"search_term_string"}}],"inLanguage":"es-CO"},{"@type":"Organization","@id":"https:\/\/www.fiscalia.gov.co\/colombia\/#organization","name":"Fiscal\u00eda General de la Naci\u00f3n","url":"https:\/\/www.fiscalia.gov.co\/colombia\/","logo":{"@type":"ImageObject","inLanguage":"es-CO","@id":"https:\/\/www.fiscalia.gov.co\/colombia\/#\/schema\/logo\/image\/","url":"https:\/\/www.fiscalia.gov.co\/colombia\/wp-content\/uploads\/LogoHorizontal_1.jpg","contentUrl":"https:\/\/www.fiscalia.gov.co\/colombia\/wp-content\/uploads\/LogoHorizontal_1.jpg","width":300,"height":90,"caption":"Fiscal\u00eda General de la Naci\u00f3n"},"image":{"@id":"https:\/\/www.fiscalia.gov.co\/colombia\/#\/schema\/logo\/image\/"},"sameAs":["https:\/\/www.facebook.com\/FiscaliaCol","https:\/\/x.com\/FiscaliaCol","https:\/\/www.instagram.com\/fiscaliacol","https:\/\/www.linkedin.com\/company\/fiscalia-general-de-la-naci-n\/","https:\/\/youtube.com\/@fiscaliageneraldelanacion-4668?si=6nN79nyQICPU5iTh"]},{"@type":"Person","@id":"https:\/\/www.fiscalia.gov.co\/colombia\/#\/schema\/person\/3903856a3ce2d54b094c69eb29247895","name":"dfgordillo","image":{"@type":"ImageObject","inLanguage":"es-CO","@id":"https:\/\/www.fiscalia.gov.co\/colombia\/#\/schema\/person\/image\/","url":"https:\/\/secure.gravatar.com\/avatar\/b6356e21c5657c60757fe6fb9493e947?s=96&d=mm&r=g","contentUrl":"https:\/\/secure.gravatar.com\/avatar\/b6356e21c5657c60757fe6fb9493e947?s=96&d=mm&r=g","caption":"dfgordillo"},"sameAs":["dfgordillo"],"url":"https:\/\/www.fiscalia.gov.co\/colombia\/author\/dfgordillo\/"}]}},"_links":{"self":[{"href":"https:\/\/www.fiscalia.gov.co\/colombia\/wp-json\/wp\/v2\/posts\/96738","targetHints":{"allow":["GET"]}}],"collection":[{"href":"https:\/\/www.fiscalia.gov.co\/colombia\/wp-json\/wp\/v2\/posts"}],"about":[{"href":"https:\/\/www.fiscalia.gov.co\/colombia\/wp-json\/wp\/v2\/types\/post"}],"author":[{"embeddable":true,"href":"https:\/\/www.fiscalia.gov.co\/colombia\/wp-json\/wp\/v2\/users\/143"}],"replies":[{"embeddable":true,"href":"https:\/\/www.fiscalia.gov.co\/colombia\/wp-json\/wp\/v2\/comments?post=96738"}],"version-history":[{"count":2,"href":"https:\/\/www.fiscalia.gov.co\/colombia\/wp-json\/wp\/v2\/posts\/96738\/revisions"}],"predecessor-version":[{"id":96740,"href":"https:\/\/www.fiscalia.gov.co\/colombia\/wp-json\/wp\/v2\/posts\/96738\/revisions\/96740"}],"wp:attachment":[{"href":"https:\/\/www.fiscalia.gov.co\/colombia\/wp-json\/wp\/v2\/media?parent=96738"}],"wp:term":[{"taxonomy":"category","embeddable":true,"href":"https:\/\/www.fiscalia.gov.co\/colombia\/wp-json\/wp\/v2\/categories?post=96738"},{"taxonomy":"post_tag","embeddable":true,"href":"https:\/\/www.fiscalia.gov.co\/colombia\/wp-json\/wp\/v2\/tags?post=96738"}],"curies":[{"name":"wp","href":"https:\/\/api.w.org\/{rel}","templated":true}]}}