{"id":96725,"date":"2016-12-17T08:30:59","date_gmt":"2016-12-17T13:30:59","guid":{"rendered":"http:\/\/www.fiscalia.gov.co\/colombia\/?p=96725"},"modified":"2017-04-17T14:02:57","modified_gmt":"2017-04-17T19:02:57","slug":"38-capturados-en-la-ultima-semana-por-casos-de-corrupcion-en-el-marco-del-plan-bolsillos-de-cristal","status":"publish","type":"post","link":"https:\/\/www.fiscalia.gov.co\/colombia\/noticias\/38-capturados-en-la-ultima-semana-por-casos-de-corrupcion-en-el-marco-del-plan-bolsillos-de-cristal\/","title":{"rendered":"38 capturados en la \u00faltima semana por casos de corrupci\u00f3n en el marco del Plan Bolsillos de Cristal"},"content":{"rendered":"<p>Durante la \u00faltima semana la Fiscal\u00eda General de la Naci\u00f3n adelant\u00f3 10 operativos contra la corrupci\u00f3n, logrando la captura de 38 personas en los departamentos de Bol\u00edvar, Atl\u00e1ntico, C\u00f3rdoba, Cundinamarca, Putumayo, Sucre, Magdalena y Valle del Cauca.<\/p>\n<p>Bol\u00edvar fue el departamento donde se efectuaron m\u00e1s capturas al materializar 10 de ellas, seguido de Atl\u00e1ntico con 9, Valle del Cauca con 8, Sucre con 6, C\u00f3rdoba con 2 y Cundinamarca, Putumayo y Magdalena con 1 cada uno, respectivamente.<\/p>\n<p>Estos resultados se dan en el marco del Plan Bolsillos de Cristal, liderado por el Fiscal General de la Naci\u00f3n, N\u00e9stor Humberto Mart\u00ednez Neira, que busca combatir la corrupci\u00f3n como fen\u00f3meno de mayor impacto para la econom\u00eda del pa\u00eds y para el manejo de los recursos p\u00fablicos.<\/p>\n<p>Los operativos fueron efectuados as\u00ed:<\/p>\n<p>&nbsp;<\/p>\n<p><strong><span style=\"text-decoration: underline;\">Bol\u00edvar<\/span><\/strong><\/p>\n<p>En una operaci\u00f3n denominada \u201cCuello Blanco\u201d y en cumplimiento de las Jornadas Nacionales en contra de la Corrupci\u00f3n, la Fiscal\u00eda efectu\u00f3 cinco capturas por el delito de alteraci\u00f3n de resultados electorales y cohecho por dar u ofrecer.<\/p>\n<p>De acuerdo con la investigaci\u00f3n se logr\u00f3 identificar la alteraci\u00f3n de los resultados de las elecciones de autoridades locales de 2015 en Cartagena, con el fin de favorecer a candidatos determinados a cambio de remuneraciones econ\u00f3micas.<\/p>\n<p>Algunos de los implicados ofrec\u00edan asesoramiento en la respuesta de demandas relacionadas con irregularidades en materia electoral y en la expedici\u00f3n irregular de documentos de identificaci\u00f3n como c\u00e9dulas de ciudadan\u00eda.<\/p>\n<p>Los capturados son: Jorge Alfonso Useche Correa, Concejal de Cartagena; Jorge Luis Correa Rosales, actual gerente general del Nuevo Hospital Bocagrande y exdirector del Dadis Cartagena; Jorge Restrepo Name, ex director regional del Sena Atl\u00e1ntico; Humberto Ceballos Fern\u00e1ndez y Patricia Eugenia Jim\u00e9nez Massa, Delegados Departamentales de la Registradur\u00eda Bol\u00edvar.<\/p>\n<p>En un segundo operativo, se efectuaron otras cinco capturas a personas presuntamente vinculadas en los delitos de peculado por apropiaci\u00f3n, concierto para delinquir, falsedad ideol\u00f3gica en documento p\u00fablico y falsedad ideol\u00f3gica en documento privado.<\/p>\n<p>Tres de los capturados actuaban como trabajadores de la Fundaci\u00f3n Prociencia, que tiene contratos vigentes con el ICBF, por la suma de $7.818.524.064. Los otros dos fung\u00edan como representantes legales de las empresas Minimarket, Distrimarket y Comercializadora Log\u00edstica S.A.S., proveedores activos de la Fundaci\u00f3n Prociencia, con quienes generaban sobrecostos en los productos contratados por el ICBF en una suma aproximada de $1.566.650.198.<br \/>\nEn este caso la juez se abstuvo de imponerles medida de aseguramiento y los imputados permanecen en libertad vinculados al proceso; no obstante la Fiscal\u00eda apel\u00f3 la decisi\u00f3n.<\/p>\n<p>&nbsp;<\/p>\n<p><strong><span style=\"text-decoration: underline;\">Atl\u00e1ntico<\/span><\/strong><\/p>\n<p>Por presuntamente incurrir en los delitos de concierto para delinquir, falsedad en documento privado, estafa agravada y violaci\u00f3n de datos personales, el Cuerpo T\u00e9cnico de Investigaci\u00f3n captur\u00f3 a un funcionario, un exfuncionario de la Nueva EPS y a 7 particulares que se habr\u00edan concertado para defraudar el sector salud en Barranquilla.<\/p>\n<p>La captura se dio luego que en 2015 la Nueva EPS denunci\u00f3 una posible defraudaci\u00f3n al sistema de salud a trav\u00e9s de la reclamaci\u00f3n de medicamentos de alto costo.<\/p>\n<p>De acuerdo con la indagaci\u00f3n realizada por el Grupo de Trabajo para la Investigaci\u00f3n de delitos que afectan el Sistema General de Salud de la Seguridad Social, se determin\u00f3 que la organizaci\u00f3n se basaba en la obtenci\u00f3n de datos de usuarios de la EPS para luego presentar o radicar las historias cl\u00ednicas y formulas o prescripciones m\u00e9dicas falsas.<\/p>\n<p>Adem\u00e1s, mediante enga\u00f1os a la Nueva EPS se lograba la autorizaci\u00f3n y entrega de medicamentos de alto costo (pos y no pos), utilizados para el tratamiento de enfermedades catastr\u00f3ficas como c\u00e1ncer de pr\u00f3stata, leucemia y artritis reumatoide.<\/p>\n<p>Asimismo se ha logrado identificar 269 autorizaciones fraudulentas a nombre de 38 pacientes diferentes, radicadas entre enero de 2015 y diciembre de 2016, por lo que fueron entregadas 6.123 dosis de medicamentos por valor de 1.261.568.948 millones de pesos.<\/p>\n<p>Los asegurados por estos hechos son: Rafael Arturo Romano N\u00fa\u00f1ez, Luis Enrique Pedrozo \u00c1lvarez, Jairo Jes\u00fas Rodriguez Yusti, Jorge Eli\u00e9cer Rogr\u00edguez Yusti, Fabi\u00e1n David Hern\u00e9ndez Cera, Cristian Viloria Ortega, Nubia Cecilia Charris Coronell, Engel Stefany Becerra Jimeno y Janny Liseth Bastidas R\u00edos.<\/p>\n<p>Cuatro de los procesados fueron afectados con medida de aseguramiento de detenci\u00f3n preventiva en establecimiento carcelario. A otros cuatro el juez les concedi\u00f3 la detenci\u00f3n domiciliaria, uno de ellos con restricci\u00f3n para salir del pa\u00eds por tener doble nacionalidad, y al restante, un hombre de 69 a\u00f1os se le dict\u00f3 media no privativa de la libertad.<\/p>\n<p>Todos se allanaron a cargos.<\/p>\n<p><strong><span style=\"text-decoration: underline;\"><br \/>\nValle del Cauca<\/span><\/strong><\/p>\n<p>En la ciudad de Cali fueron capturadas ocho personas por los delitos de inter\u00e9s indebido en la celebraci\u00f3n de contratos, contrato sin cumplimiento de requisitos legales y peculado por apropiaci\u00f3n.<\/p>\n<p>Lo anterior por encontrarse irregularidades en la suscripci\u00f3n de un contrato que ten\u00eda como objetivo prestar al Hospital Universitario del Valle la operaci\u00f3n del proceso del servicio farmac\u00e9utico integral, que comprende el suministro y dispensaci\u00f3n de medicamentos, dispositivos m\u00e9dicos, m\u00e9dicos quir\u00fargicos, entre otros.<\/p>\n<p>En este caso detect\u00f3 presuntamente un detrimento que asciende a la suma de $20.047.764.990.<\/p>\n<p>&nbsp;<\/p>\n<p><strong><span style=\"text-decoration: underline;\">C\u00f3rdoba<\/span><\/strong><\/p>\n<p>La Fiscal\u00eda General de la Naci\u00f3n encontr\u00f3 posibles irregularidades relacionadas con la autorizaci\u00f3n del pago de medicamentos no POS a personas que supuestamente sufr\u00edan de hemofilia en el departamento de C\u00f3rdoba.<\/p>\n<p>Mediante una resoluci\u00f3n publicada por la Secretar\u00eda de Salud del departamento de C\u00f3rdoba, en marzo de 2015 se permiti\u00f3 el pago a 28 personas, al parecer, a trav\u00e9s de la falsificaci\u00f3n de documentos p\u00fablicos y privados. Muchos de los beneficiados no padec\u00edan esa enfermedad, mientras que a los verdaderos afectados no los cobijaron con las medicinas, ni se les proporcion\u00f3 el tratamiento.<\/p>\n<p>Por estos hechos, Edwin Preciado Lorduy, exsecretario de Salud de C\u00f3rdoba&nbsp; y Juan David Nader Chejne, fueron afectados con medida de aseguramiento en la c\u00e1rcel Las Mercedes de Monter\u00eda, por los delitos de falsedad ideol\u00f3gica en documento p\u00fablico y peculado por apropiaci\u00f3n en favor de terceros.<\/p>\n<p>&nbsp;<\/p>\n<p><strong><span style=\"text-decoration: underline;\">Cundinamarca<\/span><\/strong><\/p>\n<p>En el municipio de Tocancip\u00e1 se realiz\u00f3 la captura del alcalde Walfrando Adolfo Forero Bejarano, por el delito de peculado por apropiaci\u00f3n.<\/p>\n<p>Lo anterior, por hechos ocurridos en el a\u00f1o 2008 durante la primera alcald\u00eda del se\u00f1or, cuando particip\u00f3 en la celebraci\u00f3n de contratos para el supuesto mantenimiento de tres veh\u00edculos compactadores de basura y en donde se habr\u00eda apodero de 150 millones de pesos, destinados para ese servicio que nunca fue prestado.<\/p>\n<p>&nbsp;<\/p>\n<p><strong><span style=\"text-decoration: underline;\">Putumayo<\/span><\/strong><\/p>\n<p>La Fiscal\u00eda captur\u00f3 a un comandante de la estaci\u00f3n de Polic\u00eda de Mocoa por el delito de prevaricato por acci\u00f3n y prevaricato por omisi\u00f3n, debido a los hechos ocurridos en 2014, frente al aeropuerto Tres de Mayo del municipio de Puerto As\u00eds, donde fue interceptado un veh\u00edculo que transportaba aproximadamente 25 canecas de 60 galones llenas de ACPM.<\/p>\n<p>El capturado habr\u00eda evitado las actividades de verificaci\u00f3n del hidrocarburo, lo cual impidi\u00f3 determinar su procedencia y legalidad.<\/p>\n<p>&nbsp;<\/p>\n<p><strong><span style=\"text-decoration: underline;\">Sucre<\/span><\/strong><\/p>\n<p>Por los delitos de peculado por apropiaci\u00f3n, falsedad ideol\u00f3gica en documento p\u00fablico y contrato sin el cumplimiento de los requisitos legales, fueron capturadas dos personas entre las que se encuentra Hermes Jos\u00e9 Ricardo Guti\u00e9rrez, quien en 2015, \u00e9poca de los hechos que se le acusan, era el Secretario de Planeaci\u00f3n de Ovejas (Sucre).<\/p>\n<p>La decisi\u00f3n se deriva de lo ocurrido en 2015, cuando el alcalde celebr\u00f3 un contrato para alquilar un veh\u00edculo para su uso y servicio, as\u00ed como para los secretarios de Despacho, cuyo costo fue de $80 millones. Seg\u00fan lo establecido, el entonces Secretario de Planeaci\u00f3n habr\u00eda firmado la lista de manifestaci\u00f3n de inter\u00e9s particular en la licitaci\u00f3n p\u00fablica en contrato de menor cuant\u00eda, aun sabiendo que solo se hab\u00eda postulado una persona.<\/p>\n<p>En desarrollo de las investigaciones la Fiscal\u00eda estableci\u00f3 que las firmas registradas en el contrato eran falsas, pues no se realiz\u00f3 dicho convenio pero s\u00ed se desembolsaron 40 millones de pesos.<\/p>\n<p>En otro caso fueron capturados Jos\u00e9 Manuel Gamarra Navarro, exalcalde del municipio de Galeras (Sucre); Jader Salom\u00f3n Lozano Herrera, exfuncionario de la alcald\u00eda;&nbsp; Domingo Guillermo Ramos Ruz, contratista; e Ismael Antonio Mej\u00eda Coronado, exsecretario de Educaci\u00f3n.<\/p>\n<p>Estas personas son investigadas por las presuntas irregularidades encontradas en procesos de contrataci\u00f3n efectuados por la alcald\u00eda en 2015, las cuales afectaron directamente la poblaci\u00f3n infantil de esa localidad, toda vez que eran dineros dirigidos a comedores comunitarios que alimentaban a m\u00e1s de 300 ni\u00f1os de escasos recursos, sin embargo esos fondos nunca llegaron a su destino.<\/p>\n<p>Se hablar\u00eda que el entonces alcalde Gamarra suscribi\u00f3 dos contratos por $27.500.000 para la dotaci\u00f3n de comedores escolares, dichos contratos no se cumplieron.<\/p>\n<p>Se les imput\u00f3 los delitos de contrato sin cumplimiento de requisitos legales, peculado por apropiaci\u00f3n en favor de terceros, falsedad ideol\u00f3gica en documento p\u00fablico y uso de documento p\u00fablico falso.<\/p>\n<p>&nbsp;<\/p>\n<p><strong><span style=\"text-decoration: underline;\">Magdalena<\/span><\/strong><strong><span style=\"text-decoration: underline;\">&nbsp;<\/span><\/strong><\/p>\n<p>El CTI de Magdalena captur\u00f3 a Ederlides Alfonso Guti\u00e9rrez Manga, exsecretario de Planeaci\u00f3n del municipio de Sitio Nuevo, por los delitos de peculado por apropiaci\u00f3n, falsedad ideol\u00f3gica y material en documento p\u00fablico y contrato sin cumplimiento de requisitos legales.<\/p>\n<p>Los hechos ocurrieron en 2012, cuando el capturado, encargado en su momento de supervisar las ejecuciones de los contratos de obras suministros y mantenimiento, fue determinante en el detrimento para el Estado de m\u00e1s de $150.000.000.<\/p>\n<p>De acuerdo con la investigaci\u00f3n, los contratos no fueron ejecutados y en algunos casos no fueron suscritos por los presuntos contratistas.<\/p>\n<p>&nbsp;<\/p>\n<p>&nbsp;<\/p>\n<p>&nbsp;<\/p>\n<p>LMH\/DLBM<\/p>\n<p>&nbsp;<\/p>\n\n<div class=\"twitter-share\"><a href=\"https:\/\/twitter.com\/intent\/tweet?via=fiscaliacol\" class=\"twitter-share-button\">Tweet<\/a><\/div>\n","protected":false},"excerpt":{"rendered":"<p>Durante la \u00faltima semana la Fiscal\u00eda General de la Naci\u00f3n adelant\u00f3 10 operativos contra la corrupci\u00f3n, logrando la captura de 38 personas en los departamentos de Bol\u00edvar, Atl\u00e1ntico, C\u00f3rdoba, Cundinamarca, Putumayo, Sucre, Magdalena y Valle del Cauca. Bol\u00edvar fue el departamento donde se efectuaron m\u00e1s capturas al materializar 10 de ellas, seguido de Atl\u00e1ntico con [&hellip;]<\/p>\n","protected":false},"author":143,"featured_media":0,"comment_status":"closed","ping_status":"open","sticky":false,"template":"","format":"standard","meta":{"tdm_status":"","tdm_grid_status":"","footnotes":""},"categories":[24107,1],"tags":[21415,427],"class_list":{"0":"post-96725","1":"post","2":"type-post","3":"status-publish","4":"format-standard","6":"category-lucha-contra-corrupcion","7":"category-noticias","8":"tag-bolsillos-de-cristal","9":"tag-corrupcion"},"yoast_head":"<!-- This site is optimized with the Yoast SEO plugin v24.3 - https:\/\/yoast.com\/wordpress\/plugins\/seo\/ -->\n<title>Fiscal\u00eda General de la Naci\u00f3n<\/title>\n<meta name=\"description\" content=\"P\u00e1gina oficial de la Fiscal\u00eda General de la Naci\u00f3n \u2013 Colombia. Garantizamos el acceso efectivo a la justicia, la verdad y la reparaci\u00f3n de las v\u00edctimas de los delitos.\" \/>\n<meta name=\"robots\" content=\"noindex, follow\" \/>\n<meta property=\"og:locale\" content=\"es_ES\" \/>\n<meta property=\"og:type\" content=\"article\" \/>\n<meta property=\"og:title\" content=\"Fiscal\u00eda General de la Naci\u00f3n\" \/>\n<meta property=\"og:description\" content=\"P\u00e1gina oficial de la Fiscal\u00eda General de la Naci\u00f3n \u2013 Colombia. Garantizamos el acceso efectivo a la justicia, la verdad y la reparaci\u00f3n de las v\u00edctimas de los delitos.\" \/>\n<meta property=\"og:url\" content=\"https:\/\/www.fiscalia.gov.co\/colombia\/noticias\/38-capturados-en-la-ultima-semana-por-casos-de-corrupcion-en-el-marco-del-plan-bolsillos-de-cristal\/\" \/>\n<meta property=\"og:site_name\" content=\"Fiscal\u00eda General de la Naci\u00f3n\" \/>\n<meta property=\"article:publisher\" content=\"https:\/\/www.facebook.com\/FiscaliaCol\" \/>\n<meta property=\"article:published_time\" content=\"2016-12-17T13:30:59+00:00\" \/>\n<meta property=\"article:modified_time\" content=\"2017-04-17T19:02:57+00:00\" \/>\n<meta name=\"author\" content=\"dfgordillo\" \/>\n<meta name=\"twitter:card\" content=\"summary_large_image\" \/>\n<meta name=\"twitter:creator\" content=\"@FiscaliaCol\" \/>\n<meta name=\"twitter:site\" content=\"@FiscaliaCol\" \/>\n<meta name=\"twitter:label1\" content=\"Escrito por\" \/>\n\t<meta name=\"twitter:data1\" content=\"dfgordillo\" \/>\n\t<meta name=\"twitter:label2\" content=\"Tiempo de lectura\" \/>\n\t<meta name=\"twitter:data2\" content=\"8 minutos\" \/>\n<script type=\"application\/ld+json\" class=\"yoast-schema-graph\">{\"@context\":\"https:\/\/schema.org\",\"@graph\":[{\"@type\":\"Article\",\"@id\":\"https:\/\/www.fiscalia.gov.co\/colombia\/noticias\/38-capturados-en-la-ultima-semana-por-casos-de-corrupcion-en-el-marco-del-plan-bolsillos-de-cristal\/#article\",\"isPartOf\":{\"@id\":\"https:\/\/www.fiscalia.gov.co\/colombia\/noticias\/38-capturados-en-la-ultima-semana-por-casos-de-corrupcion-en-el-marco-del-plan-bolsillos-de-cristal\/\"},\"author\":{\"name\":\"dfgordillo\",\"@id\":\"https:\/\/www.fiscalia.gov.co\/colombia\/#\/schema\/person\/3903856a3ce2d54b094c69eb29247895\"},\"headline\":\"38 capturados en la \u00faltima semana por casos de corrupci\u00f3n en el marco del Plan Bolsillos de Cristal\",\"datePublished\":\"2016-12-17T13:30:59+00:00\",\"dateModified\":\"2017-04-17T19:02:57+00:00\",\"mainEntityOfPage\":{\"@id\":\"https:\/\/www.fiscalia.gov.co\/colombia\/noticias\/38-capturados-en-la-ultima-semana-por-casos-de-corrupcion-en-el-marco-del-plan-bolsillos-de-cristal\/\"},\"wordCount\":1667,\"publisher\":{\"@id\":\"https:\/\/www.fiscalia.gov.co\/colombia\/#organization\"},\"keywords\":[\"Bolsillos de Cristal\",\"Corrupci\u00f3n\"],\"articleSection\":[\"Corrupci\u00f3n\",\"Noticias\"],\"inLanguage\":\"es-CO\"},{\"@type\":\"WebPage\",\"@id\":\"https:\/\/www.fiscalia.gov.co\/colombia\/noticias\/38-capturados-en-la-ultima-semana-por-casos-de-corrupcion-en-el-marco-del-plan-bolsillos-de-cristal\/\",\"url\":\"https:\/\/www.fiscalia.gov.co\/colombia\/noticias\/38-capturados-en-la-ultima-semana-por-casos-de-corrupcion-en-el-marco-del-plan-bolsillos-de-cristal\/\",\"name\":\"Fiscal\u00eda General de la Naci\u00f3n\",\"isPartOf\":{\"@id\":\"https:\/\/www.fiscalia.gov.co\/colombia\/#website\"},\"datePublished\":\"2016-12-17T13:30:59+00:00\",\"dateModified\":\"2017-04-17T19:02:57+00:00\",\"description\":\"P\u00e1gina oficial de la Fiscal\u00eda General de la Naci\u00f3n \u2013 Colombia. Garantizamos el acceso efectivo a la justicia, la verdad y la reparaci\u00f3n de las v\u00edctimas de los delitos.\",\"breadcrumb\":{\"@id\":\"https:\/\/www.fiscalia.gov.co\/colombia\/noticias\/38-capturados-en-la-ultima-semana-por-casos-de-corrupcion-en-el-marco-del-plan-bolsillos-de-cristal\/#breadcrumb\"},\"inLanguage\":\"es-CO\",\"potentialAction\":[{\"@type\":\"ReadAction\",\"target\":[\"https:\/\/www.fiscalia.gov.co\/colombia\/noticias\/38-capturados-en-la-ultima-semana-por-casos-de-corrupcion-en-el-marco-del-plan-bolsillos-de-cristal\/\"]}]},{\"@type\":\"BreadcrumbList\",\"@id\":\"https:\/\/www.fiscalia.gov.co\/colombia\/noticias\/38-capturados-en-la-ultima-semana-por-casos-de-corrupcion-en-el-marco-del-plan-bolsillos-de-cristal\/#breadcrumb\",\"itemListElement\":[{\"@type\":\"ListItem\",\"position\":1,\"name\":\"Home\",\"item\":\"https:\/\/www.fiscalia.gov.co\/colombia\/\"},{\"@type\":\"ListItem\",\"position\":2,\"name\":\"38 capturados en la \u00faltima semana por casos de corrupci\u00f3n en el marco del Plan Bolsillos de Cristal\"}]},{\"@type\":\"WebSite\",\"@id\":\"https:\/\/www.fiscalia.gov.co\/colombia\/#website\",\"url\":\"https:\/\/www.fiscalia.gov.co\/colombia\/\",\"name\":\"Fiscal\u00eda General de la Naci\u00f3n\",\"description\":\"P\u00e1gina oficial de la Fiscal\u00eda General de la Naci\u00f3n \u2013 Colombia. Garantizamos el acceso efectivo a la justicia, la verdad y la reparaci\u00f3n de las v\u00edctimas de los delitos.\",\"publisher\":{\"@id\":\"https:\/\/www.fiscalia.gov.co\/colombia\/#organization\"},\"potentialAction\":[{\"@type\":\"SearchAction\",\"target\":{\"@type\":\"EntryPoint\",\"urlTemplate\":\"https:\/\/www.fiscalia.gov.co\/colombia\/?s={search_term_string}\"},\"query-input\":{\"@type\":\"PropertyValueSpecification\",\"valueRequired\":true,\"valueName\":\"search_term_string\"}}],\"inLanguage\":\"es-CO\"},{\"@type\":\"Organization\",\"@id\":\"https:\/\/www.fiscalia.gov.co\/colombia\/#organization\",\"name\":\"Fiscal\u00eda General de la Naci\u00f3n\",\"url\":\"https:\/\/www.fiscalia.gov.co\/colombia\/\",\"logo\":{\"@type\":\"ImageObject\",\"inLanguage\":\"es-CO\",\"@id\":\"https:\/\/www.fiscalia.gov.co\/colombia\/#\/schema\/logo\/image\/\",\"url\":\"https:\/\/www.fiscalia.gov.co\/colombia\/wp-content\/uploads\/LogoHorizontal_1.jpg\",\"contentUrl\":\"https:\/\/www.fiscalia.gov.co\/colombia\/wp-content\/uploads\/LogoHorizontal_1.jpg\",\"width\":300,\"height\":90,\"caption\":\"Fiscal\u00eda General de la Naci\u00f3n\"},\"image\":{\"@id\":\"https:\/\/www.fiscalia.gov.co\/colombia\/#\/schema\/logo\/image\/\"},\"sameAs\":[\"https:\/\/www.facebook.com\/FiscaliaCol\",\"https:\/\/x.com\/FiscaliaCol\",\"https:\/\/www.instagram.com\/fiscaliacol\",\"https:\/\/www.linkedin.com\/company\/fiscalia-general-de-la-naci-n\/\",\"https:\/\/youtube.com\/@fiscaliageneraldelanacion-4668?si=6nN79nyQICPU5iTh\"]},{\"@type\":\"Person\",\"@id\":\"https:\/\/www.fiscalia.gov.co\/colombia\/#\/schema\/person\/3903856a3ce2d54b094c69eb29247895\",\"name\":\"dfgordillo\",\"image\":{\"@type\":\"ImageObject\",\"inLanguage\":\"es-CO\",\"@id\":\"https:\/\/www.fiscalia.gov.co\/colombia\/#\/schema\/person\/image\/\",\"url\":\"https:\/\/secure.gravatar.com\/avatar\/b6356e21c5657c60757fe6fb9493e947?s=96&d=mm&r=g\",\"contentUrl\":\"https:\/\/secure.gravatar.com\/avatar\/b6356e21c5657c60757fe6fb9493e947?s=96&d=mm&r=g\",\"caption\":\"dfgordillo\"},\"sameAs\":[\"dfgordillo\"],\"url\":\"https:\/\/www.fiscalia.gov.co\/colombia\/author\/dfgordillo\/\"}]}<\/script>\n<!-- \/ Yoast SEO plugin. -->","yoast_head_json":{"title":"Fiscal\u00eda General de la Naci\u00f3n","description":"P\u00e1gina oficial de la Fiscal\u00eda General de la Naci\u00f3n \u2013 Colombia. Garantizamos el acceso efectivo a la justicia, la verdad y la reparaci\u00f3n de las v\u00edctimas de los delitos.","robots":{"index":"noindex","follow":"follow"},"og_locale":"es_ES","og_type":"article","og_title":"Fiscal\u00eda General de la Naci\u00f3n","og_description":"P\u00e1gina oficial de la Fiscal\u00eda General de la Naci\u00f3n \u2013 Colombia. Garantizamos el acceso efectivo a la justicia, la verdad y la reparaci\u00f3n de las v\u00edctimas de los delitos.","og_url":"https:\/\/www.fiscalia.gov.co\/colombia\/noticias\/38-capturados-en-la-ultima-semana-por-casos-de-corrupcion-en-el-marco-del-plan-bolsillos-de-cristal\/","og_site_name":"Fiscal\u00eda General de la Naci\u00f3n","article_publisher":"https:\/\/www.facebook.com\/FiscaliaCol","article_published_time":"2016-12-17T13:30:59+00:00","article_modified_time":"2017-04-17T19:02:57+00:00","author":"dfgordillo","twitter_card":"summary_large_image","twitter_creator":"@FiscaliaCol","twitter_site":"@FiscaliaCol","twitter_misc":{"Escrito por":"dfgordillo","Tiempo de lectura":"8 minutos"},"schema":{"@context":"https:\/\/schema.org","@graph":[{"@type":"Article","@id":"https:\/\/www.fiscalia.gov.co\/colombia\/noticias\/38-capturados-en-la-ultima-semana-por-casos-de-corrupcion-en-el-marco-del-plan-bolsillos-de-cristal\/#article","isPartOf":{"@id":"https:\/\/www.fiscalia.gov.co\/colombia\/noticias\/38-capturados-en-la-ultima-semana-por-casos-de-corrupcion-en-el-marco-del-plan-bolsillos-de-cristal\/"},"author":{"name":"dfgordillo","@id":"https:\/\/www.fiscalia.gov.co\/colombia\/#\/schema\/person\/3903856a3ce2d54b094c69eb29247895"},"headline":"38 capturados en la \u00faltima semana por casos de corrupci\u00f3n en el marco del Plan Bolsillos de Cristal","datePublished":"2016-12-17T13:30:59+00:00","dateModified":"2017-04-17T19:02:57+00:00","mainEntityOfPage":{"@id":"https:\/\/www.fiscalia.gov.co\/colombia\/noticias\/38-capturados-en-la-ultima-semana-por-casos-de-corrupcion-en-el-marco-del-plan-bolsillos-de-cristal\/"},"wordCount":1667,"publisher":{"@id":"https:\/\/www.fiscalia.gov.co\/colombia\/#organization"},"keywords":["Bolsillos de Cristal","Corrupci\u00f3n"],"articleSection":["Corrupci\u00f3n","Noticias"],"inLanguage":"es-CO"},{"@type":"WebPage","@id":"https:\/\/www.fiscalia.gov.co\/colombia\/noticias\/38-capturados-en-la-ultima-semana-por-casos-de-corrupcion-en-el-marco-del-plan-bolsillos-de-cristal\/","url":"https:\/\/www.fiscalia.gov.co\/colombia\/noticias\/38-capturados-en-la-ultima-semana-por-casos-de-corrupcion-en-el-marco-del-plan-bolsillos-de-cristal\/","name":"Fiscal\u00eda General de la Naci\u00f3n","isPartOf":{"@id":"https:\/\/www.fiscalia.gov.co\/colombia\/#website"},"datePublished":"2016-12-17T13:30:59+00:00","dateModified":"2017-04-17T19:02:57+00:00","description":"P\u00e1gina oficial de la Fiscal\u00eda General de la Naci\u00f3n \u2013 Colombia. Garantizamos el acceso efectivo a la justicia, la verdad y la reparaci\u00f3n de las v\u00edctimas de los delitos.","breadcrumb":{"@id":"https:\/\/www.fiscalia.gov.co\/colombia\/noticias\/38-capturados-en-la-ultima-semana-por-casos-de-corrupcion-en-el-marco-del-plan-bolsillos-de-cristal\/#breadcrumb"},"inLanguage":"es-CO","potentialAction":[{"@type":"ReadAction","target":["https:\/\/www.fiscalia.gov.co\/colombia\/noticias\/38-capturados-en-la-ultima-semana-por-casos-de-corrupcion-en-el-marco-del-plan-bolsillos-de-cristal\/"]}]},{"@type":"BreadcrumbList","@id":"https:\/\/www.fiscalia.gov.co\/colombia\/noticias\/38-capturados-en-la-ultima-semana-por-casos-de-corrupcion-en-el-marco-del-plan-bolsillos-de-cristal\/#breadcrumb","itemListElement":[{"@type":"ListItem","position":1,"name":"Home","item":"https:\/\/www.fiscalia.gov.co\/colombia\/"},{"@type":"ListItem","position":2,"name":"38 capturados en la \u00faltima semana por casos de corrupci\u00f3n en el marco del Plan Bolsillos de Cristal"}]},{"@type":"WebSite","@id":"https:\/\/www.fiscalia.gov.co\/colombia\/#website","url":"https:\/\/www.fiscalia.gov.co\/colombia\/","name":"Fiscal\u00eda General de la Naci\u00f3n","description":"P\u00e1gina oficial de la Fiscal\u00eda General de la Naci\u00f3n \u2013 Colombia. Garantizamos el acceso efectivo a la justicia, la verdad y la reparaci\u00f3n de las v\u00edctimas de los delitos.","publisher":{"@id":"https:\/\/www.fiscalia.gov.co\/colombia\/#organization"},"potentialAction":[{"@type":"SearchAction","target":{"@type":"EntryPoint","urlTemplate":"https:\/\/www.fiscalia.gov.co\/colombia\/?s={search_term_string}"},"query-input":{"@type":"PropertyValueSpecification","valueRequired":true,"valueName":"search_term_string"}}],"inLanguage":"es-CO"},{"@type":"Organization","@id":"https:\/\/www.fiscalia.gov.co\/colombia\/#organization","name":"Fiscal\u00eda General de la Naci\u00f3n","url":"https:\/\/www.fiscalia.gov.co\/colombia\/","logo":{"@type":"ImageObject","inLanguage":"es-CO","@id":"https:\/\/www.fiscalia.gov.co\/colombia\/#\/schema\/logo\/image\/","url":"https:\/\/www.fiscalia.gov.co\/colombia\/wp-content\/uploads\/LogoHorizontal_1.jpg","contentUrl":"https:\/\/www.fiscalia.gov.co\/colombia\/wp-content\/uploads\/LogoHorizontal_1.jpg","width":300,"height":90,"caption":"Fiscal\u00eda General de la Naci\u00f3n"},"image":{"@id":"https:\/\/www.fiscalia.gov.co\/colombia\/#\/schema\/logo\/image\/"},"sameAs":["https:\/\/www.facebook.com\/FiscaliaCol","https:\/\/x.com\/FiscaliaCol","https:\/\/www.instagram.com\/fiscaliacol","https:\/\/www.linkedin.com\/company\/fiscalia-general-de-la-naci-n\/","https:\/\/youtube.com\/@fiscaliageneraldelanacion-4668?si=6nN79nyQICPU5iTh"]},{"@type":"Person","@id":"https:\/\/www.fiscalia.gov.co\/colombia\/#\/schema\/person\/3903856a3ce2d54b094c69eb29247895","name":"dfgordillo","image":{"@type":"ImageObject","inLanguage":"es-CO","@id":"https:\/\/www.fiscalia.gov.co\/colombia\/#\/schema\/person\/image\/","url":"https:\/\/secure.gravatar.com\/avatar\/b6356e21c5657c60757fe6fb9493e947?s=96&d=mm&r=g","contentUrl":"https:\/\/secure.gravatar.com\/avatar\/b6356e21c5657c60757fe6fb9493e947?s=96&d=mm&r=g","caption":"dfgordillo"},"sameAs":["dfgordillo"],"url":"https:\/\/www.fiscalia.gov.co\/colombia\/author\/dfgordillo\/"}]}},"_links":{"self":[{"href":"https:\/\/www.fiscalia.gov.co\/colombia\/wp-json\/wp\/v2\/posts\/96725","targetHints":{"allow":["GET"]}}],"collection":[{"href":"https:\/\/www.fiscalia.gov.co\/colombia\/wp-json\/wp\/v2\/posts"}],"about":[{"href":"https:\/\/www.fiscalia.gov.co\/colombia\/wp-json\/wp\/v2\/types\/post"}],"author":[{"embeddable":true,"href":"https:\/\/www.fiscalia.gov.co\/colombia\/wp-json\/wp\/v2\/users\/143"}],"replies":[{"embeddable":true,"href":"https:\/\/www.fiscalia.gov.co\/colombia\/wp-json\/wp\/v2\/comments?post=96725"}],"version-history":[{"count":4,"href":"https:\/\/www.fiscalia.gov.co\/colombia\/wp-json\/wp\/v2\/posts\/96725\/revisions"}],"predecessor-version":[{"id":104553,"href":"https:\/\/www.fiscalia.gov.co\/colombia\/wp-json\/wp\/v2\/posts\/96725\/revisions\/104553"}],"wp:attachment":[{"href":"https:\/\/www.fiscalia.gov.co\/colombia\/wp-json\/wp\/v2\/media?parent=96725"}],"wp:term":[{"taxonomy":"category","embeddable":true,"href":"https:\/\/www.fiscalia.gov.co\/colombia\/wp-json\/wp\/v2\/categories?post=96725"},{"taxonomy":"post_tag","embeddable":true,"href":"https:\/\/www.fiscalia.gov.co\/colombia\/wp-json\/wp\/v2\/tags?post=96725"}],"curies":[{"name":"wp","href":"https:\/\/api.w.org\/{rel}","templated":true}]}}