{"id":96549,"date":"2016-12-14T14:57:44","date_gmt":"2016-12-14T19:57:44","guid":{"rendered":"http:\/\/www.fiscalia.gov.co\/colombia\/?p=96549"},"modified":"2016-12-14T15:34:48","modified_gmt":"2016-12-14T20:34:48","slug":"desarticulada-banda-criminal-dedicada-a-defraudar-el-sector-salud-en-barranquilla-atlantico","status":"publish","type":"post","link":"https:\/\/www.fiscalia.gov.co\/colombia\/noticias\/desarticulada-banda-criminal-dedicada-a-defraudar-el-sector-salud-en-barranquilla-atlantico\/","title":{"rendered":"Desarticulada banda criminal dedicada a defraudar el sector salud en Barranquilla (Atl\u00e1ntico)"},"content":{"rendered":"<p><em>La estructura delictiva estaba presuntamente liderada por un funcionario activo de la Nueva EPS y habr\u00eda defraudado a la entidad por m\u00e1s de $1.200 millones. <\/em><\/p>\n<p>Por presuntamente incurrir en los delitos de concierto para delinquir, falsedad en documento privado, estafa agravada y violaci\u00f3n de datos personales, el Cuerpo T\u00e9cnico de Investigaci\u00f3n captur\u00f3 a un funcionario, un exfuncionario de la Nueva EPS y a 7 particulares que se habr\u00edan concertado para defraudar el sector salud en Barranquilla.<\/p>\n<p>La captura se dio luego que en 2015 la Nueva EPS denunci\u00f3 una posible defraudaci\u00f3n al sistema de salud a trav\u00e9s de la reclamaci\u00f3n de medicamentos de alto costo.<\/p>\n<p>De acuerdo con la indagaci\u00f3n realizada por el Grupo de Trabajo para la Investigaci\u00f3n de delitos que afectan el Sistema General de Salud de la Seguridad Social, se determin\u00f3 que la organizaci\u00f3n se basaba en la obtenci\u00f3n de datos de usuarios de la EPS para luego presentar o radicar las historias cl\u00ednicas y formulas o prescripciones m\u00e9dicas falsas.<\/p>\n<p>Adem\u00e1s, mediante enga\u00f1os a la Nueva EPS se lograba la autorizaci\u00f3n y entrega de medicamentos de alto costo (pos y no pos), utilizados para el tratamiento de enfermedades catastr\u00f3ficas como c\u00e1ncer de pr\u00f3stata, leucemia y artritis reumatoide.<\/p>\n<p>Asimismo se ha logrado identificar 269 autorizaciones fraudulentas a nombre de 38 pacientes diferentes, radicadas entre enero de 2015 y diciembre de 2016, por lo que fueron entregadas 6.123 dosis de medicamentos por valor de 1.261.568.948 millones de pesos.<\/p>\n<p>Una vez reclamados los medicamentos eran distribuidos y comercializados en la capital del Atl\u00e1ntico pero con la pretensi\u00f3n de iniciar operaciones en otras regiones del pa\u00eds.<\/p>\n<p>Para realizar la identificaci\u00f3n de los integrantes de la organizaci\u00f3n, los investigadores recaudaron material probatorio a trav\u00e9s de vigilancias y seguimientos a personas as\u00ed como interceptaciones de comunicaciones, inspecciones a lugares y la pr\u00e1ctica de pruebas t\u00e9cnicas basados en documentolog\u00eda, grafolog\u00eda y dactiloscopia.<\/p>\n<p>Las capturas se realizaron mediante siete allanamientos donde se incautaron medicamentos y talonarios de m\u00e9dicos. Las diligencias y el material incautado fueron\u00a0 legalizados por el Juzgado 10 Penal Municipal con funciones de garant\u00edas de Barranquilla.<\/p>\n<p>Los imputados son: Rafael Arturo Romano Nu\u00f1ez y Luis Enrique Pedrozo \u00c1lvarez, empleados de la prestadora de salud, y los particulares Jairo Jes\u00fas Rodriguez Yusti, Jorge Eli\u00e9cer Rogr\u00edguez Yusti, Fabi\u00e1n David Hern\u00e9ndez Cera, Cristian Viloria Ortega, Nubia Cecilia Charris Coronell, Engel Stefany Becerra Jimeno y Janny Liseth Bastidas R\u00edos.<\/p>\n<p>&nbsp;<\/p>\n<p>&nbsp;<\/p>\n<p>MRB\/DLBM<\/p>\n\n<div class=\"twitter-share\"><a href=\"https:\/\/twitter.com\/intent\/tweet?via=fiscaliacol\" class=\"twitter-share-button\">Tweet<\/a><\/div>\n","protected":false},"excerpt":{"rendered":"<p>La estructura delictiva estaba presuntamente liderada por un funcionario activo de la Nueva EPS y habr\u00eda defraudado a la entidad por m\u00e1s de $1.200 millones. Por presuntamente incurrir en los delitos de concierto para delinquir, falsedad en documento privado, estafa agravada y violaci\u00f3n de datos personales, el Cuerpo T\u00e9cnico de Investigaci\u00f3n captur\u00f3 a un funcionario, [&hellip;]<\/p>\n","protected":false},"author":143,"featured_media":0,"comment_status":"closed","ping_status":"open","sticky":false,"template":"","format":"standard","meta":{"tdm_status":"","tdm_grid_status":"","footnotes":""},"categories":[1],"tags":[21415,427,78],"class_list":{"0":"post-96549","1":"post","2":"type-post","3":"status-publish","4":"format-standard","6":"category-noticias","7":"tag-bolsillos-de-cristal","8":"tag-corrupcion","9":"tag-fiscal-general-de-la-nacion"},"yoast_head":"<!-- This site is optimized with the Yoast SEO plugin v24.3 - https:\/\/yoast.com\/wordpress\/plugins\/seo\/ -->\n<title>Fiscal\u00eda General de la Naci\u00f3n<\/title>\n<meta name=\"description\" content=\"P\u00e1gina oficial de la Fiscal\u00eda General de la Naci\u00f3n \u2013 Colombia. Garantizamos el acceso efectivo a la justicia, la verdad y la reparaci\u00f3n de las v\u00edctimas de los delitos.\" \/>\n<meta name=\"robots\" content=\"noindex, follow\" \/>\n<meta property=\"og:locale\" content=\"es_ES\" \/>\n<meta property=\"og:type\" content=\"article\" \/>\n<meta property=\"og:title\" content=\"Fiscal\u00eda General de la Naci\u00f3n\" \/>\n<meta property=\"og:description\" content=\"P\u00e1gina oficial de la Fiscal\u00eda General de la Naci\u00f3n \u2013 Colombia. Garantizamos el acceso efectivo a la justicia, la verdad y la reparaci\u00f3n de las v\u00edctimas de los delitos.\" \/>\n<meta property=\"og:url\" content=\"https:\/\/www.fiscalia.gov.co\/colombia\/noticias\/desarticulada-banda-criminal-dedicada-a-defraudar-el-sector-salud-en-barranquilla-atlantico\/\" \/>\n<meta property=\"og:site_name\" content=\"Fiscal\u00eda General de la Naci\u00f3n\" \/>\n<meta property=\"article:publisher\" content=\"https:\/\/www.facebook.com\/FiscaliaCol\" \/>\n<meta property=\"article:published_time\" content=\"2016-12-14T19:57:44+00:00\" \/>\n<meta property=\"article:modified_time\" content=\"2016-12-14T20:34:48+00:00\" \/>\n<meta name=\"author\" content=\"dfgordillo\" \/>\n<meta name=\"twitter:card\" content=\"summary_large_image\" \/>\n<meta name=\"twitter:creator\" content=\"@FiscaliaCol\" \/>\n<meta name=\"twitter:site\" content=\"@FiscaliaCol\" \/>\n<meta name=\"twitter:label1\" content=\"Escrito por\" \/>\n\t<meta name=\"twitter:data1\" content=\"dfgordillo\" \/>\n\t<meta name=\"twitter:label2\" content=\"Tiempo de lectura\" \/>\n\t<meta name=\"twitter:data2\" content=\"2 minutos\" \/>\n<script type=\"application\/ld+json\" class=\"yoast-schema-graph\">{\"@context\":\"https:\/\/schema.org\",\"@graph\":[{\"@type\":\"Article\",\"@id\":\"https:\/\/www.fiscalia.gov.co\/colombia\/noticias\/desarticulada-banda-criminal-dedicada-a-defraudar-el-sector-salud-en-barranquilla-atlantico\/#article\",\"isPartOf\":{\"@id\":\"https:\/\/www.fiscalia.gov.co\/colombia\/noticias\/desarticulada-banda-criminal-dedicada-a-defraudar-el-sector-salud-en-barranquilla-atlantico\/\"},\"author\":{\"name\":\"dfgordillo\",\"@id\":\"https:\/\/www.fiscalia.gov.co\/colombia\/#\/schema\/person\/3903856a3ce2d54b094c69eb29247895\"},\"headline\":\"Desarticulada banda criminal dedicada a defraudar el sector salud en Barranquilla (Atl\u00e1ntico)\",\"datePublished\":\"2016-12-14T19:57:44+00:00\",\"dateModified\":\"2016-12-14T20:34:48+00:00\",\"mainEntityOfPage\":{\"@id\":\"https:\/\/www.fiscalia.gov.co\/colombia\/noticias\/desarticulada-banda-criminal-dedicada-a-defraudar-el-sector-salud-en-barranquilla-atlantico\/\"},\"wordCount\":439,\"publisher\":{\"@id\":\"https:\/\/www.fiscalia.gov.co\/colombia\/#organization\"},\"keywords\":[\"Bolsillos de Cristal\",\"Corrupci\u00f3n\",\"Fiscal General de la Naci\u00f3n\"],\"articleSection\":[\"Noticias\"],\"inLanguage\":\"es-CO\"},{\"@type\":\"WebPage\",\"@id\":\"https:\/\/www.fiscalia.gov.co\/colombia\/noticias\/desarticulada-banda-criminal-dedicada-a-defraudar-el-sector-salud-en-barranquilla-atlantico\/\",\"url\":\"https:\/\/www.fiscalia.gov.co\/colombia\/noticias\/desarticulada-banda-criminal-dedicada-a-defraudar-el-sector-salud-en-barranquilla-atlantico\/\",\"name\":\"Fiscal\u00eda General de la Naci\u00f3n\",\"isPartOf\":{\"@id\":\"https:\/\/www.fiscalia.gov.co\/colombia\/#website\"},\"datePublished\":\"2016-12-14T19:57:44+00:00\",\"dateModified\":\"2016-12-14T20:34:48+00:00\",\"description\":\"P\u00e1gina oficial de la Fiscal\u00eda General de la Naci\u00f3n \u2013 Colombia. Garantizamos el acceso efectivo a la justicia, la verdad y la reparaci\u00f3n de las v\u00edctimas de los delitos.\",\"breadcrumb\":{\"@id\":\"https:\/\/www.fiscalia.gov.co\/colombia\/noticias\/desarticulada-banda-criminal-dedicada-a-defraudar-el-sector-salud-en-barranquilla-atlantico\/#breadcrumb\"},\"inLanguage\":\"es-CO\",\"potentialAction\":[{\"@type\":\"ReadAction\",\"target\":[\"https:\/\/www.fiscalia.gov.co\/colombia\/noticias\/desarticulada-banda-criminal-dedicada-a-defraudar-el-sector-salud-en-barranquilla-atlantico\/\"]}]},{\"@type\":\"BreadcrumbList\",\"@id\":\"https:\/\/www.fiscalia.gov.co\/colombia\/noticias\/desarticulada-banda-criminal-dedicada-a-defraudar-el-sector-salud-en-barranquilla-atlantico\/#breadcrumb\",\"itemListElement\":[{\"@type\":\"ListItem\",\"position\":1,\"name\":\"Home\",\"item\":\"https:\/\/www.fiscalia.gov.co\/colombia\/\"},{\"@type\":\"ListItem\",\"position\":2,\"name\":\"Desarticulada banda criminal dedicada a defraudar el sector salud en Barranquilla (Atl\u00e1ntico)\"}]},{\"@type\":\"WebSite\",\"@id\":\"https:\/\/www.fiscalia.gov.co\/colombia\/#website\",\"url\":\"https:\/\/www.fiscalia.gov.co\/colombia\/\",\"name\":\"Fiscal\u00eda General de la Naci\u00f3n\",\"description\":\"P\u00e1gina oficial de la Fiscal\u00eda General de la Naci\u00f3n \u2013 Colombia. Garantizamos el acceso efectivo a la justicia, la verdad y la reparaci\u00f3n de las v\u00edctimas de los delitos.\",\"publisher\":{\"@id\":\"https:\/\/www.fiscalia.gov.co\/colombia\/#organization\"},\"potentialAction\":[{\"@type\":\"SearchAction\",\"target\":{\"@type\":\"EntryPoint\",\"urlTemplate\":\"https:\/\/www.fiscalia.gov.co\/colombia\/?s={search_term_string}\"},\"query-input\":{\"@type\":\"PropertyValueSpecification\",\"valueRequired\":true,\"valueName\":\"search_term_string\"}}],\"inLanguage\":\"es-CO\"},{\"@type\":\"Organization\",\"@id\":\"https:\/\/www.fiscalia.gov.co\/colombia\/#organization\",\"name\":\"Fiscal\u00eda General de la Naci\u00f3n\",\"url\":\"https:\/\/www.fiscalia.gov.co\/colombia\/\",\"logo\":{\"@type\":\"ImageObject\",\"inLanguage\":\"es-CO\",\"@id\":\"https:\/\/www.fiscalia.gov.co\/colombia\/#\/schema\/logo\/image\/\",\"url\":\"https:\/\/www.fiscalia.gov.co\/colombia\/wp-content\/uploads\/LogoHorizontal_1.jpg\",\"contentUrl\":\"https:\/\/www.fiscalia.gov.co\/colombia\/wp-content\/uploads\/LogoHorizontal_1.jpg\",\"width\":300,\"height\":90,\"caption\":\"Fiscal\u00eda General de la Naci\u00f3n\"},\"image\":{\"@id\":\"https:\/\/www.fiscalia.gov.co\/colombia\/#\/schema\/logo\/image\/\"},\"sameAs\":[\"https:\/\/www.facebook.com\/FiscaliaCol\",\"https:\/\/x.com\/FiscaliaCol\",\"https:\/\/www.instagram.com\/fiscaliacol\",\"https:\/\/www.linkedin.com\/company\/fiscalia-general-de-la-naci-n\/\",\"https:\/\/youtube.com\/@fiscaliageneraldelanacion-4668?si=6nN79nyQICPU5iTh\"]},{\"@type\":\"Person\",\"@id\":\"https:\/\/www.fiscalia.gov.co\/colombia\/#\/schema\/person\/3903856a3ce2d54b094c69eb29247895\",\"name\":\"dfgordillo\",\"image\":{\"@type\":\"ImageObject\",\"inLanguage\":\"es-CO\",\"@id\":\"https:\/\/www.fiscalia.gov.co\/colombia\/#\/schema\/person\/image\/\",\"url\":\"https:\/\/secure.gravatar.com\/avatar\/b6356e21c5657c60757fe6fb9493e947?s=96&d=mm&r=g\",\"contentUrl\":\"https:\/\/secure.gravatar.com\/avatar\/b6356e21c5657c60757fe6fb9493e947?s=96&d=mm&r=g\",\"caption\":\"dfgordillo\"},\"sameAs\":[\"dfgordillo\"],\"url\":\"https:\/\/www.fiscalia.gov.co\/colombia\/author\/dfgordillo\/\"}]}<\/script>\n<!-- \/ Yoast SEO plugin. -->","yoast_head_json":{"title":"Fiscal\u00eda General de la Naci\u00f3n","description":"P\u00e1gina oficial de la Fiscal\u00eda General de la Naci\u00f3n \u2013 Colombia. Garantizamos el acceso efectivo a la justicia, la verdad y la reparaci\u00f3n de las v\u00edctimas de los delitos.","robots":{"index":"noindex","follow":"follow"},"og_locale":"es_ES","og_type":"article","og_title":"Fiscal\u00eda General de la Naci\u00f3n","og_description":"P\u00e1gina oficial de la Fiscal\u00eda General de la Naci\u00f3n \u2013 Colombia. Garantizamos el acceso efectivo a la justicia, la verdad y la reparaci\u00f3n de las v\u00edctimas de los delitos.","og_url":"https:\/\/www.fiscalia.gov.co\/colombia\/noticias\/desarticulada-banda-criminal-dedicada-a-defraudar-el-sector-salud-en-barranquilla-atlantico\/","og_site_name":"Fiscal\u00eda General de la Naci\u00f3n","article_publisher":"https:\/\/www.facebook.com\/FiscaliaCol","article_published_time":"2016-12-14T19:57:44+00:00","article_modified_time":"2016-12-14T20:34:48+00:00","author":"dfgordillo","twitter_card":"summary_large_image","twitter_creator":"@FiscaliaCol","twitter_site":"@FiscaliaCol","twitter_misc":{"Escrito por":"dfgordillo","Tiempo de lectura":"2 minutos"},"schema":{"@context":"https:\/\/schema.org","@graph":[{"@type":"Article","@id":"https:\/\/www.fiscalia.gov.co\/colombia\/noticias\/desarticulada-banda-criminal-dedicada-a-defraudar-el-sector-salud-en-barranquilla-atlantico\/#article","isPartOf":{"@id":"https:\/\/www.fiscalia.gov.co\/colombia\/noticias\/desarticulada-banda-criminal-dedicada-a-defraudar-el-sector-salud-en-barranquilla-atlantico\/"},"author":{"name":"dfgordillo","@id":"https:\/\/www.fiscalia.gov.co\/colombia\/#\/schema\/person\/3903856a3ce2d54b094c69eb29247895"},"headline":"Desarticulada banda criminal dedicada a defraudar el sector salud en Barranquilla (Atl\u00e1ntico)","datePublished":"2016-12-14T19:57:44+00:00","dateModified":"2016-12-14T20:34:48+00:00","mainEntityOfPage":{"@id":"https:\/\/www.fiscalia.gov.co\/colombia\/noticias\/desarticulada-banda-criminal-dedicada-a-defraudar-el-sector-salud-en-barranquilla-atlantico\/"},"wordCount":439,"publisher":{"@id":"https:\/\/www.fiscalia.gov.co\/colombia\/#organization"},"keywords":["Bolsillos de Cristal","Corrupci\u00f3n","Fiscal General de la Naci\u00f3n"],"articleSection":["Noticias"],"inLanguage":"es-CO"},{"@type":"WebPage","@id":"https:\/\/www.fiscalia.gov.co\/colombia\/noticias\/desarticulada-banda-criminal-dedicada-a-defraudar-el-sector-salud-en-barranquilla-atlantico\/","url":"https:\/\/www.fiscalia.gov.co\/colombia\/noticias\/desarticulada-banda-criminal-dedicada-a-defraudar-el-sector-salud-en-barranquilla-atlantico\/","name":"Fiscal\u00eda General de la Naci\u00f3n","isPartOf":{"@id":"https:\/\/www.fiscalia.gov.co\/colombia\/#website"},"datePublished":"2016-12-14T19:57:44+00:00","dateModified":"2016-12-14T20:34:48+00:00","description":"P\u00e1gina oficial de la Fiscal\u00eda General de la Naci\u00f3n \u2013 Colombia. Garantizamos el acceso efectivo a la justicia, la verdad y la reparaci\u00f3n de las v\u00edctimas de los delitos.","breadcrumb":{"@id":"https:\/\/www.fiscalia.gov.co\/colombia\/noticias\/desarticulada-banda-criminal-dedicada-a-defraudar-el-sector-salud-en-barranquilla-atlantico\/#breadcrumb"},"inLanguage":"es-CO","potentialAction":[{"@type":"ReadAction","target":["https:\/\/www.fiscalia.gov.co\/colombia\/noticias\/desarticulada-banda-criminal-dedicada-a-defraudar-el-sector-salud-en-barranquilla-atlantico\/"]}]},{"@type":"BreadcrumbList","@id":"https:\/\/www.fiscalia.gov.co\/colombia\/noticias\/desarticulada-banda-criminal-dedicada-a-defraudar-el-sector-salud-en-barranquilla-atlantico\/#breadcrumb","itemListElement":[{"@type":"ListItem","position":1,"name":"Home","item":"https:\/\/www.fiscalia.gov.co\/colombia\/"},{"@type":"ListItem","position":2,"name":"Desarticulada banda criminal dedicada a defraudar el sector salud en Barranquilla (Atl\u00e1ntico)"}]},{"@type":"WebSite","@id":"https:\/\/www.fiscalia.gov.co\/colombia\/#website","url":"https:\/\/www.fiscalia.gov.co\/colombia\/","name":"Fiscal\u00eda General de la Naci\u00f3n","description":"P\u00e1gina oficial de la Fiscal\u00eda General de la Naci\u00f3n \u2013 Colombia. Garantizamos el acceso efectivo a la justicia, la verdad y la reparaci\u00f3n de las v\u00edctimas de los delitos.","publisher":{"@id":"https:\/\/www.fiscalia.gov.co\/colombia\/#organization"},"potentialAction":[{"@type":"SearchAction","target":{"@type":"EntryPoint","urlTemplate":"https:\/\/www.fiscalia.gov.co\/colombia\/?s={search_term_string}"},"query-input":{"@type":"PropertyValueSpecification","valueRequired":true,"valueName":"search_term_string"}}],"inLanguage":"es-CO"},{"@type":"Organization","@id":"https:\/\/www.fiscalia.gov.co\/colombia\/#organization","name":"Fiscal\u00eda General de la Naci\u00f3n","url":"https:\/\/www.fiscalia.gov.co\/colombia\/","logo":{"@type":"ImageObject","inLanguage":"es-CO","@id":"https:\/\/www.fiscalia.gov.co\/colombia\/#\/schema\/logo\/image\/","url":"https:\/\/www.fiscalia.gov.co\/colombia\/wp-content\/uploads\/LogoHorizontal_1.jpg","contentUrl":"https:\/\/www.fiscalia.gov.co\/colombia\/wp-content\/uploads\/LogoHorizontal_1.jpg","width":300,"height":90,"caption":"Fiscal\u00eda General de la Naci\u00f3n"},"image":{"@id":"https:\/\/www.fiscalia.gov.co\/colombia\/#\/schema\/logo\/image\/"},"sameAs":["https:\/\/www.facebook.com\/FiscaliaCol","https:\/\/x.com\/FiscaliaCol","https:\/\/www.instagram.com\/fiscaliacol","https:\/\/www.linkedin.com\/company\/fiscalia-general-de-la-naci-n\/","https:\/\/youtube.com\/@fiscaliageneraldelanacion-4668?si=6nN79nyQICPU5iTh"]},{"@type":"Person","@id":"https:\/\/www.fiscalia.gov.co\/colombia\/#\/schema\/person\/3903856a3ce2d54b094c69eb29247895","name":"dfgordillo","image":{"@type":"ImageObject","inLanguage":"es-CO","@id":"https:\/\/www.fiscalia.gov.co\/colombia\/#\/schema\/person\/image\/","url":"https:\/\/secure.gravatar.com\/avatar\/b6356e21c5657c60757fe6fb9493e947?s=96&d=mm&r=g","contentUrl":"https:\/\/secure.gravatar.com\/avatar\/b6356e21c5657c60757fe6fb9493e947?s=96&d=mm&r=g","caption":"dfgordillo"},"sameAs":["dfgordillo"],"url":"https:\/\/www.fiscalia.gov.co\/colombia\/author\/dfgordillo\/"}]}},"_links":{"self":[{"href":"https:\/\/www.fiscalia.gov.co\/colombia\/wp-json\/wp\/v2\/posts\/96549","targetHints":{"allow":["GET"]}}],"collection":[{"href":"https:\/\/www.fiscalia.gov.co\/colombia\/wp-json\/wp\/v2\/posts"}],"about":[{"href":"https:\/\/www.fiscalia.gov.co\/colombia\/wp-json\/wp\/v2\/types\/post"}],"author":[{"embeddable":true,"href":"https:\/\/www.fiscalia.gov.co\/colombia\/wp-json\/wp\/v2\/users\/143"}],"replies":[{"embeddable":true,"href":"https:\/\/www.fiscalia.gov.co\/colombia\/wp-json\/wp\/v2\/comments?post=96549"}],"version-history":[{"count":5,"href":"https:\/\/www.fiscalia.gov.co\/colombia\/wp-json\/wp\/v2\/posts\/96549\/revisions"}],"predecessor-version":[{"id":96551,"href":"https:\/\/www.fiscalia.gov.co\/colombia\/wp-json\/wp\/v2\/posts\/96549\/revisions\/96551"}],"wp:attachment":[{"href":"https:\/\/www.fiscalia.gov.co\/colombia\/wp-json\/wp\/v2\/media?parent=96549"}],"wp:term":[{"taxonomy":"category","embeddable":true,"href":"https:\/\/www.fiscalia.gov.co\/colombia\/wp-json\/wp\/v2\/categories?post=96549"},{"taxonomy":"post_tag","embeddable":true,"href":"https:\/\/www.fiscalia.gov.co\/colombia\/wp-json\/wp\/v2\/tags?post=96549"}],"curies":[{"name":"wp","href":"https:\/\/api.w.org\/{rel}","templated":true}]}}