{"id":96366,"date":"2016-12-12T12:36:34","date_gmt":"2016-12-12T17:36:34","guid":{"rendered":"http:\/\/www.fiscalia.gov.co\/colombia\/?p=96366"},"modified":"2016-12-12T12:36:34","modified_gmt":"2016-12-12T17:36:34","slug":"fiscalia-acuso-a-25-integrantes-de-la-banda-los-300-que-azotaba-a-los-habitantes-de-la-comuna-1-de-palmira-valle-del-cauca","status":"publish","type":"post","link":"https:\/\/www.fiscalia.gov.co\/colombia\/noticias\/fiscalia-acuso-a-25-integrantes-de-la-banda-los-300-que-azotaba-a-los-habitantes-de-la-comuna-1-de-palmira-valle-del-cauca\/","title":{"rendered":"Fiscal\u00eda acus\u00f3 a 25 integrantes de la banda Los 300 que azotaba a los habitantes de la comuna 1 de Palmira (Valle del Cauca)"},"content":{"rendered":"<p>Los 300 delinqu\u00eda en los barrios Harold Eder, Caimitos, Villa Dina, Bosques del Ed\u00e9n, de la comuna 1 del municipio de Palmira (Valle del Cauca).<\/p>\n<p>Tambi\u00e9n se hac\u00edan llamar Los de Bachilo, como el alias del jefe de la estructura. Son 54 los integrantes, entre adultos y menores, y una fiscal\u00eda especializada de Cali (Valle del Cauca) formul\u00f3 acusaci\u00f3n en contra de 25 de ellos, ya capturados.<\/p>\n<p>20 hombres permanecen privados de la libertad en la c\u00e1rcel Villa de Las Palmas y cuatro mujeres en la c\u00e1rcel Eran de Jamund\u00ed (Valle del Cauca).<\/p>\n<p>Desde el 2010, Los 300 iniciaron su actividad delictiva a trav\u00e9s de las extorsiones y el hurto a los habitantes de la comuna 1, la venta de estupefacientes, la utilizaci\u00f3n de armas de fuego y el desplazamiento forzado de los vecinos de los barrios.<\/p>\n<p>Estas actividades criminales afectaron a 80 familias, a cuyos integrantes Los 300 los amenazaban y realizaban atentados en contra de sus bienes sino cancelaban sumas de dinero entre $5.000 y $10.000 semanales.<\/p>\n<p>&nbsp;<\/p>\n<p><strong>Por una denuncia<\/strong><\/p>\n<p>La investigaci\u00f3n de la Fiscal\u00eda se inici\u00f3 por una denuncia de una habitante del sector y puso en conocimiento las acciones delictivas realizadas por varios integrantes de esta banda, padeciendo ella y su familia amenazas de muerte y extorsiones.<\/p>\n<p>Estas denuncias fueron corroboradas por tres habitantes del barrio Caimitos, quienes padec\u00edan extorsiones y presiones para abandonar sus inmuebles y convertirlos en centros de distribuci\u00f3n de estupefacientes.<\/p>\n<p>En medio de las investigaciones, habitantes de estos 4 barrios, cansados de los atropellos de Los 300, aportaron las identidades de los integrantes con sus alias.<\/p>\n<p>Se individualizaron de los responsables de esos delitos tras el reconocimiento fotogr\u00e1fico, se solicitaron las \u00f3rdenes de captura contra 25 de ellos, expedidas por el Juzgado Novena Penal Municipal con funciones de control de garant\u00edas de Palmira, y se realizaron 31 registros y allanamientos.<\/p>\n<p>&nbsp;<\/p>\n<p><strong>Acusaci\u00f3n<\/strong><\/p>\n<p>Para la Fiscal\u00eda 25 Especializada de Cali \u201chay elementos materiales probatorios, evidencias f\u00edsica e informaci\u00f3n legalmente obtenida para demostrar que las conductas existieron y que asiste responsabilidad penal de calidad de coautores de los delitos de desplazamiento forzado, amenazas, uso de menores en la comisi\u00f3n de delitos, fabricaci\u00f3n, tr\u00e1fico, tenencia de armas de fuego agravado, extorsi\u00f3n agravada y fabricaci\u00f3n, tr\u00e1fico o porte de estupefacientes\u201d.<\/p>\n<p>Los acusados, como presuntos coautores de estos delitos, son: Carlos Andr\u00e9s Caicedo Moreno, alias Bachilo, jefe de la banda; Rosa Ang\u00e9lica Sol\u00eds S\u00e1nchez, alias Rosa; Yeferson Machado Escobar, alias Care Ni\u00f1a; Jhon Darwin Bland\u00f3n Mej\u00eda, alias el Indio; Jhon Dar\u00edo Barahona Berm\u00fadez, alias Dairon; Jhony Andr\u00e9s Gonz\u00e1lez Leal, alias Care Perro; Johan Felipe Gir\u00f3n Sarria, alias Gury Gury, y Luis Orlando Mosquera Llanos, alias Morocho.<\/p>\n<p>Tambi\u00e9n est\u00e1n Cristian Mauricio Gonz\u00e1lez Pinilla, alias Pinilla; Yesenia Mosquera Leal, alias la Yesi;\u00a0 Hermen Lerma Dorado, alias Panch\u00f3n; Juan Camilo Ramos Sol\u00eds, alias Camilo; Diego Fernando Monta\u00f1o Mancillo, alias Pan Mil; Alejandro Murillo Patino, alias Pap\u00e1; Bryan Alejandro Murillo M\u00e9ndez, alias Peluca; Carlos Eduardo Valor, alias Dulcero; Erika Soranyi Garc\u00e9s Ram\u00edrez, alias Cosita; Antony Alemau Mina Soto, alias Alemau; Denis Andr\u00e9s Angulo Buitrago, alias Denis; Julio Cesar Agudelo Vidal, alias Soldo; Jhon James Peralta Grajales, alias James; Jessica Paola paz Barahona,\u00a0 alias la Cale\u00f1a; Jhon Edwin Ram\u00edrez Ben\u00edtez, alias Pich\u00f3n; y Luis Fernando Capote Ram\u00edrez, alias Chocolate.<\/p>\n<p>&nbsp;<\/p>\n<p>&nbsp;<\/p>\n<p>JGPV\/DLBM<\/p>\n<p>&nbsp;<\/p>\n\n<div class=\"twitter-share\"><a href=\"https:\/\/twitter.com\/intent\/tweet?via=fiscaliacol\" class=\"twitter-share-button\">Tweet<\/a><\/div>\n","protected":false},"excerpt":{"rendered":"<p>Los 300 delinqu\u00eda en los barrios Harold Eder, Caimitos, Villa Dina, Bosques del Ed\u00e9n, de la comuna 1 del municipio de Palmira (Valle del Cauca). Tambi\u00e9n se hac\u00edan llamar Los de Bachilo, como el alias del jefe de la estructura. Son 54 los integrantes, entre adultos y menores, y una fiscal\u00eda especializada de Cali (Valle [&hellip;]<\/p>\n","protected":false},"author":143,"featured_media":0,"comment_status":"closed","ping_status":"open","sticky":false,"template":"","format":"standard","meta":{"tdm_status":"","tdm_grid_status":"","footnotes":""},"categories":[1],"tags":[11101],"class_list":{"0":"post-96366","1":"post","2":"type-post","3":"status-publish","4":"format-standard","6":"category-noticias","7":"tag-seguridad-ciudadana"},"yoast_head":"<!-- This site is optimized with the Yoast SEO plugin v24.3 - https:\/\/yoast.com\/wordpress\/plugins\/seo\/ -->\n<title>Fiscal\u00eda General de la Naci\u00f3n<\/title>\n<meta name=\"description\" content=\"P\u00e1gina oficial de la Fiscal\u00eda General de la Naci\u00f3n \u2013 Colombia. Garantizamos el acceso efectivo a la justicia, la verdad y la reparaci\u00f3n de las v\u00edctimas de los delitos.\" \/>\n<meta name=\"robots\" content=\"noindex, follow\" \/>\n<meta property=\"og:locale\" content=\"es_ES\" \/>\n<meta property=\"og:type\" content=\"article\" \/>\n<meta property=\"og:title\" content=\"Fiscal\u00eda General de la Naci\u00f3n\" \/>\n<meta property=\"og:description\" content=\"P\u00e1gina oficial de la Fiscal\u00eda General de la Naci\u00f3n \u2013 Colombia. Garantizamos el acceso efectivo a la justicia, la verdad y la reparaci\u00f3n de las v\u00edctimas de los delitos.\" \/>\n<meta property=\"og:url\" content=\"https:\/\/www.fiscalia.gov.co\/colombia\/noticias\/fiscalia-acuso-a-25-integrantes-de-la-banda-los-300-que-azotaba-a-los-habitantes-de-la-comuna-1-de-palmira-valle-del-cauca\/\" \/>\n<meta property=\"og:site_name\" content=\"Fiscal\u00eda General de la Naci\u00f3n\" \/>\n<meta property=\"article:publisher\" content=\"https:\/\/www.facebook.com\/FiscaliaCol\" \/>\n<meta property=\"article:published_time\" content=\"2016-12-12T17:36:34+00:00\" \/>\n<meta name=\"author\" content=\"dfgordillo\" \/>\n<meta name=\"twitter:card\" content=\"summary_large_image\" \/>\n<meta name=\"twitter:creator\" content=\"@FiscaliaCol\" \/>\n<meta name=\"twitter:site\" content=\"@FiscaliaCol\" \/>\n<meta name=\"twitter:label1\" content=\"Escrito por\" \/>\n\t<meta name=\"twitter:data1\" content=\"dfgordillo\" \/>\n\t<meta name=\"twitter:label2\" content=\"Tiempo de lectura\" \/>\n\t<meta name=\"twitter:data2\" content=\"3 minutos\" \/>\n<script type=\"application\/ld+json\" class=\"yoast-schema-graph\">{\"@context\":\"https:\/\/schema.org\",\"@graph\":[{\"@type\":\"Article\",\"@id\":\"https:\/\/www.fiscalia.gov.co\/colombia\/noticias\/fiscalia-acuso-a-25-integrantes-de-la-banda-los-300-que-azotaba-a-los-habitantes-de-la-comuna-1-de-palmira-valle-del-cauca\/#article\",\"isPartOf\":{\"@id\":\"https:\/\/www.fiscalia.gov.co\/colombia\/noticias\/fiscalia-acuso-a-25-integrantes-de-la-banda-los-300-que-azotaba-a-los-habitantes-de-la-comuna-1-de-palmira-valle-del-cauca\/\"},\"author\":{\"name\":\"dfgordillo\",\"@id\":\"https:\/\/www.fiscalia.gov.co\/colombia\/#\/schema\/person\/3903856a3ce2d54b094c69eb29247895\"},\"headline\":\"Fiscal\u00eda acus\u00f3 a 25 integrantes de la banda Los 300 que azotaba a los habitantes de la comuna 1 de Palmira (Valle del Cauca)\",\"datePublished\":\"2016-12-12T17:36:34+00:00\",\"dateModified\":\"2016-12-12T17:36:34+00:00\",\"mainEntityOfPage\":{\"@id\":\"https:\/\/www.fiscalia.gov.co\/colombia\/noticias\/fiscalia-acuso-a-25-integrantes-de-la-banda-los-300-que-azotaba-a-los-habitantes-de-la-comuna-1-de-palmira-valle-del-cauca\/\"},\"wordCount\":601,\"publisher\":{\"@id\":\"https:\/\/www.fiscalia.gov.co\/colombia\/#organization\"},\"keywords\":[\"Seguridad ciudadana\"],\"articleSection\":[\"Noticias\"],\"inLanguage\":\"es-CO\"},{\"@type\":\"WebPage\",\"@id\":\"https:\/\/www.fiscalia.gov.co\/colombia\/noticias\/fiscalia-acuso-a-25-integrantes-de-la-banda-los-300-que-azotaba-a-los-habitantes-de-la-comuna-1-de-palmira-valle-del-cauca\/\",\"url\":\"https:\/\/www.fiscalia.gov.co\/colombia\/noticias\/fiscalia-acuso-a-25-integrantes-de-la-banda-los-300-que-azotaba-a-los-habitantes-de-la-comuna-1-de-palmira-valle-del-cauca\/\",\"name\":\"Fiscal\u00eda General de la Naci\u00f3n\",\"isPartOf\":{\"@id\":\"https:\/\/www.fiscalia.gov.co\/colombia\/#website\"},\"datePublished\":\"2016-12-12T17:36:34+00:00\",\"dateModified\":\"2016-12-12T17:36:34+00:00\",\"description\":\"P\u00e1gina oficial de la Fiscal\u00eda General de la Naci\u00f3n \u2013 Colombia. Garantizamos el acceso efectivo a la justicia, la verdad y la reparaci\u00f3n de las v\u00edctimas de los delitos.\",\"breadcrumb\":{\"@id\":\"https:\/\/www.fiscalia.gov.co\/colombia\/noticias\/fiscalia-acuso-a-25-integrantes-de-la-banda-los-300-que-azotaba-a-los-habitantes-de-la-comuna-1-de-palmira-valle-del-cauca\/#breadcrumb\"},\"inLanguage\":\"es-CO\",\"potentialAction\":[{\"@type\":\"ReadAction\",\"target\":[\"https:\/\/www.fiscalia.gov.co\/colombia\/noticias\/fiscalia-acuso-a-25-integrantes-de-la-banda-los-300-que-azotaba-a-los-habitantes-de-la-comuna-1-de-palmira-valle-del-cauca\/\"]}]},{\"@type\":\"BreadcrumbList\",\"@id\":\"https:\/\/www.fiscalia.gov.co\/colombia\/noticias\/fiscalia-acuso-a-25-integrantes-de-la-banda-los-300-que-azotaba-a-los-habitantes-de-la-comuna-1-de-palmira-valle-del-cauca\/#breadcrumb\",\"itemListElement\":[{\"@type\":\"ListItem\",\"position\":1,\"name\":\"Home\",\"item\":\"https:\/\/www.fiscalia.gov.co\/colombia\/\"},{\"@type\":\"ListItem\",\"position\":2,\"name\":\"Fiscal\u00eda acus\u00f3 a 25 integrantes de la banda Los 300 que azotaba a los habitantes de la comuna 1 de Palmira (Valle del Cauca)\"}]},{\"@type\":\"WebSite\",\"@id\":\"https:\/\/www.fiscalia.gov.co\/colombia\/#website\",\"url\":\"https:\/\/www.fiscalia.gov.co\/colombia\/\",\"name\":\"Fiscal\u00eda General de la Naci\u00f3n\",\"description\":\"P\u00e1gina oficial de la Fiscal\u00eda General de la Naci\u00f3n \u2013 Colombia. Garantizamos el acceso efectivo a la justicia, la verdad y la reparaci\u00f3n de las v\u00edctimas de los delitos.\",\"publisher\":{\"@id\":\"https:\/\/www.fiscalia.gov.co\/colombia\/#organization\"},\"potentialAction\":[{\"@type\":\"SearchAction\",\"target\":{\"@type\":\"EntryPoint\",\"urlTemplate\":\"https:\/\/www.fiscalia.gov.co\/colombia\/?s={search_term_string}\"},\"query-input\":{\"@type\":\"PropertyValueSpecification\",\"valueRequired\":true,\"valueName\":\"search_term_string\"}}],\"inLanguage\":\"es-CO\"},{\"@type\":\"Organization\",\"@id\":\"https:\/\/www.fiscalia.gov.co\/colombia\/#organization\",\"name\":\"Fiscal\u00eda General de la Naci\u00f3n\",\"url\":\"https:\/\/www.fiscalia.gov.co\/colombia\/\",\"logo\":{\"@type\":\"ImageObject\",\"inLanguage\":\"es-CO\",\"@id\":\"https:\/\/www.fiscalia.gov.co\/colombia\/#\/schema\/logo\/image\/\",\"url\":\"https:\/\/www.fiscalia.gov.co\/colombia\/wp-content\/uploads\/LogoHorizontal_1.jpg\",\"contentUrl\":\"https:\/\/www.fiscalia.gov.co\/colombia\/wp-content\/uploads\/LogoHorizontal_1.jpg\",\"width\":300,\"height\":90,\"caption\":\"Fiscal\u00eda General de la Naci\u00f3n\"},\"image\":{\"@id\":\"https:\/\/www.fiscalia.gov.co\/colombia\/#\/schema\/logo\/image\/\"},\"sameAs\":[\"https:\/\/www.facebook.com\/FiscaliaCol\",\"https:\/\/x.com\/FiscaliaCol\",\"https:\/\/www.instagram.com\/fiscaliacol\",\"https:\/\/www.linkedin.com\/company\/fiscalia-general-de-la-naci-n\/\",\"https:\/\/youtube.com\/@fiscaliageneraldelanacion-4668?si=6nN79nyQICPU5iTh\"]},{\"@type\":\"Person\",\"@id\":\"https:\/\/www.fiscalia.gov.co\/colombia\/#\/schema\/person\/3903856a3ce2d54b094c69eb29247895\",\"name\":\"dfgordillo\",\"image\":{\"@type\":\"ImageObject\",\"inLanguage\":\"es-CO\",\"@id\":\"https:\/\/www.fiscalia.gov.co\/colombia\/#\/schema\/person\/image\/\",\"url\":\"https:\/\/secure.gravatar.com\/avatar\/b6356e21c5657c60757fe6fb9493e947?s=96&d=mm&r=g\",\"contentUrl\":\"https:\/\/secure.gravatar.com\/avatar\/b6356e21c5657c60757fe6fb9493e947?s=96&d=mm&r=g\",\"caption\":\"dfgordillo\"},\"sameAs\":[\"dfgordillo\"],\"url\":\"https:\/\/www.fiscalia.gov.co\/colombia\/author\/dfgordillo\/\"}]}<\/script>\n<!-- \/ Yoast SEO plugin. -->","yoast_head_json":{"title":"Fiscal\u00eda General de la Naci\u00f3n","description":"P\u00e1gina oficial de la Fiscal\u00eda General de la Naci\u00f3n \u2013 Colombia. Garantizamos el acceso efectivo a la justicia, la verdad y la reparaci\u00f3n de las v\u00edctimas de los delitos.","robots":{"index":"noindex","follow":"follow"},"og_locale":"es_ES","og_type":"article","og_title":"Fiscal\u00eda General de la Naci\u00f3n","og_description":"P\u00e1gina oficial de la Fiscal\u00eda General de la Naci\u00f3n \u2013 Colombia. Garantizamos el acceso efectivo a la justicia, la verdad y la reparaci\u00f3n de las v\u00edctimas de los delitos.","og_url":"https:\/\/www.fiscalia.gov.co\/colombia\/noticias\/fiscalia-acuso-a-25-integrantes-de-la-banda-los-300-que-azotaba-a-los-habitantes-de-la-comuna-1-de-palmira-valle-del-cauca\/","og_site_name":"Fiscal\u00eda General de la Naci\u00f3n","article_publisher":"https:\/\/www.facebook.com\/FiscaliaCol","article_published_time":"2016-12-12T17:36:34+00:00","author":"dfgordillo","twitter_card":"summary_large_image","twitter_creator":"@FiscaliaCol","twitter_site":"@FiscaliaCol","twitter_misc":{"Escrito por":"dfgordillo","Tiempo de lectura":"3 minutos"},"schema":{"@context":"https:\/\/schema.org","@graph":[{"@type":"Article","@id":"https:\/\/www.fiscalia.gov.co\/colombia\/noticias\/fiscalia-acuso-a-25-integrantes-de-la-banda-los-300-que-azotaba-a-los-habitantes-de-la-comuna-1-de-palmira-valle-del-cauca\/#article","isPartOf":{"@id":"https:\/\/www.fiscalia.gov.co\/colombia\/noticias\/fiscalia-acuso-a-25-integrantes-de-la-banda-los-300-que-azotaba-a-los-habitantes-de-la-comuna-1-de-palmira-valle-del-cauca\/"},"author":{"name":"dfgordillo","@id":"https:\/\/www.fiscalia.gov.co\/colombia\/#\/schema\/person\/3903856a3ce2d54b094c69eb29247895"},"headline":"Fiscal\u00eda acus\u00f3 a 25 integrantes de la banda Los 300 que azotaba a los habitantes de la comuna 1 de Palmira (Valle del Cauca)","datePublished":"2016-12-12T17:36:34+00:00","dateModified":"2016-12-12T17:36:34+00:00","mainEntityOfPage":{"@id":"https:\/\/www.fiscalia.gov.co\/colombia\/noticias\/fiscalia-acuso-a-25-integrantes-de-la-banda-los-300-que-azotaba-a-los-habitantes-de-la-comuna-1-de-palmira-valle-del-cauca\/"},"wordCount":601,"publisher":{"@id":"https:\/\/www.fiscalia.gov.co\/colombia\/#organization"},"keywords":["Seguridad ciudadana"],"articleSection":["Noticias"],"inLanguage":"es-CO"},{"@type":"WebPage","@id":"https:\/\/www.fiscalia.gov.co\/colombia\/noticias\/fiscalia-acuso-a-25-integrantes-de-la-banda-los-300-que-azotaba-a-los-habitantes-de-la-comuna-1-de-palmira-valle-del-cauca\/","url":"https:\/\/www.fiscalia.gov.co\/colombia\/noticias\/fiscalia-acuso-a-25-integrantes-de-la-banda-los-300-que-azotaba-a-los-habitantes-de-la-comuna-1-de-palmira-valle-del-cauca\/","name":"Fiscal\u00eda General de la Naci\u00f3n","isPartOf":{"@id":"https:\/\/www.fiscalia.gov.co\/colombia\/#website"},"datePublished":"2016-12-12T17:36:34+00:00","dateModified":"2016-12-12T17:36:34+00:00","description":"P\u00e1gina oficial de la Fiscal\u00eda General de la Naci\u00f3n \u2013 Colombia. Garantizamos el acceso efectivo a la justicia, la verdad y la reparaci\u00f3n de las v\u00edctimas de los delitos.","breadcrumb":{"@id":"https:\/\/www.fiscalia.gov.co\/colombia\/noticias\/fiscalia-acuso-a-25-integrantes-de-la-banda-los-300-que-azotaba-a-los-habitantes-de-la-comuna-1-de-palmira-valle-del-cauca\/#breadcrumb"},"inLanguage":"es-CO","potentialAction":[{"@type":"ReadAction","target":["https:\/\/www.fiscalia.gov.co\/colombia\/noticias\/fiscalia-acuso-a-25-integrantes-de-la-banda-los-300-que-azotaba-a-los-habitantes-de-la-comuna-1-de-palmira-valle-del-cauca\/"]}]},{"@type":"BreadcrumbList","@id":"https:\/\/www.fiscalia.gov.co\/colombia\/noticias\/fiscalia-acuso-a-25-integrantes-de-la-banda-los-300-que-azotaba-a-los-habitantes-de-la-comuna-1-de-palmira-valle-del-cauca\/#breadcrumb","itemListElement":[{"@type":"ListItem","position":1,"name":"Home","item":"https:\/\/www.fiscalia.gov.co\/colombia\/"},{"@type":"ListItem","position":2,"name":"Fiscal\u00eda acus\u00f3 a 25 integrantes de la banda Los 300 que azotaba a los habitantes de la comuna 1 de Palmira (Valle del Cauca)"}]},{"@type":"WebSite","@id":"https:\/\/www.fiscalia.gov.co\/colombia\/#website","url":"https:\/\/www.fiscalia.gov.co\/colombia\/","name":"Fiscal\u00eda General de la Naci\u00f3n","description":"P\u00e1gina oficial de la Fiscal\u00eda General de la Naci\u00f3n \u2013 Colombia. Garantizamos el acceso efectivo a la justicia, la verdad y la reparaci\u00f3n de las v\u00edctimas de los delitos.","publisher":{"@id":"https:\/\/www.fiscalia.gov.co\/colombia\/#organization"},"potentialAction":[{"@type":"SearchAction","target":{"@type":"EntryPoint","urlTemplate":"https:\/\/www.fiscalia.gov.co\/colombia\/?s={search_term_string}"},"query-input":{"@type":"PropertyValueSpecification","valueRequired":true,"valueName":"search_term_string"}}],"inLanguage":"es-CO"},{"@type":"Organization","@id":"https:\/\/www.fiscalia.gov.co\/colombia\/#organization","name":"Fiscal\u00eda General de la Naci\u00f3n","url":"https:\/\/www.fiscalia.gov.co\/colombia\/","logo":{"@type":"ImageObject","inLanguage":"es-CO","@id":"https:\/\/www.fiscalia.gov.co\/colombia\/#\/schema\/logo\/image\/","url":"https:\/\/www.fiscalia.gov.co\/colombia\/wp-content\/uploads\/LogoHorizontal_1.jpg","contentUrl":"https:\/\/www.fiscalia.gov.co\/colombia\/wp-content\/uploads\/LogoHorizontal_1.jpg","width":300,"height":90,"caption":"Fiscal\u00eda General de la Naci\u00f3n"},"image":{"@id":"https:\/\/www.fiscalia.gov.co\/colombia\/#\/schema\/logo\/image\/"},"sameAs":["https:\/\/www.facebook.com\/FiscaliaCol","https:\/\/x.com\/FiscaliaCol","https:\/\/www.instagram.com\/fiscaliacol","https:\/\/www.linkedin.com\/company\/fiscalia-general-de-la-naci-n\/","https:\/\/youtube.com\/@fiscaliageneraldelanacion-4668?si=6nN79nyQICPU5iTh"]},{"@type":"Person","@id":"https:\/\/www.fiscalia.gov.co\/colombia\/#\/schema\/person\/3903856a3ce2d54b094c69eb29247895","name":"dfgordillo","image":{"@type":"ImageObject","inLanguage":"es-CO","@id":"https:\/\/www.fiscalia.gov.co\/colombia\/#\/schema\/person\/image\/","url":"https:\/\/secure.gravatar.com\/avatar\/b6356e21c5657c60757fe6fb9493e947?s=96&d=mm&r=g","contentUrl":"https:\/\/secure.gravatar.com\/avatar\/b6356e21c5657c60757fe6fb9493e947?s=96&d=mm&r=g","caption":"dfgordillo"},"sameAs":["dfgordillo"],"url":"https:\/\/www.fiscalia.gov.co\/colombia\/author\/dfgordillo\/"}]}},"_links":{"self":[{"href":"https:\/\/www.fiscalia.gov.co\/colombia\/wp-json\/wp\/v2\/posts\/96366","targetHints":{"allow":["GET"]}}],"collection":[{"href":"https:\/\/www.fiscalia.gov.co\/colombia\/wp-json\/wp\/v2\/posts"}],"about":[{"href":"https:\/\/www.fiscalia.gov.co\/colombia\/wp-json\/wp\/v2\/types\/post"}],"author":[{"embeddable":true,"href":"https:\/\/www.fiscalia.gov.co\/colombia\/wp-json\/wp\/v2\/users\/143"}],"replies":[{"embeddable":true,"href":"https:\/\/www.fiscalia.gov.co\/colombia\/wp-json\/wp\/v2\/comments?post=96366"}],"version-history":[{"count":1,"href":"https:\/\/www.fiscalia.gov.co\/colombia\/wp-json\/wp\/v2\/posts\/96366\/revisions"}],"predecessor-version":[{"id":96368,"href":"https:\/\/www.fiscalia.gov.co\/colombia\/wp-json\/wp\/v2\/posts\/96366\/revisions\/96368"}],"wp:attachment":[{"href":"https:\/\/www.fiscalia.gov.co\/colombia\/wp-json\/wp\/v2\/media?parent=96366"}],"wp:term":[{"taxonomy":"category","embeddable":true,"href":"https:\/\/www.fiscalia.gov.co\/colombia\/wp-json\/wp\/v2\/categories?post=96366"},{"taxonomy":"post_tag","embeddable":true,"href":"https:\/\/www.fiscalia.gov.co\/colombia\/wp-json\/wp\/v2\/tags?post=96366"}],"curies":[{"name":"wp","href":"https:\/\/api.w.org\/{rel}","templated":true}]}}