{"id":96336,"date":"2016-12-09T18:13:46","date_gmt":"2016-12-09T23:13:46","guid":{"rendered":"http:\/\/www.fiscalia.gov.co\/colombia\/?p=96336"},"modified":"2016-12-12T11:30:13","modified_gmt":"2016-12-12T16:30:13","slug":"funcionarios-del-cti-y-mensajeros-a-prision-por-clonar-tarjetas-de-credito-y-debito","status":"publish","type":"post","link":"https:\/\/www.fiscalia.gov.co\/colombia\/seccionales\/funcionarios-del-cti-y-mensajeros-a-prision-por-clonar-tarjetas-de-credito-y-debito\/","title":{"rendered":"Judicializados funcionarios del CTI y mensajeros por clonar tarjetas de cr\u00e9dito y d\u00e9bito"},"content":{"rendered":"<p>La Direcci\u00f3n Seccional de Fiscal\u00edas de Bogot\u00e1 logr\u00f3 que un juez de garant\u00edas enviara a prisi\u00f3n a los presuntos integrantes de una organizaci\u00f3n dedicada a la falsificaci\u00f3n de c\u00e9dulas y clonaci\u00f3n de tarjetas de cr\u00e9dito y d\u00e9bito, con la complicidad de dos funcionarios del Cuerpo T\u00e9cnico de Investigaci\u00f3n (CTI), de la Fiscal\u00eda.<\/p>\n<p>En el marco de la campa\u00f1a de la Fiscal\u00eda General contra la corrupci\u00f3n denominada\u00a0 #Corrupci\u00f3nNO, fue desvertebrada la organizaci\u00f3n criminal que utilizaba motociclistas domiciliarios de reconocidas compa\u00f1\u00edas de restaurantes por internet.<\/p>\n<p>Los presuntos delincuentes utilizaban las firmas de los recibos al pagar con las tarjetas de cr\u00e9dito para falsificar los documentos, manifest\u00f3 la delegada del ente acusador.<\/p>\n<p>De la misma manera se estableci\u00f3 que los servidores del CTI, habr\u00edan participado del il\u00edcito, mediante el\u00a0 Sistema Automatizado de Identificaci\u00f3n Dactilar (Afis, por sus siglas en ingl\u00e9s Automated Fingerprint Identification Systema), el cual sirve para verificar la identidad de una persona, a trav\u00e9s de las caracter\u00edsticas f\u00edsicas y sus huellas dactilares.<\/p>\n<p>\u201cLos domiciliarios entregaban el pedido y cuando les pagaban con tarjetas de cr\u00e9dito o d\u00e9bito quedaban grabados todos los datos en el dat\u00e1fono, informaci\u00f3n que era usada para la expedici\u00f3n de c\u00e9dulas falsas con la ayuda de los funcionarios del CTI\u201d, agreg\u00f3 la fiscal al llevarlos a la audiencia de imputaci\u00f3n de cargos y medida de aseguramiento.<\/p>\n<p>En uno de los eventos delictivos le fue clonada una tarjeta a un usuario de la cual sacaron cerca de 50 millones de pesos; en otros retiraban 17, 15\u00a0 o 12 millones dependientes del cupo de la tarjeta. \u201cYa estaban incursionando con tarjetas de cr\u00e9dito con cubrimiento internacional\u201d, agreg\u00f3 uno de los investigadores.<\/p>\n<p>Los procesados responden a los nombres de Jos\u00e9 Eli\u00e9cer Gonz\u00e1lez Toro, Diana Maritza Garz\u00f3n, Luis Ernesto Camacho Ceballos, alias Ganso; Yan Carlos S\u00e1nchez Pulecio, John Jairo C\u00e9spedes Garz\u00f3n, Alejandro Jurado M\u00e9ndez, Fabio Esneider Tellez Itacu\u00e9, Dairo Pavel Rocha Mojica, Mar\u00eda Esperanza Amaya Guzm\u00e1n, \u00c1lvaro Francisco T\u00e9llez Ram\u00edrez, Franky Fernando Vega Vargas, Aura Liliana Prieto D\u00edaz, Pedro Enrique Mendoza y Jarley Alejandra Rodr\u00edguez Prieto.<\/p>\n<p>Los investigadores del CTI, \u00a0Mar\u00eda Esperanza Amaya Guzm\u00e1n y \u00c1lvaro Francisco T\u00e9llez Ram\u00edrez no fueron cobijados con la medida restrictiva de la libertad pero siguen procesados como presuntos autores del il\u00edcito.<\/p>\n<p>&nbsp;<\/p>\n<p>CMR\/DLBM<\/p>\n\n<div class=\"twitter-share\"><a href=\"https:\/\/twitter.com\/intent\/tweet?via=fiscaliacol\" class=\"twitter-share-button\">Tweet<\/a><\/div>\n","protected":false},"excerpt":{"rendered":"<p>La Direcci\u00f3n Seccional de Fiscal\u00edas de Bogot\u00e1 logr\u00f3 que un juez de garant\u00edas enviara a prisi\u00f3n a los presuntos integrantes de una organizaci\u00f3n dedicada a la falsificaci\u00f3n de c\u00e9dulas y clonaci\u00f3n de tarjetas de cr\u00e9dito y d\u00e9bito, con la complicidad de dos funcionarios del Cuerpo T\u00e9cnico de Investigaci\u00f3n (CTI), de la Fiscal\u00eda. En el marco [&hellip;]<\/p>\n","protected":false},"author":143,"featured_media":0,"comment_status":"closed","ping_status":"open","sticky":false,"template":"","format":"standard","meta":{"tdm_status":"","tdm_grid_status":"","footnotes":""},"categories":[321,303],"tags":[504],"class_list":{"0":"post-96336","1":"post","2":"type-post","3":"status-publish","4":"format-standard","6":"category-seccional-bogota","7":"category-seccionales","8":"tag-clonacion-de-tarjetas"},"yoast_head":"<!-- This site is optimized with the Yoast SEO plugin v24.3 - https:\/\/yoast.com\/wordpress\/plugins\/seo\/ -->\n<title>Fiscal\u00eda General de la Naci\u00f3n<\/title>\n<meta name=\"description\" content=\"P\u00e1gina oficial de la Fiscal\u00eda General de la Naci\u00f3n \u2013 Colombia. Garantizamos el acceso efectivo a la justicia, la verdad y la reparaci\u00f3n de las v\u00edctimas de los delitos.\" \/>\n<meta name=\"robots\" content=\"noindex, follow\" \/>\n<meta property=\"og:locale\" content=\"es_ES\" \/>\n<meta property=\"og:type\" content=\"article\" \/>\n<meta property=\"og:title\" content=\"Fiscal\u00eda General de la Naci\u00f3n\" \/>\n<meta property=\"og:description\" content=\"P\u00e1gina oficial de la Fiscal\u00eda General de la Naci\u00f3n \u2013 Colombia. Garantizamos el acceso efectivo a la justicia, la verdad y la reparaci\u00f3n de las v\u00edctimas de los delitos.\" \/>\n<meta property=\"og:url\" content=\"https:\/\/www.fiscalia.gov.co\/colombia\/seccionales\/funcionarios-del-cti-y-mensajeros-a-prision-por-clonar-tarjetas-de-credito-y-debito\/\" \/>\n<meta property=\"og:site_name\" content=\"Fiscal\u00eda General de la Naci\u00f3n\" \/>\n<meta property=\"article:publisher\" content=\"https:\/\/www.facebook.com\/FiscaliaCol\" \/>\n<meta property=\"article:published_time\" content=\"2016-12-09T23:13:46+00:00\" \/>\n<meta property=\"article:modified_time\" content=\"2016-12-12T16:30:13+00:00\" \/>\n<meta name=\"author\" content=\"dfgordillo\" \/>\n<meta name=\"twitter:card\" content=\"summary_large_image\" \/>\n<meta name=\"twitter:creator\" content=\"@FiscaliaCol\" \/>\n<meta name=\"twitter:site\" content=\"@FiscaliaCol\" \/>\n<meta name=\"twitter:label1\" content=\"Escrito por\" \/>\n\t<meta name=\"twitter:data1\" content=\"dfgordillo\" \/>\n\t<meta name=\"twitter:label2\" content=\"Tiempo de lectura\" \/>\n\t<meta name=\"twitter:data2\" content=\"2 minutos\" \/>\n<script type=\"application\/ld+json\" class=\"yoast-schema-graph\">{\"@context\":\"https:\/\/schema.org\",\"@graph\":[{\"@type\":\"Article\",\"@id\":\"https:\/\/www.fiscalia.gov.co\/colombia\/seccionales\/funcionarios-del-cti-y-mensajeros-a-prision-por-clonar-tarjetas-de-credito-y-debito\/#article\",\"isPartOf\":{\"@id\":\"https:\/\/www.fiscalia.gov.co\/colombia\/seccionales\/funcionarios-del-cti-y-mensajeros-a-prision-por-clonar-tarjetas-de-credito-y-debito\/\"},\"author\":{\"name\":\"dfgordillo\",\"@id\":\"https:\/\/www.fiscalia.gov.co\/colombia\/#\/schema\/person\/3903856a3ce2d54b094c69eb29247895\"},\"headline\":\"Judicializados funcionarios del CTI y mensajeros por clonar tarjetas de cr\u00e9dito y d\u00e9bito\",\"datePublished\":\"2016-12-09T23:13:46+00:00\",\"dateModified\":\"2016-12-12T16:30:13+00:00\",\"mainEntityOfPage\":{\"@id\":\"https:\/\/www.fiscalia.gov.co\/colombia\/seccionales\/funcionarios-del-cti-y-mensajeros-a-prision-por-clonar-tarjetas-de-credito-y-debito\/\"},\"wordCount\":432,\"publisher\":{\"@id\":\"https:\/\/www.fiscalia.gov.co\/colombia\/#organization\"},\"keywords\":[\"Clonaci\u00f3n de tarjetas\"],\"articleSection\":[\"Seccional Bogot\u00e1\",\"Seccionales\"],\"inLanguage\":\"es-CO\"},{\"@type\":\"WebPage\",\"@id\":\"https:\/\/www.fiscalia.gov.co\/colombia\/seccionales\/funcionarios-del-cti-y-mensajeros-a-prision-por-clonar-tarjetas-de-credito-y-debito\/\",\"url\":\"https:\/\/www.fiscalia.gov.co\/colombia\/seccionales\/funcionarios-del-cti-y-mensajeros-a-prision-por-clonar-tarjetas-de-credito-y-debito\/\",\"name\":\"Fiscal\u00eda General de la Naci\u00f3n\",\"isPartOf\":{\"@id\":\"https:\/\/www.fiscalia.gov.co\/colombia\/#website\"},\"datePublished\":\"2016-12-09T23:13:46+00:00\",\"dateModified\":\"2016-12-12T16:30:13+00:00\",\"description\":\"P\u00e1gina oficial de la Fiscal\u00eda General de la Naci\u00f3n \u2013 Colombia. Garantizamos el acceso efectivo a la justicia, la verdad y la reparaci\u00f3n de las v\u00edctimas de los delitos.\",\"breadcrumb\":{\"@id\":\"https:\/\/www.fiscalia.gov.co\/colombia\/seccionales\/funcionarios-del-cti-y-mensajeros-a-prision-por-clonar-tarjetas-de-credito-y-debito\/#breadcrumb\"},\"inLanguage\":\"es-CO\",\"potentialAction\":[{\"@type\":\"ReadAction\",\"target\":[\"https:\/\/www.fiscalia.gov.co\/colombia\/seccionales\/funcionarios-del-cti-y-mensajeros-a-prision-por-clonar-tarjetas-de-credito-y-debito\/\"]}]},{\"@type\":\"BreadcrumbList\",\"@id\":\"https:\/\/www.fiscalia.gov.co\/colombia\/seccionales\/funcionarios-del-cti-y-mensajeros-a-prision-por-clonar-tarjetas-de-credito-y-debito\/#breadcrumb\",\"itemListElement\":[{\"@type\":\"ListItem\",\"position\":1,\"name\":\"Home\",\"item\":\"https:\/\/www.fiscalia.gov.co\/colombia\/\"},{\"@type\":\"ListItem\",\"position\":2,\"name\":\"Judicializados funcionarios del CTI y mensajeros por clonar tarjetas de cr\u00e9dito y d\u00e9bito\"}]},{\"@type\":\"WebSite\",\"@id\":\"https:\/\/www.fiscalia.gov.co\/colombia\/#website\",\"url\":\"https:\/\/www.fiscalia.gov.co\/colombia\/\",\"name\":\"Fiscal\u00eda General de la Naci\u00f3n\",\"description\":\"P\u00e1gina oficial de la Fiscal\u00eda General de la Naci\u00f3n \u2013 Colombia. Garantizamos el acceso efectivo a la justicia, la verdad y la reparaci\u00f3n de las v\u00edctimas de los delitos.\",\"publisher\":{\"@id\":\"https:\/\/www.fiscalia.gov.co\/colombia\/#organization\"},\"potentialAction\":[{\"@type\":\"SearchAction\",\"target\":{\"@type\":\"EntryPoint\",\"urlTemplate\":\"https:\/\/www.fiscalia.gov.co\/colombia\/?s={search_term_string}\"},\"query-input\":{\"@type\":\"PropertyValueSpecification\",\"valueRequired\":true,\"valueName\":\"search_term_string\"}}],\"inLanguage\":\"es-CO\"},{\"@type\":\"Organization\",\"@id\":\"https:\/\/www.fiscalia.gov.co\/colombia\/#organization\",\"name\":\"Fiscal\u00eda General de la Naci\u00f3n\",\"url\":\"https:\/\/www.fiscalia.gov.co\/colombia\/\",\"logo\":{\"@type\":\"ImageObject\",\"inLanguage\":\"es-CO\",\"@id\":\"https:\/\/www.fiscalia.gov.co\/colombia\/#\/schema\/logo\/image\/\",\"url\":\"https:\/\/www.fiscalia.gov.co\/colombia\/wp-content\/uploads\/LogoHorizontal_1.jpg\",\"contentUrl\":\"https:\/\/www.fiscalia.gov.co\/colombia\/wp-content\/uploads\/LogoHorizontal_1.jpg\",\"width\":300,\"height\":90,\"caption\":\"Fiscal\u00eda General de la Naci\u00f3n\"},\"image\":{\"@id\":\"https:\/\/www.fiscalia.gov.co\/colombia\/#\/schema\/logo\/image\/\"},\"sameAs\":[\"https:\/\/www.facebook.com\/FiscaliaCol\",\"https:\/\/x.com\/FiscaliaCol\",\"https:\/\/www.instagram.com\/fiscaliacol\",\"https:\/\/www.linkedin.com\/company\/fiscalia-general-de-la-naci-n\/\",\"https:\/\/youtube.com\/@fiscaliageneraldelanacion-4668?si=6nN79nyQICPU5iTh\"]},{\"@type\":\"Person\",\"@id\":\"https:\/\/www.fiscalia.gov.co\/colombia\/#\/schema\/person\/3903856a3ce2d54b094c69eb29247895\",\"name\":\"dfgordillo\",\"image\":{\"@type\":\"ImageObject\",\"inLanguage\":\"es-CO\",\"@id\":\"https:\/\/www.fiscalia.gov.co\/colombia\/#\/schema\/person\/image\/\",\"url\":\"https:\/\/secure.gravatar.com\/avatar\/b6356e21c5657c60757fe6fb9493e947?s=96&d=mm&r=g\",\"contentUrl\":\"https:\/\/secure.gravatar.com\/avatar\/b6356e21c5657c60757fe6fb9493e947?s=96&d=mm&r=g\",\"caption\":\"dfgordillo\"},\"sameAs\":[\"dfgordillo\"],\"url\":\"https:\/\/www.fiscalia.gov.co\/colombia\/author\/dfgordillo\/\"}]}<\/script>\n<!-- \/ Yoast SEO plugin. -->","yoast_head_json":{"title":"Fiscal\u00eda General de la Naci\u00f3n","description":"P\u00e1gina oficial de la Fiscal\u00eda General de la Naci\u00f3n \u2013 Colombia. Garantizamos el acceso efectivo a la justicia, la verdad y la reparaci\u00f3n de las v\u00edctimas de los delitos.","robots":{"index":"noindex","follow":"follow"},"og_locale":"es_ES","og_type":"article","og_title":"Fiscal\u00eda General de la Naci\u00f3n","og_description":"P\u00e1gina oficial de la Fiscal\u00eda General de la Naci\u00f3n \u2013 Colombia. Garantizamos el acceso efectivo a la justicia, la verdad y la reparaci\u00f3n de las v\u00edctimas de los delitos.","og_url":"https:\/\/www.fiscalia.gov.co\/colombia\/seccionales\/funcionarios-del-cti-y-mensajeros-a-prision-por-clonar-tarjetas-de-credito-y-debito\/","og_site_name":"Fiscal\u00eda General de la Naci\u00f3n","article_publisher":"https:\/\/www.facebook.com\/FiscaliaCol","article_published_time":"2016-12-09T23:13:46+00:00","article_modified_time":"2016-12-12T16:30:13+00:00","author":"dfgordillo","twitter_card":"summary_large_image","twitter_creator":"@FiscaliaCol","twitter_site":"@FiscaliaCol","twitter_misc":{"Escrito por":"dfgordillo","Tiempo de lectura":"2 minutos"},"schema":{"@context":"https:\/\/schema.org","@graph":[{"@type":"Article","@id":"https:\/\/www.fiscalia.gov.co\/colombia\/seccionales\/funcionarios-del-cti-y-mensajeros-a-prision-por-clonar-tarjetas-de-credito-y-debito\/#article","isPartOf":{"@id":"https:\/\/www.fiscalia.gov.co\/colombia\/seccionales\/funcionarios-del-cti-y-mensajeros-a-prision-por-clonar-tarjetas-de-credito-y-debito\/"},"author":{"name":"dfgordillo","@id":"https:\/\/www.fiscalia.gov.co\/colombia\/#\/schema\/person\/3903856a3ce2d54b094c69eb29247895"},"headline":"Judicializados funcionarios del CTI y mensajeros por clonar tarjetas de cr\u00e9dito y d\u00e9bito","datePublished":"2016-12-09T23:13:46+00:00","dateModified":"2016-12-12T16:30:13+00:00","mainEntityOfPage":{"@id":"https:\/\/www.fiscalia.gov.co\/colombia\/seccionales\/funcionarios-del-cti-y-mensajeros-a-prision-por-clonar-tarjetas-de-credito-y-debito\/"},"wordCount":432,"publisher":{"@id":"https:\/\/www.fiscalia.gov.co\/colombia\/#organization"},"keywords":["Clonaci\u00f3n de tarjetas"],"articleSection":["Seccional Bogot\u00e1","Seccionales"],"inLanguage":"es-CO"},{"@type":"WebPage","@id":"https:\/\/www.fiscalia.gov.co\/colombia\/seccionales\/funcionarios-del-cti-y-mensajeros-a-prision-por-clonar-tarjetas-de-credito-y-debito\/","url":"https:\/\/www.fiscalia.gov.co\/colombia\/seccionales\/funcionarios-del-cti-y-mensajeros-a-prision-por-clonar-tarjetas-de-credito-y-debito\/","name":"Fiscal\u00eda General de la Naci\u00f3n","isPartOf":{"@id":"https:\/\/www.fiscalia.gov.co\/colombia\/#website"},"datePublished":"2016-12-09T23:13:46+00:00","dateModified":"2016-12-12T16:30:13+00:00","description":"P\u00e1gina oficial de la Fiscal\u00eda General de la Naci\u00f3n \u2013 Colombia. Garantizamos el acceso efectivo a la justicia, la verdad y la reparaci\u00f3n de las v\u00edctimas de los delitos.","breadcrumb":{"@id":"https:\/\/www.fiscalia.gov.co\/colombia\/seccionales\/funcionarios-del-cti-y-mensajeros-a-prision-por-clonar-tarjetas-de-credito-y-debito\/#breadcrumb"},"inLanguage":"es-CO","potentialAction":[{"@type":"ReadAction","target":["https:\/\/www.fiscalia.gov.co\/colombia\/seccionales\/funcionarios-del-cti-y-mensajeros-a-prision-por-clonar-tarjetas-de-credito-y-debito\/"]}]},{"@type":"BreadcrumbList","@id":"https:\/\/www.fiscalia.gov.co\/colombia\/seccionales\/funcionarios-del-cti-y-mensajeros-a-prision-por-clonar-tarjetas-de-credito-y-debito\/#breadcrumb","itemListElement":[{"@type":"ListItem","position":1,"name":"Home","item":"https:\/\/www.fiscalia.gov.co\/colombia\/"},{"@type":"ListItem","position":2,"name":"Judicializados funcionarios del CTI y mensajeros por clonar tarjetas de cr\u00e9dito y d\u00e9bito"}]},{"@type":"WebSite","@id":"https:\/\/www.fiscalia.gov.co\/colombia\/#website","url":"https:\/\/www.fiscalia.gov.co\/colombia\/","name":"Fiscal\u00eda General de la Naci\u00f3n","description":"P\u00e1gina oficial de la Fiscal\u00eda General de la Naci\u00f3n \u2013 Colombia. Garantizamos el acceso efectivo a la justicia, la verdad y la reparaci\u00f3n de las v\u00edctimas de los delitos.","publisher":{"@id":"https:\/\/www.fiscalia.gov.co\/colombia\/#organization"},"potentialAction":[{"@type":"SearchAction","target":{"@type":"EntryPoint","urlTemplate":"https:\/\/www.fiscalia.gov.co\/colombia\/?s={search_term_string}"},"query-input":{"@type":"PropertyValueSpecification","valueRequired":true,"valueName":"search_term_string"}}],"inLanguage":"es-CO"},{"@type":"Organization","@id":"https:\/\/www.fiscalia.gov.co\/colombia\/#organization","name":"Fiscal\u00eda General de la Naci\u00f3n","url":"https:\/\/www.fiscalia.gov.co\/colombia\/","logo":{"@type":"ImageObject","inLanguage":"es-CO","@id":"https:\/\/www.fiscalia.gov.co\/colombia\/#\/schema\/logo\/image\/","url":"https:\/\/www.fiscalia.gov.co\/colombia\/wp-content\/uploads\/LogoHorizontal_1.jpg","contentUrl":"https:\/\/www.fiscalia.gov.co\/colombia\/wp-content\/uploads\/LogoHorizontal_1.jpg","width":300,"height":90,"caption":"Fiscal\u00eda General de la Naci\u00f3n"},"image":{"@id":"https:\/\/www.fiscalia.gov.co\/colombia\/#\/schema\/logo\/image\/"},"sameAs":["https:\/\/www.facebook.com\/FiscaliaCol","https:\/\/x.com\/FiscaliaCol","https:\/\/www.instagram.com\/fiscaliacol","https:\/\/www.linkedin.com\/company\/fiscalia-general-de-la-naci-n\/","https:\/\/youtube.com\/@fiscaliageneraldelanacion-4668?si=6nN79nyQICPU5iTh"]},{"@type":"Person","@id":"https:\/\/www.fiscalia.gov.co\/colombia\/#\/schema\/person\/3903856a3ce2d54b094c69eb29247895","name":"dfgordillo","image":{"@type":"ImageObject","inLanguage":"es-CO","@id":"https:\/\/www.fiscalia.gov.co\/colombia\/#\/schema\/person\/image\/","url":"https:\/\/secure.gravatar.com\/avatar\/b6356e21c5657c60757fe6fb9493e947?s=96&d=mm&r=g","contentUrl":"https:\/\/secure.gravatar.com\/avatar\/b6356e21c5657c60757fe6fb9493e947?s=96&d=mm&r=g","caption":"dfgordillo"},"sameAs":["dfgordillo"],"url":"https:\/\/www.fiscalia.gov.co\/colombia\/author\/dfgordillo\/"}]}},"_links":{"self":[{"href":"https:\/\/www.fiscalia.gov.co\/colombia\/wp-json\/wp\/v2\/posts\/96336","targetHints":{"allow":["GET"]}}],"collection":[{"href":"https:\/\/www.fiscalia.gov.co\/colombia\/wp-json\/wp\/v2\/posts"}],"about":[{"href":"https:\/\/www.fiscalia.gov.co\/colombia\/wp-json\/wp\/v2\/types\/post"}],"author":[{"embeddable":true,"href":"https:\/\/www.fiscalia.gov.co\/colombia\/wp-json\/wp\/v2\/users\/143"}],"replies":[{"embeddable":true,"href":"https:\/\/www.fiscalia.gov.co\/colombia\/wp-json\/wp\/v2\/comments?post=96336"}],"version-history":[{"count":5,"href":"https:\/\/www.fiscalia.gov.co\/colombia\/wp-json\/wp\/v2\/posts\/96336\/revisions"}],"predecessor-version":[{"id":96338,"href":"https:\/\/www.fiscalia.gov.co\/colombia\/wp-json\/wp\/v2\/posts\/96336\/revisions\/96338"}],"wp:attachment":[{"href":"https:\/\/www.fiscalia.gov.co\/colombia\/wp-json\/wp\/v2\/media?parent=96336"}],"wp:term":[{"taxonomy":"category","embeddable":true,"href":"https:\/\/www.fiscalia.gov.co\/colombia\/wp-json\/wp\/v2\/categories?post=96336"},{"taxonomy":"post_tag","embeddable":true,"href":"https:\/\/www.fiscalia.gov.co\/colombia\/wp-json\/wp\/v2\/tags?post=96336"}],"curies":[{"name":"wp","href":"https:\/\/api.w.org\/{rel}","templated":true}]}}