{"id":96138,"date":"2016-12-07T17:36:38","date_gmt":"2016-12-07T22:36:38","guid":{"rendered":"http:\/\/www.fiscalia.gov.co\/colombia\/?p=96138"},"modified":"2016-12-07T17:36:38","modified_gmt":"2016-12-07T22:36:38","slug":"asegurados-15-policias-y-3-personas-mas-implicados-en-caso-de-corrupcion-con-oficina-ilegal-del-transito-en-barranquilla-atlantico","status":"publish","type":"post","link":"https:\/\/www.fiscalia.gov.co\/colombia\/noticias\/asegurados-15-policias-y-3-personas-mas-implicados-en-caso-de-corrupcion-con-oficina-ilegal-del-transito-en-barranquilla-atlantico\/","title":{"rendered":"Asegurados 15 polic\u00edas y 3 personas m\u00e1s implicados en caso de corrupci\u00f3n con oficina ilegal del tr\u00e1nsito en Barranquilla (Atl\u00e1ntico)"},"content":{"rendered":"<p>Luego de dos semanas de audiencias de control de garant\u00edas contra 18 personas que al aparecer conformaban una estructura delictiva en Barranquilla (Atl\u00e1ntico), la Fiscal\u00eda General de la Naci\u00f3n logr\u00f3 que el\u00a0Juez 12 Penal Municipal de esa ciudad, con funciones de control de garant\u00edas, les profiriera medida de\u00a0aseguramiento privativa de la libertad.<\/p>\n<p>En el marco del Plan Bolsillos de Cristal, cero tolerancia a la corrupci\u00f3n, se puso en evidencia la presunta participaci\u00f3n de 15 uniformados de la Polic\u00eda Nacional en la red criminal, que manejaba una oficina ilegal de tr\u00e1nsito para sacar provecho de la informaci\u00f3n que reposaba sobre veh\u00edculos que ten\u00edan documentaci\u00f3n vencida, como el Soat o la revisi\u00f3n t\u00e9cnico-mec\u00e1nica.<\/p>\n<p>Se determin\u00f3 que un funcionario del Centro Estrat\u00e9gico de informaci\u00f3n de la Polic\u00eda Nacional, con sede en la ciudad de Bogot\u00e1, se val\u00eda de su cercan\u00eda con la Oficina de Telem\u00e1tica de esa instituci\u00f3n, supuestamente acced\u00eda a las claves del QHRUN, un sistema de informaci\u00f3n para realizar consultas sobre el estado de los veh\u00edculos que transitan en el territorio nacional y que tuvieran vencida la documentaci\u00f3n obligatoria.<\/p>\n<p>As\u00ed, la estructura delictiva contactaba a la Polic\u00eda de Tr\u00e1nsito y polic\u00edas de vigilancias de los cuadrantes, y les ofrec\u00edan el servicio ilegal de conocer el estado de los veh\u00edculos por tarifas diarias de 30 y 60 mil pesos, lo que les permit\u00eda hacerle seguimiento a los automotores y exigencias econ\u00f3micas a sus due\u00f1os, con el fin de no inmovilizar los veh\u00edculos.<\/p>\n<p>Por estos hechos, el juzgador afect\u00f3 con medida de aseguramiento intramuros en el centro carcelario de Sabanalarga (Atl\u00e1ntico), al subintendente Roberto Carlos\u00a0De la Ossa Wades, y a los patrulleros Rub\u00e9n Marino Angulo, Osvaldo Rafael Prent Alcazar, Luis Fernando Flechas Garz\u00f3n y Jorge Eduardo Guerrero Arias.<\/p>\n<p>&nbsp;<\/p>\n<p>Por otra parte, a los patrulleros John Rinc\u00f3n Parra,\u00a0Dewin Realpe Gamez, Daniel Rodr\u00edguez S\u00e1nchez, El\u00edas Montes Sierra, Luis Guillermo D\u00edaz Guti\u00e9rrez, Rob\u00edn Hern\u00e1ndez Orozco, Wilmer Stevez Simpson, Alfonso Lamadrid Villamil, V\u00edctor Ribon Garibello, Yair Pertuz Tilano, as\u00ed como las particulares Erika Regina Fl\u00f3rez Revuelta y Stephanie Alejandra Ben\u00edtez Ladeus, se les otorg\u00f3 el beneficio de medida de aseguramiento en su lugar de residencia, con vigilancia electr\u00f3nica.<\/p>\n<p>Finalmente, Zaida Paola Pardo, tambi\u00e9n particular, fue enviada al centro de rehabilitaci\u00f3n femenino del Buen Pastor.<\/p>\n<p>Estas personas deber\u00e1n responder por los delitos de concusi\u00f3n, prevaricato por omisi\u00f3n, peculado por uso, abuso de funciones p\u00fablicas, concierto para delinquir y acceso abusivo a redes inform\u00e1ticas.<\/p>\n<p>Por estos mismos hechos fue asegurada en d\u00edas pasados Sandra Paola V\u00e1squez se\u00f1alada de coordinar una de las centrales ilegales o paralelas al Tr\u00e1nsito de esa ciudad, desde donde tendr\u00eda acceso al sistema de informaci\u00f3n para realizar consultas sobre el estado de los veh\u00edculos.<\/p>\n<p>Es de advertir que la mencionada abogada se entreg\u00f3 de manera voluntaria en la Unidad de Reacci\u00f3n Inmediata (URI), de la Fiscal\u00eda General de la Naci\u00f3n.<\/p>\n<p>Contra la decisi\u00f3n del Juzgador, 3 abogados presentaron recursos de apelaci\u00f3n, ante los cuales la juez se mantuvo en su posici\u00f3n, por ello una segunda instancia ser\u00e1 quien se encargue de resolverlos.<\/p>\n<p>Durante la audiencia se conoci\u00f3 que los uniformados habr\u00edan sido destituidos a ra\u00edz de estos hechos.<\/p>\n<p>&nbsp;<\/p>\n<p>NIGC\/DLBM<\/p>\n<p>&nbsp;<\/p>\n\n<div class=\"twitter-share\"><a href=\"https:\/\/twitter.com\/intent\/tweet?via=fiscaliacol\" class=\"twitter-share-button\">Tweet<\/a><\/div>\n","protected":false},"excerpt":{"rendered":"<p>Luego de dos semanas de audiencias de control de garant\u00edas contra 18 personas que al aparecer conformaban una estructura delictiva en Barranquilla (Atl\u00e1ntico), la Fiscal\u00eda General de la Naci\u00f3n logr\u00f3 [&hellip;]<\/p>\n","protected":false},"author":143,"featured_media":0,"comment_status":"closed","ping_status":"open","sticky":false,"template":"","format":"standard","meta":{"tdm_status":"","tdm_grid_status":"","footnotes":""},"categories":[1],"tags":[21775,21776,83,23965,21774,21368,11530],"class_list":["post-96138","post","type-post","status-publish","format-standard","category-noticias","tag-abuso-de-funciones-publicas","tag-acceso-abusivo-a-redes-informaticas","tag-concierto-para-delinquir","tag-concusion","tag-peculado-por-uso","tag-plan-bolsillos-de-cristal","tag-prevaricato-por-omision"],"yoast_head":"<!-- This site is optimized with the Yoast SEO plugin v24.3 - https:\/\/yoast.com\/wordpress\/plugins\/seo\/ -->\n<title>Fiscal\u00eda General de la Naci\u00f3n<\/title>\n<meta name=\"description\" content=\"P\u00e1gina oficial de la Fiscal\u00eda General de la Naci\u00f3n \u2013 Colombia. Garantizamos el acceso efectivo a la justicia, la verdad y la reparaci\u00f3n de las v\u00edctimas de los delitos.\" \/>\n<meta name=\"robots\" content=\"noindex, follow\" \/>\n<meta property=\"og:locale\" content=\"es_ES\" \/>\n<meta property=\"og:type\" content=\"article\" \/>\n<meta property=\"og:title\" content=\"Fiscal\u00eda General de la Naci\u00f3n\" \/>\n<meta property=\"og:description\" content=\"P\u00e1gina oficial de la Fiscal\u00eda General de la Naci\u00f3n \u2013 Colombia. Garantizamos el acceso efectivo a la justicia, la verdad y la reparaci\u00f3n de las v\u00edctimas de los delitos.\" \/>\n<meta property=\"og:url\" content=\"https:\/\/www.fiscalia.gov.co\/colombia\/noticias\/asegurados-15-policias-y-3-personas-mas-implicados-en-caso-de-corrupcion-con-oficina-ilegal-del-transito-en-barranquilla-atlantico\/\" \/>\n<meta property=\"og:site_name\" content=\"Fiscal\u00eda General de la Naci\u00f3n\" \/>\n<meta property=\"article:publisher\" content=\"https:\/\/www.facebook.com\/FiscaliaCol\" \/>\n<meta property=\"article:published_time\" content=\"2016-12-07T22:36:38+00:00\" \/>\n<meta name=\"author\" content=\"dfgordillo\" \/>\n<meta name=\"twitter:card\" content=\"summary_large_image\" \/>\n<meta name=\"twitter:creator\" content=\"@FiscaliaCol\" \/>\n<meta name=\"twitter:site\" content=\"@FiscaliaCol\" \/>\n<meta name=\"twitter:label1\" content=\"Escrito por\" \/>\n\t<meta name=\"twitter:data1\" content=\"dfgordillo\" \/>\n\t<meta name=\"twitter:label2\" content=\"Tiempo de lectura\" \/>\n\t<meta name=\"twitter:data2\" content=\"3 minutos\" \/>\n<script type=\"application\/ld+json\" class=\"yoast-schema-graph\">{\"@context\":\"https:\/\/schema.org\",\"@graph\":[{\"@type\":\"Article\",\"@id\":\"https:\/\/www.fiscalia.gov.co\/colombia\/noticias\/asegurados-15-policias-y-3-personas-mas-implicados-en-caso-de-corrupcion-con-oficina-ilegal-del-transito-en-barranquilla-atlantico\/#article\",\"isPartOf\":{\"@id\":\"https:\/\/www.fiscalia.gov.co\/colombia\/noticias\/asegurados-15-policias-y-3-personas-mas-implicados-en-caso-de-corrupcion-con-oficina-ilegal-del-transito-en-barranquilla-atlantico\/\"},\"author\":{\"name\":\"dfgordillo\",\"@id\":\"https:\/\/www.fiscalia.gov.co\/colombia\/#\/schema\/person\/3903856a3ce2d54b094c69eb29247895\"},\"headline\":\"Asegurados 15 polic\u00edas y 3 personas m\u00e1s implicados en caso de corrupci\u00f3n con oficina ilegal del tr\u00e1nsito en Barranquilla (Atl\u00e1ntico)\",\"datePublished\":\"2016-12-07T22:36:38+00:00\",\"dateModified\":\"2016-12-07T22:36:38+00:00\",\"mainEntityOfPage\":{\"@id\":\"https:\/\/www.fiscalia.gov.co\/colombia\/noticias\/asegurados-15-policias-y-3-personas-mas-implicados-en-caso-de-corrupcion-con-oficina-ilegal-del-transito-en-barranquilla-atlantico\/\"},\"wordCount\":612,\"publisher\":{\"@id\":\"https:\/\/www.fiscalia.gov.co\/colombia\/#organization\"},\"keywords\":[\"abuso de funciones p\u00fablicas\",\"acceso abusivo a redes inform\u00e1ticas\",\"Concierto para delinquir\",\"Concusi\u00f3n\",\"peculado por uso\",\"Plan Bolsillos de Cristal\",\"prevaricato por omisi\u00f3n\"],\"articleSection\":[\"Noticias\"],\"inLanguage\":\"es-CO\"},{\"@type\":\"WebPage\",\"@id\":\"https:\/\/www.fiscalia.gov.co\/colombia\/noticias\/asegurados-15-policias-y-3-personas-mas-implicados-en-caso-de-corrupcion-con-oficina-ilegal-del-transito-en-barranquilla-atlantico\/\",\"url\":\"https:\/\/www.fiscalia.gov.co\/colombia\/noticias\/asegurados-15-policias-y-3-personas-mas-implicados-en-caso-de-corrupcion-con-oficina-ilegal-del-transito-en-barranquilla-atlantico\/\",\"name\":\"Fiscal\u00eda General de la Naci\u00f3n\",\"isPartOf\":{\"@id\":\"https:\/\/www.fiscalia.gov.co\/colombia\/#website\"},\"datePublished\":\"2016-12-07T22:36:38+00:00\",\"dateModified\":\"2016-12-07T22:36:38+00:00\",\"description\":\"P\u00e1gina oficial de la Fiscal\u00eda General de la Naci\u00f3n \u2013 Colombia. Garantizamos el acceso efectivo a la justicia, la verdad y la reparaci\u00f3n de las v\u00edctimas de los delitos.\",\"breadcrumb\":{\"@id\":\"https:\/\/www.fiscalia.gov.co\/colombia\/noticias\/asegurados-15-policias-y-3-personas-mas-implicados-en-caso-de-corrupcion-con-oficina-ilegal-del-transito-en-barranquilla-atlantico\/#breadcrumb\"},\"inLanguage\":\"es-CO\",\"potentialAction\":[{\"@type\":\"ReadAction\",\"target\":[\"https:\/\/www.fiscalia.gov.co\/colombia\/noticias\/asegurados-15-policias-y-3-personas-mas-implicados-en-caso-de-corrupcion-con-oficina-ilegal-del-transito-en-barranquilla-atlantico\/\"]}]},{\"@type\":\"BreadcrumbList\",\"@id\":\"https:\/\/www.fiscalia.gov.co\/colombia\/noticias\/asegurados-15-policias-y-3-personas-mas-implicados-en-caso-de-corrupcion-con-oficina-ilegal-del-transito-en-barranquilla-atlantico\/#breadcrumb\",\"itemListElement\":[{\"@type\":\"ListItem\",\"position\":1,\"name\":\"Home\",\"item\":\"https:\/\/www.fiscalia.gov.co\/colombia\/\"},{\"@type\":\"ListItem\",\"position\":2,\"name\":\"Asegurados 15 polic\u00edas y 3 personas m\u00e1s implicados en caso de corrupci\u00f3n con oficina ilegal del tr\u00e1nsito en Barranquilla (Atl\u00e1ntico)\"}]},{\"@type\":\"WebSite\",\"@id\":\"https:\/\/www.fiscalia.gov.co\/colombia\/#website\",\"url\":\"https:\/\/www.fiscalia.gov.co\/colombia\/\",\"name\":\"Fiscal\u00eda General de la Naci\u00f3n\",\"description\":\"P\u00e1gina oficial de la Fiscal\u00eda General de la Naci\u00f3n \u2013 Colombia. Garantizamos el acceso efectivo a la justicia, la verdad y la reparaci\u00f3n de las v\u00edctimas de los delitos.\",\"publisher\":{\"@id\":\"https:\/\/www.fiscalia.gov.co\/colombia\/#organization\"},\"potentialAction\":[{\"@type\":\"SearchAction\",\"target\":{\"@type\":\"EntryPoint\",\"urlTemplate\":\"https:\/\/www.fiscalia.gov.co\/colombia\/?s={search_term_string}\"},\"query-input\":{\"@type\":\"PropertyValueSpecification\",\"valueRequired\":true,\"valueName\":\"search_term_string\"}}],\"inLanguage\":\"es-CO\"},{\"@type\":\"Organization\",\"@id\":\"https:\/\/www.fiscalia.gov.co\/colombia\/#organization\",\"name\":\"Fiscal\u00eda General de la Naci\u00f3n\",\"url\":\"https:\/\/www.fiscalia.gov.co\/colombia\/\",\"logo\":{\"@type\":\"ImageObject\",\"inLanguage\":\"es-CO\",\"@id\":\"https:\/\/www.fiscalia.gov.co\/colombia\/#\/schema\/logo\/image\/\",\"url\":\"https:\/\/www.fiscalia.gov.co\/colombia\/wp-content\/uploads\/LogoHorizontal_1.jpg\",\"contentUrl\":\"https:\/\/www.fiscalia.gov.co\/colombia\/wp-content\/uploads\/LogoHorizontal_1.jpg\",\"width\":300,\"height\":90,\"caption\":\"Fiscal\u00eda General de la Naci\u00f3n\"},\"image\":{\"@id\":\"https:\/\/www.fiscalia.gov.co\/colombia\/#\/schema\/logo\/image\/\"},\"sameAs\":[\"https:\/\/www.facebook.com\/FiscaliaCol\",\"https:\/\/x.com\/FiscaliaCol\",\"https:\/\/www.instagram.com\/fiscaliacol\",\"https:\/\/www.linkedin.com\/company\/fiscalia-general-de-la-naci-n\/\",\"https:\/\/youtube.com\/@fiscaliageneraldelanacion-4668?si=6nN79nyQICPU5iTh\"]},{\"@type\":\"Person\",\"@id\":\"https:\/\/www.fiscalia.gov.co\/colombia\/#\/schema\/person\/3903856a3ce2d54b094c69eb29247895\",\"name\":\"dfgordillo\",\"image\":{\"@type\":\"ImageObject\",\"inLanguage\":\"es-CO\",\"@id\":\"https:\/\/www.fiscalia.gov.co\/colombia\/#\/schema\/person\/image\/\",\"url\":\"https:\/\/secure.gravatar.com\/avatar\/b6356e21c5657c60757fe6fb9493e947?s=96&d=mm&r=g\",\"contentUrl\":\"https:\/\/secure.gravatar.com\/avatar\/b6356e21c5657c60757fe6fb9493e947?s=96&d=mm&r=g\",\"caption\":\"dfgordillo\"},\"sameAs\":[\"dfgordillo\"],\"url\":\"https:\/\/www.fiscalia.gov.co\/colombia\/author\/dfgordillo\/\"}]}<\/script>\n<!-- \/ Yoast SEO plugin. -->","yoast_head_json":{"title":"Fiscal\u00eda General de la Naci\u00f3n","description":"P\u00e1gina oficial de la Fiscal\u00eda General de la Naci\u00f3n \u2013 Colombia. Garantizamos el acceso efectivo a la justicia, la verdad y la reparaci\u00f3n de las v\u00edctimas de los delitos.","robots":{"index":"noindex","follow":"follow"},"og_locale":"es_ES","og_type":"article","og_title":"Fiscal\u00eda General de la Naci\u00f3n","og_description":"P\u00e1gina oficial de la Fiscal\u00eda General de la Naci\u00f3n \u2013 Colombia. Garantizamos el acceso efectivo a la justicia, la verdad y la reparaci\u00f3n de las v\u00edctimas de los delitos.","og_url":"https:\/\/www.fiscalia.gov.co\/colombia\/noticias\/asegurados-15-policias-y-3-personas-mas-implicados-en-caso-de-corrupcion-con-oficina-ilegal-del-transito-en-barranquilla-atlantico\/","og_site_name":"Fiscal\u00eda General de la Naci\u00f3n","article_publisher":"https:\/\/www.facebook.com\/FiscaliaCol","article_published_time":"2016-12-07T22:36:38+00:00","author":"dfgordillo","twitter_card":"summary_large_image","twitter_creator":"@FiscaliaCol","twitter_site":"@FiscaliaCol","twitter_misc":{"Escrito por":"dfgordillo","Tiempo de lectura":"3 minutos"},"schema":{"@context":"https:\/\/schema.org","@graph":[{"@type":"Article","@id":"https:\/\/www.fiscalia.gov.co\/colombia\/noticias\/asegurados-15-policias-y-3-personas-mas-implicados-en-caso-de-corrupcion-con-oficina-ilegal-del-transito-en-barranquilla-atlantico\/#article","isPartOf":{"@id":"https:\/\/www.fiscalia.gov.co\/colombia\/noticias\/asegurados-15-policias-y-3-personas-mas-implicados-en-caso-de-corrupcion-con-oficina-ilegal-del-transito-en-barranquilla-atlantico\/"},"author":{"name":"dfgordillo","@id":"https:\/\/www.fiscalia.gov.co\/colombia\/#\/schema\/person\/3903856a3ce2d54b094c69eb29247895"},"headline":"Asegurados 15 polic\u00edas y 3 personas m\u00e1s implicados en caso de corrupci\u00f3n con oficina ilegal del tr\u00e1nsito en Barranquilla (Atl\u00e1ntico)","datePublished":"2016-12-07T22:36:38+00:00","dateModified":"2016-12-07T22:36:38+00:00","mainEntityOfPage":{"@id":"https:\/\/www.fiscalia.gov.co\/colombia\/noticias\/asegurados-15-policias-y-3-personas-mas-implicados-en-caso-de-corrupcion-con-oficina-ilegal-del-transito-en-barranquilla-atlantico\/"},"wordCount":612,"publisher":{"@id":"https:\/\/www.fiscalia.gov.co\/colombia\/#organization"},"keywords":["abuso de funciones p\u00fablicas","acceso abusivo a redes inform\u00e1ticas","Concierto para delinquir","Concusi\u00f3n","peculado por uso","Plan Bolsillos de Cristal","prevaricato por omisi\u00f3n"],"articleSection":["Noticias"],"inLanguage":"es-CO"},{"@type":"WebPage","@id":"https:\/\/www.fiscalia.gov.co\/colombia\/noticias\/asegurados-15-policias-y-3-personas-mas-implicados-en-caso-de-corrupcion-con-oficina-ilegal-del-transito-en-barranquilla-atlantico\/","url":"https:\/\/www.fiscalia.gov.co\/colombia\/noticias\/asegurados-15-policias-y-3-personas-mas-implicados-en-caso-de-corrupcion-con-oficina-ilegal-del-transito-en-barranquilla-atlantico\/","name":"Fiscal\u00eda General de la Naci\u00f3n","isPartOf":{"@id":"https:\/\/www.fiscalia.gov.co\/colombia\/#website"},"datePublished":"2016-12-07T22:36:38+00:00","dateModified":"2016-12-07T22:36:38+00:00","description":"P\u00e1gina oficial de la Fiscal\u00eda General de la Naci\u00f3n \u2013 Colombia. Garantizamos el acceso efectivo a la justicia, la verdad y la reparaci\u00f3n de las v\u00edctimas de los delitos.","breadcrumb":{"@id":"https:\/\/www.fiscalia.gov.co\/colombia\/noticias\/asegurados-15-policias-y-3-personas-mas-implicados-en-caso-de-corrupcion-con-oficina-ilegal-del-transito-en-barranquilla-atlantico\/#breadcrumb"},"inLanguage":"es-CO","potentialAction":[{"@type":"ReadAction","target":["https:\/\/www.fiscalia.gov.co\/colombia\/noticias\/asegurados-15-policias-y-3-personas-mas-implicados-en-caso-de-corrupcion-con-oficina-ilegal-del-transito-en-barranquilla-atlantico\/"]}]},{"@type":"BreadcrumbList","@id":"https:\/\/www.fiscalia.gov.co\/colombia\/noticias\/asegurados-15-policias-y-3-personas-mas-implicados-en-caso-de-corrupcion-con-oficina-ilegal-del-transito-en-barranquilla-atlantico\/#breadcrumb","itemListElement":[{"@type":"ListItem","position":1,"name":"Home","item":"https:\/\/www.fiscalia.gov.co\/colombia\/"},{"@type":"ListItem","position":2,"name":"Asegurados 15 polic\u00edas y 3 personas m\u00e1s implicados en caso de corrupci\u00f3n con oficina ilegal del tr\u00e1nsito en Barranquilla (Atl\u00e1ntico)"}]},{"@type":"WebSite","@id":"https:\/\/www.fiscalia.gov.co\/colombia\/#website","url":"https:\/\/www.fiscalia.gov.co\/colombia\/","name":"Fiscal\u00eda General de la Naci\u00f3n","description":"P\u00e1gina oficial de la Fiscal\u00eda General de la Naci\u00f3n \u2013 Colombia. Garantizamos el acceso efectivo a la justicia, la verdad y la reparaci\u00f3n de las v\u00edctimas de los delitos.","publisher":{"@id":"https:\/\/www.fiscalia.gov.co\/colombia\/#organization"},"potentialAction":[{"@type":"SearchAction","target":{"@type":"EntryPoint","urlTemplate":"https:\/\/www.fiscalia.gov.co\/colombia\/?s={search_term_string}"},"query-input":{"@type":"PropertyValueSpecification","valueRequired":true,"valueName":"search_term_string"}}],"inLanguage":"es-CO"},{"@type":"Organization","@id":"https:\/\/www.fiscalia.gov.co\/colombia\/#organization","name":"Fiscal\u00eda General de la Naci\u00f3n","url":"https:\/\/www.fiscalia.gov.co\/colombia\/","logo":{"@type":"ImageObject","inLanguage":"es-CO","@id":"https:\/\/www.fiscalia.gov.co\/colombia\/#\/schema\/logo\/image\/","url":"https:\/\/www.fiscalia.gov.co\/colombia\/wp-content\/uploads\/LogoHorizontal_1.jpg","contentUrl":"https:\/\/www.fiscalia.gov.co\/colombia\/wp-content\/uploads\/LogoHorizontal_1.jpg","width":300,"height":90,"caption":"Fiscal\u00eda General de la Naci\u00f3n"},"image":{"@id":"https:\/\/www.fiscalia.gov.co\/colombia\/#\/schema\/logo\/image\/"},"sameAs":["https:\/\/www.facebook.com\/FiscaliaCol","https:\/\/x.com\/FiscaliaCol","https:\/\/www.instagram.com\/fiscaliacol","https:\/\/www.linkedin.com\/company\/fiscalia-general-de-la-naci-n\/","https:\/\/youtube.com\/@fiscaliageneraldelanacion-4668?si=6nN79nyQICPU5iTh"]},{"@type":"Person","@id":"https:\/\/www.fiscalia.gov.co\/colombia\/#\/schema\/person\/3903856a3ce2d54b094c69eb29247895","name":"dfgordillo","image":{"@type":"ImageObject","inLanguage":"es-CO","@id":"https:\/\/www.fiscalia.gov.co\/colombia\/#\/schema\/person\/image\/","url":"https:\/\/secure.gravatar.com\/avatar\/b6356e21c5657c60757fe6fb9493e947?s=96&d=mm&r=g","contentUrl":"https:\/\/secure.gravatar.com\/avatar\/b6356e21c5657c60757fe6fb9493e947?s=96&d=mm&r=g","caption":"dfgordillo"},"sameAs":["dfgordillo"],"url":"https:\/\/www.fiscalia.gov.co\/colombia\/author\/dfgordillo\/"}]}},"_links":{"self":[{"href":"https:\/\/www.fiscalia.gov.co\/colombia\/wp-json\/wp\/v2\/posts\/96138","targetHints":{"allow":["GET"]}}],"collection":[{"href":"https:\/\/www.fiscalia.gov.co\/colombia\/wp-json\/wp\/v2\/posts"}],"about":[{"href":"https:\/\/www.fiscalia.gov.co\/colombia\/wp-json\/wp\/v2\/types\/post"}],"author":[{"embeddable":true,"href":"https:\/\/www.fiscalia.gov.co\/colombia\/wp-json\/wp\/v2\/users\/143"}],"replies":[{"embeddable":true,"href":"https:\/\/www.fiscalia.gov.co\/colombia\/wp-json\/wp\/v2\/comments?post=96138"}],"version-history":[{"count":2,"href":"https:\/\/www.fiscalia.gov.co\/colombia\/wp-json\/wp\/v2\/posts\/96138\/revisions"}],"predecessor-version":[{"id":96212,"href":"https:\/\/www.fiscalia.gov.co\/colombia\/wp-json\/wp\/v2\/posts\/96138\/revisions\/96212"}],"wp:attachment":[{"href":"https:\/\/www.fiscalia.gov.co\/colombia\/wp-json\/wp\/v2\/media?parent=96138"}],"wp:term":[{"taxonomy":"category","embeddable":true,"href":"https:\/\/www.fiscalia.gov.co\/colombia\/wp-json\/wp\/v2\/categories?post=96138"},{"taxonomy":"post_tag","embeddable":true,"href":"https:\/\/www.fiscalia.gov.co\/colombia\/wp-json\/wp\/v2\/tags?post=96138"}],"curies":[{"name":"wp","href":"https:\/\/api.w.org\/{rel}","templated":true}]}}