{"id":96121,"date":"2016-12-07T11:34:00","date_gmt":"2016-12-07T16:34:00","guid":{"rendered":"http:\/\/www.fiscalia.gov.co\/colombia\/?p=96121"},"modified":"2016-12-07T12:20:22","modified_gmt":"2016-12-07T17:20:22","slug":"con-apoyo-de-cabildo-indigena-del-cauca-fiscalia-recupero-y-entrego-12-motocicletas-robadas-en-4-comunas-de-cali-valle-del-cauca","status":"publish","type":"post","link":"https:\/\/www.fiscalia.gov.co\/colombia\/noticias\/con-apoyo-de-cabildo-indigena-del-cauca-fiscalia-recupero-y-entrego-12-motocicletas-robadas-en-4-comunas-de-cali-valle-del-cauca\/","title":{"rendered":"Con apoyo de cabildos ind\u00edgenas del norte del Cauca, Fiscal\u00eda recuper\u00f3 100 motocicletas robadas en 4 comunas de Cali (Valle del Cauca)"},"content":{"rendered":"<p>La Fiscal\u00eda realiz\u00f3 un encuentro con los cabildos ind\u00edgenas del norte del Cauca, del pueblo Nasa, para poner en marcha un acuerdo de respeto mutuo, solidaridad y colaboraci\u00f3n con el fin de desmantelar las bandas que azotan a los propietarios y conductores de motos en Valle del Cauca, Nari\u00f1o y Cauca.<\/p>\n<p>En el marco de este acuerdo de cooperaci\u00f3n, la guardia ind\u00edgena recuper\u00f3 100 motocicletas que fueron robadas en estos tres departamentos, las cuales pondr\u00e1 a disposici\u00f3n de la Fiscal\u00eda para entregarlas a sus propietarios.<\/p>\n<p>La primera fase de estrega se realiz\u00f3 en el parque central del municipio de Santander de Quilichao, norte del Cauca, el pasado 6 de diciembre, cuando fueron entregadas 20 motocicletas recuperadas, que hab\u00edan sido hurtadas por bandas delincuenciales en las comunas 2, 4, 5 y 6 de la capital del Valle del Cauca.<\/p>\n<p>Se estableci\u00f3 que los automotores eran intercambiados por estupefacientes y luego revendidas por sus tenedores a integrantes de los cabildos ind\u00edgenas.<\/p>\n<p>La Fiscal\u00eda realiz\u00f3 un operativo en estos sectores de la capital del Valle el pasado 17 de noviembre, capturando a seis integrantes de la organizaci\u00f3n criminal Tridente, responsable de varios de los robos de estas motos.<\/p>\n<p>Las investigaciones de la Unidad de Estructura de Apoyo, Regional Pac\u00edfico, detectaron cerca de 46 motocicletas hurtadas que hab\u00edan sido vendidas a integrantes de la comunidad ind\u00edgena Nasa, resguardo San Francisco de Torib\u00edo (Cauca).<\/p>\n<p>Pr\u00f3ximamente, la Fiscal\u00eda Seccional y el Gobernador del Cabildo Ind\u00edgena de San Francisco realizar\u00e1n una segunda jornada de entrega de motocicletas recuperadas.<\/p>\n<p>&nbsp;<\/p>\n<p>JGPV\/AMC\/DLBM<\/p>\n<p>&nbsp;<\/p>\n<p>&nbsp;<\/p>\n<p>&nbsp;<\/p>\n\n<div class=\"twitter-share\"><a href=\"https:\/\/twitter.com\/intent\/tweet?via=fiscaliacol\" class=\"twitter-share-button\">Tweet<\/a><\/div>\n","protected":false},"excerpt":{"rendered":"<p>La Fiscal\u00eda realiz\u00f3 un encuentro con los cabildos ind\u00edgenas del norte del Cauca, del pueblo Nasa, para poner en marcha un acuerdo de respeto mutuo, solidaridad y colaboraci\u00f3n con el [&hellip;]<\/p>\n","protected":false},"author":143,"featured_media":0,"comment_status":"closed","ping_status":"open","sticky":false,"template":"","format":"standard","meta":{"tdm_status":"","tdm_grid_status":"","footnotes":""},"categories":[1],"tags":[21765,21766],"class_list":["post-96121","post","type-post","status-publish","format-standard","category-noticias","tag-cabildo-indigena-del-cauca","tag-recuperacion-de-bienes-hurtados"],"yoast_head":"<!-- This site is optimized with the Yoast SEO plugin v24.3 - https:\/\/yoast.com\/wordpress\/plugins\/seo\/ -->\n<title>Fiscal\u00eda General de la Naci\u00f3n<\/title>\n<meta name=\"description\" content=\"P\u00e1gina oficial de la Fiscal\u00eda General de la Naci\u00f3n \u2013 Colombia. Garantizamos el acceso efectivo a la justicia, la verdad y la reparaci\u00f3n de las v\u00edctimas de los delitos.\" \/>\n<meta name=\"robots\" content=\"noindex, follow\" \/>\n<meta property=\"og:locale\" content=\"es_ES\" \/>\n<meta property=\"og:type\" content=\"article\" \/>\n<meta property=\"og:title\" content=\"Fiscal\u00eda General de la Naci\u00f3n\" \/>\n<meta property=\"og:description\" content=\"P\u00e1gina oficial de la Fiscal\u00eda General de la Naci\u00f3n \u2013 Colombia. Garantizamos el acceso efectivo a la justicia, la verdad y la reparaci\u00f3n de las v\u00edctimas de los delitos.\" \/>\n<meta property=\"og:url\" content=\"https:\/\/www.fiscalia.gov.co\/colombia\/noticias\/con-apoyo-de-cabildo-indigena-del-cauca-fiscalia-recupero-y-entrego-12-motocicletas-robadas-en-4-comunas-de-cali-valle-del-cauca\/\" \/>\n<meta property=\"og:site_name\" content=\"Fiscal\u00eda General de la Naci\u00f3n\" \/>\n<meta property=\"article:publisher\" content=\"https:\/\/www.facebook.com\/FiscaliaCol\" \/>\n<meta property=\"article:published_time\" content=\"2016-12-07T16:34:00+00:00\" \/>\n<meta property=\"article:modified_time\" content=\"2016-12-07T17:20:22+00:00\" \/>\n<meta name=\"author\" content=\"dfgordillo\" \/>\n<meta name=\"twitter:card\" content=\"summary_large_image\" \/>\n<meta name=\"twitter:creator\" content=\"@FiscaliaCol\" \/>\n<meta name=\"twitter:site\" content=\"@FiscaliaCol\" \/>\n<meta name=\"twitter:label1\" content=\"Escrito por\" \/>\n\t<meta name=\"twitter:data1\" content=\"dfgordillo\" \/>\n\t<meta name=\"twitter:label2\" content=\"Tiempo de lectura\" \/>\n\t<meta name=\"twitter:data2\" content=\"1 minuto\" \/>\n<script type=\"application\/ld+json\" class=\"yoast-schema-graph\">{\"@context\":\"https:\/\/schema.org\",\"@graph\":[{\"@type\":\"Article\",\"@id\":\"https:\/\/www.fiscalia.gov.co\/colombia\/noticias\/con-apoyo-de-cabildo-indigena-del-cauca-fiscalia-recupero-y-entrego-12-motocicletas-robadas-en-4-comunas-de-cali-valle-del-cauca\/#article\",\"isPartOf\":{\"@id\":\"https:\/\/www.fiscalia.gov.co\/colombia\/noticias\/con-apoyo-de-cabildo-indigena-del-cauca-fiscalia-recupero-y-entrego-12-motocicletas-robadas-en-4-comunas-de-cali-valle-del-cauca\/\"},\"author\":{\"name\":\"dfgordillo\",\"@id\":\"https:\/\/www.fiscalia.gov.co\/colombia\/#\/schema\/person\/3903856a3ce2d54b094c69eb29247895\"},\"headline\":\"Con apoyo de cabildos ind\u00edgenas del norte del Cauca, Fiscal\u00eda recuper\u00f3 100 motocicletas robadas en 4 comunas de Cali (Valle del Cauca)\",\"datePublished\":\"2016-12-07T16:34:00+00:00\",\"dateModified\":\"2016-12-07T17:20:22+00:00\",\"mainEntityOfPage\":{\"@id\":\"https:\/\/www.fiscalia.gov.co\/colombia\/noticias\/con-apoyo-de-cabildo-indigena-del-cauca-fiscalia-recupero-y-entrego-12-motocicletas-robadas-en-4-comunas-de-cali-valle-del-cauca\/\"},\"wordCount\":291,\"publisher\":{\"@id\":\"https:\/\/www.fiscalia.gov.co\/colombia\/#organization\"},\"keywords\":[\"Cabildo Ind\u00edgena del Cauca\",\"Recuperaci\u00f3n de bienes hurtados\"],\"articleSection\":[\"Noticias\"],\"inLanguage\":\"es-CO\"},{\"@type\":\"WebPage\",\"@id\":\"https:\/\/www.fiscalia.gov.co\/colombia\/noticias\/con-apoyo-de-cabildo-indigena-del-cauca-fiscalia-recupero-y-entrego-12-motocicletas-robadas-en-4-comunas-de-cali-valle-del-cauca\/\",\"url\":\"https:\/\/www.fiscalia.gov.co\/colombia\/noticias\/con-apoyo-de-cabildo-indigena-del-cauca-fiscalia-recupero-y-entrego-12-motocicletas-robadas-en-4-comunas-de-cali-valle-del-cauca\/\",\"name\":\"Fiscal\u00eda General de la Naci\u00f3n\",\"isPartOf\":{\"@id\":\"https:\/\/www.fiscalia.gov.co\/colombia\/#website\"},\"datePublished\":\"2016-12-07T16:34:00+00:00\",\"dateModified\":\"2016-12-07T17:20:22+00:00\",\"description\":\"P\u00e1gina oficial de la Fiscal\u00eda General de la Naci\u00f3n \u2013 Colombia. Garantizamos el acceso efectivo a la justicia, la verdad y la reparaci\u00f3n de las v\u00edctimas de los delitos.\",\"breadcrumb\":{\"@id\":\"https:\/\/www.fiscalia.gov.co\/colombia\/noticias\/con-apoyo-de-cabildo-indigena-del-cauca-fiscalia-recupero-y-entrego-12-motocicletas-robadas-en-4-comunas-de-cali-valle-del-cauca\/#breadcrumb\"},\"inLanguage\":\"es-CO\",\"potentialAction\":[{\"@type\":\"ReadAction\",\"target\":[\"https:\/\/www.fiscalia.gov.co\/colombia\/noticias\/con-apoyo-de-cabildo-indigena-del-cauca-fiscalia-recupero-y-entrego-12-motocicletas-robadas-en-4-comunas-de-cali-valle-del-cauca\/\"]}]},{\"@type\":\"BreadcrumbList\",\"@id\":\"https:\/\/www.fiscalia.gov.co\/colombia\/noticias\/con-apoyo-de-cabildo-indigena-del-cauca-fiscalia-recupero-y-entrego-12-motocicletas-robadas-en-4-comunas-de-cali-valle-del-cauca\/#breadcrumb\",\"itemListElement\":[{\"@type\":\"ListItem\",\"position\":1,\"name\":\"Home\",\"item\":\"https:\/\/www.fiscalia.gov.co\/colombia\/\"},{\"@type\":\"ListItem\",\"position\":2,\"name\":\"Con apoyo de cabildos ind\u00edgenas del norte del Cauca, Fiscal\u00eda recuper\u00f3 100 motocicletas robadas en 4 comunas de Cali (Valle del Cauca)\"}]},{\"@type\":\"WebSite\",\"@id\":\"https:\/\/www.fiscalia.gov.co\/colombia\/#website\",\"url\":\"https:\/\/www.fiscalia.gov.co\/colombia\/\",\"name\":\"Fiscal\u00eda General de la Naci\u00f3n\",\"description\":\"P\u00e1gina oficial de la Fiscal\u00eda General de la Naci\u00f3n \u2013 Colombia. Garantizamos el acceso efectivo a la justicia, la verdad y la reparaci\u00f3n de las v\u00edctimas de los delitos.\",\"publisher\":{\"@id\":\"https:\/\/www.fiscalia.gov.co\/colombia\/#organization\"},\"potentialAction\":[{\"@type\":\"SearchAction\",\"target\":{\"@type\":\"EntryPoint\",\"urlTemplate\":\"https:\/\/www.fiscalia.gov.co\/colombia\/?s={search_term_string}\"},\"query-input\":{\"@type\":\"PropertyValueSpecification\",\"valueRequired\":true,\"valueName\":\"search_term_string\"}}],\"inLanguage\":\"es-CO\"},{\"@type\":\"Organization\",\"@id\":\"https:\/\/www.fiscalia.gov.co\/colombia\/#organization\",\"name\":\"Fiscal\u00eda General de la Naci\u00f3n\",\"url\":\"https:\/\/www.fiscalia.gov.co\/colombia\/\",\"logo\":{\"@type\":\"ImageObject\",\"inLanguage\":\"es-CO\",\"@id\":\"https:\/\/www.fiscalia.gov.co\/colombia\/#\/schema\/logo\/image\/\",\"url\":\"https:\/\/www.fiscalia.gov.co\/colombia\/wp-content\/uploads\/LogoHorizontal_1.jpg\",\"contentUrl\":\"https:\/\/www.fiscalia.gov.co\/colombia\/wp-content\/uploads\/LogoHorizontal_1.jpg\",\"width\":300,\"height\":90,\"caption\":\"Fiscal\u00eda General de la Naci\u00f3n\"},\"image\":{\"@id\":\"https:\/\/www.fiscalia.gov.co\/colombia\/#\/schema\/logo\/image\/\"},\"sameAs\":[\"https:\/\/www.facebook.com\/FiscaliaCol\",\"https:\/\/x.com\/FiscaliaCol\",\"https:\/\/www.instagram.com\/fiscaliacol\",\"https:\/\/www.linkedin.com\/company\/fiscalia-general-de-la-naci-n\/\",\"https:\/\/youtube.com\/@fiscaliageneraldelanacion-4668?si=6nN79nyQICPU5iTh\"]},{\"@type\":\"Person\",\"@id\":\"https:\/\/www.fiscalia.gov.co\/colombia\/#\/schema\/person\/3903856a3ce2d54b094c69eb29247895\",\"name\":\"dfgordillo\",\"image\":{\"@type\":\"ImageObject\",\"inLanguage\":\"es-CO\",\"@id\":\"https:\/\/www.fiscalia.gov.co\/colombia\/#\/schema\/person\/image\/\",\"url\":\"https:\/\/secure.gravatar.com\/avatar\/b6356e21c5657c60757fe6fb9493e947?s=96&d=mm&r=g\",\"contentUrl\":\"https:\/\/secure.gravatar.com\/avatar\/b6356e21c5657c60757fe6fb9493e947?s=96&d=mm&r=g\",\"caption\":\"dfgordillo\"},\"sameAs\":[\"dfgordillo\"],\"url\":\"https:\/\/www.fiscalia.gov.co\/colombia\/author\/dfgordillo\/\"}]}<\/script>\n<!-- \/ Yoast SEO plugin. -->","yoast_head_json":{"title":"Fiscal\u00eda General de la Naci\u00f3n","description":"P\u00e1gina oficial de la Fiscal\u00eda General de la Naci\u00f3n \u2013 Colombia. Garantizamos el acceso efectivo a la justicia, la verdad y la reparaci\u00f3n de las v\u00edctimas de los delitos.","robots":{"index":"noindex","follow":"follow"},"og_locale":"es_ES","og_type":"article","og_title":"Fiscal\u00eda General de la Naci\u00f3n","og_description":"P\u00e1gina oficial de la Fiscal\u00eda General de la Naci\u00f3n \u2013 Colombia. Garantizamos el acceso efectivo a la justicia, la verdad y la reparaci\u00f3n de las v\u00edctimas de los delitos.","og_url":"https:\/\/www.fiscalia.gov.co\/colombia\/noticias\/con-apoyo-de-cabildo-indigena-del-cauca-fiscalia-recupero-y-entrego-12-motocicletas-robadas-en-4-comunas-de-cali-valle-del-cauca\/","og_site_name":"Fiscal\u00eda General de la Naci\u00f3n","article_publisher":"https:\/\/www.facebook.com\/FiscaliaCol","article_published_time":"2016-12-07T16:34:00+00:00","article_modified_time":"2016-12-07T17:20:22+00:00","author":"dfgordillo","twitter_card":"summary_large_image","twitter_creator":"@FiscaliaCol","twitter_site":"@FiscaliaCol","twitter_misc":{"Escrito por":"dfgordillo","Tiempo de lectura":"1 minuto"},"schema":{"@context":"https:\/\/schema.org","@graph":[{"@type":"Article","@id":"https:\/\/www.fiscalia.gov.co\/colombia\/noticias\/con-apoyo-de-cabildo-indigena-del-cauca-fiscalia-recupero-y-entrego-12-motocicletas-robadas-en-4-comunas-de-cali-valle-del-cauca\/#article","isPartOf":{"@id":"https:\/\/www.fiscalia.gov.co\/colombia\/noticias\/con-apoyo-de-cabildo-indigena-del-cauca-fiscalia-recupero-y-entrego-12-motocicletas-robadas-en-4-comunas-de-cali-valle-del-cauca\/"},"author":{"name":"dfgordillo","@id":"https:\/\/www.fiscalia.gov.co\/colombia\/#\/schema\/person\/3903856a3ce2d54b094c69eb29247895"},"headline":"Con apoyo de cabildos ind\u00edgenas del norte del Cauca, Fiscal\u00eda recuper\u00f3 100 motocicletas robadas en 4 comunas de Cali (Valle del Cauca)","datePublished":"2016-12-07T16:34:00+00:00","dateModified":"2016-12-07T17:20:22+00:00","mainEntityOfPage":{"@id":"https:\/\/www.fiscalia.gov.co\/colombia\/noticias\/con-apoyo-de-cabildo-indigena-del-cauca-fiscalia-recupero-y-entrego-12-motocicletas-robadas-en-4-comunas-de-cali-valle-del-cauca\/"},"wordCount":291,"publisher":{"@id":"https:\/\/www.fiscalia.gov.co\/colombia\/#organization"},"keywords":["Cabildo Ind\u00edgena del Cauca","Recuperaci\u00f3n de bienes hurtados"],"articleSection":["Noticias"],"inLanguage":"es-CO"},{"@type":"WebPage","@id":"https:\/\/www.fiscalia.gov.co\/colombia\/noticias\/con-apoyo-de-cabildo-indigena-del-cauca-fiscalia-recupero-y-entrego-12-motocicletas-robadas-en-4-comunas-de-cali-valle-del-cauca\/","url":"https:\/\/www.fiscalia.gov.co\/colombia\/noticias\/con-apoyo-de-cabildo-indigena-del-cauca-fiscalia-recupero-y-entrego-12-motocicletas-robadas-en-4-comunas-de-cali-valle-del-cauca\/","name":"Fiscal\u00eda General de la Naci\u00f3n","isPartOf":{"@id":"https:\/\/www.fiscalia.gov.co\/colombia\/#website"},"datePublished":"2016-12-07T16:34:00+00:00","dateModified":"2016-12-07T17:20:22+00:00","description":"P\u00e1gina oficial de la Fiscal\u00eda General de la Naci\u00f3n \u2013 Colombia. Garantizamos el acceso efectivo a la justicia, la verdad y la reparaci\u00f3n de las v\u00edctimas de los delitos.","breadcrumb":{"@id":"https:\/\/www.fiscalia.gov.co\/colombia\/noticias\/con-apoyo-de-cabildo-indigena-del-cauca-fiscalia-recupero-y-entrego-12-motocicletas-robadas-en-4-comunas-de-cali-valle-del-cauca\/#breadcrumb"},"inLanguage":"es-CO","potentialAction":[{"@type":"ReadAction","target":["https:\/\/www.fiscalia.gov.co\/colombia\/noticias\/con-apoyo-de-cabildo-indigena-del-cauca-fiscalia-recupero-y-entrego-12-motocicletas-robadas-en-4-comunas-de-cali-valle-del-cauca\/"]}]},{"@type":"BreadcrumbList","@id":"https:\/\/www.fiscalia.gov.co\/colombia\/noticias\/con-apoyo-de-cabildo-indigena-del-cauca-fiscalia-recupero-y-entrego-12-motocicletas-robadas-en-4-comunas-de-cali-valle-del-cauca\/#breadcrumb","itemListElement":[{"@type":"ListItem","position":1,"name":"Home","item":"https:\/\/www.fiscalia.gov.co\/colombia\/"},{"@type":"ListItem","position":2,"name":"Con apoyo de cabildos ind\u00edgenas del norte del Cauca, Fiscal\u00eda recuper\u00f3 100 motocicletas robadas en 4 comunas de Cali (Valle del Cauca)"}]},{"@type":"WebSite","@id":"https:\/\/www.fiscalia.gov.co\/colombia\/#website","url":"https:\/\/www.fiscalia.gov.co\/colombia\/","name":"Fiscal\u00eda General de la Naci\u00f3n","description":"P\u00e1gina oficial de la Fiscal\u00eda General de la Naci\u00f3n \u2013 Colombia. Garantizamos el acceso efectivo a la justicia, la verdad y la reparaci\u00f3n de las v\u00edctimas de los delitos.","publisher":{"@id":"https:\/\/www.fiscalia.gov.co\/colombia\/#organization"},"potentialAction":[{"@type":"SearchAction","target":{"@type":"EntryPoint","urlTemplate":"https:\/\/www.fiscalia.gov.co\/colombia\/?s={search_term_string}"},"query-input":{"@type":"PropertyValueSpecification","valueRequired":true,"valueName":"search_term_string"}}],"inLanguage":"es-CO"},{"@type":"Organization","@id":"https:\/\/www.fiscalia.gov.co\/colombia\/#organization","name":"Fiscal\u00eda General de la Naci\u00f3n","url":"https:\/\/www.fiscalia.gov.co\/colombia\/","logo":{"@type":"ImageObject","inLanguage":"es-CO","@id":"https:\/\/www.fiscalia.gov.co\/colombia\/#\/schema\/logo\/image\/","url":"https:\/\/www.fiscalia.gov.co\/colombia\/wp-content\/uploads\/LogoHorizontal_1.jpg","contentUrl":"https:\/\/www.fiscalia.gov.co\/colombia\/wp-content\/uploads\/LogoHorizontal_1.jpg","width":300,"height":90,"caption":"Fiscal\u00eda General de la Naci\u00f3n"},"image":{"@id":"https:\/\/www.fiscalia.gov.co\/colombia\/#\/schema\/logo\/image\/"},"sameAs":["https:\/\/www.facebook.com\/FiscaliaCol","https:\/\/x.com\/FiscaliaCol","https:\/\/www.instagram.com\/fiscaliacol","https:\/\/www.linkedin.com\/company\/fiscalia-general-de-la-naci-n\/","https:\/\/youtube.com\/@fiscaliageneraldelanacion-4668?si=6nN79nyQICPU5iTh"]},{"@type":"Person","@id":"https:\/\/www.fiscalia.gov.co\/colombia\/#\/schema\/person\/3903856a3ce2d54b094c69eb29247895","name":"dfgordillo","image":{"@type":"ImageObject","inLanguage":"es-CO","@id":"https:\/\/www.fiscalia.gov.co\/colombia\/#\/schema\/person\/image\/","url":"https:\/\/secure.gravatar.com\/avatar\/b6356e21c5657c60757fe6fb9493e947?s=96&d=mm&r=g","contentUrl":"https:\/\/secure.gravatar.com\/avatar\/b6356e21c5657c60757fe6fb9493e947?s=96&d=mm&r=g","caption":"dfgordillo"},"sameAs":["dfgordillo"],"url":"https:\/\/www.fiscalia.gov.co\/colombia\/author\/dfgordillo\/"}]}},"_links":{"self":[{"href":"https:\/\/www.fiscalia.gov.co\/colombia\/wp-json\/wp\/v2\/posts\/96121","targetHints":{"allow":["GET"]}}],"collection":[{"href":"https:\/\/www.fiscalia.gov.co\/colombia\/wp-json\/wp\/v2\/posts"}],"about":[{"href":"https:\/\/www.fiscalia.gov.co\/colombia\/wp-json\/wp\/v2\/types\/post"}],"author":[{"embeddable":true,"href":"https:\/\/www.fiscalia.gov.co\/colombia\/wp-json\/wp\/v2\/users\/143"}],"replies":[{"embeddable":true,"href":"https:\/\/www.fiscalia.gov.co\/colombia\/wp-json\/wp\/v2\/comments?post=96121"}],"version-history":[{"count":4,"href":"https:\/\/www.fiscalia.gov.co\/colombia\/wp-json\/wp\/v2\/posts\/96121\/revisions"}],"predecessor-version":[{"id":96125,"href":"https:\/\/www.fiscalia.gov.co\/colombia\/wp-json\/wp\/v2\/posts\/96121\/revisions\/96125"}],"wp:attachment":[{"href":"https:\/\/www.fiscalia.gov.co\/colombia\/wp-json\/wp\/v2\/media?parent=96121"}],"wp:term":[{"taxonomy":"category","embeddable":true,"href":"https:\/\/www.fiscalia.gov.co\/colombia\/wp-json\/wp\/v2\/categories?post=96121"},{"taxonomy":"post_tag","embeddable":true,"href":"https:\/\/www.fiscalia.gov.co\/colombia\/wp-json\/wp\/v2\/tags?post=96121"}],"curies":[{"name":"wp","href":"https:\/\/api.w.org\/{rel}","templated":true}]}}