{"id":95917,"date":"2016-12-02T17:44:55","date_gmt":"2016-12-02T22:44:55","guid":{"rendered":"http:\/\/www.fiscalia.gov.co\/colombia\/?p=95917"},"modified":"2016-12-02T17:44:55","modified_gmt":"2016-12-02T22:44:55","slug":"en-valle-y-meta-detenidas-2-personas-por-extorsion","status":"publish","type":"post","link":"https:\/\/www.fiscalia.gov.co\/colombia\/seccionales\/en-valle-y-meta-detenidas-2-personas-por-extorsion\/","title":{"rendered":"En Valle y Meta detenidas 2 personas por extorsi\u00f3n"},"content":{"rendered":"<p>Por el delito de extorsi\u00f3n agravada en grado de tentativa fueron detenidos Wiliber Prieto Segura en Tulu\u00e1 (Valle) y\u00a0 Edilson\u00a0Garc\u00eda Parra de 28 a\u00f1os, en Villavicencio (Meta); por hechos ocurridos en esta ciudad capital en diciembre de 2015.<\/p>\n<p>La situaci\u00f3n acaeci\u00f3 cuando los 2 hombres comenzaron a llamar a la v\u00edctima, quien huy\u00f3 hacia su finca. Los extorsionistas, asegurando pertenecer a un grupo guerrillero que delinque en la zona, le exig\u00edan el pago de 10 millones de pesos para no ser declarado objetivo militar.<\/p>\n<p>La investigaci\u00f3n iniciada con la denuncia de la v\u00edctima, permiti\u00f3 identificar plenamente a los presuntos responsables de las llamadas extorsivas, a quienes les fue dictada orden de captura, materializada por uniformados del Gaula de la Polic\u00eda.<\/p>\n<p>En desarrollo de audiencias concentradas, la Fiscal\u00eda adscrita al Gaula Local de Villavicencio imput\u00f3 cargos como coautor contra Garc\u00eda Parra, quien fue cobijado por el Juzgado 9\u00b0 Penal Municipal con funci\u00f3n de control de garant\u00edas, con medida no privativa de la libertad.<\/p>\n<p>Mientras tanto, el Juzgado 4\u00b0 Penal Municipal con funci\u00f3n de control de garant\u00edas de Tulu\u00e1\u00a0 impuso medida de aseguramiento en centro carcelario, contra Prieto Segura por considerarlo un peligro para la comunidad y la v\u00edctima.<\/p>\n<p>&nbsp;<\/p>\n<p>&nbsp;<\/p>\n<p>PYMP\/DLBM<\/p>\n\n<div class=\"twitter-share\"><a href=\"https:\/\/twitter.com\/intent\/tweet?via=fiscaliacol\" class=\"twitter-share-button\">Tweet<\/a><\/div>\n","protected":false},"excerpt":{"rendered":"<p>Por el delito de extorsi\u00f3n agravada en grado de tentativa fueron detenidos Wiliber Prieto Segura en Tulu\u00e1 (Valle) y\u00a0 Edilson\u00a0Garc\u00eda Parra de 28 a\u00f1os, en Villavicencio (Meta); por hechos ocurridos [&hellip;]<\/p>\n","protected":false},"author":143,"featured_media":0,"comment_status":"closed","ping_status":"open","sticky":false,"template":"","format":"standard","meta":{"tdm_status":"","tdm_grid_status":"","footnotes":""},"categories":[688,303],"tags":[935,11101],"class_list":["post-95917","post","type-post","status-publish","format-standard","category-seccional-villavicencio","category-seccionales","tag-extorsion","tag-seguridad-ciudadana"],"yoast_head":"<!-- This site is optimized with the Yoast SEO plugin v24.3 - https:\/\/yoast.com\/wordpress\/plugins\/seo\/ -->\n<title>Fiscal\u00eda General de la Naci\u00f3n<\/title>\n<meta name=\"description\" content=\"P\u00e1gina oficial de la Fiscal\u00eda General de la Naci\u00f3n \u2013 Colombia. Garantizamos el acceso efectivo a la justicia, la verdad y la reparaci\u00f3n de las v\u00edctimas de los delitos.\" \/>\n<meta name=\"robots\" content=\"noindex, follow\" \/>\n<meta property=\"og:locale\" content=\"es_ES\" \/>\n<meta property=\"og:type\" content=\"article\" \/>\n<meta property=\"og:title\" content=\"Fiscal\u00eda General de la Naci\u00f3n\" \/>\n<meta property=\"og:description\" content=\"P\u00e1gina oficial de la Fiscal\u00eda General de la Naci\u00f3n \u2013 Colombia. Garantizamos el acceso efectivo a la justicia, la verdad y la reparaci\u00f3n de las v\u00edctimas de los delitos.\" \/>\n<meta property=\"og:url\" content=\"https:\/\/www.fiscalia.gov.co\/colombia\/seccionales\/en-valle-y-meta-detenidas-2-personas-por-extorsion\/\" \/>\n<meta property=\"og:site_name\" content=\"Fiscal\u00eda General de la Naci\u00f3n\" \/>\n<meta property=\"article:publisher\" content=\"https:\/\/www.facebook.com\/FiscaliaCol\" \/>\n<meta property=\"article:published_time\" content=\"2016-12-02T22:44:55+00:00\" \/>\n<meta name=\"author\" content=\"dfgordillo\" \/>\n<meta name=\"twitter:card\" content=\"summary_large_image\" \/>\n<meta name=\"twitter:creator\" content=\"@FiscaliaCol\" \/>\n<meta name=\"twitter:site\" content=\"@FiscaliaCol\" \/>\n<meta name=\"twitter:label1\" content=\"Escrito por\" \/>\n\t<meta name=\"twitter:data1\" content=\"dfgordillo\" \/>\n\t<meta name=\"twitter:label2\" content=\"Tiempo de lectura\" \/>\n\t<meta name=\"twitter:data2\" content=\"1 minuto\" \/>\n<script type=\"application\/ld+json\" class=\"yoast-schema-graph\">{\"@context\":\"https:\/\/schema.org\",\"@graph\":[{\"@type\":\"Article\",\"@id\":\"https:\/\/www.fiscalia.gov.co\/colombia\/seccionales\/en-valle-y-meta-detenidas-2-personas-por-extorsion\/#article\",\"isPartOf\":{\"@id\":\"https:\/\/www.fiscalia.gov.co\/colombia\/seccionales\/en-valle-y-meta-detenidas-2-personas-por-extorsion\/\"},\"author\":{\"name\":\"dfgordillo\",\"@id\":\"https:\/\/www.fiscalia.gov.co\/colombia\/#\/schema\/person\/3903856a3ce2d54b094c69eb29247895\"},\"headline\":\"En Valle y Meta detenidas 2 personas por extorsi\u00f3n\",\"datePublished\":\"2016-12-02T22:44:55+00:00\",\"dateModified\":\"2016-12-02T22:44:55+00:00\",\"mainEntityOfPage\":{\"@id\":\"https:\/\/www.fiscalia.gov.co\/colombia\/seccionales\/en-valle-y-meta-detenidas-2-personas-por-extorsion\/\"},\"wordCount\":221,\"publisher\":{\"@id\":\"https:\/\/www.fiscalia.gov.co\/colombia\/#organization\"},\"keywords\":[\"Extorsi\u00f3n\",\"Seguridad ciudadana\"],\"articleSection\":[\"Seccional Villavicencio\",\"Seccionales\"],\"inLanguage\":\"es-CO\"},{\"@type\":\"WebPage\",\"@id\":\"https:\/\/www.fiscalia.gov.co\/colombia\/seccionales\/en-valle-y-meta-detenidas-2-personas-por-extorsion\/\",\"url\":\"https:\/\/www.fiscalia.gov.co\/colombia\/seccionales\/en-valle-y-meta-detenidas-2-personas-por-extorsion\/\",\"name\":\"Fiscal\u00eda General de la Naci\u00f3n\",\"isPartOf\":{\"@id\":\"https:\/\/www.fiscalia.gov.co\/colombia\/#website\"},\"datePublished\":\"2016-12-02T22:44:55+00:00\",\"dateModified\":\"2016-12-02T22:44:55+00:00\",\"description\":\"P\u00e1gina oficial de la Fiscal\u00eda General de la Naci\u00f3n \u2013 Colombia. Garantizamos el acceso efectivo a la justicia, la verdad y la reparaci\u00f3n de las v\u00edctimas de los delitos.\",\"breadcrumb\":{\"@id\":\"https:\/\/www.fiscalia.gov.co\/colombia\/seccionales\/en-valle-y-meta-detenidas-2-personas-por-extorsion\/#breadcrumb\"},\"inLanguage\":\"es-CO\",\"potentialAction\":[{\"@type\":\"ReadAction\",\"target\":[\"https:\/\/www.fiscalia.gov.co\/colombia\/seccionales\/en-valle-y-meta-detenidas-2-personas-por-extorsion\/\"]}]},{\"@type\":\"BreadcrumbList\",\"@id\":\"https:\/\/www.fiscalia.gov.co\/colombia\/seccionales\/en-valle-y-meta-detenidas-2-personas-por-extorsion\/#breadcrumb\",\"itemListElement\":[{\"@type\":\"ListItem\",\"position\":1,\"name\":\"Home\",\"item\":\"https:\/\/www.fiscalia.gov.co\/colombia\/\"},{\"@type\":\"ListItem\",\"position\":2,\"name\":\"En Valle y Meta detenidas 2 personas por extorsi\u00f3n\"}]},{\"@type\":\"WebSite\",\"@id\":\"https:\/\/www.fiscalia.gov.co\/colombia\/#website\",\"url\":\"https:\/\/www.fiscalia.gov.co\/colombia\/\",\"name\":\"Fiscal\u00eda General de la Naci\u00f3n\",\"description\":\"P\u00e1gina oficial de la Fiscal\u00eda General de la Naci\u00f3n \u2013 Colombia. Garantizamos el acceso efectivo a la justicia, la verdad y la reparaci\u00f3n de las v\u00edctimas de los delitos.\",\"publisher\":{\"@id\":\"https:\/\/www.fiscalia.gov.co\/colombia\/#organization\"},\"potentialAction\":[{\"@type\":\"SearchAction\",\"target\":{\"@type\":\"EntryPoint\",\"urlTemplate\":\"https:\/\/www.fiscalia.gov.co\/colombia\/?s={search_term_string}\"},\"query-input\":{\"@type\":\"PropertyValueSpecification\",\"valueRequired\":true,\"valueName\":\"search_term_string\"}}],\"inLanguage\":\"es-CO\"},{\"@type\":\"Organization\",\"@id\":\"https:\/\/www.fiscalia.gov.co\/colombia\/#organization\",\"name\":\"Fiscal\u00eda General de la Naci\u00f3n\",\"url\":\"https:\/\/www.fiscalia.gov.co\/colombia\/\",\"logo\":{\"@type\":\"ImageObject\",\"inLanguage\":\"es-CO\",\"@id\":\"https:\/\/www.fiscalia.gov.co\/colombia\/#\/schema\/logo\/image\/\",\"url\":\"https:\/\/www.fiscalia.gov.co\/colombia\/wp-content\/uploads\/LogoHorizontal_1.jpg\",\"contentUrl\":\"https:\/\/www.fiscalia.gov.co\/colombia\/wp-content\/uploads\/LogoHorizontal_1.jpg\",\"width\":300,\"height\":90,\"caption\":\"Fiscal\u00eda General de la Naci\u00f3n\"},\"image\":{\"@id\":\"https:\/\/www.fiscalia.gov.co\/colombia\/#\/schema\/logo\/image\/\"},\"sameAs\":[\"https:\/\/www.facebook.com\/FiscaliaCol\",\"https:\/\/x.com\/FiscaliaCol\",\"https:\/\/www.instagram.com\/fiscaliacol\",\"https:\/\/www.linkedin.com\/company\/fiscalia-general-de-la-naci-n\/\",\"https:\/\/youtube.com\/@fiscaliageneraldelanacion-4668?si=6nN79nyQICPU5iTh\"]},{\"@type\":\"Person\",\"@id\":\"https:\/\/www.fiscalia.gov.co\/colombia\/#\/schema\/person\/3903856a3ce2d54b094c69eb29247895\",\"name\":\"dfgordillo\",\"image\":{\"@type\":\"ImageObject\",\"inLanguage\":\"es-CO\",\"@id\":\"https:\/\/www.fiscalia.gov.co\/colombia\/#\/schema\/person\/image\/\",\"url\":\"https:\/\/secure.gravatar.com\/avatar\/b6356e21c5657c60757fe6fb9493e947?s=96&d=mm&r=g\",\"contentUrl\":\"https:\/\/secure.gravatar.com\/avatar\/b6356e21c5657c60757fe6fb9493e947?s=96&d=mm&r=g\",\"caption\":\"dfgordillo\"},\"sameAs\":[\"dfgordillo\"],\"url\":\"https:\/\/www.fiscalia.gov.co\/colombia\/author\/dfgordillo\/\"}]}<\/script>\n<!-- \/ Yoast SEO plugin. -->","yoast_head_json":{"title":"Fiscal\u00eda General de la Naci\u00f3n","description":"P\u00e1gina oficial de la Fiscal\u00eda General de la Naci\u00f3n \u2013 Colombia. Garantizamos el acceso efectivo a la justicia, la verdad y la reparaci\u00f3n de las v\u00edctimas de los delitos.","robots":{"index":"noindex","follow":"follow"},"og_locale":"es_ES","og_type":"article","og_title":"Fiscal\u00eda General de la Naci\u00f3n","og_description":"P\u00e1gina oficial de la Fiscal\u00eda General de la Naci\u00f3n \u2013 Colombia. Garantizamos el acceso efectivo a la justicia, la verdad y la reparaci\u00f3n de las v\u00edctimas de los delitos.","og_url":"https:\/\/www.fiscalia.gov.co\/colombia\/seccionales\/en-valle-y-meta-detenidas-2-personas-por-extorsion\/","og_site_name":"Fiscal\u00eda General de la Naci\u00f3n","article_publisher":"https:\/\/www.facebook.com\/FiscaliaCol","article_published_time":"2016-12-02T22:44:55+00:00","author":"dfgordillo","twitter_card":"summary_large_image","twitter_creator":"@FiscaliaCol","twitter_site":"@FiscaliaCol","twitter_misc":{"Escrito por":"dfgordillo","Tiempo de lectura":"1 minuto"},"schema":{"@context":"https:\/\/schema.org","@graph":[{"@type":"Article","@id":"https:\/\/www.fiscalia.gov.co\/colombia\/seccionales\/en-valle-y-meta-detenidas-2-personas-por-extorsion\/#article","isPartOf":{"@id":"https:\/\/www.fiscalia.gov.co\/colombia\/seccionales\/en-valle-y-meta-detenidas-2-personas-por-extorsion\/"},"author":{"name":"dfgordillo","@id":"https:\/\/www.fiscalia.gov.co\/colombia\/#\/schema\/person\/3903856a3ce2d54b094c69eb29247895"},"headline":"En Valle y Meta detenidas 2 personas por extorsi\u00f3n","datePublished":"2016-12-02T22:44:55+00:00","dateModified":"2016-12-02T22:44:55+00:00","mainEntityOfPage":{"@id":"https:\/\/www.fiscalia.gov.co\/colombia\/seccionales\/en-valle-y-meta-detenidas-2-personas-por-extorsion\/"},"wordCount":221,"publisher":{"@id":"https:\/\/www.fiscalia.gov.co\/colombia\/#organization"},"keywords":["Extorsi\u00f3n","Seguridad ciudadana"],"articleSection":["Seccional Villavicencio","Seccionales"],"inLanguage":"es-CO"},{"@type":"WebPage","@id":"https:\/\/www.fiscalia.gov.co\/colombia\/seccionales\/en-valle-y-meta-detenidas-2-personas-por-extorsion\/","url":"https:\/\/www.fiscalia.gov.co\/colombia\/seccionales\/en-valle-y-meta-detenidas-2-personas-por-extorsion\/","name":"Fiscal\u00eda General de la Naci\u00f3n","isPartOf":{"@id":"https:\/\/www.fiscalia.gov.co\/colombia\/#website"},"datePublished":"2016-12-02T22:44:55+00:00","dateModified":"2016-12-02T22:44:55+00:00","description":"P\u00e1gina oficial de la Fiscal\u00eda General de la Naci\u00f3n \u2013 Colombia. Garantizamos el acceso efectivo a la justicia, la verdad y la reparaci\u00f3n de las v\u00edctimas de los delitos.","breadcrumb":{"@id":"https:\/\/www.fiscalia.gov.co\/colombia\/seccionales\/en-valle-y-meta-detenidas-2-personas-por-extorsion\/#breadcrumb"},"inLanguage":"es-CO","potentialAction":[{"@type":"ReadAction","target":["https:\/\/www.fiscalia.gov.co\/colombia\/seccionales\/en-valle-y-meta-detenidas-2-personas-por-extorsion\/"]}]},{"@type":"BreadcrumbList","@id":"https:\/\/www.fiscalia.gov.co\/colombia\/seccionales\/en-valle-y-meta-detenidas-2-personas-por-extorsion\/#breadcrumb","itemListElement":[{"@type":"ListItem","position":1,"name":"Home","item":"https:\/\/www.fiscalia.gov.co\/colombia\/"},{"@type":"ListItem","position":2,"name":"En Valle y Meta detenidas 2 personas por extorsi\u00f3n"}]},{"@type":"WebSite","@id":"https:\/\/www.fiscalia.gov.co\/colombia\/#website","url":"https:\/\/www.fiscalia.gov.co\/colombia\/","name":"Fiscal\u00eda General de la Naci\u00f3n","description":"P\u00e1gina oficial de la Fiscal\u00eda General de la Naci\u00f3n \u2013 Colombia. Garantizamos el acceso efectivo a la justicia, la verdad y la reparaci\u00f3n de las v\u00edctimas de los delitos.","publisher":{"@id":"https:\/\/www.fiscalia.gov.co\/colombia\/#organization"},"potentialAction":[{"@type":"SearchAction","target":{"@type":"EntryPoint","urlTemplate":"https:\/\/www.fiscalia.gov.co\/colombia\/?s={search_term_string}"},"query-input":{"@type":"PropertyValueSpecification","valueRequired":true,"valueName":"search_term_string"}}],"inLanguage":"es-CO"},{"@type":"Organization","@id":"https:\/\/www.fiscalia.gov.co\/colombia\/#organization","name":"Fiscal\u00eda General de la Naci\u00f3n","url":"https:\/\/www.fiscalia.gov.co\/colombia\/","logo":{"@type":"ImageObject","inLanguage":"es-CO","@id":"https:\/\/www.fiscalia.gov.co\/colombia\/#\/schema\/logo\/image\/","url":"https:\/\/www.fiscalia.gov.co\/colombia\/wp-content\/uploads\/LogoHorizontal_1.jpg","contentUrl":"https:\/\/www.fiscalia.gov.co\/colombia\/wp-content\/uploads\/LogoHorizontal_1.jpg","width":300,"height":90,"caption":"Fiscal\u00eda General de la Naci\u00f3n"},"image":{"@id":"https:\/\/www.fiscalia.gov.co\/colombia\/#\/schema\/logo\/image\/"},"sameAs":["https:\/\/www.facebook.com\/FiscaliaCol","https:\/\/x.com\/FiscaliaCol","https:\/\/www.instagram.com\/fiscaliacol","https:\/\/www.linkedin.com\/company\/fiscalia-general-de-la-naci-n\/","https:\/\/youtube.com\/@fiscaliageneraldelanacion-4668?si=6nN79nyQICPU5iTh"]},{"@type":"Person","@id":"https:\/\/www.fiscalia.gov.co\/colombia\/#\/schema\/person\/3903856a3ce2d54b094c69eb29247895","name":"dfgordillo","image":{"@type":"ImageObject","inLanguage":"es-CO","@id":"https:\/\/www.fiscalia.gov.co\/colombia\/#\/schema\/person\/image\/","url":"https:\/\/secure.gravatar.com\/avatar\/b6356e21c5657c60757fe6fb9493e947?s=96&d=mm&r=g","contentUrl":"https:\/\/secure.gravatar.com\/avatar\/b6356e21c5657c60757fe6fb9493e947?s=96&d=mm&r=g","caption":"dfgordillo"},"sameAs":["dfgordillo"],"url":"https:\/\/www.fiscalia.gov.co\/colombia\/author\/dfgordillo\/"}]}},"_links":{"self":[{"href":"https:\/\/www.fiscalia.gov.co\/colombia\/wp-json\/wp\/v2\/posts\/95917","targetHints":{"allow":["GET"]}}],"collection":[{"href":"https:\/\/www.fiscalia.gov.co\/colombia\/wp-json\/wp\/v2\/posts"}],"about":[{"href":"https:\/\/www.fiscalia.gov.co\/colombia\/wp-json\/wp\/v2\/types\/post"}],"author":[{"embeddable":true,"href":"https:\/\/www.fiscalia.gov.co\/colombia\/wp-json\/wp\/v2\/users\/143"}],"replies":[{"embeddable":true,"href":"https:\/\/www.fiscalia.gov.co\/colombia\/wp-json\/wp\/v2\/comments?post=95917"}],"version-history":[{"count":2,"href":"https:\/\/www.fiscalia.gov.co\/colombia\/wp-json\/wp\/v2\/posts\/95917\/revisions"}],"predecessor-version":[{"id":95920,"href":"https:\/\/www.fiscalia.gov.co\/colombia\/wp-json\/wp\/v2\/posts\/95917\/revisions\/95920"}],"wp:attachment":[{"href":"https:\/\/www.fiscalia.gov.co\/colombia\/wp-json\/wp\/v2\/media?parent=95917"}],"wp:term":[{"taxonomy":"category","embeddable":true,"href":"https:\/\/www.fiscalia.gov.co\/colombia\/wp-json\/wp\/v2\/categories?post=95917"},{"taxonomy":"post_tag","embeddable":true,"href":"https:\/\/www.fiscalia.gov.co\/colombia\/wp-json\/wp\/v2\/tags?post=95917"}],"curies":[{"name":"wp","href":"https:\/\/api.w.org\/{rel}","templated":true}]}}