{"id":95820,"date":"2016-12-01T14:36:43","date_gmt":"2016-12-01T19:36:43","guid":{"rendered":"http:\/\/www.fiscalia.gov.co\/colombia\/?p=95820"},"modified":"2016-12-01T14:36:43","modified_gmt":"2016-12-01T19:36:43","slug":"fiscalia-acusa-a-paramilitar-por-masacre-en-el-corregimiento-barragan-valle-del-cauca","status":"publish","type":"post","link":"https:\/\/www.fiscalia.gov.co\/colombia\/noticias\/fiscalia-acusa-a-paramilitar-por-masacre-en-el-corregimiento-barragan-valle-del-cauca\/","title":{"rendered":"Fiscal\u00eda acusa a paramilitar por masacre en el corregimiento Barrag\u00e1n (Valle del Cauca)"},"content":{"rendered":"<p>Desaparecieron y fueron encontrados 10 d\u00edas despu\u00e9s en fosas comunes. El 18 de diciembre de 2000, un grupo de integrantes del bloque Calima de las Autodefensas Unidas de Colombia (AUC), llegaron hasta el corregimiento Barrag\u00e1n, en el municipio de Tulu\u00e1 (Valle del Cauca).<\/p>\n<p>Su jefe, alias Percher\u00f3n, orden\u00f3 cerrar todas las v\u00edas de acceso y reunir a todos los habitantes en la plaza central para darles un discurso. Luego, lista en mano, llam\u00f3 a 11 personas, a quienes los paramilitares sacaron a empujones. Percher\u00f3n las hizo colocar boca abajo para amarrarlas y llevarlas a un sitio desconocido.<\/p>\n<p>El 22 de diciembre, alias Percher\u00f3n volvi\u00f3 a obligar a los habitantes de Barrag\u00e1n a ir a otra reuni\u00f3n a la plaza del pueblo y les dijo que hab\u00edan asesinado a las personas que estaban en la lista que ley\u00f3 cuatro d\u00edas antes, \u201cpor ser colaboradores de la guerrilla\u201d.<\/p>\n<p>Luego orden\u00f3 a sus hombres saquear negocios y tiendas del pueblo, as\u00ed como las viviendas de las familias de las v\u00edctimas; se apoderaron de caballos, ganado y bienes muebles, convirti\u00e9ndolos en bodegas de almacenamiento de armas y municiones.<\/p>\n<p>Amenazaron de muerte a los habitantes que si no les colaboraban correr\u00edan la misma suerte que los desaparecidos de ese 18 de diciembre. Dentro del grupo de paramilitares presente en el corregimiento de Barrag\u00e1n, estaba presente Eugenio Ru\u00edz Caicedo, alias Remigio.<\/p>\n<p>&nbsp;<\/p>\n<p><strong>Masacre<\/strong><\/p>\n<p>Seis d\u00edas despu\u00e9s, el 28 de diciembre de ese a\u00f1o, algunas de las familias recibieron la noticia de ir a recoger los cad\u00e1veres en fosas comunes. Una de las fosas fue ubicada en la finca Singapur de ese municipio. All\u00ed aparecieron los cad\u00e1veres de Wilmar Fl\u00f3rez, Ariel Silva, Melquisedec Puentes, Cornelio Barona, e Idelfonso Acu\u00f1a.<\/p>\n<p>En otra fosa, ubicada en la finca Villa Gilma, fue hallado el cuerpo de Jaime Vela Cuesta, de 42 a\u00f1os. Al Instituto de Medicina Legal de Tulu\u00e1 fue llevado el cad\u00e1ver de Juan Mar\u00eda Vianney Galvis, de 36 a\u00f1os, trabajador de la finca el Verdun, hab\u00eda desaparecido el 18 de diciembre y su cuerpo fue hallado el 22 de ese mes.<\/p>\n<p>En la vereda Asunci\u00f3n, en un terreno bald\u00edo fueron encontrados los cuerpos de Humberto Silva Ru\u00edz, de 34 a\u00f1os, administrador de la finca La Salina; Olmes Ria\u00f1o Lache, de 40 a\u00f1os, trabajador de esa misma finca; Fabio Marulanda Garc\u00eda, trabajador de la finca La Espiga de la vereda Alegr\u00eda. Tambi\u00e9n fue encontrado el cad\u00e1ver de Fran Esteban Beltr\u00e1n.<\/p>\n<p>Los trabajadores aparecieron amarados de pies y manos y degollados. Sus cuerpos aparecieron en fosas comunes en Sevilla. Algunos testigos aseguraron a la Fiscal\u00eda, que los paramilitares jugaron f\u00fatbol con las cabezas de los campesinos y luego las desaparecieron para que no fueran identificados.<\/p>\n<p>&nbsp;<\/p>\n<p><strong>Acusaci\u00f3n<\/strong><\/p>\n<p>Las evidencias, material probatorio y testimonios recogidos por la Fiscalia 55 Especializada de Derechos Humanos y Derecho Internacional Humanitario (DIH), dentro de la investigaci\u00f3n por la masacre del corregimiento de Barrag\u00e1n, bajo los t\u00e9rminos de la ley 600 de 2000, permiti\u00f3 la acusaci\u00f3n de Eugenio Ru\u00edz Caicedo, alias Remigio, integrante del bloque Calima, quien estuvo en la reuni\u00f3n del 18 de diciembre de 2000, cuando los paramilitares se llevaron a 11 personas, las asesinaron y trataron de desaparecer sus cad\u00e1veres.<\/p>\n<p>\u201cSe supo adem\u00e1s de estas 11 v\u00edctimas, fueron aproximadamente veinte personas m\u00e1s las aprehendidas y secuestradas por las AUC y de las mismas nunca se supo nada\u201d, dice la Fiscal\u00eda 55.<\/p>\n<p>El ente investigador profiri\u00f3 resoluci\u00f3n de acusaci\u00f3n en contra de Ru\u00edz Caicedo, alias Remigio, como presunto coautor material impropio de los delitos de homicidio agravado en concurso homog\u00e9neo y simult\u00e1neo, desplazamiento forzado, terrorismo, secuestro simple y hurto calificado y agravado.<\/p>\n<p>Estas v\u00edctimas \u201cfueron cruelmente masacradas, asesinadas, donde dan cuenta de la sevicia con que dicha agrupaci\u00f3n de las AUC intercept\u00f3 para desaparecerlas\u201d, dice la Fiscal\u00eda 55 en la resoluci\u00f3n de acusaci\u00f3n.<\/p>\n<p>&nbsp;<\/p>\n<p>&nbsp;<\/p>\n<p>JGPV\/DLBM<\/p>\n\n<div class=\"twitter-share\"><a href=\"https:\/\/twitter.com\/intent\/tweet?via=fiscaliacol\" class=\"twitter-share-button\">Tweet<\/a><\/div>\n","protected":false},"excerpt":{"rendered":"<p>Desaparecieron y fueron encontrados 10 d\u00edas despu\u00e9s en fosas comunes. El 18 de diciembre de 2000, un grupo de integrantes del bloque Calima de las Autodefensas Unidas de Colombia (AUC), [&hellip;]<\/p>\n","protected":false},"author":143,"featured_media":0,"comment_status":"closed","ping_status":"open","sticky":false,"template":"","format":"standard","meta":{"tdm_status":"","tdm_grid_status":"","footnotes":""},"categories":[1],"tags":[54],"class_list":["post-95820","post","type-post","status-publish","format-standard","category-noticias","tag-masacre"],"yoast_head":"<!-- This site is optimized with the Yoast SEO plugin v24.3 - https:\/\/yoast.com\/wordpress\/plugins\/seo\/ -->\n<title>Fiscal\u00eda General de la Naci\u00f3n<\/title>\n<meta name=\"description\" content=\"P\u00e1gina oficial de la Fiscal\u00eda General de la Naci\u00f3n \u2013 Colombia. Garantizamos el acceso efectivo a la justicia, la verdad y la reparaci\u00f3n de las v\u00edctimas de los delitos.\" \/>\n<meta name=\"robots\" content=\"noindex, follow\" \/>\n<meta property=\"og:locale\" content=\"es_ES\" \/>\n<meta property=\"og:type\" content=\"article\" \/>\n<meta property=\"og:title\" content=\"Fiscal\u00eda General de la Naci\u00f3n\" \/>\n<meta property=\"og:description\" content=\"P\u00e1gina oficial de la Fiscal\u00eda General de la Naci\u00f3n \u2013 Colombia. Garantizamos el acceso efectivo a la justicia, la verdad y la reparaci\u00f3n de las v\u00edctimas de los delitos.\" \/>\n<meta property=\"og:url\" content=\"https:\/\/www.fiscalia.gov.co\/colombia\/noticias\/fiscalia-acusa-a-paramilitar-por-masacre-en-el-corregimiento-barragan-valle-del-cauca\/\" \/>\n<meta property=\"og:site_name\" content=\"Fiscal\u00eda General de la Naci\u00f3n\" \/>\n<meta property=\"article:publisher\" content=\"https:\/\/www.facebook.com\/FiscaliaCol\" \/>\n<meta property=\"article:published_time\" content=\"2016-12-01T19:36:43+00:00\" \/>\n<meta name=\"author\" content=\"dfgordillo\" \/>\n<meta name=\"twitter:card\" content=\"summary_large_image\" \/>\n<meta name=\"twitter:creator\" content=\"@FiscaliaCol\" \/>\n<meta name=\"twitter:site\" content=\"@FiscaliaCol\" \/>\n<meta name=\"twitter:label1\" content=\"Escrito por\" \/>\n\t<meta name=\"twitter:data1\" content=\"dfgordillo\" \/>\n\t<meta name=\"twitter:label2\" content=\"Tiempo de lectura\" \/>\n\t<meta name=\"twitter:data2\" content=\"3 minutos\" \/>\n<script type=\"application\/ld+json\" class=\"yoast-schema-graph\">{\"@context\":\"https:\/\/schema.org\",\"@graph\":[{\"@type\":\"Article\",\"@id\":\"https:\/\/www.fiscalia.gov.co\/colombia\/noticias\/fiscalia-acusa-a-paramilitar-por-masacre-en-el-corregimiento-barragan-valle-del-cauca\/#article\",\"isPartOf\":{\"@id\":\"https:\/\/www.fiscalia.gov.co\/colombia\/noticias\/fiscalia-acusa-a-paramilitar-por-masacre-en-el-corregimiento-barragan-valle-del-cauca\/\"},\"author\":{\"name\":\"dfgordillo\",\"@id\":\"https:\/\/www.fiscalia.gov.co\/colombia\/#\/schema\/person\/3903856a3ce2d54b094c69eb29247895\"},\"headline\":\"Fiscal\u00eda acusa a paramilitar por masacre en el corregimiento Barrag\u00e1n (Valle del Cauca)\",\"datePublished\":\"2016-12-01T19:36:43+00:00\",\"dateModified\":\"2016-12-01T19:36:43+00:00\",\"mainEntityOfPage\":{\"@id\":\"https:\/\/www.fiscalia.gov.co\/colombia\/noticias\/fiscalia-acusa-a-paramilitar-por-masacre-en-el-corregimiento-barragan-valle-del-cauca\/\"},\"wordCount\":689,\"publisher\":{\"@id\":\"https:\/\/www.fiscalia.gov.co\/colombia\/#organization\"},\"keywords\":[\"Masacre\"],\"articleSection\":[\"Noticias\"],\"inLanguage\":\"es-CO\"},{\"@type\":\"WebPage\",\"@id\":\"https:\/\/www.fiscalia.gov.co\/colombia\/noticias\/fiscalia-acusa-a-paramilitar-por-masacre-en-el-corregimiento-barragan-valle-del-cauca\/\",\"url\":\"https:\/\/www.fiscalia.gov.co\/colombia\/noticias\/fiscalia-acusa-a-paramilitar-por-masacre-en-el-corregimiento-barragan-valle-del-cauca\/\",\"name\":\"Fiscal\u00eda General de la Naci\u00f3n\",\"isPartOf\":{\"@id\":\"https:\/\/www.fiscalia.gov.co\/colombia\/#website\"},\"datePublished\":\"2016-12-01T19:36:43+00:00\",\"dateModified\":\"2016-12-01T19:36:43+00:00\",\"description\":\"P\u00e1gina oficial de la Fiscal\u00eda General de la Naci\u00f3n \u2013 Colombia. Garantizamos el acceso efectivo a la justicia, la verdad y la reparaci\u00f3n de las v\u00edctimas de los delitos.\",\"breadcrumb\":{\"@id\":\"https:\/\/www.fiscalia.gov.co\/colombia\/noticias\/fiscalia-acusa-a-paramilitar-por-masacre-en-el-corregimiento-barragan-valle-del-cauca\/#breadcrumb\"},\"inLanguage\":\"es-CO\",\"potentialAction\":[{\"@type\":\"ReadAction\",\"target\":[\"https:\/\/www.fiscalia.gov.co\/colombia\/noticias\/fiscalia-acusa-a-paramilitar-por-masacre-en-el-corregimiento-barragan-valle-del-cauca\/\"]}]},{\"@type\":\"BreadcrumbList\",\"@id\":\"https:\/\/www.fiscalia.gov.co\/colombia\/noticias\/fiscalia-acusa-a-paramilitar-por-masacre-en-el-corregimiento-barragan-valle-del-cauca\/#breadcrumb\",\"itemListElement\":[{\"@type\":\"ListItem\",\"position\":1,\"name\":\"Home\",\"item\":\"https:\/\/www.fiscalia.gov.co\/colombia\/\"},{\"@type\":\"ListItem\",\"position\":2,\"name\":\"Fiscal\u00eda acusa a paramilitar por masacre en el corregimiento Barrag\u00e1n (Valle del Cauca)\"}]},{\"@type\":\"WebSite\",\"@id\":\"https:\/\/www.fiscalia.gov.co\/colombia\/#website\",\"url\":\"https:\/\/www.fiscalia.gov.co\/colombia\/\",\"name\":\"Fiscal\u00eda General de la Naci\u00f3n\",\"description\":\"P\u00e1gina oficial de la Fiscal\u00eda General de la Naci\u00f3n \u2013 Colombia. Garantizamos el acceso efectivo a la justicia, la verdad y la reparaci\u00f3n de las v\u00edctimas de los delitos.\",\"publisher\":{\"@id\":\"https:\/\/www.fiscalia.gov.co\/colombia\/#organization\"},\"potentialAction\":[{\"@type\":\"SearchAction\",\"target\":{\"@type\":\"EntryPoint\",\"urlTemplate\":\"https:\/\/www.fiscalia.gov.co\/colombia\/?s={search_term_string}\"},\"query-input\":{\"@type\":\"PropertyValueSpecification\",\"valueRequired\":true,\"valueName\":\"search_term_string\"}}],\"inLanguage\":\"es-CO\"},{\"@type\":\"Organization\",\"@id\":\"https:\/\/www.fiscalia.gov.co\/colombia\/#organization\",\"name\":\"Fiscal\u00eda General de la Naci\u00f3n\",\"url\":\"https:\/\/www.fiscalia.gov.co\/colombia\/\",\"logo\":{\"@type\":\"ImageObject\",\"inLanguage\":\"es-CO\",\"@id\":\"https:\/\/www.fiscalia.gov.co\/colombia\/#\/schema\/logo\/image\/\",\"url\":\"https:\/\/www.fiscalia.gov.co\/colombia\/wp-content\/uploads\/LogoHorizontal_1.jpg\",\"contentUrl\":\"https:\/\/www.fiscalia.gov.co\/colombia\/wp-content\/uploads\/LogoHorizontal_1.jpg\",\"width\":300,\"height\":90,\"caption\":\"Fiscal\u00eda General de la Naci\u00f3n\"},\"image\":{\"@id\":\"https:\/\/www.fiscalia.gov.co\/colombia\/#\/schema\/logo\/image\/\"},\"sameAs\":[\"https:\/\/www.facebook.com\/FiscaliaCol\",\"https:\/\/x.com\/FiscaliaCol\",\"https:\/\/www.instagram.com\/fiscaliacol\",\"https:\/\/www.linkedin.com\/company\/fiscalia-general-de-la-naci-n\/\",\"https:\/\/youtube.com\/@fiscaliageneraldelanacion-4668?si=6nN79nyQICPU5iTh\"]},{\"@type\":\"Person\",\"@id\":\"https:\/\/www.fiscalia.gov.co\/colombia\/#\/schema\/person\/3903856a3ce2d54b094c69eb29247895\",\"name\":\"dfgordillo\",\"image\":{\"@type\":\"ImageObject\",\"inLanguage\":\"es-CO\",\"@id\":\"https:\/\/www.fiscalia.gov.co\/colombia\/#\/schema\/person\/image\/\",\"url\":\"https:\/\/secure.gravatar.com\/avatar\/b6356e21c5657c60757fe6fb9493e947?s=96&d=mm&r=g\",\"contentUrl\":\"https:\/\/secure.gravatar.com\/avatar\/b6356e21c5657c60757fe6fb9493e947?s=96&d=mm&r=g\",\"caption\":\"dfgordillo\"},\"sameAs\":[\"dfgordillo\"],\"url\":\"https:\/\/www.fiscalia.gov.co\/colombia\/author\/dfgordillo\/\"}]}<\/script>\n<!-- \/ Yoast SEO plugin. -->","yoast_head_json":{"title":"Fiscal\u00eda General de la Naci\u00f3n","description":"P\u00e1gina oficial de la Fiscal\u00eda General de la Naci\u00f3n \u2013 Colombia. Garantizamos el acceso efectivo a la justicia, la verdad y la reparaci\u00f3n de las v\u00edctimas de los delitos.","robots":{"index":"noindex","follow":"follow"},"og_locale":"es_ES","og_type":"article","og_title":"Fiscal\u00eda General de la Naci\u00f3n","og_description":"P\u00e1gina oficial de la Fiscal\u00eda General de la Naci\u00f3n \u2013 Colombia. Garantizamos el acceso efectivo a la justicia, la verdad y la reparaci\u00f3n de las v\u00edctimas de los delitos.","og_url":"https:\/\/www.fiscalia.gov.co\/colombia\/noticias\/fiscalia-acusa-a-paramilitar-por-masacre-en-el-corregimiento-barragan-valle-del-cauca\/","og_site_name":"Fiscal\u00eda General de la Naci\u00f3n","article_publisher":"https:\/\/www.facebook.com\/FiscaliaCol","article_published_time":"2016-12-01T19:36:43+00:00","author":"dfgordillo","twitter_card":"summary_large_image","twitter_creator":"@FiscaliaCol","twitter_site":"@FiscaliaCol","twitter_misc":{"Escrito por":"dfgordillo","Tiempo de lectura":"3 minutos"},"schema":{"@context":"https:\/\/schema.org","@graph":[{"@type":"Article","@id":"https:\/\/www.fiscalia.gov.co\/colombia\/noticias\/fiscalia-acusa-a-paramilitar-por-masacre-en-el-corregimiento-barragan-valle-del-cauca\/#article","isPartOf":{"@id":"https:\/\/www.fiscalia.gov.co\/colombia\/noticias\/fiscalia-acusa-a-paramilitar-por-masacre-en-el-corregimiento-barragan-valle-del-cauca\/"},"author":{"name":"dfgordillo","@id":"https:\/\/www.fiscalia.gov.co\/colombia\/#\/schema\/person\/3903856a3ce2d54b094c69eb29247895"},"headline":"Fiscal\u00eda acusa a paramilitar por masacre en el corregimiento Barrag\u00e1n (Valle del Cauca)","datePublished":"2016-12-01T19:36:43+00:00","dateModified":"2016-12-01T19:36:43+00:00","mainEntityOfPage":{"@id":"https:\/\/www.fiscalia.gov.co\/colombia\/noticias\/fiscalia-acusa-a-paramilitar-por-masacre-en-el-corregimiento-barragan-valle-del-cauca\/"},"wordCount":689,"publisher":{"@id":"https:\/\/www.fiscalia.gov.co\/colombia\/#organization"},"keywords":["Masacre"],"articleSection":["Noticias"],"inLanguage":"es-CO"},{"@type":"WebPage","@id":"https:\/\/www.fiscalia.gov.co\/colombia\/noticias\/fiscalia-acusa-a-paramilitar-por-masacre-en-el-corregimiento-barragan-valle-del-cauca\/","url":"https:\/\/www.fiscalia.gov.co\/colombia\/noticias\/fiscalia-acusa-a-paramilitar-por-masacre-en-el-corregimiento-barragan-valle-del-cauca\/","name":"Fiscal\u00eda General de la Naci\u00f3n","isPartOf":{"@id":"https:\/\/www.fiscalia.gov.co\/colombia\/#website"},"datePublished":"2016-12-01T19:36:43+00:00","dateModified":"2016-12-01T19:36:43+00:00","description":"P\u00e1gina oficial de la Fiscal\u00eda General de la Naci\u00f3n \u2013 Colombia. Garantizamos el acceso efectivo a la justicia, la verdad y la reparaci\u00f3n de las v\u00edctimas de los delitos.","breadcrumb":{"@id":"https:\/\/www.fiscalia.gov.co\/colombia\/noticias\/fiscalia-acusa-a-paramilitar-por-masacre-en-el-corregimiento-barragan-valle-del-cauca\/#breadcrumb"},"inLanguage":"es-CO","potentialAction":[{"@type":"ReadAction","target":["https:\/\/www.fiscalia.gov.co\/colombia\/noticias\/fiscalia-acusa-a-paramilitar-por-masacre-en-el-corregimiento-barragan-valle-del-cauca\/"]}]},{"@type":"BreadcrumbList","@id":"https:\/\/www.fiscalia.gov.co\/colombia\/noticias\/fiscalia-acusa-a-paramilitar-por-masacre-en-el-corregimiento-barragan-valle-del-cauca\/#breadcrumb","itemListElement":[{"@type":"ListItem","position":1,"name":"Home","item":"https:\/\/www.fiscalia.gov.co\/colombia\/"},{"@type":"ListItem","position":2,"name":"Fiscal\u00eda acusa a paramilitar por masacre en el corregimiento Barrag\u00e1n (Valle del Cauca)"}]},{"@type":"WebSite","@id":"https:\/\/www.fiscalia.gov.co\/colombia\/#website","url":"https:\/\/www.fiscalia.gov.co\/colombia\/","name":"Fiscal\u00eda General de la Naci\u00f3n","description":"P\u00e1gina oficial de la Fiscal\u00eda General de la Naci\u00f3n \u2013 Colombia. Garantizamos el acceso efectivo a la justicia, la verdad y la reparaci\u00f3n de las v\u00edctimas de los delitos.","publisher":{"@id":"https:\/\/www.fiscalia.gov.co\/colombia\/#organization"},"potentialAction":[{"@type":"SearchAction","target":{"@type":"EntryPoint","urlTemplate":"https:\/\/www.fiscalia.gov.co\/colombia\/?s={search_term_string}"},"query-input":{"@type":"PropertyValueSpecification","valueRequired":true,"valueName":"search_term_string"}}],"inLanguage":"es-CO"},{"@type":"Organization","@id":"https:\/\/www.fiscalia.gov.co\/colombia\/#organization","name":"Fiscal\u00eda General de la Naci\u00f3n","url":"https:\/\/www.fiscalia.gov.co\/colombia\/","logo":{"@type":"ImageObject","inLanguage":"es-CO","@id":"https:\/\/www.fiscalia.gov.co\/colombia\/#\/schema\/logo\/image\/","url":"https:\/\/www.fiscalia.gov.co\/colombia\/wp-content\/uploads\/LogoHorizontal_1.jpg","contentUrl":"https:\/\/www.fiscalia.gov.co\/colombia\/wp-content\/uploads\/LogoHorizontal_1.jpg","width":300,"height":90,"caption":"Fiscal\u00eda General de la Naci\u00f3n"},"image":{"@id":"https:\/\/www.fiscalia.gov.co\/colombia\/#\/schema\/logo\/image\/"},"sameAs":["https:\/\/www.facebook.com\/FiscaliaCol","https:\/\/x.com\/FiscaliaCol","https:\/\/www.instagram.com\/fiscaliacol","https:\/\/www.linkedin.com\/company\/fiscalia-general-de-la-naci-n\/","https:\/\/youtube.com\/@fiscaliageneraldelanacion-4668?si=6nN79nyQICPU5iTh"]},{"@type":"Person","@id":"https:\/\/www.fiscalia.gov.co\/colombia\/#\/schema\/person\/3903856a3ce2d54b094c69eb29247895","name":"dfgordillo","image":{"@type":"ImageObject","inLanguage":"es-CO","@id":"https:\/\/www.fiscalia.gov.co\/colombia\/#\/schema\/person\/image\/","url":"https:\/\/secure.gravatar.com\/avatar\/b6356e21c5657c60757fe6fb9493e947?s=96&d=mm&r=g","contentUrl":"https:\/\/secure.gravatar.com\/avatar\/b6356e21c5657c60757fe6fb9493e947?s=96&d=mm&r=g","caption":"dfgordillo"},"sameAs":["dfgordillo"],"url":"https:\/\/www.fiscalia.gov.co\/colombia\/author\/dfgordillo\/"}]}},"_links":{"self":[{"href":"https:\/\/www.fiscalia.gov.co\/colombia\/wp-json\/wp\/v2\/posts\/95820","targetHints":{"allow":["GET"]}}],"collection":[{"href":"https:\/\/www.fiscalia.gov.co\/colombia\/wp-json\/wp\/v2\/posts"}],"about":[{"href":"https:\/\/www.fiscalia.gov.co\/colombia\/wp-json\/wp\/v2\/types\/post"}],"author":[{"embeddable":true,"href":"https:\/\/www.fiscalia.gov.co\/colombia\/wp-json\/wp\/v2\/users\/143"}],"replies":[{"embeddable":true,"href":"https:\/\/www.fiscalia.gov.co\/colombia\/wp-json\/wp\/v2\/comments?post=95820"}],"version-history":[{"count":2,"href":"https:\/\/www.fiscalia.gov.co\/colombia\/wp-json\/wp\/v2\/posts\/95820\/revisions"}],"predecessor-version":[{"id":95822,"href":"https:\/\/www.fiscalia.gov.co\/colombia\/wp-json\/wp\/v2\/posts\/95820\/revisions\/95822"}],"wp:attachment":[{"href":"https:\/\/www.fiscalia.gov.co\/colombia\/wp-json\/wp\/v2\/media?parent=95820"}],"wp:term":[{"taxonomy":"category","embeddable":true,"href":"https:\/\/www.fiscalia.gov.co\/colombia\/wp-json\/wp\/v2\/categories?post=95820"},{"taxonomy":"post_tag","embeddable":true,"href":"https:\/\/www.fiscalia.gov.co\/colombia\/wp-json\/wp\/v2\/tags?post=95820"}],"curies":[{"name":"wp","href":"https:\/\/api.w.org\/{rel}","templated":true}]}}