{"id":95811,"date":"2016-12-01T12:45:05","date_gmt":"2016-12-01T17:45:05","guid":{"rendered":"http:\/\/www.fiscalia.gov.co\/colombia\/?p=95811"},"modified":"2016-12-01T12:45:05","modified_gmt":"2016-12-01T17:45:05","slug":"juez-envio-a-la-carcel-a-presuntos-responsables-de-la-desaparicion-y-homicidio-de-abogada-colombo-espanola","status":"publish","type":"post","link":"https:\/\/www.fiscalia.gov.co\/colombia\/noticias\/juez-envio-a-la-carcel-a-presuntos-responsables-de-la-desaparicion-y-homicidio-de-abogada-colombo-espanola\/","title":{"rendered":"Juez envi\u00f3 a la c\u00e1rcel a presuntos responsables de la desaparici\u00f3n y homicidio de abogada colombo-espa\u00f1ola"},"content":{"rendered":"<p>Desde hac\u00eda 9 meses la Fiscal\u00eda los ven\u00eda buscando por la desaparici\u00f3n y muerte de la abogada colombo-espa\u00f1ola Mar\u00eda Eugenia Hidalgo Tovar, en Cali (Valle del Cauca).<\/p>\n<p>Las operaciones se hicieron conjuntamente en Espa\u00f1a y Cali. La Polic\u00eda espa\u00f1ola captur\u00f3 en Barcelona a\u00a0 Miguel Mauricio Garc\u00eda Rubio, novio de la v\u00edctima, y a Jhon Henry Garc\u00eda Guar\u00edn. Contra ambos pesaba una orden de captura por circular roja de Interpol, con fines de extradici\u00f3n a Colombia.<\/p>\n<p>En Cali, dos grupos \u00e9lite de agentes de la Dij\u00edn-Interpol, procedentes de Bogot\u00e1,\u00a0 ubicaron en el barrio Comuneros, en el distrito de Aguablanca, al oriente de esta ciudad, a Didier Antonio Arango Morales. Otro grupo ubic\u00f3 a Juan Pablo Velasco Osorio, en el barrio El Caney, en el mismo sector oriental, y le incautaron un kilo de coca\u00edna.<\/p>\n<p>El Juez 33 Penal Municipal, con funciones de control de garant\u00edas de Cali, legaliz\u00f3 la captura de Arango Morales y Velasco Osorio, mientras que la Fiscal\u00eda les imput\u00f3 cargos por los delitos de concierto para delinquir con fines de homicidio, desaparici\u00f3n forzada y homicidio agravado.<\/p>\n<p>Velasco Osorio, tambi\u00e9n deber\u00e1 responder por el delito de fabricaci\u00f3n, tr\u00e1fico y porte de estupefacientes, por el kilo de coca\u00edna encontrado en su casa.<\/p>\n<p>El togado los cobij\u00f3 con medida de aseguramiento consistente en detenci\u00f3n preventiva en centro carcelario.<\/p>\n<p>Entre tanto, la Fiscal\u00eda ya realiz\u00f3 los tr\u00e1mites para la extradici\u00f3n, desde Barcelona, de Miguel Mauricio Garc\u00eda Rubio y Jhon Henry Garc\u00eda Guar\u00edn.<\/p>\n<p><strong>Desaparecida<\/strong><\/p>\n<p>De acuerdo con la investigaci\u00f3n de la Fiscal\u00eda, la v\u00edctima de 37 a\u00f1os de edad, ingres\u00f3 al pa\u00eds el 13 de mayo de 2015, procedente de Barcelona, con el prop\u00f3sito de brindar una asesor\u00eda en temas de extranjer\u00eda. El 30 de ese mismo mes viaj\u00f3 desde Bogot\u00e1 hacia Cali, y fue la \u00faltima vez que se supo de ella, siendo reportada como desaparecida.<\/p>\n<p>Hidalgo Tovar fue hasta el 2014 asesora del Consulado de Colombia en Barcelona; en el 2015 se desempe\u00f1aba como directora jur\u00eddica de la C\u00e1mara de Comercio colombo-catalana y como abogada independiente.<\/p>\n<p>Luego de activarse el mecanismo de b\u00fasqueda urgente por parte de fiscales e investigadores del Cuerpo T\u00e9cnico de Investigaci\u00f3n (CTI), adscritos a la Unidad de Desplazamiento Forzado de Santiago de Cali (Valle del Cauca), fue hallado e identificado plenamente el cuerpo de la abogada colombo-espa\u00f1ola, Mar\u00eda Eugenia Hidalgo Tovar.<\/p>\n<p>El hallazgo del cuerpo fue el 11 de junio \u00faltimo, inicialmente como NN, en un ca\u00f1aduzal, en la v\u00eda que de Rozo conduce al municipio de El Cerrito (Valle del Cauca).<\/p>\n<p>Investigadores del CTI encontraron el cad\u00e1ver semienterrado. Luego de los an\u00e1lisis de los m\u00e9dicos forenses de Medicina Legal, se pudo establecer que la causa de muerte de Hidalgo Tovar, producida 10 o 15 d\u00edas antes aproximadamente, fue por asfixia.<\/p>\n<p>Asimismo, la plena identidad se realiz\u00f3 a trav\u00e9s de la recuperaci\u00f3n de las huellas de la v\u00edctima, por medio de la t\u00e9cnica denominada tratamiento de pulpejos; as\u00ed como por la confirmaci\u00f3n, de manera indiciaria, de una cicatriz que ten\u00eda la mujer en el gl\u00fateo derecho y una pr\u00f3tesis dental frontal.<\/p>\n<p><strong>Otros implicados<\/strong><\/p>\n<p>En junio 22 de 2015, por petici\u00f3n de la Fiscal\u00eda General de la Naci\u00f3n, el Juzgado 18 Penal Municipal, con funciones de control de garant\u00edas, impuso medida de aseguramiento intramuros en contra de Cristian Alexander Arango Mu\u00f1oz y Henry Lemos Vidal, se\u00f1alados como presuntos responsables de la desaparici\u00f3n y muerte de la abogada en Santiago de Cali (Valle del Cauca).<\/p>\n<p>Los hoy procesados fueron capturados por miembros del Grupo Gaula de la Polic\u00eda Nacional, por los delitos de desaparici\u00f3n forzada y homicidio.<\/p>\n<p>Ninguno de ellos acept\u00f3 cargos y permanecen detenidos en la c\u00e1rcel de Villahermosa, en la capital del Valle del Cauca.<\/p>\n<p>&nbsp;<\/p>\n<p>&nbsp;<\/p>\n<p>JGPV\/DLBM<\/p>\n<p>&nbsp;<\/p>\n\n<div class=\"twitter-share\"><a href=\"https:\/\/twitter.com\/intent\/tweet?via=fiscaliacol\" class=\"twitter-share-button\">Tweet<\/a><\/div>\n","protected":false},"excerpt":{"rendered":"<p>Desde hac\u00eda 9 meses la Fiscal\u00eda los ven\u00eda buscando por la desaparici\u00f3n y muerte de la abogada colombo-espa\u00f1ola Mar\u00eda Eugenia Hidalgo Tovar, en Cali (Valle del Cauca). Las operaciones se [&hellip;]<\/p>\n","protected":false},"author":143,"featured_media":0,"comment_status":"closed","ping_status":"open","sticky":false,"template":"","format":"standard","meta":{"tdm_status":"","tdm_grid_status":"","footnotes":""},"categories":[1],"tags":[1221,409],"class_list":["post-95811","post","type-post","status-publish","format-standard","category-noticias","tag-desaparicion","tag-homicidio"],"yoast_head":"<!-- This site is optimized with the Yoast SEO plugin v24.3 - https:\/\/yoast.com\/wordpress\/plugins\/seo\/ -->\n<title>Fiscal\u00eda General de la Naci\u00f3n<\/title>\n<meta name=\"description\" content=\"P\u00e1gina oficial de la Fiscal\u00eda General de la Naci\u00f3n \u2013 Colombia. Garantizamos el acceso efectivo a la justicia, la verdad y la reparaci\u00f3n de las v\u00edctimas de los delitos.\" \/>\n<meta name=\"robots\" content=\"noindex, follow\" \/>\n<meta property=\"og:locale\" content=\"es_ES\" \/>\n<meta property=\"og:type\" content=\"article\" \/>\n<meta property=\"og:title\" content=\"Fiscal\u00eda General de la Naci\u00f3n\" \/>\n<meta property=\"og:description\" content=\"P\u00e1gina oficial de la Fiscal\u00eda General de la Naci\u00f3n \u2013 Colombia. Garantizamos el acceso efectivo a la justicia, la verdad y la reparaci\u00f3n de las v\u00edctimas de los delitos.\" \/>\n<meta property=\"og:url\" content=\"https:\/\/www.fiscalia.gov.co\/colombia\/noticias\/juez-envio-a-la-carcel-a-presuntos-responsables-de-la-desaparicion-y-homicidio-de-abogada-colombo-espanola\/\" \/>\n<meta property=\"og:site_name\" content=\"Fiscal\u00eda General de la Naci\u00f3n\" \/>\n<meta property=\"article:publisher\" content=\"https:\/\/www.facebook.com\/FiscaliaCol\" \/>\n<meta property=\"article:published_time\" content=\"2016-12-01T17:45:05+00:00\" \/>\n<meta name=\"author\" content=\"dfgordillo\" \/>\n<meta name=\"twitter:card\" content=\"summary_large_image\" \/>\n<meta name=\"twitter:creator\" content=\"@FiscaliaCol\" \/>\n<meta name=\"twitter:site\" content=\"@FiscaliaCol\" \/>\n<meta name=\"twitter:label1\" content=\"Escrito por\" \/>\n\t<meta name=\"twitter:data1\" content=\"dfgordillo\" \/>\n\t<meta name=\"twitter:label2\" content=\"Tiempo de lectura\" \/>\n\t<meta name=\"twitter:data2\" content=\"3 minutos\" \/>\n<script type=\"application\/ld+json\" class=\"yoast-schema-graph\">{\"@context\":\"https:\/\/schema.org\",\"@graph\":[{\"@type\":\"Article\",\"@id\":\"https:\/\/www.fiscalia.gov.co\/colombia\/noticias\/juez-envio-a-la-carcel-a-presuntos-responsables-de-la-desaparicion-y-homicidio-de-abogada-colombo-espanola\/#article\",\"isPartOf\":{\"@id\":\"https:\/\/www.fiscalia.gov.co\/colombia\/noticias\/juez-envio-a-la-carcel-a-presuntos-responsables-de-la-desaparicion-y-homicidio-de-abogada-colombo-espanola\/\"},\"author\":{\"name\":\"dfgordillo\",\"@id\":\"https:\/\/www.fiscalia.gov.co\/colombia\/#\/schema\/person\/3903856a3ce2d54b094c69eb29247895\"},\"headline\":\"Juez envi\u00f3 a la c\u00e1rcel a presuntos responsables de la desaparici\u00f3n y homicidio de abogada colombo-espa\u00f1ola\",\"datePublished\":\"2016-12-01T17:45:05+00:00\",\"dateModified\":\"2016-12-01T17:45:05+00:00\",\"mainEntityOfPage\":{\"@id\":\"https:\/\/www.fiscalia.gov.co\/colombia\/noticias\/juez-envio-a-la-carcel-a-presuntos-responsables-de-la-desaparicion-y-homicidio-de-abogada-colombo-espanola\/\"},\"wordCount\":688,\"publisher\":{\"@id\":\"https:\/\/www.fiscalia.gov.co\/colombia\/#organization\"},\"keywords\":[\"Desaparici\u00f3n\",\"Homicidio\"],\"articleSection\":[\"Noticias\"],\"inLanguage\":\"es-CO\"},{\"@type\":\"WebPage\",\"@id\":\"https:\/\/www.fiscalia.gov.co\/colombia\/noticias\/juez-envio-a-la-carcel-a-presuntos-responsables-de-la-desaparicion-y-homicidio-de-abogada-colombo-espanola\/\",\"url\":\"https:\/\/www.fiscalia.gov.co\/colombia\/noticias\/juez-envio-a-la-carcel-a-presuntos-responsables-de-la-desaparicion-y-homicidio-de-abogada-colombo-espanola\/\",\"name\":\"Fiscal\u00eda General de la Naci\u00f3n\",\"isPartOf\":{\"@id\":\"https:\/\/www.fiscalia.gov.co\/colombia\/#website\"},\"datePublished\":\"2016-12-01T17:45:05+00:00\",\"dateModified\":\"2016-12-01T17:45:05+00:00\",\"description\":\"P\u00e1gina oficial de la Fiscal\u00eda General de la Naci\u00f3n \u2013 Colombia. Garantizamos el acceso efectivo a la justicia, la verdad y la reparaci\u00f3n de las v\u00edctimas de los delitos.\",\"breadcrumb\":{\"@id\":\"https:\/\/www.fiscalia.gov.co\/colombia\/noticias\/juez-envio-a-la-carcel-a-presuntos-responsables-de-la-desaparicion-y-homicidio-de-abogada-colombo-espanola\/#breadcrumb\"},\"inLanguage\":\"es-CO\",\"potentialAction\":[{\"@type\":\"ReadAction\",\"target\":[\"https:\/\/www.fiscalia.gov.co\/colombia\/noticias\/juez-envio-a-la-carcel-a-presuntos-responsables-de-la-desaparicion-y-homicidio-de-abogada-colombo-espanola\/\"]}]},{\"@type\":\"BreadcrumbList\",\"@id\":\"https:\/\/www.fiscalia.gov.co\/colombia\/noticias\/juez-envio-a-la-carcel-a-presuntos-responsables-de-la-desaparicion-y-homicidio-de-abogada-colombo-espanola\/#breadcrumb\",\"itemListElement\":[{\"@type\":\"ListItem\",\"position\":1,\"name\":\"Home\",\"item\":\"https:\/\/www.fiscalia.gov.co\/colombia\/\"},{\"@type\":\"ListItem\",\"position\":2,\"name\":\"Juez envi\u00f3 a la c\u00e1rcel a presuntos responsables de la desaparici\u00f3n y homicidio de abogada colombo-espa\u00f1ola\"}]},{\"@type\":\"WebSite\",\"@id\":\"https:\/\/www.fiscalia.gov.co\/colombia\/#website\",\"url\":\"https:\/\/www.fiscalia.gov.co\/colombia\/\",\"name\":\"Fiscal\u00eda General de la Naci\u00f3n\",\"description\":\"P\u00e1gina oficial de la Fiscal\u00eda General de la Naci\u00f3n \u2013 Colombia. Garantizamos el acceso efectivo a la justicia, la verdad y la reparaci\u00f3n de las v\u00edctimas de los delitos.\",\"publisher\":{\"@id\":\"https:\/\/www.fiscalia.gov.co\/colombia\/#organization\"},\"potentialAction\":[{\"@type\":\"SearchAction\",\"target\":{\"@type\":\"EntryPoint\",\"urlTemplate\":\"https:\/\/www.fiscalia.gov.co\/colombia\/?s={search_term_string}\"},\"query-input\":{\"@type\":\"PropertyValueSpecification\",\"valueRequired\":true,\"valueName\":\"search_term_string\"}}],\"inLanguage\":\"es-CO\"},{\"@type\":\"Organization\",\"@id\":\"https:\/\/www.fiscalia.gov.co\/colombia\/#organization\",\"name\":\"Fiscal\u00eda General de la Naci\u00f3n\",\"url\":\"https:\/\/www.fiscalia.gov.co\/colombia\/\",\"logo\":{\"@type\":\"ImageObject\",\"inLanguage\":\"es-CO\",\"@id\":\"https:\/\/www.fiscalia.gov.co\/colombia\/#\/schema\/logo\/image\/\",\"url\":\"https:\/\/www.fiscalia.gov.co\/colombia\/wp-content\/uploads\/LogoHorizontal_1.jpg\",\"contentUrl\":\"https:\/\/www.fiscalia.gov.co\/colombia\/wp-content\/uploads\/LogoHorizontal_1.jpg\",\"width\":300,\"height\":90,\"caption\":\"Fiscal\u00eda General de la Naci\u00f3n\"},\"image\":{\"@id\":\"https:\/\/www.fiscalia.gov.co\/colombia\/#\/schema\/logo\/image\/\"},\"sameAs\":[\"https:\/\/www.facebook.com\/FiscaliaCol\",\"https:\/\/x.com\/FiscaliaCol\",\"https:\/\/www.instagram.com\/fiscaliacol\",\"https:\/\/www.linkedin.com\/company\/fiscalia-general-de-la-naci-n\/\",\"https:\/\/youtube.com\/@fiscaliageneraldelanacion-4668?si=6nN79nyQICPU5iTh\"]},{\"@type\":\"Person\",\"@id\":\"https:\/\/www.fiscalia.gov.co\/colombia\/#\/schema\/person\/3903856a3ce2d54b094c69eb29247895\",\"name\":\"dfgordillo\",\"image\":{\"@type\":\"ImageObject\",\"inLanguage\":\"es-CO\",\"@id\":\"https:\/\/www.fiscalia.gov.co\/colombia\/#\/schema\/person\/image\/\",\"url\":\"https:\/\/secure.gravatar.com\/avatar\/b6356e21c5657c60757fe6fb9493e947?s=96&d=mm&r=g\",\"contentUrl\":\"https:\/\/secure.gravatar.com\/avatar\/b6356e21c5657c60757fe6fb9493e947?s=96&d=mm&r=g\",\"caption\":\"dfgordillo\"},\"sameAs\":[\"dfgordillo\"],\"url\":\"https:\/\/www.fiscalia.gov.co\/colombia\/author\/dfgordillo\/\"}]}<\/script>\n<!-- \/ Yoast SEO plugin. -->","yoast_head_json":{"title":"Fiscal\u00eda General de la Naci\u00f3n","description":"P\u00e1gina oficial de la Fiscal\u00eda General de la Naci\u00f3n \u2013 Colombia. Garantizamos el acceso efectivo a la justicia, la verdad y la reparaci\u00f3n de las v\u00edctimas de los delitos.","robots":{"index":"noindex","follow":"follow"},"og_locale":"es_ES","og_type":"article","og_title":"Fiscal\u00eda General de la Naci\u00f3n","og_description":"P\u00e1gina oficial de la Fiscal\u00eda General de la Naci\u00f3n \u2013 Colombia. Garantizamos el acceso efectivo a la justicia, la verdad y la reparaci\u00f3n de las v\u00edctimas de los delitos.","og_url":"https:\/\/www.fiscalia.gov.co\/colombia\/noticias\/juez-envio-a-la-carcel-a-presuntos-responsables-de-la-desaparicion-y-homicidio-de-abogada-colombo-espanola\/","og_site_name":"Fiscal\u00eda General de la Naci\u00f3n","article_publisher":"https:\/\/www.facebook.com\/FiscaliaCol","article_published_time":"2016-12-01T17:45:05+00:00","author":"dfgordillo","twitter_card":"summary_large_image","twitter_creator":"@FiscaliaCol","twitter_site":"@FiscaliaCol","twitter_misc":{"Escrito por":"dfgordillo","Tiempo de lectura":"3 minutos"},"schema":{"@context":"https:\/\/schema.org","@graph":[{"@type":"Article","@id":"https:\/\/www.fiscalia.gov.co\/colombia\/noticias\/juez-envio-a-la-carcel-a-presuntos-responsables-de-la-desaparicion-y-homicidio-de-abogada-colombo-espanola\/#article","isPartOf":{"@id":"https:\/\/www.fiscalia.gov.co\/colombia\/noticias\/juez-envio-a-la-carcel-a-presuntos-responsables-de-la-desaparicion-y-homicidio-de-abogada-colombo-espanola\/"},"author":{"name":"dfgordillo","@id":"https:\/\/www.fiscalia.gov.co\/colombia\/#\/schema\/person\/3903856a3ce2d54b094c69eb29247895"},"headline":"Juez envi\u00f3 a la c\u00e1rcel a presuntos responsables de la desaparici\u00f3n y homicidio de abogada colombo-espa\u00f1ola","datePublished":"2016-12-01T17:45:05+00:00","dateModified":"2016-12-01T17:45:05+00:00","mainEntityOfPage":{"@id":"https:\/\/www.fiscalia.gov.co\/colombia\/noticias\/juez-envio-a-la-carcel-a-presuntos-responsables-de-la-desaparicion-y-homicidio-de-abogada-colombo-espanola\/"},"wordCount":688,"publisher":{"@id":"https:\/\/www.fiscalia.gov.co\/colombia\/#organization"},"keywords":["Desaparici\u00f3n","Homicidio"],"articleSection":["Noticias"],"inLanguage":"es-CO"},{"@type":"WebPage","@id":"https:\/\/www.fiscalia.gov.co\/colombia\/noticias\/juez-envio-a-la-carcel-a-presuntos-responsables-de-la-desaparicion-y-homicidio-de-abogada-colombo-espanola\/","url":"https:\/\/www.fiscalia.gov.co\/colombia\/noticias\/juez-envio-a-la-carcel-a-presuntos-responsables-de-la-desaparicion-y-homicidio-de-abogada-colombo-espanola\/","name":"Fiscal\u00eda General de la Naci\u00f3n","isPartOf":{"@id":"https:\/\/www.fiscalia.gov.co\/colombia\/#website"},"datePublished":"2016-12-01T17:45:05+00:00","dateModified":"2016-12-01T17:45:05+00:00","description":"P\u00e1gina oficial de la Fiscal\u00eda General de la Naci\u00f3n \u2013 Colombia. Garantizamos el acceso efectivo a la justicia, la verdad y la reparaci\u00f3n de las v\u00edctimas de los delitos.","breadcrumb":{"@id":"https:\/\/www.fiscalia.gov.co\/colombia\/noticias\/juez-envio-a-la-carcel-a-presuntos-responsables-de-la-desaparicion-y-homicidio-de-abogada-colombo-espanola\/#breadcrumb"},"inLanguage":"es-CO","potentialAction":[{"@type":"ReadAction","target":["https:\/\/www.fiscalia.gov.co\/colombia\/noticias\/juez-envio-a-la-carcel-a-presuntos-responsables-de-la-desaparicion-y-homicidio-de-abogada-colombo-espanola\/"]}]},{"@type":"BreadcrumbList","@id":"https:\/\/www.fiscalia.gov.co\/colombia\/noticias\/juez-envio-a-la-carcel-a-presuntos-responsables-de-la-desaparicion-y-homicidio-de-abogada-colombo-espanola\/#breadcrumb","itemListElement":[{"@type":"ListItem","position":1,"name":"Home","item":"https:\/\/www.fiscalia.gov.co\/colombia\/"},{"@type":"ListItem","position":2,"name":"Juez envi\u00f3 a la c\u00e1rcel a presuntos responsables de la desaparici\u00f3n y homicidio de abogada colombo-espa\u00f1ola"}]},{"@type":"WebSite","@id":"https:\/\/www.fiscalia.gov.co\/colombia\/#website","url":"https:\/\/www.fiscalia.gov.co\/colombia\/","name":"Fiscal\u00eda General de la Naci\u00f3n","description":"P\u00e1gina oficial de la Fiscal\u00eda General de la Naci\u00f3n \u2013 Colombia. Garantizamos el acceso efectivo a la justicia, la verdad y la reparaci\u00f3n de las v\u00edctimas de los delitos.","publisher":{"@id":"https:\/\/www.fiscalia.gov.co\/colombia\/#organization"},"potentialAction":[{"@type":"SearchAction","target":{"@type":"EntryPoint","urlTemplate":"https:\/\/www.fiscalia.gov.co\/colombia\/?s={search_term_string}"},"query-input":{"@type":"PropertyValueSpecification","valueRequired":true,"valueName":"search_term_string"}}],"inLanguage":"es-CO"},{"@type":"Organization","@id":"https:\/\/www.fiscalia.gov.co\/colombia\/#organization","name":"Fiscal\u00eda General de la Naci\u00f3n","url":"https:\/\/www.fiscalia.gov.co\/colombia\/","logo":{"@type":"ImageObject","inLanguage":"es-CO","@id":"https:\/\/www.fiscalia.gov.co\/colombia\/#\/schema\/logo\/image\/","url":"https:\/\/www.fiscalia.gov.co\/colombia\/wp-content\/uploads\/LogoHorizontal_1.jpg","contentUrl":"https:\/\/www.fiscalia.gov.co\/colombia\/wp-content\/uploads\/LogoHorizontal_1.jpg","width":300,"height":90,"caption":"Fiscal\u00eda General de la Naci\u00f3n"},"image":{"@id":"https:\/\/www.fiscalia.gov.co\/colombia\/#\/schema\/logo\/image\/"},"sameAs":["https:\/\/www.facebook.com\/FiscaliaCol","https:\/\/x.com\/FiscaliaCol","https:\/\/www.instagram.com\/fiscaliacol","https:\/\/www.linkedin.com\/company\/fiscalia-general-de-la-naci-n\/","https:\/\/youtube.com\/@fiscaliageneraldelanacion-4668?si=6nN79nyQICPU5iTh"]},{"@type":"Person","@id":"https:\/\/www.fiscalia.gov.co\/colombia\/#\/schema\/person\/3903856a3ce2d54b094c69eb29247895","name":"dfgordillo","image":{"@type":"ImageObject","inLanguage":"es-CO","@id":"https:\/\/www.fiscalia.gov.co\/colombia\/#\/schema\/person\/image\/","url":"https:\/\/secure.gravatar.com\/avatar\/b6356e21c5657c60757fe6fb9493e947?s=96&d=mm&r=g","contentUrl":"https:\/\/secure.gravatar.com\/avatar\/b6356e21c5657c60757fe6fb9493e947?s=96&d=mm&r=g","caption":"dfgordillo"},"sameAs":["dfgordillo"],"url":"https:\/\/www.fiscalia.gov.co\/colombia\/author\/dfgordillo\/"}]}},"_links":{"self":[{"href":"https:\/\/www.fiscalia.gov.co\/colombia\/wp-json\/wp\/v2\/posts\/95811","targetHints":{"allow":["GET"]}}],"collection":[{"href":"https:\/\/www.fiscalia.gov.co\/colombia\/wp-json\/wp\/v2\/posts"}],"about":[{"href":"https:\/\/www.fiscalia.gov.co\/colombia\/wp-json\/wp\/v2\/types\/post"}],"author":[{"embeddable":true,"href":"https:\/\/www.fiscalia.gov.co\/colombia\/wp-json\/wp\/v2\/users\/143"}],"replies":[{"embeddable":true,"href":"https:\/\/www.fiscalia.gov.co\/colombia\/wp-json\/wp\/v2\/comments?post=95811"}],"version-history":[{"count":2,"href":"https:\/\/www.fiscalia.gov.co\/colombia\/wp-json\/wp\/v2\/posts\/95811\/revisions"}],"predecessor-version":[{"id":95813,"href":"https:\/\/www.fiscalia.gov.co\/colombia\/wp-json\/wp\/v2\/posts\/95811\/revisions\/95813"}],"wp:attachment":[{"href":"https:\/\/www.fiscalia.gov.co\/colombia\/wp-json\/wp\/v2\/media?parent=95811"}],"wp:term":[{"taxonomy":"category","embeddable":true,"href":"https:\/\/www.fiscalia.gov.co\/colombia\/wp-json\/wp\/v2\/categories?post=95811"},{"taxonomy":"post_tag","embeddable":true,"href":"https:\/\/www.fiscalia.gov.co\/colombia\/wp-json\/wp\/v2\/tags?post=95811"}],"curies":[{"name":"wp","href":"https:\/\/api.w.org\/{rel}","templated":true}]}}