{"id":95773,"date":"2016-12-01T09:11:19","date_gmt":"2016-12-01T14:11:19","guid":{"rendered":"http:\/\/www.fiscalia.gov.co\/colombia\/?p=95773"},"modified":"2016-12-01T09:11:19","modified_gmt":"2016-12-01T14:11:19","slug":"asegurados-32-presuntos-integrantes-de-banda-que-tendria-el-control-de-las-drogas-ilicitas-en-montenegro-quindio","status":"publish","type":"post","link":"https:\/\/www.fiscalia.gov.co\/colombia\/noticias\/asegurados-32-presuntos-integrantes-de-banda-que-tendria-el-control-de-las-drogas-ilicitas-en-montenegro-quindio\/","title":{"rendered":"Asegurados 32 presuntos integrantes de banda que tendr\u00eda el control de las drogas il\u00edcitas en Montenegro (Quind\u00edo)"},"content":{"rendered":"<p>Luego de la petici\u00f3n de una fiscal\u00eda especializada de Armenia (Quind\u00edo), un juez con funciones de control de garant\u00edas envi\u00f3 a la c\u00e1rcel a 32 personas se\u00f1aladas de pertenecer a una organizaci\u00f3n delincuencial conocida como Los So, La L\u00ednea de La Muerte o La Nueva Generaci\u00f3n.<\/p>\n<p>Esta estructura estar\u00eda dedicada a la comercializaci\u00f3n de estupefacientes como marihuana regular y tipo cripy; bazuco, coca\u00edna y sus derivados, en Montenegro (Quind\u00edo). Igualmente se le atribuye la comisi\u00f3n de 23 homicidios agravados.<\/p>\n<p>Se trata de Leidy Yuliana Posada Mej\u00eda, Kevin Gonz\u00e1lez Torres, Carlos Alberto Quintero Garc\u00eda, William Alex\u00e1nder Rom\u00e1n Quiroga, Yuliam Giraldo Giraldo, Brandon Estiwar Alzate L\u00f3pez, Jorge Alberto Taborda Jim\u00e9nez, Michel Mora Uribe, Eduar Juli\u00e1n Montes L\u00f3pez, Yesica Andrea Guti\u00e9rrez L\u00f3pez, Jos\u00e9 Mario Rodas Mar\u00edn, Jhon Anderson Arango Buitrago, Pedro Luis Quiroga D\u00edaz y \u00c1ngela Mar\u00eda Ram\u00edrez Mar\u00edn.<\/p>\n<p>Igualmente, Cristian Camilo Torres Ca\u00f1as, \u00d3scar Eduardo Rom\u00e1n Valencia, Patricia S\u00e1nchez Casta\u00f1eda, Jhon Edwin Londo\u00f1o Taborda, Brayan Estiven Ru\u00edz Mar\u00edn, Jes\u00fas Esteban Hern\u00e1ndez Gaviria, Yesid Arnoby Hern\u00e1ndez Gaviria, Leidy Julieth Uribe Morales, Jos\u00e9 Albeiro Hoyos Gonz\u00e1lez, Fabi\u00e1n Rom\u00e1n Quiroga, G\u00e9nesis Yulitza Urbano Redondo, Luz Estella Fino R\u00edos, Fransury Gallego Pulgar\u00edn, Yolanda Tangarife Garc\u00eda, Alex\u00e1nder Franco Mart\u00ednez, Sandra Janeth Mu\u00f1oz Loaiza, V\u00edctor Alfonso Montoya Buritic\u00e1 y Daniel Stiven Benavides V\u00e1squez.<\/p>\n<p>A los procesados la Fiscal\u00eda les imput\u00f3 cargos por concierto para delinquir, homicidio, tr\u00e1fico, fabricaci\u00f3n y porte de armas de fuego, partes y\/o municiones; tr\u00e1fico, fabricaci\u00f3n o porte de estupefacientes y utilizaci\u00f3n de menores para la comisi\u00f3n de delitos, los cuales ninguno acept\u00f3.<\/p>\n<p>Los argumentos presentados por el ente acusador fueron acogidos por el fallador que no pas\u00f3 por alto que la conducta punible del tr\u00e1fico de estupefacientes ha desencadenado, seg\u00fan el relato de la Fiscal\u00eda, otra serie de hechos delictivos como los homicidios, tentativas de homicidio, lesiones personales, entre otros.<\/p>\n<p>La mayor\u00eda de las v\u00edctimas de estas conductas ser\u00edan quienes incumplieron lo exigido por la organizaci\u00f3n que domina el negocio il\u00edcito de las drogas en el municipio. En lo corrido del a\u00f1o se ha incrementado el homicidio, atribuy\u00e9ndosele a este grupo no menos de 23 cr\u00edmenes, que se presumen ejecutaron con el fin de tomar el control del tr\u00e1fico local de estupefacientes.<\/p>\n<p>Por esta raz\u00f3n y con el objeto de lograr una acci\u00f3n contundente en contra de esta banda, se empezaron a desarrollar programas metodol\u00f3gicos y \u00f3rdenes a polic\u00eda judicial emitidas por la fiscal\u00eda especializada delegada para el caso, desde el 3 de marzo del a\u00f1o 2016.<\/p>\n<p>En desarrollo de la investigaci\u00f3n se logr\u00f3 identificar a los integrantes de la estructura, su <em>modus operandi<\/em> y el rol que cada persona cumpl\u00eda al interior de la organizaci\u00f3n.<\/p>\n<p>Dentro de las actividades de polic\u00eda judicial que se realizaron se acudi\u00f3 a la realizaci\u00f3n de interrogatorios, reconocimientos en \u00e1lbum fotogr\u00e1fico, entrevistas, inspecciones a lugar de los hechos, consulta a entidades p\u00fablicas, an\u00e1lisis link e interceptaci\u00f3n de l\u00edneas telef\u00f3nicas, logrando as\u00ed la solicitud de 40 \u00f3rdenes de captura, materializando finalmente 32, m\u00e1s una captura en flagrancia. Las aprehensiones se efectuaron en Cartago y El Dovio (Valle del Cauca), Puerto Caldas (Risaralda) e igualmente en Armenia y Montenegro (Quind\u00edo).<\/p>\n<p>Los integrantes del grupo usar\u00edan la modalidad de maneo para ocultar la droga en zonas de dif\u00edcil acceso para las autoridades, cambiando de expendedor peri\u00f3dicamente, en relevos o por turnos de trabajo, suministrando cantidades m\u00ednimas para evitar ser judicializados.<\/p>\n<p>La sustancia era escondida en huecos de paredes, en el suelo, debajo de piedras, dentro de empaques de basura, en sus partes \u00edntimas, entre otros sitios. Esta banda contar\u00eda con proveedores de la sustancia en los departamentos del Cauca, Valle del Cauca y Caquet\u00e1.<\/p>\n<p>Para el transporte de los estupefacientes y armas de fuego ellos utilizaban la mayor\u00eda de veces a mujeres, menores de edad y personas con aspecto descuidado o consumidores, para evadir los controles policivos.<\/p>\n<p>Se investiga si Juan Carlos Caro, alias Caliche, quien se encuentra recluido en el centro penitenciario y carcelario de La Dorada (Caldas), y de quien se presume es su cabecilla, delegar\u00eda funciones a\u00a0sus colaboradores en las actividades delictivas de comercializaci\u00f3n de sustancias y la comisi\u00f3n de homicidios entre los a\u00f1os 2015 y 2016, en contra de las personas que no acataban sus \u00f3rdenes o contrariaban su r\u00e9gimen.<\/p>\n<p>PAAM\/DLBM<\/p>\n<p>&nbsp;<\/p>\n\n<div class=\"twitter-share\"><a href=\"https:\/\/twitter.com\/intent\/tweet?via=fiscaliacol\" class=\"twitter-share-button\">Tweet<\/a><\/div>\n","protected":false},"excerpt":{"rendered":"<p>Luego de la petici\u00f3n de una fiscal\u00eda especializada de Armenia (Quind\u00edo), un juez con funciones de control de garant\u00edas envi\u00f3 a la c\u00e1rcel a 32 personas se\u00f1aladas de pertenecer a [&hellip;]<\/p>\n","protected":false},"author":143,"featured_media":0,"comment_status":"closed","ping_status":"open","sticky":false,"template":"","format":"standard","meta":{"tdm_status":"","tdm_grid_status":"","footnotes":""},"categories":[1],"tags":[155],"class_list":["post-95773","post","type-post","status-publish","format-standard","category-noticias","tag-trafico-de-estupefacientes"],"yoast_head":"<!-- This site is optimized with the Yoast SEO plugin v24.3 - https:\/\/yoast.com\/wordpress\/plugins\/seo\/ -->\n<title>Fiscal\u00eda General de la Naci\u00f3n<\/title>\n<meta name=\"description\" content=\"P\u00e1gina oficial de la Fiscal\u00eda General de la Naci\u00f3n \u2013 Colombia. Garantizamos el acceso efectivo a la justicia, la verdad y la reparaci\u00f3n de las v\u00edctimas de los delitos.\" \/>\n<meta name=\"robots\" content=\"noindex, follow\" \/>\n<meta property=\"og:locale\" content=\"es_ES\" \/>\n<meta property=\"og:type\" content=\"article\" \/>\n<meta property=\"og:title\" content=\"Fiscal\u00eda General de la Naci\u00f3n\" \/>\n<meta property=\"og:description\" content=\"P\u00e1gina oficial de la Fiscal\u00eda General de la Naci\u00f3n \u2013 Colombia. Garantizamos el acceso efectivo a la justicia, la verdad y la reparaci\u00f3n de las v\u00edctimas de los delitos.\" \/>\n<meta property=\"og:url\" content=\"https:\/\/www.fiscalia.gov.co\/colombia\/noticias\/asegurados-32-presuntos-integrantes-de-banda-que-tendria-el-control-de-las-drogas-ilicitas-en-montenegro-quindio\/\" \/>\n<meta property=\"og:site_name\" content=\"Fiscal\u00eda General de la Naci\u00f3n\" \/>\n<meta property=\"article:publisher\" content=\"https:\/\/www.facebook.com\/FiscaliaCol\" \/>\n<meta property=\"article:published_time\" content=\"2016-12-01T14:11:19+00:00\" \/>\n<meta name=\"author\" content=\"dfgordillo\" \/>\n<meta name=\"twitter:card\" content=\"summary_large_image\" \/>\n<meta name=\"twitter:creator\" content=\"@FiscaliaCol\" \/>\n<meta name=\"twitter:site\" content=\"@FiscaliaCol\" \/>\n<meta name=\"twitter:label1\" content=\"Escrito por\" \/>\n\t<meta name=\"twitter:data1\" content=\"dfgordillo\" \/>\n\t<meta name=\"twitter:label2\" content=\"Tiempo de lectura\" \/>\n\t<meta name=\"twitter:data2\" content=\"4 minutos\" \/>\n<script type=\"application\/ld+json\" class=\"yoast-schema-graph\">{\"@context\":\"https:\/\/schema.org\",\"@graph\":[{\"@type\":\"Article\",\"@id\":\"https:\/\/www.fiscalia.gov.co\/colombia\/noticias\/asegurados-32-presuntos-integrantes-de-banda-que-tendria-el-control-de-las-drogas-ilicitas-en-montenegro-quindio\/#article\",\"isPartOf\":{\"@id\":\"https:\/\/www.fiscalia.gov.co\/colombia\/noticias\/asegurados-32-presuntos-integrantes-de-banda-que-tendria-el-control-de-las-drogas-ilicitas-en-montenegro-quindio\/\"},\"author\":{\"name\":\"dfgordillo\",\"@id\":\"https:\/\/www.fiscalia.gov.co\/colombia\/#\/schema\/person\/3903856a3ce2d54b094c69eb29247895\"},\"headline\":\"Asegurados 32 presuntos integrantes de banda que tendr\u00eda el control de las drogas il\u00edcitas en Montenegro (Quind\u00edo)\",\"datePublished\":\"2016-12-01T14:11:19+00:00\",\"dateModified\":\"2016-12-01T14:11:19+00:00\",\"mainEntityOfPage\":{\"@id\":\"https:\/\/www.fiscalia.gov.co\/colombia\/noticias\/asegurados-32-presuntos-integrantes-de-banda-que-tendria-el-control-de-las-drogas-ilicitas-en-montenegro-quindio\/\"},\"wordCount\":809,\"publisher\":{\"@id\":\"https:\/\/www.fiscalia.gov.co\/colombia\/#organization\"},\"keywords\":[\"Tr\u00e1fico de estupefacientes\"],\"articleSection\":[\"Noticias\"],\"inLanguage\":\"es-CO\"},{\"@type\":\"WebPage\",\"@id\":\"https:\/\/www.fiscalia.gov.co\/colombia\/noticias\/asegurados-32-presuntos-integrantes-de-banda-que-tendria-el-control-de-las-drogas-ilicitas-en-montenegro-quindio\/\",\"url\":\"https:\/\/www.fiscalia.gov.co\/colombia\/noticias\/asegurados-32-presuntos-integrantes-de-banda-que-tendria-el-control-de-las-drogas-ilicitas-en-montenegro-quindio\/\",\"name\":\"Fiscal\u00eda General de la Naci\u00f3n\",\"isPartOf\":{\"@id\":\"https:\/\/www.fiscalia.gov.co\/colombia\/#website\"},\"datePublished\":\"2016-12-01T14:11:19+00:00\",\"dateModified\":\"2016-12-01T14:11:19+00:00\",\"description\":\"P\u00e1gina oficial de la Fiscal\u00eda General de la Naci\u00f3n \u2013 Colombia. Garantizamos el acceso efectivo a la justicia, la verdad y la reparaci\u00f3n de las v\u00edctimas de los delitos.\",\"breadcrumb\":{\"@id\":\"https:\/\/www.fiscalia.gov.co\/colombia\/noticias\/asegurados-32-presuntos-integrantes-de-banda-que-tendria-el-control-de-las-drogas-ilicitas-en-montenegro-quindio\/#breadcrumb\"},\"inLanguage\":\"es-CO\",\"potentialAction\":[{\"@type\":\"ReadAction\",\"target\":[\"https:\/\/www.fiscalia.gov.co\/colombia\/noticias\/asegurados-32-presuntos-integrantes-de-banda-que-tendria-el-control-de-las-drogas-ilicitas-en-montenegro-quindio\/\"]}]},{\"@type\":\"BreadcrumbList\",\"@id\":\"https:\/\/www.fiscalia.gov.co\/colombia\/noticias\/asegurados-32-presuntos-integrantes-de-banda-que-tendria-el-control-de-las-drogas-ilicitas-en-montenegro-quindio\/#breadcrumb\",\"itemListElement\":[{\"@type\":\"ListItem\",\"position\":1,\"name\":\"Home\",\"item\":\"https:\/\/www.fiscalia.gov.co\/colombia\/\"},{\"@type\":\"ListItem\",\"position\":2,\"name\":\"Asegurados 32 presuntos integrantes de banda que tendr\u00eda el control de las drogas il\u00edcitas en Montenegro (Quind\u00edo)\"}]},{\"@type\":\"WebSite\",\"@id\":\"https:\/\/www.fiscalia.gov.co\/colombia\/#website\",\"url\":\"https:\/\/www.fiscalia.gov.co\/colombia\/\",\"name\":\"Fiscal\u00eda General de la Naci\u00f3n\",\"description\":\"P\u00e1gina oficial de la Fiscal\u00eda General de la Naci\u00f3n \u2013 Colombia. Garantizamos el acceso efectivo a la justicia, la verdad y la reparaci\u00f3n de las v\u00edctimas de los delitos.\",\"publisher\":{\"@id\":\"https:\/\/www.fiscalia.gov.co\/colombia\/#organization\"},\"potentialAction\":[{\"@type\":\"SearchAction\",\"target\":{\"@type\":\"EntryPoint\",\"urlTemplate\":\"https:\/\/www.fiscalia.gov.co\/colombia\/?s={search_term_string}\"},\"query-input\":{\"@type\":\"PropertyValueSpecification\",\"valueRequired\":true,\"valueName\":\"search_term_string\"}}],\"inLanguage\":\"es-CO\"},{\"@type\":\"Organization\",\"@id\":\"https:\/\/www.fiscalia.gov.co\/colombia\/#organization\",\"name\":\"Fiscal\u00eda General de la Naci\u00f3n\",\"url\":\"https:\/\/www.fiscalia.gov.co\/colombia\/\",\"logo\":{\"@type\":\"ImageObject\",\"inLanguage\":\"es-CO\",\"@id\":\"https:\/\/www.fiscalia.gov.co\/colombia\/#\/schema\/logo\/image\/\",\"url\":\"https:\/\/www.fiscalia.gov.co\/colombia\/wp-content\/uploads\/LogoHorizontal_1.jpg\",\"contentUrl\":\"https:\/\/www.fiscalia.gov.co\/colombia\/wp-content\/uploads\/LogoHorizontal_1.jpg\",\"width\":300,\"height\":90,\"caption\":\"Fiscal\u00eda General de la Naci\u00f3n\"},\"image\":{\"@id\":\"https:\/\/www.fiscalia.gov.co\/colombia\/#\/schema\/logo\/image\/\"},\"sameAs\":[\"https:\/\/www.facebook.com\/FiscaliaCol\",\"https:\/\/x.com\/FiscaliaCol\",\"https:\/\/www.instagram.com\/fiscaliacol\",\"https:\/\/www.linkedin.com\/company\/fiscalia-general-de-la-naci-n\/\",\"https:\/\/youtube.com\/@fiscaliageneraldelanacion-4668?si=6nN79nyQICPU5iTh\"]},{\"@type\":\"Person\",\"@id\":\"https:\/\/www.fiscalia.gov.co\/colombia\/#\/schema\/person\/3903856a3ce2d54b094c69eb29247895\",\"name\":\"dfgordillo\",\"image\":{\"@type\":\"ImageObject\",\"inLanguage\":\"es-CO\",\"@id\":\"https:\/\/www.fiscalia.gov.co\/colombia\/#\/schema\/person\/image\/\",\"url\":\"https:\/\/secure.gravatar.com\/avatar\/b6356e21c5657c60757fe6fb9493e947?s=96&d=mm&r=g\",\"contentUrl\":\"https:\/\/secure.gravatar.com\/avatar\/b6356e21c5657c60757fe6fb9493e947?s=96&d=mm&r=g\",\"caption\":\"dfgordillo\"},\"sameAs\":[\"dfgordillo\"],\"url\":\"https:\/\/www.fiscalia.gov.co\/colombia\/author\/dfgordillo\/\"}]}<\/script>\n<!-- \/ Yoast SEO plugin. -->","yoast_head_json":{"title":"Fiscal\u00eda General de la Naci\u00f3n","description":"P\u00e1gina oficial de la Fiscal\u00eda General de la Naci\u00f3n \u2013 Colombia. Garantizamos el acceso efectivo a la justicia, la verdad y la reparaci\u00f3n de las v\u00edctimas de los delitos.","robots":{"index":"noindex","follow":"follow"},"og_locale":"es_ES","og_type":"article","og_title":"Fiscal\u00eda General de la Naci\u00f3n","og_description":"P\u00e1gina oficial de la Fiscal\u00eda General de la Naci\u00f3n \u2013 Colombia. Garantizamos el acceso efectivo a la justicia, la verdad y la reparaci\u00f3n de las v\u00edctimas de los delitos.","og_url":"https:\/\/www.fiscalia.gov.co\/colombia\/noticias\/asegurados-32-presuntos-integrantes-de-banda-que-tendria-el-control-de-las-drogas-ilicitas-en-montenegro-quindio\/","og_site_name":"Fiscal\u00eda General de la Naci\u00f3n","article_publisher":"https:\/\/www.facebook.com\/FiscaliaCol","article_published_time":"2016-12-01T14:11:19+00:00","author":"dfgordillo","twitter_card":"summary_large_image","twitter_creator":"@FiscaliaCol","twitter_site":"@FiscaliaCol","twitter_misc":{"Escrito por":"dfgordillo","Tiempo de lectura":"4 minutos"},"schema":{"@context":"https:\/\/schema.org","@graph":[{"@type":"Article","@id":"https:\/\/www.fiscalia.gov.co\/colombia\/noticias\/asegurados-32-presuntos-integrantes-de-banda-que-tendria-el-control-de-las-drogas-ilicitas-en-montenegro-quindio\/#article","isPartOf":{"@id":"https:\/\/www.fiscalia.gov.co\/colombia\/noticias\/asegurados-32-presuntos-integrantes-de-banda-que-tendria-el-control-de-las-drogas-ilicitas-en-montenegro-quindio\/"},"author":{"name":"dfgordillo","@id":"https:\/\/www.fiscalia.gov.co\/colombia\/#\/schema\/person\/3903856a3ce2d54b094c69eb29247895"},"headline":"Asegurados 32 presuntos integrantes de banda que tendr\u00eda el control de las drogas il\u00edcitas en Montenegro (Quind\u00edo)","datePublished":"2016-12-01T14:11:19+00:00","dateModified":"2016-12-01T14:11:19+00:00","mainEntityOfPage":{"@id":"https:\/\/www.fiscalia.gov.co\/colombia\/noticias\/asegurados-32-presuntos-integrantes-de-banda-que-tendria-el-control-de-las-drogas-ilicitas-en-montenegro-quindio\/"},"wordCount":809,"publisher":{"@id":"https:\/\/www.fiscalia.gov.co\/colombia\/#organization"},"keywords":["Tr\u00e1fico de estupefacientes"],"articleSection":["Noticias"],"inLanguage":"es-CO"},{"@type":"WebPage","@id":"https:\/\/www.fiscalia.gov.co\/colombia\/noticias\/asegurados-32-presuntos-integrantes-de-banda-que-tendria-el-control-de-las-drogas-ilicitas-en-montenegro-quindio\/","url":"https:\/\/www.fiscalia.gov.co\/colombia\/noticias\/asegurados-32-presuntos-integrantes-de-banda-que-tendria-el-control-de-las-drogas-ilicitas-en-montenegro-quindio\/","name":"Fiscal\u00eda General de la Naci\u00f3n","isPartOf":{"@id":"https:\/\/www.fiscalia.gov.co\/colombia\/#website"},"datePublished":"2016-12-01T14:11:19+00:00","dateModified":"2016-12-01T14:11:19+00:00","description":"P\u00e1gina oficial de la Fiscal\u00eda General de la Naci\u00f3n \u2013 Colombia. Garantizamos el acceso efectivo a la justicia, la verdad y la reparaci\u00f3n de las v\u00edctimas de los delitos.","breadcrumb":{"@id":"https:\/\/www.fiscalia.gov.co\/colombia\/noticias\/asegurados-32-presuntos-integrantes-de-banda-que-tendria-el-control-de-las-drogas-ilicitas-en-montenegro-quindio\/#breadcrumb"},"inLanguage":"es-CO","potentialAction":[{"@type":"ReadAction","target":["https:\/\/www.fiscalia.gov.co\/colombia\/noticias\/asegurados-32-presuntos-integrantes-de-banda-que-tendria-el-control-de-las-drogas-ilicitas-en-montenegro-quindio\/"]}]},{"@type":"BreadcrumbList","@id":"https:\/\/www.fiscalia.gov.co\/colombia\/noticias\/asegurados-32-presuntos-integrantes-de-banda-que-tendria-el-control-de-las-drogas-ilicitas-en-montenegro-quindio\/#breadcrumb","itemListElement":[{"@type":"ListItem","position":1,"name":"Home","item":"https:\/\/www.fiscalia.gov.co\/colombia\/"},{"@type":"ListItem","position":2,"name":"Asegurados 32 presuntos integrantes de banda que tendr\u00eda el control de las drogas il\u00edcitas en Montenegro (Quind\u00edo)"}]},{"@type":"WebSite","@id":"https:\/\/www.fiscalia.gov.co\/colombia\/#website","url":"https:\/\/www.fiscalia.gov.co\/colombia\/","name":"Fiscal\u00eda General de la Naci\u00f3n","description":"P\u00e1gina oficial de la Fiscal\u00eda General de la Naci\u00f3n \u2013 Colombia. Garantizamos el acceso efectivo a la justicia, la verdad y la reparaci\u00f3n de las v\u00edctimas de los delitos.","publisher":{"@id":"https:\/\/www.fiscalia.gov.co\/colombia\/#organization"},"potentialAction":[{"@type":"SearchAction","target":{"@type":"EntryPoint","urlTemplate":"https:\/\/www.fiscalia.gov.co\/colombia\/?s={search_term_string}"},"query-input":{"@type":"PropertyValueSpecification","valueRequired":true,"valueName":"search_term_string"}}],"inLanguage":"es-CO"},{"@type":"Organization","@id":"https:\/\/www.fiscalia.gov.co\/colombia\/#organization","name":"Fiscal\u00eda General de la Naci\u00f3n","url":"https:\/\/www.fiscalia.gov.co\/colombia\/","logo":{"@type":"ImageObject","inLanguage":"es-CO","@id":"https:\/\/www.fiscalia.gov.co\/colombia\/#\/schema\/logo\/image\/","url":"https:\/\/www.fiscalia.gov.co\/colombia\/wp-content\/uploads\/LogoHorizontal_1.jpg","contentUrl":"https:\/\/www.fiscalia.gov.co\/colombia\/wp-content\/uploads\/LogoHorizontal_1.jpg","width":300,"height":90,"caption":"Fiscal\u00eda General de la Naci\u00f3n"},"image":{"@id":"https:\/\/www.fiscalia.gov.co\/colombia\/#\/schema\/logo\/image\/"},"sameAs":["https:\/\/www.facebook.com\/FiscaliaCol","https:\/\/x.com\/FiscaliaCol","https:\/\/www.instagram.com\/fiscaliacol","https:\/\/www.linkedin.com\/company\/fiscalia-general-de-la-naci-n\/","https:\/\/youtube.com\/@fiscaliageneraldelanacion-4668?si=6nN79nyQICPU5iTh"]},{"@type":"Person","@id":"https:\/\/www.fiscalia.gov.co\/colombia\/#\/schema\/person\/3903856a3ce2d54b094c69eb29247895","name":"dfgordillo","image":{"@type":"ImageObject","inLanguage":"es-CO","@id":"https:\/\/www.fiscalia.gov.co\/colombia\/#\/schema\/person\/image\/","url":"https:\/\/secure.gravatar.com\/avatar\/b6356e21c5657c60757fe6fb9493e947?s=96&d=mm&r=g","contentUrl":"https:\/\/secure.gravatar.com\/avatar\/b6356e21c5657c60757fe6fb9493e947?s=96&d=mm&r=g","caption":"dfgordillo"},"sameAs":["dfgordillo"],"url":"https:\/\/www.fiscalia.gov.co\/colombia\/author\/dfgordillo\/"}]}},"_links":{"self":[{"href":"https:\/\/www.fiscalia.gov.co\/colombia\/wp-json\/wp\/v2\/posts\/95773","targetHints":{"allow":["GET"]}}],"collection":[{"href":"https:\/\/www.fiscalia.gov.co\/colombia\/wp-json\/wp\/v2\/posts"}],"about":[{"href":"https:\/\/www.fiscalia.gov.co\/colombia\/wp-json\/wp\/v2\/types\/post"}],"author":[{"embeddable":true,"href":"https:\/\/www.fiscalia.gov.co\/colombia\/wp-json\/wp\/v2\/users\/143"}],"replies":[{"embeddable":true,"href":"https:\/\/www.fiscalia.gov.co\/colombia\/wp-json\/wp\/v2\/comments?post=95773"}],"version-history":[{"count":1,"href":"https:\/\/www.fiscalia.gov.co\/colombia\/wp-json\/wp\/v2\/posts\/95773\/revisions"}],"predecessor-version":[{"id":95774,"href":"https:\/\/www.fiscalia.gov.co\/colombia\/wp-json\/wp\/v2\/posts\/95773\/revisions\/95774"}],"wp:attachment":[{"href":"https:\/\/www.fiscalia.gov.co\/colombia\/wp-json\/wp\/v2\/media?parent=95773"}],"wp:term":[{"taxonomy":"category","embeddable":true,"href":"https:\/\/www.fiscalia.gov.co\/colombia\/wp-json\/wp\/v2\/categories?post=95773"},{"taxonomy":"post_tag","embeddable":true,"href":"https:\/\/www.fiscalia.gov.co\/colombia\/wp-json\/wp\/v2\/tags?post=95773"}],"curies":[{"name":"wp","href":"https:\/\/api.w.org\/{rel}","templated":true}]}}