{"id":95489,"date":"2016-11-26T09:48:36","date_gmt":"2016-11-26T14:48:36","guid":{"rendered":"http:\/\/www.fiscalia.gov.co\/colombia\/?p=95489"},"modified":"2016-11-26T11:16:25","modified_gmt":"2016-11-26T16:16:25","slug":"75-capturados-de-17-organizaciones-criminales-dejan-operativos-de-la-fiscalia-esta-ultima-semana","status":"publish","type":"post","link":"https:\/\/www.fiscalia.gov.co\/colombia\/noticias\/75-capturados-de-17-organizaciones-criminales-dejan-operativos-de-la-fiscalia-esta-ultima-semana\/","title":{"rendered":"75 capturados de 17 organizaciones criminales dejan operativos de la Fiscal\u00eda esta \u00faltima semana"},"content":{"rendered":"<p>Entre el s\u00e1bado 19 y este viernes 25 de noviembre, la Fiscal\u00eda General de la Naci\u00f3n logr\u00f3 desmantelar 17 organizaciones criminales que delinqu\u00edan en el pa\u00eds.<\/p>\n<p>Las operaciones desarrolladas, arrojaron excelentes resultados al permitir la captura de 75 personas, que al parecer realizaban acciones al margen de la ley en los departamentos de Choc\u00f3, Meta, Atl\u00e1ntico, Sucre, Valle del Cauca, C\u00f3rdoba, Medell\u00edn, Bol\u00edvar y Cauca.<\/p>\n<p>Se presume que estas personas participaban en delitos como el hurto de ganado, desplazamiento forzado, tr\u00e1fico de estupefacientes, tr\u00e1fico y porte ilegal de armas, entre otras.<\/p>\n<p>&nbsp;<\/p>\n<p><strong><span style=\"text-decoration: underline;\">Los Arimalos<\/span><\/strong><\/p>\n<p>En el departamento de Choc\u00f3 fue capturado Breiner Andr\u00e9s Gir\u00f3n Quejada, presunto integrante de la banda delincuencial Los Arimalos, solicitado por la Fiscal\u00eda por el delito de desplazamiento forzado.<\/p>\n<p>De acuerdo con las investigaciones, esta banda criminal es se\u00f1alada de generar el desplazamiento de varios habitantes del barrio Reposo de la ciudad de Quibd\u00f3.<\/p>\n<p>&nbsp;<\/p>\n<p><strong><span style=\"text-decoration: underline;\">Los Ceb\u00fa<\/span><\/strong><\/p>\n<p>Cinco posibles miembros de la organizaci\u00f3n criminal Los Ceb\u00fa, relacionada con el hurto de ganado en el municipio de San Mart\u00edn (Meta), tambi\u00e9n fueron detenidos.<\/p>\n<p>Durante las audiencias, la Fiscal\u00eda les imput\u00f3 los delitos de concierto para delinquir, hurto agravado, fraude procesal y alteraci\u00f3n, desfiguraci\u00f3n y suplantaci\u00f3n de marcas de ganado.<\/p>\n<p>Los detenidos no se allanaron a cargos y un juez de garant\u00edas les impuso medida de aseguramiento intramuros.<\/p>\n<p>Dentro de la investigaci\u00f3n tambi\u00e9n se logr\u00f3 recolectar evidencia e incautar semovientes, gu\u00edas de movilizaci\u00f3n y comprobantes de pago.<\/p>\n<p>&nbsp;<\/p>\n<p><strong><span style=\"text-decoration: underline;\">Los Chamos<\/span><\/strong><\/p>\n<p>En el barrio Miramar de Barranquilla (Atl\u00e1ntico),\u00a0 capturaron a siete integrantes de la banda delincuencial Los Chamos, dedicada al tr\u00e1fico de estupefacientes.<\/p>\n<p>La Fiscal\u00eda Seccional Antinarc\u00f3ticos de esa ciudad, les endilg\u00f3 cargos concierto para delinquir con fines de tr\u00e1fico de estupefacientes, tr\u00e1fico de influencias de servidor p\u00fablico y\u00a0cohecho impropio.<\/p>\n<p>Los procesados Jos\u00e9 del Carmen Garc\u00eda Llerena, alias el Chamo; los hermanos Rosmery y Camilo Hern\u00e1ndez Doria, y Edwin Miguel Mart\u00ednez D\u00edaz, fueron cobijados con medida de aseguramiento de detenci\u00f3n intramuros, por el\u00a0 Juez Tercero Penal Municipal de Barranquilla<\/p>\n<p>Mientras tanto el juzgador les concedi\u00f3 el beneficio de detenci\u00f3n domiciliaria al subteniente Sergio Leonardo Sandoval Rivera y los patrulleros Daniel Jos\u00e9 Ricaurte Villarreal y Ender Arturo Lasprilla Ballesteros.<\/p>\n<p>Al parecer, el comandante de la estaci\u00f3n de Polic\u00eda de San Jos\u00e9, aprehendido junto con otros dos patrulleros y quien se desempe\u00f1\u00f3 en ese mismo cargo pero en la estaci\u00f3n de Rebolo, har\u00eda parte de esta red criminal. Su rol presumiblemente\u00a0 era\u00a0facilitar el tr\u00e1fico y porte de estupefacientes en barrio Las Nieves y ejercer sus influencias cuando capturaban a alg\u00fan integrante de la organizaci\u00f3n.<\/p>\n<p>&nbsp;<\/p>\n<p><strong><span style=\"text-decoration: underline;\">Los B\u00f3xer<\/span><\/strong><strong><\/strong><\/p>\n<p>Luego de realizadas diligencias de allanamiento y registro, servidores de la subdirecci\u00f3n de Polic\u00eda Judicial del CTI C\u00f3rdoba impactaron la organizaci\u00f3n criminal Los B\u00f3xer, logrando la captura de seis de sus presuntos integrantes. La estructura se dedicaba al hurto de motocicletas y a la comercializaci\u00f3n de estas.<\/p>\n<p><strong>\u00a0<\/strong><\/p>\n<p><strong><span style=\"text-decoration: underline;\">La Huerta<\/span><\/strong><\/p>\n<p>La Fiscal\u00eda hizo efectiva la captura de Cristofer Charry Rivas Echavarr\u00eda, alias Papucho,\u00a0 por los delitos de homicidio agravado, desplazamiento forzado y tr\u00e1fico porte ilegal de armas de fuego.<\/p>\n<p>Papucho ser\u00eda integrante de la banda delincuencial La Huerta, dedicada a la extorsi\u00f3n. Dentro de los hechos que se le atribuyen a dicha organizaci\u00f3n est\u00e1 el homicidio de Jean Carlos Hinestrosa, por haberse negado a formar parte de la estructura.<\/p>\n<p>Al t\u00e9rmino de las audiencias, el juez de garant\u00edas le impuso medida intramuros en el centro Carcelario Bellavista.<\/p>\n<p>&nbsp;<\/p>\n<p><strong><span style=\"text-decoration: underline;\">Los Triana<\/span><\/strong><\/p>\n<p>En un operativo la Fiscal\u00eda realiz\u00f3 la captura de Pablo Emilio Agudelo, Andr\u00e9s Felipe Arango Zuluaga y John Bairo Pati\u00f1o Agudelo, alias El Mico; supuestos integrantes de la banda Los Triana.<\/p>\n<p>Los hombres son investigados por su presunta responsabilidad en el delito de tentativa de homicidio agravado.<\/p>\n<p>De acuerdo con lo establecido, estas personas ser\u00edan las responsables de ocasionarle a un menor de 14 a\u00f1os, 17 pu\u00f1aladas. El cuerpo del joven fue hallado y llevado al hospital Marcos Fidel Su\u00e1rez de Bello (Antioquia), donde fue intervenido de urgencia.<\/p>\n<p>&nbsp;<\/p>\n<p><strong><span style=\"text-decoration: underline;\">El Rub\u00ed<\/span><\/strong><strong><\/strong><\/p>\n<p>Bajo la coordinaci\u00f3n de la Fiscal\u00eda Seccional de Cartagena (Bol\u00edvar), se realiz\u00f3 la captura de tres personas, solicitadas por el delito de tr\u00e1fico, fabricaci\u00f3n o porte de estupefacientes.<\/p>\n<p>Al parecer los detenidos hacen parte de la organizaci\u00f3n El Rub\u00ed<em>,<\/em> y su <em>modus operandi<\/em> consist\u00eda en abordar a los transe\u00fantes, con el fin\u00a0de comercializar los estupefacientes, utilizando la fachada de vendedores ambulantes.<\/p>\n<p>Asimismo, otros miembros del grupo criminal se camuflaban entre las trabajadoras sexuales de la zona y atend\u00edan los llamados de las personas con una se\u00f1a (tocada de nariz).<\/p>\n<p>&nbsp;<\/p>\n<p><strong><span style=\"text-decoration: underline;\">Los Cl\u00ednicos<\/span><\/strong><\/p>\n<p>Por los delitos de contrato sin el cumplimiento de los requisitos legales y falsedad ideol\u00f3gica en documento p\u00fablico, servidores de la Subdirecci\u00f3n Seccional de Policial Judicial del CTI de Choc\u00f3 capturaron en Bogot\u00e1 a Gilberto Fuentes Pe\u00f1a, quien se desempe\u00f1aba como coordinador contable y financiero del Hospital San Francisco de As\u00eds.<\/p>\n<p>De acuerdo con la investigaci\u00f3n, la Contralor\u00eda General de la Rep\u00fablica encontr\u00f3 irregularidades en procesos de contrataci\u00f3n, cuyo objeto era el suministro de equipos biom\u00e9tricos al citado centro hospitalario.<\/p>\n<p>El capturado en compa\u00f1\u00eda de m\u00e1s personas, presuntamente simulaba la compra de dichos elementos, para luego adjudicarlos a determinados contratistas, logrando cancelar altas cantidades de dinero en detrimento del patrimonio p\u00fablico.<\/p>\n<p>&nbsp;<\/p>\n<p><strong><span style=\"text-decoration: underline;\">Los Falsificadores<\/span><\/strong><\/p>\n<p>Cuatro capturas efectu\u00f3 la Fiscal\u00eda de presuntos integrantes de la organizaci\u00f3n delincuencial Los Falsificadores, quienes al parecer, desde una f\u00e1brica clandestina,\u00a0 se dedicaban a la falsificaci\u00f3n de documentos p\u00fablicos, como c\u00e9dulas de ciudadan\u00eda, permisos para el porte de armas, entre otros.<\/p>\n<p>Durante el operativo, adem\u00e1s de las capturas, se logr\u00f3 la incautaci\u00f3n de materiales como laminadoras, celulares, discos duros, memorias USB, documentos de la Registradur\u00eda en blanco, y otros documentos como libretas militares, licencias de conducci\u00f3n y c\u00e9dulas de extranjer\u00eda.<\/p>\n<p>&nbsp;<\/p>\n<p><strong><span style=\"text-decoration: underline;\">Los Efectivos<\/span><\/strong><\/p>\n<p>En Tunja (Boyac\u00e1), en un trabajo coordinado entre la Polic\u00eda Judicial del CTI de Boyac\u00e1 y funcionarios del Gaula de la Polic\u00eda capturaron a seis presuntos integrantes de la organizaci\u00f3n Los Efectivos, en el marco de la operaci\u00f3n T\u00edo T\u00edo fase II.<\/p>\n<p>Dicha estructura se dedicaba a la extorsi\u00f3n carcelaria haciendo cobros en los establecimientos comerciales para realizar giros. Algunos de los capturados hab\u00edan recibido hasta 26 giros de dinero producto de las extorsiones. Esta organizaci\u00f3n se involucra con m\u00e1s de\u00a0 800 denuncias a nivel nacional.<\/p>\n<p>&nbsp;<\/p>\n<p><strong><span style=\"text-decoration: underline;\">Andagueda<\/span><\/strong><strong><\/strong><\/p>\n<p>Por los delitos de peculado por apropiaci\u00f3n en favor de terceros en concurso con falsedad ideol\u00f3gica en documento p\u00fablico y fraude procesal, fueron capturados cuatro presuntos integrantes de la organizaci\u00f3n criminal Andagueda.<\/p>\n<p>De acuerdo con la investigaci\u00f3n se encontraron presuntas irregularidades al interior de la administraci\u00f3n municipal de Bagad\u00f3 (Choc\u00f3), donde se habr\u00edan asociado para desfalcar los recursos de esa poblaci\u00f3n, a trav\u00e9s del cobro y pago fraudulento de cesant\u00edas y sanciones moratorias prescritas e inexistentes contra la alcald\u00eda municipal.<\/p>\n<p>Los primeros involucrados habr\u00edan participado en el desfalco de cerca de $520&#8217;000.000.\u00a0La fase final de la investigaci\u00f3n comprende 14 procesados, quienes se habr\u00edan apropiado de un monto total de $2.195\u2019924.253, girados por\u00a0 el Ministerio de Hacienda y Cr\u00e9dito P\u00fablico, por concepto de compensaci\u00f3n del impuesto predial ind\u00edgena de los a\u00f1os 2013 &#8211; 2014.<em><\/em><\/p>\n<p>&nbsp;<\/p>\n<p><strong><span style=\"text-decoration: underline;\">Clan del Golfo \u2013 Pozo Siete<\/span><\/strong><strong><span style=\"text-decoration: underline;\">\u00a0<\/span><\/strong><\/p>\n<p>Funcionarios de la Subdirecci\u00f3n de Polic\u00eda Judicial del CTI de Magdalena Medio, con el apoyo de tropas del Batall\u00f3n de Artiller\u00eda Nueva Granada, capturaron a 11 integrantes de la estructura criminal Clan del Golfo \u2013 Pozo Siete, quienes eran solicitados por los delitos de concierto para delinquir con fines de homicidio y tr\u00e1fico, fabricaci\u00f3n o porte de estupefacientes, tr\u00e1fico fabricaci\u00f3n de portes de armas de fuego.<\/p>\n<p>Durante las diligencias fueron incautados adem\u00e1s, dos celulares, dos c\u00e1maras digitales, una tableta digital y un arma de fuego de fabricaci\u00f3n artesanal.<\/p>\n<p>&nbsp;<\/p>\n<p><strong><span style=\"text-decoration: underline;\">Los Matasanos<\/span><\/strong><\/p>\n<p>Con el fin de contratacar la comercializaci\u00f3n de medicamentos de uso institucional de las EPS, medicamentos vencidos y medicamentos de contrabando, en la ciudad de Valledupar y varios municipios de Cesar, la Fiscal\u00eda efectu\u00f3 una operaci\u00f3n denominada Los Matasanos.<\/p>\n<p>Esta actividad tuvo como objetivo allanar y registrar nueve droguer\u00edas y farmacias ubicadas en la Plaza de Mercado de la ciudad de Valledupar y el municipio de San Diego (Cesar).<\/p>\n<p>En dichas diligencias fueron capturadas seis personas en situaci\u00f3n de flagrancia por el delito de enajenaci\u00f3n ilegal de medicamentos.<\/p>\n<p>&nbsp;<\/p>\n<p><strong><span style=\"text-decoration: underline;\">El Cu\u00f1ado<\/span><\/strong><\/p>\n<p>La Fiscal\u00eda adelant\u00f3 cuatro diligencias de allanamiento y registro en el municipio de Yumbo (Valle del Cauca), que permiti\u00f3 cuatro capturas de las cuales dos fueron por orden judicial y dos en flagrancia, logrando as\u00ed impactar la organizaci\u00f3n criminal El Cu\u00f1ado, por los delitos de homicidio en grado de tentativa,\u00a0 porte o tenencia de armas de fuego.<\/p>\n<p>Durante las diligencias se logr\u00f3 adem\u00e1s incautar armas, estupefacientes, dinero en efectivo y motocicletas.<\/p>\n<p>&nbsp;<\/p>\n<p><strong><span style=\"text-decoration: underline;\">El Bosque<\/span><\/strong><\/p>\n<p>En Quibd\u00f3 (Choc\u00f3) se captur\u00f3 a Arialdo Perea Nagles, presunto integrante de la banda delincuencial El Bosque e involucrado al parecer en el delito de extorsi\u00f3n.<\/p>\n<p>De acuerdo con la investigaci\u00f3n, tres sujetos llegaron en horas de la noche a un local de venta de gas ubicado en la entrada del barrio La Co\u00edmbra de la ciudad de Quibd\u00f3. Se presentaron con la due\u00f1a, diciendo que iban de parte de alias el Viejo y que deb\u00eda aportar una cuota inicial de $200.000, adem\u00e1s, mensualmente ten\u00eda que darles $50.000 para dejarla trabajar.<\/p>\n<p>De esta manera extorsionaban a las personas del sector. Fue gracias a una denuncia que se logr\u00f3 la captura.<\/p>\n<p>&nbsp;<\/p>\n<p><strong><span style=\"text-decoration: underline;\">Los Chatarreros<\/span><\/strong><\/p>\n<p>Luego de varias diligencias de allanamiento y registro en el municipio de Magangu\u00e9 (Bol\u00edvar), se produjeron cinco capturas de posibles miembros de la organizaci\u00f3n criminal Los Chatarreros, a quienes se les imputan los delitos de concierto para delinquir en concurso con hurto calificado agravado.<\/p>\n<p>Los Chatarreros se dedicaban al hurto de motocicletas en varios municipios de Sucre. Luego de atracar a mano armada a los mototaxistas se encargaban de desvalijarlas y catalogar las piezas por demanda. Finalmente se vend\u00edan en locales de repuestos, talleres y clientes por demanda.<\/p>\n<p>&nbsp;<\/p>\n<p><strong><span style=\"text-decoration: underline;\">Los del Norte<\/span><\/strong><\/p>\n<p>Siete posibles integrantes del grupo delincuencial Los del Norte fueron capturados por el delito de concierto para delinquir en concurso heterog\u00e9neo con el delito de apoderamiento de hidrocarburos.<\/p>\n<p>&nbsp;<\/p>\n<p>Las capturas se materializaron en Bogot\u00e1, en la vereda Tres Esquinas de Herveo (Tolima), as\u00ed como en el per\u00edmetro urbano de los municipios de ese mismo departamento Fresno y Padua.<\/p>\n<p>De acuerdo con los hechos, delinqu\u00edan a trav\u00e9s del apoderamiento de hidrocarburos acaecidos en el poliducto Salgar-Cartago que involucra los municipios de Fresno y Mariquita (Tolima), al igual que zonas rurales, con\u00a0 la instalaci\u00f3n de v\u00e1lvulas il\u00edcitas. Los capturados extra\u00edan hidrocarburo (ACPM y gasolina).<\/p>\n<p>La Fiscal\u00eda General de la Naci\u00f3n continuar\u00e1 realizando operativos en todo el pa\u00eds, en la lucha contra el crimen organizado.<\/p>\n<p>&nbsp;<\/p>\n<p>&nbsp;<\/p>\n<p>LMH\/DLBM<\/p>\n\n<div class=\"twitter-share\"><a href=\"https:\/\/twitter.com\/intent\/tweet?via=fiscaliacol\" class=\"twitter-share-button\">Tweet<\/a><\/div>\n","protected":false},"excerpt":{"rendered":"<p>Entre el s\u00e1bado 19 y este viernes 25 de noviembre, la Fiscal\u00eda General de la Naci\u00f3n logr\u00f3 desmantelar 17 organizaciones criminales que delinqu\u00edan en el pa\u00eds. Las operaciones desarrolladas, arrojaron excelentes resultados al permitir la captura de 75 personas, que al parecer realizaban acciones al margen de la ley en los departamentos de Choc\u00f3, Meta, [&hellip;]<\/p>\n","protected":false},"author":143,"featured_media":0,"comment_status":"closed","ping_status":"open","sticky":false,"template":"","format":"standard","meta":{"_price":"","_stock":"","_tribe_ticket_header":"","_tribe_default_ticket_provider":"","_tribe_ticket_capacity":"0","_ticket_start_date":"","_ticket_end_date":"","_tribe_ticket_show_description":"","_tribe_ticket_show_not_going":false,"_tribe_ticket_use_global_stock":"","_tribe_ticket_global_stock_level":"","_global_stock_mode":"","_global_stock_cap":"","_tribe_rsvp_for_event":"","_tribe_ticket_going_count":"","_tribe_ticket_not_going_count":"","_tribe_tickets_list":"[]","_tribe_ticket_has_attendee_info_fields":false,"tdm_status":"","tdm_grid_status":"","footnotes":""},"categories":[1],"tags":[],"class_list":{"0":"post-95489","1":"post","2":"type-post","3":"status-publish","4":"format-standard","6":"category-noticias"},"yoast_head":"<!-- This site is optimized with the Yoast SEO plugin v24.3 - https:\/\/yoast.com\/wordpress\/plugins\/seo\/ -->\n<title>Fiscal\u00eda General de la Naci\u00f3n<\/title>\n<meta name=\"description\" content=\"P\u00e1gina oficial de la Fiscal\u00eda General de la Naci\u00f3n \u2013 Colombia. Garantizamos el acceso efectivo a la justicia, la verdad y la reparaci\u00f3n de las v\u00edctimas de los delitos.\" \/>\n<meta name=\"robots\" content=\"noindex, follow\" \/>\n<meta property=\"og:locale\" content=\"es_ES\" \/>\n<meta property=\"og:type\" content=\"article\" \/>\n<meta property=\"og:title\" content=\"Fiscal\u00eda General de la Naci\u00f3n\" \/>\n<meta property=\"og:description\" content=\"P\u00e1gina oficial de la Fiscal\u00eda General de la Naci\u00f3n \u2013 Colombia. Garantizamos el acceso efectivo a la justicia, la verdad y la reparaci\u00f3n de las v\u00edctimas de los delitos.\" \/>\n<meta property=\"og:url\" content=\"https:\/\/www.fiscalia.gov.co\/colombia\/noticias\/75-capturados-de-17-organizaciones-criminales-dejan-operativos-de-la-fiscalia-esta-ultima-semana\/\" \/>\n<meta property=\"og:site_name\" content=\"Fiscal\u00eda General de la Naci\u00f3n\" \/>\n<meta property=\"article:publisher\" content=\"https:\/\/www.facebook.com\/FiscaliaCol\" \/>\n<meta property=\"article:published_time\" content=\"2016-11-26T14:48:36+00:00\" \/>\n<meta property=\"article:modified_time\" content=\"2016-11-26T16:16:25+00:00\" \/>\n<meta name=\"author\" content=\"dfgordillo\" \/>\n<meta name=\"twitter:card\" content=\"summary_large_image\" \/>\n<meta name=\"twitter:creator\" content=\"@FiscaliaCol\" \/>\n<meta name=\"twitter:site\" content=\"@FiscaliaCol\" \/>\n<meta name=\"twitter:label1\" content=\"Escrito por\" \/>\n\t<meta name=\"twitter:data1\" content=\"dfgordillo\" \/>\n\t<meta name=\"twitter:label2\" content=\"Tiempo de lectura\" \/>\n\t<meta name=\"twitter:data2\" content=\"10 minutos\" \/>\n<script type=\"application\/ld+json\" class=\"yoast-schema-graph\">{\"@context\":\"https:\/\/schema.org\",\"@graph\":[{\"@type\":\"Article\",\"@id\":\"https:\/\/www.fiscalia.gov.co\/colombia\/noticias\/75-capturados-de-17-organizaciones-criminales-dejan-operativos-de-la-fiscalia-esta-ultima-semana\/#article\",\"isPartOf\":{\"@id\":\"https:\/\/www.fiscalia.gov.co\/colombia\/noticias\/75-capturados-de-17-organizaciones-criminales-dejan-operativos-de-la-fiscalia-esta-ultima-semana\/\"},\"author\":{\"name\":\"dfgordillo\",\"@id\":\"https:\/\/www.fiscalia.gov.co\/colombia\/#\/schema\/person\/3903856a3ce2d54b094c69eb29247895\"},\"headline\":\"75 capturados de 17 organizaciones criminales dejan operativos de la Fiscal\u00eda esta \u00faltima semana\",\"datePublished\":\"2016-11-26T14:48:36+00:00\",\"dateModified\":\"2016-11-26T16:16:25+00:00\",\"mainEntityOfPage\":{\"@id\":\"https:\/\/www.fiscalia.gov.co\/colombia\/noticias\/75-capturados-de-17-organizaciones-criminales-dejan-operativos-de-la-fiscalia-esta-ultima-semana\/\"},\"wordCount\":1940,\"publisher\":{\"@id\":\"https:\/\/www.fiscalia.gov.co\/colombia\/#organization\"},\"articleSection\":[\"Noticias\"],\"inLanguage\":\"es-CO\"},{\"@type\":\"WebPage\",\"@id\":\"https:\/\/www.fiscalia.gov.co\/colombia\/noticias\/75-capturados-de-17-organizaciones-criminales-dejan-operativos-de-la-fiscalia-esta-ultima-semana\/\",\"url\":\"https:\/\/www.fiscalia.gov.co\/colombia\/noticias\/75-capturados-de-17-organizaciones-criminales-dejan-operativos-de-la-fiscalia-esta-ultima-semana\/\",\"name\":\"Fiscal\u00eda General de la Naci\u00f3n\",\"isPartOf\":{\"@id\":\"https:\/\/www.fiscalia.gov.co\/colombia\/#website\"},\"datePublished\":\"2016-11-26T14:48:36+00:00\",\"dateModified\":\"2016-11-26T16:16:25+00:00\",\"description\":\"P\u00e1gina oficial de la Fiscal\u00eda General de la Naci\u00f3n \u2013 Colombia. Garantizamos el acceso efectivo a la justicia, la verdad y la reparaci\u00f3n de las v\u00edctimas de los delitos.\",\"breadcrumb\":{\"@id\":\"https:\/\/www.fiscalia.gov.co\/colombia\/noticias\/75-capturados-de-17-organizaciones-criminales-dejan-operativos-de-la-fiscalia-esta-ultima-semana\/#breadcrumb\"},\"inLanguage\":\"es-CO\",\"potentialAction\":[{\"@type\":\"ReadAction\",\"target\":[\"https:\/\/www.fiscalia.gov.co\/colombia\/noticias\/75-capturados-de-17-organizaciones-criminales-dejan-operativos-de-la-fiscalia-esta-ultima-semana\/\"]}]},{\"@type\":\"BreadcrumbList\",\"@id\":\"https:\/\/www.fiscalia.gov.co\/colombia\/noticias\/75-capturados-de-17-organizaciones-criminales-dejan-operativos-de-la-fiscalia-esta-ultima-semana\/#breadcrumb\",\"itemListElement\":[{\"@type\":\"ListItem\",\"position\":1,\"name\":\"Home\",\"item\":\"https:\/\/www.fiscalia.gov.co\/colombia\/\"},{\"@type\":\"ListItem\",\"position\":2,\"name\":\"75 capturados de 17 organizaciones criminales dejan operativos de la Fiscal\u00eda esta \u00faltima semana\"}]},{\"@type\":\"WebSite\",\"@id\":\"https:\/\/www.fiscalia.gov.co\/colombia\/#website\",\"url\":\"https:\/\/www.fiscalia.gov.co\/colombia\/\",\"name\":\"Fiscal\u00eda General de la Naci\u00f3n\",\"description\":\"P\u00e1gina oficial de la Fiscal\u00eda General de la Naci\u00f3n \u2013 Colombia. Garantizamos el acceso efectivo a la justicia, la verdad y la reparaci\u00f3n de las v\u00edctimas de los delitos.\",\"publisher\":{\"@id\":\"https:\/\/www.fiscalia.gov.co\/colombia\/#organization\"},\"potentialAction\":[{\"@type\":\"SearchAction\",\"target\":{\"@type\":\"EntryPoint\",\"urlTemplate\":\"https:\/\/www.fiscalia.gov.co\/colombia\/?s={search_term_string}\"},\"query-input\":{\"@type\":\"PropertyValueSpecification\",\"valueRequired\":true,\"valueName\":\"search_term_string\"}}],\"inLanguage\":\"es-CO\"},{\"@type\":\"Organization\",\"@id\":\"https:\/\/www.fiscalia.gov.co\/colombia\/#organization\",\"name\":\"Fiscal\u00eda General de la Naci\u00f3n\",\"url\":\"https:\/\/www.fiscalia.gov.co\/colombia\/\",\"logo\":{\"@type\":\"ImageObject\",\"inLanguage\":\"es-CO\",\"@id\":\"https:\/\/www.fiscalia.gov.co\/colombia\/#\/schema\/logo\/image\/\",\"url\":\"https:\/\/www.fiscalia.gov.co\/colombia\/wp-content\/uploads\/LogoHorizontal_1.jpg\",\"contentUrl\":\"https:\/\/www.fiscalia.gov.co\/colombia\/wp-content\/uploads\/LogoHorizontal_1.jpg\",\"width\":300,\"height\":90,\"caption\":\"Fiscal\u00eda General de la Naci\u00f3n\"},\"image\":{\"@id\":\"https:\/\/www.fiscalia.gov.co\/colombia\/#\/schema\/logo\/image\/\"},\"sameAs\":[\"https:\/\/www.facebook.com\/FiscaliaCol\",\"https:\/\/x.com\/FiscaliaCol\",\"https:\/\/www.instagram.com\/fiscaliacol\",\"https:\/\/www.linkedin.com\/company\/fiscalia-general-de-la-naci-n\/\",\"https:\/\/youtube.com\/@fiscaliageneraldelanacion-4668?si=6nN79nyQICPU5iTh\"]},{\"@type\":\"Person\",\"@id\":\"https:\/\/www.fiscalia.gov.co\/colombia\/#\/schema\/person\/3903856a3ce2d54b094c69eb29247895\",\"name\":\"dfgordillo\",\"image\":{\"@type\":\"ImageObject\",\"inLanguage\":\"es-CO\",\"@id\":\"https:\/\/www.fiscalia.gov.co\/colombia\/#\/schema\/person\/image\/\",\"url\":\"https:\/\/secure.gravatar.com\/avatar\/b6356e21c5657c60757fe6fb9493e947?s=96&d=mm&r=g\",\"contentUrl\":\"https:\/\/secure.gravatar.com\/avatar\/b6356e21c5657c60757fe6fb9493e947?s=96&d=mm&r=g\",\"caption\":\"dfgordillo\"},\"sameAs\":[\"dfgordillo\"],\"url\":\"https:\/\/www.fiscalia.gov.co\/colombia\/author\/dfgordillo\/\"}]}<\/script>\n<!-- \/ Yoast SEO plugin. -->","yoast_head_json":{"title":"Fiscal\u00eda General de la Naci\u00f3n","description":"P\u00e1gina oficial de la Fiscal\u00eda General de la Naci\u00f3n \u2013 Colombia. Garantizamos el acceso efectivo a la justicia, la verdad y la reparaci\u00f3n de las v\u00edctimas de los delitos.","robots":{"index":"noindex","follow":"follow"},"og_locale":"es_ES","og_type":"article","og_title":"Fiscal\u00eda General de la Naci\u00f3n","og_description":"P\u00e1gina oficial de la Fiscal\u00eda General de la Naci\u00f3n \u2013 Colombia. Garantizamos el acceso efectivo a la justicia, la verdad y la reparaci\u00f3n de las v\u00edctimas de los delitos.","og_url":"https:\/\/www.fiscalia.gov.co\/colombia\/noticias\/75-capturados-de-17-organizaciones-criminales-dejan-operativos-de-la-fiscalia-esta-ultima-semana\/","og_site_name":"Fiscal\u00eda General de la Naci\u00f3n","article_publisher":"https:\/\/www.facebook.com\/FiscaliaCol","article_published_time":"2016-11-26T14:48:36+00:00","article_modified_time":"2016-11-26T16:16:25+00:00","author":"dfgordillo","twitter_card":"summary_large_image","twitter_creator":"@FiscaliaCol","twitter_site":"@FiscaliaCol","twitter_misc":{"Escrito por":"dfgordillo","Tiempo de lectura":"10 minutos"},"schema":{"@context":"https:\/\/schema.org","@graph":[{"@type":"Article","@id":"https:\/\/www.fiscalia.gov.co\/colombia\/noticias\/75-capturados-de-17-organizaciones-criminales-dejan-operativos-de-la-fiscalia-esta-ultima-semana\/#article","isPartOf":{"@id":"https:\/\/www.fiscalia.gov.co\/colombia\/noticias\/75-capturados-de-17-organizaciones-criminales-dejan-operativos-de-la-fiscalia-esta-ultima-semana\/"},"author":{"name":"dfgordillo","@id":"https:\/\/www.fiscalia.gov.co\/colombia\/#\/schema\/person\/3903856a3ce2d54b094c69eb29247895"},"headline":"75 capturados de 17 organizaciones criminales dejan operativos de la Fiscal\u00eda esta \u00faltima semana","datePublished":"2016-11-26T14:48:36+00:00","dateModified":"2016-11-26T16:16:25+00:00","mainEntityOfPage":{"@id":"https:\/\/www.fiscalia.gov.co\/colombia\/noticias\/75-capturados-de-17-organizaciones-criminales-dejan-operativos-de-la-fiscalia-esta-ultima-semana\/"},"wordCount":1940,"publisher":{"@id":"https:\/\/www.fiscalia.gov.co\/colombia\/#organization"},"articleSection":["Noticias"],"inLanguage":"es-CO"},{"@type":"WebPage","@id":"https:\/\/www.fiscalia.gov.co\/colombia\/noticias\/75-capturados-de-17-organizaciones-criminales-dejan-operativos-de-la-fiscalia-esta-ultima-semana\/","url":"https:\/\/www.fiscalia.gov.co\/colombia\/noticias\/75-capturados-de-17-organizaciones-criminales-dejan-operativos-de-la-fiscalia-esta-ultima-semana\/","name":"Fiscal\u00eda General de la Naci\u00f3n","isPartOf":{"@id":"https:\/\/www.fiscalia.gov.co\/colombia\/#website"},"datePublished":"2016-11-26T14:48:36+00:00","dateModified":"2016-11-26T16:16:25+00:00","description":"P\u00e1gina oficial de la Fiscal\u00eda General de la Naci\u00f3n \u2013 Colombia. Garantizamos el acceso efectivo a la justicia, la verdad y la reparaci\u00f3n de las v\u00edctimas de los delitos.","breadcrumb":{"@id":"https:\/\/www.fiscalia.gov.co\/colombia\/noticias\/75-capturados-de-17-organizaciones-criminales-dejan-operativos-de-la-fiscalia-esta-ultima-semana\/#breadcrumb"},"inLanguage":"es-CO","potentialAction":[{"@type":"ReadAction","target":["https:\/\/www.fiscalia.gov.co\/colombia\/noticias\/75-capturados-de-17-organizaciones-criminales-dejan-operativos-de-la-fiscalia-esta-ultima-semana\/"]}]},{"@type":"BreadcrumbList","@id":"https:\/\/www.fiscalia.gov.co\/colombia\/noticias\/75-capturados-de-17-organizaciones-criminales-dejan-operativos-de-la-fiscalia-esta-ultima-semana\/#breadcrumb","itemListElement":[{"@type":"ListItem","position":1,"name":"Home","item":"https:\/\/www.fiscalia.gov.co\/colombia\/"},{"@type":"ListItem","position":2,"name":"75 capturados de 17 organizaciones criminales dejan operativos de la Fiscal\u00eda esta \u00faltima semana"}]},{"@type":"WebSite","@id":"https:\/\/www.fiscalia.gov.co\/colombia\/#website","url":"https:\/\/www.fiscalia.gov.co\/colombia\/","name":"Fiscal\u00eda General de la Naci\u00f3n","description":"P\u00e1gina oficial de la Fiscal\u00eda General de la Naci\u00f3n \u2013 Colombia. Garantizamos el acceso efectivo a la justicia, la verdad y la reparaci\u00f3n de las v\u00edctimas de los delitos.","publisher":{"@id":"https:\/\/www.fiscalia.gov.co\/colombia\/#organization"},"potentialAction":[{"@type":"SearchAction","target":{"@type":"EntryPoint","urlTemplate":"https:\/\/www.fiscalia.gov.co\/colombia\/?s={search_term_string}"},"query-input":{"@type":"PropertyValueSpecification","valueRequired":true,"valueName":"search_term_string"}}],"inLanguage":"es-CO"},{"@type":"Organization","@id":"https:\/\/www.fiscalia.gov.co\/colombia\/#organization","name":"Fiscal\u00eda General de la Naci\u00f3n","url":"https:\/\/www.fiscalia.gov.co\/colombia\/","logo":{"@type":"ImageObject","inLanguage":"es-CO","@id":"https:\/\/www.fiscalia.gov.co\/colombia\/#\/schema\/logo\/image\/","url":"https:\/\/www.fiscalia.gov.co\/colombia\/wp-content\/uploads\/LogoHorizontal_1.jpg","contentUrl":"https:\/\/www.fiscalia.gov.co\/colombia\/wp-content\/uploads\/LogoHorizontal_1.jpg","width":300,"height":90,"caption":"Fiscal\u00eda General de la Naci\u00f3n"},"image":{"@id":"https:\/\/www.fiscalia.gov.co\/colombia\/#\/schema\/logo\/image\/"},"sameAs":["https:\/\/www.facebook.com\/FiscaliaCol","https:\/\/x.com\/FiscaliaCol","https:\/\/www.instagram.com\/fiscaliacol","https:\/\/www.linkedin.com\/company\/fiscalia-general-de-la-naci-n\/","https:\/\/youtube.com\/@fiscaliageneraldelanacion-4668?si=6nN79nyQICPU5iTh"]},{"@type":"Person","@id":"https:\/\/www.fiscalia.gov.co\/colombia\/#\/schema\/person\/3903856a3ce2d54b094c69eb29247895","name":"dfgordillo","image":{"@type":"ImageObject","inLanguage":"es-CO","@id":"https:\/\/www.fiscalia.gov.co\/colombia\/#\/schema\/person\/image\/","url":"https:\/\/secure.gravatar.com\/avatar\/b6356e21c5657c60757fe6fb9493e947?s=96&d=mm&r=g","contentUrl":"https:\/\/secure.gravatar.com\/avatar\/b6356e21c5657c60757fe6fb9493e947?s=96&d=mm&r=g","caption":"dfgordillo"},"sameAs":["dfgordillo"],"url":"https:\/\/www.fiscalia.gov.co\/colombia\/author\/dfgordillo\/"}]}},"_links":{"self":[{"href":"https:\/\/www.fiscalia.gov.co\/colombia\/wp-json\/wp\/v2\/posts\/95489","targetHints":{"allow":["GET"]}}],"collection":[{"href":"https:\/\/www.fiscalia.gov.co\/colombia\/wp-json\/wp\/v2\/posts"}],"about":[{"href":"https:\/\/www.fiscalia.gov.co\/colombia\/wp-json\/wp\/v2\/types\/post"}],"author":[{"embeddable":true,"href":"https:\/\/www.fiscalia.gov.co\/colombia\/wp-json\/wp\/v2\/users\/143"}],"replies":[{"embeddable":true,"href":"https:\/\/www.fiscalia.gov.co\/colombia\/wp-json\/wp\/v2\/comments?post=95489"}],"version-history":[{"count":3,"href":"https:\/\/www.fiscalia.gov.co\/colombia\/wp-json\/wp\/v2\/posts\/95489\/revisions"}],"predecessor-version":[{"id":95491,"href":"https:\/\/www.fiscalia.gov.co\/colombia\/wp-json\/wp\/v2\/posts\/95489\/revisions\/95491"}],"wp:attachment":[{"href":"https:\/\/www.fiscalia.gov.co\/colombia\/wp-json\/wp\/v2\/media?parent=95489"}],"wp:term":[{"taxonomy":"category","embeddable":true,"href":"https:\/\/www.fiscalia.gov.co\/colombia\/wp-json\/wp\/v2\/categories?post=95489"},{"taxonomy":"post_tag","embeddable":true,"href":"https:\/\/www.fiscalia.gov.co\/colombia\/wp-json\/wp\/v2\/tags?post=95489"}],"curies":[{"name":"wp","href":"https:\/\/api.w.org\/{rel}","templated":true}]}}