{"id":91355,"date":"2016-09-29T18:32:51","date_gmt":"2016-09-29T23:32:51","guid":{"rendered":"http:\/\/www.fiscalia.gov.co\/colombia\/?p=91355"},"modified":"2016-10-03T09:10:06","modified_gmt":"2016-10-03T14:10:06","slug":"nuevos-exitos-de-fiscalia-en-seguridad-ciudadana","status":"publish","type":"post","link":"https:\/\/www.fiscalia.gov.co\/colombia\/noticias\/nuevos-exitos-de-fiscalia-en-seguridad-ciudadana\/","title":{"rendered":"Nuevos \u00e9xitos de Fiscal\u00eda en seguridad ciudadana"},"content":{"rendered":"<p><em><strong>-Capturados 205 integrantes de 16 bandas criminales en todo el pa\u00eds.<\/strong><\/em><\/p>\n<p><em><strong>-Una de las bandas desarticuladas en el Magdalena lanzaba granadas contra quienes no pagaban extorsiones.<\/strong><\/em><\/p>\n<p>La Fiscal\u00eda General de la Naci\u00f3n logr\u00f3 un nuevo \u00e9xito en materia de seguridad ciudadana con la captura de 205 presuntos miembros de 16 bandas dedicadas al homicidio, la extorsi\u00f3n y el narcotr\u00e1fico en 11 departamentos del pa\u00eds.<\/p>\n<p>Las capturas se produjeron en las \u00faltimas 48 horas gracias al apoyo de la Polic\u00eda Nacional y hacen parte de la estrategia puesta en marcha por el Fiscal General de la Naci\u00f3n, N\u00e9stor Humberto Mart\u00ednez Neira, cuando asumi\u00f3 el cargo, el pasado 1 de agosto.<\/p>\n<p>Desde entonces, la Fiscal\u00eda est\u00e1 trabajando intensamente para mejorar la seguridad ciudadana mediante la desarticulaci\u00f3n de bandas que amenazan la tranquilidad de los colombianos.<\/p>\n<p>Adem\u00e1s de su presunta responsabilidad en delitos como homicidio y acciones sicariales, las personas capturadas son investigadas por otras conductas como narcotr\u00e1fico y desplazamiento forzado, explic\u00f3 Luis Gonz\u00e1lez Le\u00f3n, Director Nacional de Seccionales y Seguridad Ciudadana.<\/p>\n<p><strong>Homicidio, narcotr\u00e1fico, hurto y extorsi\u00f3n<\/strong><\/p>\n<p>Gonz\u00e1lez Le\u00f3n revel\u00f3 que 7 de las organizaciones desarticuladas estaban dedicadas al tr\u00e1fico de estupefacientes, 3 al hurto, 2 a la extorsi\u00f3n, 1 a la estafa, 2 al homicidio y 1 a la miner\u00eda ilegal.<\/p>\n<p>Por regiones, el n\u00famero de bandas desarticuladas por la Fiscal\u00eda, con el apoyo de la Polic\u00eda, es el siguiente:<\/p>\n<p>Valle del Cauca: 3<\/p>\n<p>Meta: 2<\/p>\n<p>Antioquia: 2<\/p>\n<p>Magdalena: 1<\/p>\n<p>Cauca: 1<\/p>\n<p>Sucre: 1<\/p>\n<p>Quind\u00edo: 1<\/p>\n<p>Tolima 1<\/p>\n<p>Huila: 1<\/p>\n<p>Santander: 1<\/p>\n<p>Cundinamarca: 2<\/p>\n<p>En Antioquia, una de las bandas impactadas fue la de \u201cLos de Santa B\u00e1rbara\u201d con 53 integrantes capturados, la cual llevaba 4 a\u00f1os delinquiendo en los municipios de Montebello, T\u00e1mesis, Abejorral, La Pintada y Santa B\u00e1rbara. Los capturados ser\u00e1n imputados por cargos de concierto para delinquir agravado, cuatro homicidios, tr\u00e1fico de estupefacientes y porte y tr\u00e1fico de armas de uso personal.<\/p>\n<p>En\u00a0 Ci\u00e9naga (Magdalena) fueron capturados 34 integrantes de una banda dedicada a la extorsi\u00f3n de ganaderos, comerciantes y a la poblaci\u00f3n en general en este municipio.<\/p>\n<p>Los capturados ser\u00e1n imputados por 8 cargos de extorsi\u00f3n, un homicidio y cinco desplazamientos, adem\u00e1s de tr\u00e1fico de armas de uso privativo de las fuerzas militares.<\/p>\n<p>Esta organizaci\u00f3n lanzaba granadas contra los bienes, establecimientos y fincas de personas que no pagaban las extorsiones.<\/p>\n<p>En Rionegro (Antioquia) fue desarticulada el ala sicarial de la banda \u201cLos Pamplona\u201d, integrada por 15 personas que fueron capturadas y que ser\u00e1n imputadas por cargos de concierto para delinquir, homicidio y desplazamiento forzado y tr\u00e1fico de estupefacientes.\u00a0 Es la tercera vez que las autoridades capturan a integrantes de esta organizaci\u00f3n.<\/p>\n<p>&nbsp;<\/p>\n<p>LAPM\/DLBM<\/p>\n<p>___________________________________________________________________________________________________<\/p>\n<p><strong>Rueda de prensa N\u00e9stor Humberto Mart\u00ednez Neira, Fiscal General de la Naci\u00f3n, Luis Gonz\u00e1lez Le\u00f3n, Director Nacional de Seccionales y Seguridad Ciudadana y Orlando Ospitia, Director de Fiscal\u00edas Nacionales<\/strong><\/p>\n[audio:http:\/\/www.fiscalia.gov.co\/colombia\/wp-content\/uploads\/rp_29_09_2016_mezcla.mp3|titles=Declaraciones]\n<p><a href=\"http:\/\/www.fiscalia.gov.co\/colombia\/wp-content\/uploads\/rp_29_09_2016_mezcla.mp3\">Descargar<\/a><\/p>\n<p>Tema: Nuevos \u00e9xitos de Fiscal\u00eda en seguridad ciudadana &#8211; Capturados 205 integrantes de 16 bandas criminales en todo el pa\u00eds.<br \/>\nLugar: Nivel Central Fiscal\u00eda General de la Naci\u00f3n, Bogot\u00e1<br \/>\nFecha: 29 de septiembre de 2016<\/p>\n<p>&nbsp;<\/p>\n\n<div class=\"twitter-share\"><a href=\"https:\/\/twitter.com\/intent\/tweet?via=fiscaliacol\" class=\"twitter-share-button\">Tweet<\/a><\/div>\n","protected":false},"excerpt":{"rendered":"<p>-Capturados 205 integrantes de 16 bandas criminales en todo el pa\u00eds.<br \/>\n-Una de las bandas desarticuladas en el Magdalena lanzaba granadas contra quienes no pagaban extorsiones.<\/p>\n","protected":false},"author":143,"featured_media":0,"comment_status":"closed","ping_status":"open","sticky":false,"template":"","format":"standard","meta":{"_price":"","_stock":"","_tribe_ticket_header":"","_tribe_default_ticket_provider":"","_tribe_ticket_capacity":"0","_ticket_start_date":"","_ticket_end_date":"","_tribe_ticket_show_description":"","_tribe_ticket_show_not_going":false,"_tribe_ticket_use_global_stock":"","_tribe_ticket_global_stock_level":"","_global_stock_mode":"","_global_stock_cap":"","_tribe_rsvp_for_event":"","_tribe_ticket_going_count":"","_tribe_ticket_not_going_count":"","_tribe_tickets_list":"[]","_tribe_ticket_has_attendee_info_fields":false,"tdm_status":"","tdm_grid_status":"","footnotes":""},"categories":[3,1],"tags":[305,98,148],"class_list":{"0":"post-91355","1":"post","2":"type-post","3":"status-publish","4":"format-standard","6":"category-destacada","7":"category-noticias","8":"tag-bandas-criminales","9":"tag-desplazamiento-forzado","10":"tag-narcotrafico"},"yoast_head":"<!-- This site is optimized with the Yoast SEO plugin v24.3 - https:\/\/yoast.com\/wordpress\/plugins\/seo\/ -->\n<title>Fiscal\u00eda General de la Naci\u00f3n<\/title>\n<meta name=\"description\" content=\"P\u00e1gina oficial de la Fiscal\u00eda General de la Naci\u00f3n \u2013 Colombia. Garantizamos el acceso efectivo a la justicia, la verdad y la reparaci\u00f3n de las v\u00edctimas de los delitos.\" \/>\n<meta name=\"robots\" content=\"noindex, follow\" \/>\n<meta property=\"og:locale\" content=\"es_ES\" \/>\n<meta property=\"og:type\" content=\"article\" \/>\n<meta property=\"og:title\" content=\"Fiscal\u00eda General de la Naci\u00f3n\" \/>\n<meta property=\"og:description\" content=\"P\u00e1gina oficial de la Fiscal\u00eda General de la Naci\u00f3n \u2013 Colombia. Garantizamos el acceso efectivo a la justicia, la verdad y la reparaci\u00f3n de las v\u00edctimas de los delitos.\" \/>\n<meta property=\"og:url\" content=\"https:\/\/www.fiscalia.gov.co\/colombia\/noticias\/nuevos-exitos-de-fiscalia-en-seguridad-ciudadana\/\" \/>\n<meta property=\"og:site_name\" content=\"Fiscal\u00eda General de la Naci\u00f3n\" \/>\n<meta property=\"article:publisher\" content=\"https:\/\/www.facebook.com\/FiscaliaCol\" \/>\n<meta property=\"article:published_time\" content=\"2016-09-29T23:32:51+00:00\" \/>\n<meta property=\"article:modified_time\" content=\"2016-10-03T14:10:06+00:00\" \/>\n<meta name=\"author\" content=\"dfgordillo\" \/>\n<meta name=\"twitter:card\" content=\"summary_large_image\" \/>\n<meta name=\"twitter:creator\" content=\"@FiscaliaCol\" \/>\n<meta name=\"twitter:site\" content=\"@FiscaliaCol\" \/>\n<meta name=\"twitter:label1\" content=\"Escrito por\" \/>\n\t<meta name=\"twitter:data1\" content=\"dfgordillo\" \/>\n\t<meta name=\"twitter:label2\" content=\"Tiempo de lectura\" \/>\n\t<meta name=\"twitter:data2\" content=\"3 minutos\" \/>\n<script type=\"application\/ld+json\" class=\"yoast-schema-graph\">{\"@context\":\"https:\/\/schema.org\",\"@graph\":[{\"@type\":\"Article\",\"@id\":\"https:\/\/www.fiscalia.gov.co\/colombia\/noticias\/nuevos-exitos-de-fiscalia-en-seguridad-ciudadana\/#article\",\"isPartOf\":{\"@id\":\"https:\/\/www.fiscalia.gov.co\/colombia\/noticias\/nuevos-exitos-de-fiscalia-en-seguridad-ciudadana\/\"},\"author\":{\"name\":\"dfgordillo\",\"@id\":\"https:\/\/www.fiscalia.gov.co\/colombia\/#\/schema\/person\/3903856a3ce2d54b094c69eb29247895\"},\"headline\":\"Nuevos \u00e9xitos de Fiscal\u00eda en seguridad ciudadana\",\"datePublished\":\"2016-09-29T23:32:51+00:00\",\"dateModified\":\"2016-10-03T14:10:06+00:00\",\"mainEntityOfPage\":{\"@id\":\"https:\/\/www.fiscalia.gov.co\/colombia\/noticias\/nuevos-exitos-de-fiscalia-en-seguridad-ciudadana\/\"},\"wordCount\":546,\"publisher\":{\"@id\":\"https:\/\/www.fiscalia.gov.co\/colombia\/#organization\"},\"keywords\":[\"Bandas criminales\",\"Desplazamiento forzado\",\"Narcotr\u00e1fico\"],\"articleSection\":[\"Destacada\",\"Noticias\"],\"inLanguage\":\"es-CO\"},{\"@type\":\"WebPage\",\"@id\":\"https:\/\/www.fiscalia.gov.co\/colombia\/noticias\/nuevos-exitos-de-fiscalia-en-seguridad-ciudadana\/\",\"url\":\"https:\/\/www.fiscalia.gov.co\/colombia\/noticias\/nuevos-exitos-de-fiscalia-en-seguridad-ciudadana\/\",\"name\":\"Fiscal\u00eda General de la Naci\u00f3n\",\"isPartOf\":{\"@id\":\"https:\/\/www.fiscalia.gov.co\/colombia\/#website\"},\"datePublished\":\"2016-09-29T23:32:51+00:00\",\"dateModified\":\"2016-10-03T14:10:06+00:00\",\"description\":\"P\u00e1gina oficial de la Fiscal\u00eda General de la Naci\u00f3n \u2013 Colombia. Garantizamos el acceso efectivo a la justicia, la verdad y la reparaci\u00f3n de las v\u00edctimas de los delitos.\",\"breadcrumb\":{\"@id\":\"https:\/\/www.fiscalia.gov.co\/colombia\/noticias\/nuevos-exitos-de-fiscalia-en-seguridad-ciudadana\/#breadcrumb\"},\"inLanguage\":\"es-CO\",\"potentialAction\":[{\"@type\":\"ReadAction\",\"target\":[\"https:\/\/www.fiscalia.gov.co\/colombia\/noticias\/nuevos-exitos-de-fiscalia-en-seguridad-ciudadana\/\"]}]},{\"@type\":\"BreadcrumbList\",\"@id\":\"https:\/\/www.fiscalia.gov.co\/colombia\/noticias\/nuevos-exitos-de-fiscalia-en-seguridad-ciudadana\/#breadcrumb\",\"itemListElement\":[{\"@type\":\"ListItem\",\"position\":1,\"name\":\"Home\",\"item\":\"https:\/\/www.fiscalia.gov.co\/colombia\/\"},{\"@type\":\"ListItem\",\"position\":2,\"name\":\"Nuevos \u00e9xitos de Fiscal\u00eda en seguridad ciudadana\"}]},{\"@type\":\"WebSite\",\"@id\":\"https:\/\/www.fiscalia.gov.co\/colombia\/#website\",\"url\":\"https:\/\/www.fiscalia.gov.co\/colombia\/\",\"name\":\"Fiscal\u00eda General de la Naci\u00f3n\",\"description\":\"P\u00e1gina oficial de la Fiscal\u00eda General de la Naci\u00f3n \u2013 Colombia. Garantizamos el acceso efectivo a la justicia, la verdad y la reparaci\u00f3n de las v\u00edctimas de los delitos.\",\"publisher\":{\"@id\":\"https:\/\/www.fiscalia.gov.co\/colombia\/#organization\"},\"potentialAction\":[{\"@type\":\"SearchAction\",\"target\":{\"@type\":\"EntryPoint\",\"urlTemplate\":\"https:\/\/www.fiscalia.gov.co\/colombia\/?s={search_term_string}\"},\"query-input\":{\"@type\":\"PropertyValueSpecification\",\"valueRequired\":true,\"valueName\":\"search_term_string\"}}],\"inLanguage\":\"es-CO\"},{\"@type\":\"Organization\",\"@id\":\"https:\/\/www.fiscalia.gov.co\/colombia\/#organization\",\"name\":\"Fiscal\u00eda General de la Naci\u00f3n\",\"url\":\"https:\/\/www.fiscalia.gov.co\/colombia\/\",\"logo\":{\"@type\":\"ImageObject\",\"inLanguage\":\"es-CO\",\"@id\":\"https:\/\/www.fiscalia.gov.co\/colombia\/#\/schema\/logo\/image\/\",\"url\":\"https:\/\/www.fiscalia.gov.co\/colombia\/wp-content\/uploads\/LogoHorizontal_1.jpg\",\"contentUrl\":\"https:\/\/www.fiscalia.gov.co\/colombia\/wp-content\/uploads\/LogoHorizontal_1.jpg\",\"width\":300,\"height\":90,\"caption\":\"Fiscal\u00eda General de la Naci\u00f3n\"},\"image\":{\"@id\":\"https:\/\/www.fiscalia.gov.co\/colombia\/#\/schema\/logo\/image\/\"},\"sameAs\":[\"https:\/\/www.facebook.com\/FiscaliaCol\",\"https:\/\/x.com\/FiscaliaCol\",\"https:\/\/www.instagram.com\/fiscaliacol\",\"https:\/\/www.linkedin.com\/company\/fiscalia-general-de-la-naci-n\/\",\"https:\/\/youtube.com\/@fiscaliageneraldelanacion-4668?si=6nN79nyQICPU5iTh\"]},{\"@type\":\"Person\",\"@id\":\"https:\/\/www.fiscalia.gov.co\/colombia\/#\/schema\/person\/3903856a3ce2d54b094c69eb29247895\",\"name\":\"dfgordillo\",\"image\":{\"@type\":\"ImageObject\",\"inLanguage\":\"es-CO\",\"@id\":\"https:\/\/www.fiscalia.gov.co\/colombia\/#\/schema\/person\/image\/\",\"url\":\"https:\/\/secure.gravatar.com\/avatar\/b6356e21c5657c60757fe6fb9493e947?s=96&d=mm&r=g\",\"contentUrl\":\"https:\/\/secure.gravatar.com\/avatar\/b6356e21c5657c60757fe6fb9493e947?s=96&d=mm&r=g\",\"caption\":\"dfgordillo\"},\"sameAs\":[\"dfgordillo\"],\"url\":\"https:\/\/www.fiscalia.gov.co\/colombia\/author\/dfgordillo\/\"}]}<\/script>\n<!-- \/ Yoast SEO plugin. -->","yoast_head_json":{"title":"Fiscal\u00eda General de la Naci\u00f3n","description":"P\u00e1gina oficial de la Fiscal\u00eda General de la Naci\u00f3n \u2013 Colombia. Garantizamos el acceso efectivo a la justicia, la verdad y la reparaci\u00f3n de las v\u00edctimas de los delitos.","robots":{"index":"noindex","follow":"follow"},"og_locale":"es_ES","og_type":"article","og_title":"Fiscal\u00eda General de la Naci\u00f3n","og_description":"P\u00e1gina oficial de la Fiscal\u00eda General de la Naci\u00f3n \u2013 Colombia. Garantizamos el acceso efectivo a la justicia, la verdad y la reparaci\u00f3n de las v\u00edctimas de los delitos.","og_url":"https:\/\/www.fiscalia.gov.co\/colombia\/noticias\/nuevos-exitos-de-fiscalia-en-seguridad-ciudadana\/","og_site_name":"Fiscal\u00eda General de la Naci\u00f3n","article_publisher":"https:\/\/www.facebook.com\/FiscaliaCol","article_published_time":"2016-09-29T23:32:51+00:00","article_modified_time":"2016-10-03T14:10:06+00:00","author":"dfgordillo","twitter_card":"summary_large_image","twitter_creator":"@FiscaliaCol","twitter_site":"@FiscaliaCol","twitter_misc":{"Escrito por":"dfgordillo","Tiempo de lectura":"3 minutos"},"schema":{"@context":"https:\/\/schema.org","@graph":[{"@type":"Article","@id":"https:\/\/www.fiscalia.gov.co\/colombia\/noticias\/nuevos-exitos-de-fiscalia-en-seguridad-ciudadana\/#article","isPartOf":{"@id":"https:\/\/www.fiscalia.gov.co\/colombia\/noticias\/nuevos-exitos-de-fiscalia-en-seguridad-ciudadana\/"},"author":{"name":"dfgordillo","@id":"https:\/\/www.fiscalia.gov.co\/colombia\/#\/schema\/person\/3903856a3ce2d54b094c69eb29247895"},"headline":"Nuevos \u00e9xitos de Fiscal\u00eda en seguridad ciudadana","datePublished":"2016-09-29T23:32:51+00:00","dateModified":"2016-10-03T14:10:06+00:00","mainEntityOfPage":{"@id":"https:\/\/www.fiscalia.gov.co\/colombia\/noticias\/nuevos-exitos-de-fiscalia-en-seguridad-ciudadana\/"},"wordCount":546,"publisher":{"@id":"https:\/\/www.fiscalia.gov.co\/colombia\/#organization"},"keywords":["Bandas criminales","Desplazamiento forzado","Narcotr\u00e1fico"],"articleSection":["Destacada","Noticias"],"inLanguage":"es-CO"},{"@type":"WebPage","@id":"https:\/\/www.fiscalia.gov.co\/colombia\/noticias\/nuevos-exitos-de-fiscalia-en-seguridad-ciudadana\/","url":"https:\/\/www.fiscalia.gov.co\/colombia\/noticias\/nuevos-exitos-de-fiscalia-en-seguridad-ciudadana\/","name":"Fiscal\u00eda General de la Naci\u00f3n","isPartOf":{"@id":"https:\/\/www.fiscalia.gov.co\/colombia\/#website"},"datePublished":"2016-09-29T23:32:51+00:00","dateModified":"2016-10-03T14:10:06+00:00","description":"P\u00e1gina oficial de la Fiscal\u00eda General de la Naci\u00f3n \u2013 Colombia. Garantizamos el acceso efectivo a la justicia, la verdad y la reparaci\u00f3n de las v\u00edctimas de los delitos.","breadcrumb":{"@id":"https:\/\/www.fiscalia.gov.co\/colombia\/noticias\/nuevos-exitos-de-fiscalia-en-seguridad-ciudadana\/#breadcrumb"},"inLanguage":"es-CO","potentialAction":[{"@type":"ReadAction","target":["https:\/\/www.fiscalia.gov.co\/colombia\/noticias\/nuevos-exitos-de-fiscalia-en-seguridad-ciudadana\/"]}]},{"@type":"BreadcrumbList","@id":"https:\/\/www.fiscalia.gov.co\/colombia\/noticias\/nuevos-exitos-de-fiscalia-en-seguridad-ciudadana\/#breadcrumb","itemListElement":[{"@type":"ListItem","position":1,"name":"Home","item":"https:\/\/www.fiscalia.gov.co\/colombia\/"},{"@type":"ListItem","position":2,"name":"Nuevos \u00e9xitos de Fiscal\u00eda en seguridad ciudadana"}]},{"@type":"WebSite","@id":"https:\/\/www.fiscalia.gov.co\/colombia\/#website","url":"https:\/\/www.fiscalia.gov.co\/colombia\/","name":"Fiscal\u00eda General de la Naci\u00f3n","description":"P\u00e1gina oficial de la Fiscal\u00eda General de la Naci\u00f3n \u2013 Colombia. Garantizamos el acceso efectivo a la justicia, la verdad y la reparaci\u00f3n de las v\u00edctimas de los delitos.","publisher":{"@id":"https:\/\/www.fiscalia.gov.co\/colombia\/#organization"},"potentialAction":[{"@type":"SearchAction","target":{"@type":"EntryPoint","urlTemplate":"https:\/\/www.fiscalia.gov.co\/colombia\/?s={search_term_string}"},"query-input":{"@type":"PropertyValueSpecification","valueRequired":true,"valueName":"search_term_string"}}],"inLanguage":"es-CO"},{"@type":"Organization","@id":"https:\/\/www.fiscalia.gov.co\/colombia\/#organization","name":"Fiscal\u00eda General de la Naci\u00f3n","url":"https:\/\/www.fiscalia.gov.co\/colombia\/","logo":{"@type":"ImageObject","inLanguage":"es-CO","@id":"https:\/\/www.fiscalia.gov.co\/colombia\/#\/schema\/logo\/image\/","url":"https:\/\/www.fiscalia.gov.co\/colombia\/wp-content\/uploads\/LogoHorizontal_1.jpg","contentUrl":"https:\/\/www.fiscalia.gov.co\/colombia\/wp-content\/uploads\/LogoHorizontal_1.jpg","width":300,"height":90,"caption":"Fiscal\u00eda General de la Naci\u00f3n"},"image":{"@id":"https:\/\/www.fiscalia.gov.co\/colombia\/#\/schema\/logo\/image\/"},"sameAs":["https:\/\/www.facebook.com\/FiscaliaCol","https:\/\/x.com\/FiscaliaCol","https:\/\/www.instagram.com\/fiscaliacol","https:\/\/www.linkedin.com\/company\/fiscalia-general-de-la-naci-n\/","https:\/\/youtube.com\/@fiscaliageneraldelanacion-4668?si=6nN79nyQICPU5iTh"]},{"@type":"Person","@id":"https:\/\/www.fiscalia.gov.co\/colombia\/#\/schema\/person\/3903856a3ce2d54b094c69eb29247895","name":"dfgordillo","image":{"@type":"ImageObject","inLanguage":"es-CO","@id":"https:\/\/www.fiscalia.gov.co\/colombia\/#\/schema\/person\/image\/","url":"https:\/\/secure.gravatar.com\/avatar\/b6356e21c5657c60757fe6fb9493e947?s=96&d=mm&r=g","contentUrl":"https:\/\/secure.gravatar.com\/avatar\/b6356e21c5657c60757fe6fb9493e947?s=96&d=mm&r=g","caption":"dfgordillo"},"sameAs":["dfgordillo"],"url":"https:\/\/www.fiscalia.gov.co\/colombia\/author\/dfgordillo\/"}]}},"_links":{"self":[{"href":"https:\/\/www.fiscalia.gov.co\/colombia\/wp-json\/wp\/v2\/posts\/91355","targetHints":{"allow":["GET"]}}],"collection":[{"href":"https:\/\/www.fiscalia.gov.co\/colombia\/wp-json\/wp\/v2\/posts"}],"about":[{"href":"https:\/\/www.fiscalia.gov.co\/colombia\/wp-json\/wp\/v2\/types\/post"}],"author":[{"embeddable":true,"href":"https:\/\/www.fiscalia.gov.co\/colombia\/wp-json\/wp\/v2\/users\/143"}],"replies":[{"embeddable":true,"href":"https:\/\/www.fiscalia.gov.co\/colombia\/wp-json\/wp\/v2\/comments?post=91355"}],"version-history":[{"count":7,"href":"https:\/\/www.fiscalia.gov.co\/colombia\/wp-json\/wp\/v2\/posts\/91355\/revisions"}],"predecessor-version":[{"id":91369,"href":"https:\/\/www.fiscalia.gov.co\/colombia\/wp-json\/wp\/v2\/posts\/91355\/revisions\/91369"}],"wp:attachment":[{"href":"https:\/\/www.fiscalia.gov.co\/colombia\/wp-json\/wp\/v2\/media?parent=91355"}],"wp:term":[{"taxonomy":"category","embeddable":true,"href":"https:\/\/www.fiscalia.gov.co\/colombia\/wp-json\/wp\/v2\/categories?post=91355"},{"taxonomy":"post_tag","embeddable":true,"href":"https:\/\/www.fiscalia.gov.co\/colombia\/wp-json\/wp\/v2\/tags?post=91355"}],"curies":[{"name":"wp","href":"https:\/\/api.w.org\/{rel}","templated":true}]}}