{"id":85908,"date":"2016-07-08T17:47:40","date_gmt":"2016-07-08T22:47:40","guid":{"rendered":"http:\/\/www.fiscalia.gov.co\/colombia\/?p=85908"},"modified":"2016-07-08T17:49:14","modified_gmt":"2016-07-08T22:49:14","slug":"cerca-de-10-000-victimas-de-las-autodefensas-estan-siendo-reparadas-director-de-justicia-transicional","status":"publish","type":"post","link":"https:\/\/www.fiscalia.gov.co\/colombia\/noticias\/cerca-de-10-000-victimas-de-las-autodefensas-estan-siendo-reparadas-director-de-justicia-transicional\/","title":{"rendered":"\u201cCerca de 10.000 v\u00edctimas de las Autodefensas est\u00e1n siendo reparadas\u201d: Director de Justicia Transicional"},"content":{"rendered":"<p>M\u00e1s de 2000 hechos que involucran a cerca de 280 postulados que pertenecieron al Bloque Central Bol\u00edvar de las Autodefensas Unidas de Colombia, han sido documentados por la Fiscal\u00eda en un trabajo sin precedentes en el que se realizaron\u00a0 las audiencias de reparaci\u00f3n integral a v\u00edctimas de este grupo en Bucaramanga (Santander), Pereira (Risaralda), Pasto (Nari\u00f1o) y Cali (Valle del Cauca); as\u00ed lo afirm\u00f3 el Director Nacional de Justicia Transicional, Carlos Fidel Villamil, quien tambi\u00e9n explic\u00f3 la importancia en materia de verdad y reparaci\u00f3n para las m\u00e1s de 10.0000 v\u00edctimas que participaron en este incidente.<\/p>\n<p>\u201cAll\u00ed se han ventilado temas connotados y de relevancia en los cuales se han vulnerado gravemente los derechos humanos. M\u00e1s de 200 torturas, pr\u00e1cticas como la construcci\u00f3n de un b\u00fanker bajo tierra en el departamento de Caquet\u00e1 donde\u00a0 realizaban las torturas, casos lamentables como la desaparici\u00f3n de las hermanas Galarraga y el desplazamiento de m\u00e1s de 139 familias\u201d, agreg\u00f3 el funcionario.<\/p>\n<p>Durante la audiencia se imputaron hechos a 35 m\u00e1ximos responsables del BCB, entre otros, Iv\u00e1n Roberto Duque, Guillermo P\u00e9rez Alzate, Rodrigo P\u00e9rez Alzate, Carlos Mario Ospina Bedoya, Arnulfo Santamar\u00eda y Jos\u00e9 Germ\u00e1n Sena Pico, y se logr\u00f3 la extinci\u00f3n del derecho de dominio sobre 71 bienes adquiridos por el grupo armado de manera ilegal. \u201cCerca de 46 de esos bienes corresponden a labores investigativas de la Fiscal\u00eda. No fueron entregados, denunciados u ofrecidos por los postulados sino que la Fiscal\u00eda General de la Naci\u00f3n encontr\u00f3\u201d, dijo Villamil.<\/p>\n<p>El Director de Justicia Transicional tambi\u00e9n indic\u00f3 que parte de los bienes ocultos eran propiedades de Carlos Mario Jim\u00e9nez Naranjo, alias Macaco, quien fue excluido del proceso. Respecto a esto en particular el funcionario asegur\u00f3 que \u201cla situaci\u00f3n de exclusi\u00f3n de un postulado no impide que la Fiscal\u00eda contin\u00fae en el proceso de persecuci\u00f3n de bienes con fines de extinci\u00f3n para la reparaci\u00f3n de las v\u00edctimas\u201d.<\/p>\n<p>Los bienes rurales y urbanos, seg\u00fan los informes de la Direcci\u00f3n de Justicia Transicional, tienen una extensi\u00f3n de m\u00e1s de 7000 hect\u00e1reas y est\u00e1n avaluados en m\u00e1s de 53.143 millones de pesos. \u201cHay bienes de especial trascendencia como por ejemplo la producci\u00f3n que ha generado el cultivo de palma en donde se han solicitado la extinci\u00f3n de m\u00e1s de 6000 millones de pesos producto de esta actividad\u201d, puntualiz\u00f3 el directivo.<br \/>\nMagistrados del Tribunal de Justicia y Paz y entidades como la Defensor\u00eda y Procuradur\u00eda apoyaron el desarrollo de este proceso judicial.<\/p>\n<p>LCRA\/DLBM<\/p>\n<p>______________________________________________________________<\/p>\n<p><strong>Rueda de prensa Carlos Fidel Villamil, Director Nacional de Fiscal\u00edas de Justicia Transicional<br \/>\n<\/strong><\/p>\n[audio:http:\/\/www.fiscalia.gov.co\/colombia\/wp-content\/uploads\/8-DE-JULIO.mp3|titles=Declaraciones]\n<p><a title=\"Descargar audio\" href=\"http:\/\/www.fiscalia.gov.co\/colombia\/wp-content\/uploads\/8-DE-JULIO.mp3\" target=\"_blank\">Descargar<\/a><\/p>\n<p>Tema: Reparaci\u00f3n a v\u00edctimas de las autodefensas<br \/>\nLugar: Seccional Bogot\u00e1<br \/>\nFecha: 8 de julio de 2016<\/p>\n\n<div class=\"twitter-share\"><a href=\"https:\/\/twitter.com\/intent\/tweet?via=fiscaliacol\" class=\"twitter-share-button\">Tweet<\/a><\/div>\n","protected":false},"excerpt":{"rendered":"<p>M\u00e1s de 2000 hechos que involucran a cerca de 280 postulados que pertenecieron al Bloque Central Bol\u00edvar de las Autodefensas Unidas de Colombia, han sido documentados por la Fiscal\u00eda en un trabajo sin precedentes en el que se realizaron\u00a0 las audiencias de reparaci\u00f3n integral a v\u00edctimas de este grupo en Bucaramanga (Santander), Pereira (Risaralda), Pasto [&hellip;]<\/p>\n","protected":false},"author":143,"featured_media":0,"comment_status":"closed","ping_status":"open","sticky":false,"template":"","format":"standard","meta":{"_price":"","_stock":"","_tribe_ticket_header":"","_tribe_default_ticket_provider":"","_tribe_ticket_capacity":"0","_ticket_start_date":"","_ticket_end_date":"","_tribe_ticket_show_description":"","_tribe_ticket_show_not_going":false,"_tribe_ticket_use_global_stock":"","_tribe_ticket_global_stock_level":"","_global_stock_mode":"","_global_stock_cap":"","_tribe_rsvp_for_event":"","_tribe_ticket_going_count":"","_tribe_ticket_not_going_count":"","_tribe_tickets_list":"[]","_tribe_ticket_has_attendee_info_fields":false,"tdm_status":"","tdm_grid_status":"","footnotes":""},"categories":[1],"tags":[402,518,10350,23970],"class_list":{"0":"post-85908","1":"post","2":"type-post","3":"status-publish","4":"format-standard","6":"category-noticias","7":"tag-autodefensas","8":"tag-justicia-transicional","9":"tag-reparacion","10":"tag-victimas"},"yoast_head":"<!-- This site is optimized with the Yoast SEO plugin v24.3 - https:\/\/yoast.com\/wordpress\/plugins\/seo\/ -->\n<title>Fiscal\u00eda General de la Naci\u00f3n<\/title>\n<meta name=\"description\" content=\"P\u00e1gina oficial de la Fiscal\u00eda General de la Naci\u00f3n \u2013 Colombia. Garantizamos el acceso efectivo a la justicia, la verdad y la reparaci\u00f3n de las v\u00edctimas de los delitos.\" \/>\n<meta name=\"robots\" content=\"noindex, follow\" \/>\n<meta property=\"og:locale\" content=\"es_ES\" \/>\n<meta property=\"og:type\" content=\"article\" \/>\n<meta property=\"og:title\" content=\"Fiscal\u00eda General de la Naci\u00f3n\" \/>\n<meta property=\"og:description\" content=\"P\u00e1gina oficial de la Fiscal\u00eda General de la Naci\u00f3n \u2013 Colombia. Garantizamos el acceso efectivo a la justicia, la verdad y la reparaci\u00f3n de las v\u00edctimas de los delitos.\" \/>\n<meta property=\"og:url\" content=\"https:\/\/www.fiscalia.gov.co\/colombia\/noticias\/cerca-de-10-000-victimas-de-las-autodefensas-estan-siendo-reparadas-director-de-justicia-transicional\/\" \/>\n<meta property=\"og:site_name\" content=\"Fiscal\u00eda General de la Naci\u00f3n\" \/>\n<meta property=\"article:publisher\" content=\"https:\/\/www.facebook.com\/FiscaliaCol\" \/>\n<meta property=\"article:published_time\" content=\"2016-07-08T22:47:40+00:00\" \/>\n<meta property=\"article:modified_time\" content=\"2016-07-08T22:49:14+00:00\" \/>\n<meta name=\"author\" content=\"dfgordillo\" \/>\n<meta name=\"twitter:card\" content=\"summary_large_image\" \/>\n<meta name=\"twitter:creator\" content=\"@FiscaliaCol\" \/>\n<meta name=\"twitter:site\" content=\"@FiscaliaCol\" \/>\n<meta name=\"twitter:label1\" content=\"Escrito por\" \/>\n\t<meta name=\"twitter:data1\" content=\"dfgordillo\" \/>\n\t<meta name=\"twitter:label2\" content=\"Tiempo de lectura\" \/>\n\t<meta name=\"twitter:data2\" content=\"2 minutos\" \/>\n<script type=\"application\/ld+json\" class=\"yoast-schema-graph\">{\"@context\":\"https:\/\/schema.org\",\"@graph\":[{\"@type\":\"Article\",\"@id\":\"https:\/\/www.fiscalia.gov.co\/colombia\/noticias\/cerca-de-10-000-victimas-de-las-autodefensas-estan-siendo-reparadas-director-de-justicia-transicional\/#article\",\"isPartOf\":{\"@id\":\"https:\/\/www.fiscalia.gov.co\/colombia\/noticias\/cerca-de-10-000-victimas-de-las-autodefensas-estan-siendo-reparadas-director-de-justicia-transicional\/\"},\"author\":{\"name\":\"dfgordillo\",\"@id\":\"https:\/\/www.fiscalia.gov.co\/colombia\/#\/schema\/person\/3903856a3ce2d54b094c69eb29247895\"},\"headline\":\"\u201cCerca de 10.000 v\u00edctimas de las Autodefensas est\u00e1n siendo reparadas\u201d: Director de Justicia Transicional\",\"datePublished\":\"2016-07-08T22:47:40+00:00\",\"dateModified\":\"2016-07-08T22:49:14+00:00\",\"mainEntityOfPage\":{\"@id\":\"https:\/\/www.fiscalia.gov.co\/colombia\/noticias\/cerca-de-10-000-victimas-de-las-autodefensas-estan-siendo-reparadas-director-de-justicia-transicional\/\"},\"wordCount\":498,\"publisher\":{\"@id\":\"https:\/\/www.fiscalia.gov.co\/colombia\/#organization\"},\"keywords\":[\"Autodefensas\",\"Justicia transicional\",\"Reparaci\u00f3n\",\"V\u00edctimas\"],\"articleSection\":[\"Noticias\"],\"inLanguage\":\"es-CO\"},{\"@type\":\"WebPage\",\"@id\":\"https:\/\/www.fiscalia.gov.co\/colombia\/noticias\/cerca-de-10-000-victimas-de-las-autodefensas-estan-siendo-reparadas-director-de-justicia-transicional\/\",\"url\":\"https:\/\/www.fiscalia.gov.co\/colombia\/noticias\/cerca-de-10-000-victimas-de-las-autodefensas-estan-siendo-reparadas-director-de-justicia-transicional\/\",\"name\":\"Fiscal\u00eda General de la Naci\u00f3n\",\"isPartOf\":{\"@id\":\"https:\/\/www.fiscalia.gov.co\/colombia\/#website\"},\"datePublished\":\"2016-07-08T22:47:40+00:00\",\"dateModified\":\"2016-07-08T22:49:14+00:00\",\"description\":\"P\u00e1gina oficial de la Fiscal\u00eda General de la Naci\u00f3n \u2013 Colombia. Garantizamos el acceso efectivo a la justicia, la verdad y la reparaci\u00f3n de las v\u00edctimas de los delitos.\",\"breadcrumb\":{\"@id\":\"https:\/\/www.fiscalia.gov.co\/colombia\/noticias\/cerca-de-10-000-victimas-de-las-autodefensas-estan-siendo-reparadas-director-de-justicia-transicional\/#breadcrumb\"},\"inLanguage\":\"es-CO\",\"potentialAction\":[{\"@type\":\"ReadAction\",\"target\":[\"https:\/\/www.fiscalia.gov.co\/colombia\/noticias\/cerca-de-10-000-victimas-de-las-autodefensas-estan-siendo-reparadas-director-de-justicia-transicional\/\"]}]},{\"@type\":\"BreadcrumbList\",\"@id\":\"https:\/\/www.fiscalia.gov.co\/colombia\/noticias\/cerca-de-10-000-victimas-de-las-autodefensas-estan-siendo-reparadas-director-de-justicia-transicional\/#breadcrumb\",\"itemListElement\":[{\"@type\":\"ListItem\",\"position\":1,\"name\":\"Home\",\"item\":\"https:\/\/www.fiscalia.gov.co\/colombia\/\"},{\"@type\":\"ListItem\",\"position\":2,\"name\":\"\u201cCerca de 10.000 v\u00edctimas de las Autodefensas est\u00e1n siendo reparadas\u201d: Director de Justicia Transicional\"}]},{\"@type\":\"WebSite\",\"@id\":\"https:\/\/www.fiscalia.gov.co\/colombia\/#website\",\"url\":\"https:\/\/www.fiscalia.gov.co\/colombia\/\",\"name\":\"Fiscal\u00eda General de la Naci\u00f3n\",\"description\":\"P\u00e1gina oficial de la Fiscal\u00eda General de la Naci\u00f3n \u2013 Colombia. Garantizamos el acceso efectivo a la justicia, la verdad y la reparaci\u00f3n de las v\u00edctimas de los delitos.\",\"publisher\":{\"@id\":\"https:\/\/www.fiscalia.gov.co\/colombia\/#organization\"},\"potentialAction\":[{\"@type\":\"SearchAction\",\"target\":{\"@type\":\"EntryPoint\",\"urlTemplate\":\"https:\/\/www.fiscalia.gov.co\/colombia\/?s={search_term_string}\"},\"query-input\":{\"@type\":\"PropertyValueSpecification\",\"valueRequired\":true,\"valueName\":\"search_term_string\"}}],\"inLanguage\":\"es-CO\"},{\"@type\":\"Organization\",\"@id\":\"https:\/\/www.fiscalia.gov.co\/colombia\/#organization\",\"name\":\"Fiscal\u00eda General de la Naci\u00f3n\",\"url\":\"https:\/\/www.fiscalia.gov.co\/colombia\/\",\"logo\":{\"@type\":\"ImageObject\",\"inLanguage\":\"es-CO\",\"@id\":\"https:\/\/www.fiscalia.gov.co\/colombia\/#\/schema\/logo\/image\/\",\"url\":\"https:\/\/www.fiscalia.gov.co\/colombia\/wp-content\/uploads\/LogoHorizontal_1.jpg\",\"contentUrl\":\"https:\/\/www.fiscalia.gov.co\/colombia\/wp-content\/uploads\/LogoHorizontal_1.jpg\",\"width\":300,\"height\":90,\"caption\":\"Fiscal\u00eda General de la Naci\u00f3n\"},\"image\":{\"@id\":\"https:\/\/www.fiscalia.gov.co\/colombia\/#\/schema\/logo\/image\/\"},\"sameAs\":[\"https:\/\/www.facebook.com\/FiscaliaCol\",\"https:\/\/x.com\/FiscaliaCol\",\"https:\/\/www.instagram.com\/fiscaliacol\",\"https:\/\/www.linkedin.com\/company\/fiscalia-general-de-la-naci-n\/\",\"https:\/\/youtube.com\/@fiscaliageneraldelanacion-4668?si=6nN79nyQICPU5iTh\"]},{\"@type\":\"Person\",\"@id\":\"https:\/\/www.fiscalia.gov.co\/colombia\/#\/schema\/person\/3903856a3ce2d54b094c69eb29247895\",\"name\":\"dfgordillo\",\"image\":{\"@type\":\"ImageObject\",\"inLanguage\":\"es-CO\",\"@id\":\"https:\/\/www.fiscalia.gov.co\/colombia\/#\/schema\/person\/image\/\",\"url\":\"https:\/\/secure.gravatar.com\/avatar\/b6356e21c5657c60757fe6fb9493e947?s=96&d=mm&r=g\",\"contentUrl\":\"https:\/\/secure.gravatar.com\/avatar\/b6356e21c5657c60757fe6fb9493e947?s=96&d=mm&r=g\",\"caption\":\"dfgordillo\"},\"sameAs\":[\"dfgordillo\"],\"url\":\"https:\/\/www.fiscalia.gov.co\/colombia\/author\/dfgordillo\/\"}]}<\/script>\n<!-- \/ Yoast SEO plugin. -->","yoast_head_json":{"title":"Fiscal\u00eda General de la Naci\u00f3n","description":"P\u00e1gina oficial de la Fiscal\u00eda General de la Naci\u00f3n \u2013 Colombia. Garantizamos el acceso efectivo a la justicia, la verdad y la reparaci\u00f3n de las v\u00edctimas de los delitos.","robots":{"index":"noindex","follow":"follow"},"og_locale":"es_ES","og_type":"article","og_title":"Fiscal\u00eda General de la Naci\u00f3n","og_description":"P\u00e1gina oficial de la Fiscal\u00eda General de la Naci\u00f3n \u2013 Colombia. Garantizamos el acceso efectivo a la justicia, la verdad y la reparaci\u00f3n de las v\u00edctimas de los delitos.","og_url":"https:\/\/www.fiscalia.gov.co\/colombia\/noticias\/cerca-de-10-000-victimas-de-las-autodefensas-estan-siendo-reparadas-director-de-justicia-transicional\/","og_site_name":"Fiscal\u00eda General de la Naci\u00f3n","article_publisher":"https:\/\/www.facebook.com\/FiscaliaCol","article_published_time":"2016-07-08T22:47:40+00:00","article_modified_time":"2016-07-08T22:49:14+00:00","author":"dfgordillo","twitter_card":"summary_large_image","twitter_creator":"@FiscaliaCol","twitter_site":"@FiscaliaCol","twitter_misc":{"Escrito por":"dfgordillo","Tiempo de lectura":"2 minutos"},"schema":{"@context":"https:\/\/schema.org","@graph":[{"@type":"Article","@id":"https:\/\/www.fiscalia.gov.co\/colombia\/noticias\/cerca-de-10-000-victimas-de-las-autodefensas-estan-siendo-reparadas-director-de-justicia-transicional\/#article","isPartOf":{"@id":"https:\/\/www.fiscalia.gov.co\/colombia\/noticias\/cerca-de-10-000-victimas-de-las-autodefensas-estan-siendo-reparadas-director-de-justicia-transicional\/"},"author":{"name":"dfgordillo","@id":"https:\/\/www.fiscalia.gov.co\/colombia\/#\/schema\/person\/3903856a3ce2d54b094c69eb29247895"},"headline":"\u201cCerca de 10.000 v\u00edctimas de las Autodefensas est\u00e1n siendo reparadas\u201d: Director de Justicia Transicional","datePublished":"2016-07-08T22:47:40+00:00","dateModified":"2016-07-08T22:49:14+00:00","mainEntityOfPage":{"@id":"https:\/\/www.fiscalia.gov.co\/colombia\/noticias\/cerca-de-10-000-victimas-de-las-autodefensas-estan-siendo-reparadas-director-de-justicia-transicional\/"},"wordCount":498,"publisher":{"@id":"https:\/\/www.fiscalia.gov.co\/colombia\/#organization"},"keywords":["Autodefensas","Justicia transicional","Reparaci\u00f3n","V\u00edctimas"],"articleSection":["Noticias"],"inLanguage":"es-CO"},{"@type":"WebPage","@id":"https:\/\/www.fiscalia.gov.co\/colombia\/noticias\/cerca-de-10-000-victimas-de-las-autodefensas-estan-siendo-reparadas-director-de-justicia-transicional\/","url":"https:\/\/www.fiscalia.gov.co\/colombia\/noticias\/cerca-de-10-000-victimas-de-las-autodefensas-estan-siendo-reparadas-director-de-justicia-transicional\/","name":"Fiscal\u00eda General de la Naci\u00f3n","isPartOf":{"@id":"https:\/\/www.fiscalia.gov.co\/colombia\/#website"},"datePublished":"2016-07-08T22:47:40+00:00","dateModified":"2016-07-08T22:49:14+00:00","description":"P\u00e1gina oficial de la Fiscal\u00eda General de la Naci\u00f3n \u2013 Colombia. Garantizamos el acceso efectivo a la justicia, la verdad y la reparaci\u00f3n de las v\u00edctimas de los delitos.","breadcrumb":{"@id":"https:\/\/www.fiscalia.gov.co\/colombia\/noticias\/cerca-de-10-000-victimas-de-las-autodefensas-estan-siendo-reparadas-director-de-justicia-transicional\/#breadcrumb"},"inLanguage":"es-CO","potentialAction":[{"@type":"ReadAction","target":["https:\/\/www.fiscalia.gov.co\/colombia\/noticias\/cerca-de-10-000-victimas-de-las-autodefensas-estan-siendo-reparadas-director-de-justicia-transicional\/"]}]},{"@type":"BreadcrumbList","@id":"https:\/\/www.fiscalia.gov.co\/colombia\/noticias\/cerca-de-10-000-victimas-de-las-autodefensas-estan-siendo-reparadas-director-de-justicia-transicional\/#breadcrumb","itemListElement":[{"@type":"ListItem","position":1,"name":"Home","item":"https:\/\/www.fiscalia.gov.co\/colombia\/"},{"@type":"ListItem","position":2,"name":"\u201cCerca de 10.000 v\u00edctimas de las Autodefensas est\u00e1n siendo reparadas\u201d: Director de Justicia Transicional"}]},{"@type":"WebSite","@id":"https:\/\/www.fiscalia.gov.co\/colombia\/#website","url":"https:\/\/www.fiscalia.gov.co\/colombia\/","name":"Fiscal\u00eda General de la Naci\u00f3n","description":"P\u00e1gina oficial de la Fiscal\u00eda General de la Naci\u00f3n \u2013 Colombia. Garantizamos el acceso efectivo a la justicia, la verdad y la reparaci\u00f3n de las v\u00edctimas de los delitos.","publisher":{"@id":"https:\/\/www.fiscalia.gov.co\/colombia\/#organization"},"potentialAction":[{"@type":"SearchAction","target":{"@type":"EntryPoint","urlTemplate":"https:\/\/www.fiscalia.gov.co\/colombia\/?s={search_term_string}"},"query-input":{"@type":"PropertyValueSpecification","valueRequired":true,"valueName":"search_term_string"}}],"inLanguage":"es-CO"},{"@type":"Organization","@id":"https:\/\/www.fiscalia.gov.co\/colombia\/#organization","name":"Fiscal\u00eda General de la Naci\u00f3n","url":"https:\/\/www.fiscalia.gov.co\/colombia\/","logo":{"@type":"ImageObject","inLanguage":"es-CO","@id":"https:\/\/www.fiscalia.gov.co\/colombia\/#\/schema\/logo\/image\/","url":"https:\/\/www.fiscalia.gov.co\/colombia\/wp-content\/uploads\/LogoHorizontal_1.jpg","contentUrl":"https:\/\/www.fiscalia.gov.co\/colombia\/wp-content\/uploads\/LogoHorizontal_1.jpg","width":300,"height":90,"caption":"Fiscal\u00eda General de la Naci\u00f3n"},"image":{"@id":"https:\/\/www.fiscalia.gov.co\/colombia\/#\/schema\/logo\/image\/"},"sameAs":["https:\/\/www.facebook.com\/FiscaliaCol","https:\/\/x.com\/FiscaliaCol","https:\/\/www.instagram.com\/fiscaliacol","https:\/\/www.linkedin.com\/company\/fiscalia-general-de-la-naci-n\/","https:\/\/youtube.com\/@fiscaliageneraldelanacion-4668?si=6nN79nyQICPU5iTh"]},{"@type":"Person","@id":"https:\/\/www.fiscalia.gov.co\/colombia\/#\/schema\/person\/3903856a3ce2d54b094c69eb29247895","name":"dfgordillo","image":{"@type":"ImageObject","inLanguage":"es-CO","@id":"https:\/\/www.fiscalia.gov.co\/colombia\/#\/schema\/person\/image\/","url":"https:\/\/secure.gravatar.com\/avatar\/b6356e21c5657c60757fe6fb9493e947?s=96&d=mm&r=g","contentUrl":"https:\/\/secure.gravatar.com\/avatar\/b6356e21c5657c60757fe6fb9493e947?s=96&d=mm&r=g","caption":"dfgordillo"},"sameAs":["dfgordillo"],"url":"https:\/\/www.fiscalia.gov.co\/colombia\/author\/dfgordillo\/"}]}},"_links":{"self":[{"href":"https:\/\/www.fiscalia.gov.co\/colombia\/wp-json\/wp\/v2\/posts\/85908","targetHints":{"allow":["GET"]}}],"collection":[{"href":"https:\/\/www.fiscalia.gov.co\/colombia\/wp-json\/wp\/v2\/posts"}],"about":[{"href":"https:\/\/www.fiscalia.gov.co\/colombia\/wp-json\/wp\/v2\/types\/post"}],"author":[{"embeddable":true,"href":"https:\/\/www.fiscalia.gov.co\/colombia\/wp-json\/wp\/v2\/users\/143"}],"replies":[{"embeddable":true,"href":"https:\/\/www.fiscalia.gov.co\/colombia\/wp-json\/wp\/v2\/comments?post=85908"}],"version-history":[{"count":3,"href":"https:\/\/www.fiscalia.gov.co\/colombia\/wp-json\/wp\/v2\/posts\/85908\/revisions"}],"predecessor-version":[{"id":85912,"href":"https:\/\/www.fiscalia.gov.co\/colombia\/wp-json\/wp\/v2\/posts\/85908\/revisions\/85912"}],"wp:attachment":[{"href":"https:\/\/www.fiscalia.gov.co\/colombia\/wp-json\/wp\/v2\/media?parent=85908"}],"wp:term":[{"taxonomy":"category","embeddable":true,"href":"https:\/\/www.fiscalia.gov.co\/colombia\/wp-json\/wp\/v2\/categories?post=85908"},{"taxonomy":"post_tag","embeddable":true,"href":"https:\/\/www.fiscalia.gov.co\/colombia\/wp-json\/wp\/v2\/tags?post=85908"}],"curies":[{"name":"wp","href":"https:\/\/api.w.org\/{rel}","templated":true}]}}