{"id":84372,"date":"2016-06-03T17:41:43","date_gmt":"2016-06-03T22:41:43","guid":{"rendered":"http:\/\/www.fiscalia.gov.co\/colombia\/?p=84372"},"modified":"2016-06-03T17:41:43","modified_gmt":"2016-06-03T22:41:43","slug":"audiencia-publica-de-rendicion-de-cuentas-2012-2016","status":"publish","type":"post","link":"https:\/\/www.fiscalia.gov.co\/colombia\/noticias\/destacada\/audiencia-publica-de-rendicion-de-cuentas-2012-2016\/","title":{"rendered":"Audiencia P\u00fablica de Rendici\u00f3n de Cuentas 2012-2016"},"content":{"rendered":"<p>Un camino hacia la modernizaci\u00f3n fue lo que se inici\u00f3 en la Fiscal\u00eda General de la Naci\u00f3n desde 2012, cuando empez\u00f3 su administraci\u00f3n como jefe del ente acusador Eduardo Montealegre Lynett, y el en ese entonces Vicefiscal, Jorge Fernando Perdomo, para hacerla m\u00e1s moderna y eficiente.<\/p>\n<p>Durante la rendici\u00f3n de cuentas de los cuatro a\u00f1os de gesti\u00f3n, el Fiscal General de la Naci\u00f3n (e), Jorge Fernando Perdomo, relat\u00f3 que al comienzo de la administraci\u00f3n realizaron diagn\u00f3stico que puso en evidencia algunas falencias, como la falta de lineamientos de pol\u00edtica criminal y falta de planeaci\u00f3n al interior del ente investigador.<\/p>\n<p>En los 20 a\u00f1os de funcionamiento de la Fiscal\u00eda, no se hab\u00eda efectuado ning\u00fan cambio especial, mientras la planta de personal crec\u00eda sin organizaci\u00f3n. Adem\u00e1s, investigadores y fiscales trabajaban de manera independiente y con m\u00ednima comunicaci\u00f3n entre s\u00ed. Tampoco hab\u00eda quien se encargara de hacer estad\u00edsticas.<\/p>\n<p>Asimismo, la presencia de la Fiscal\u00eda en las regiones no era la m\u00e1s adecuada, algo que daba mucha debilidad a la instituci\u00f3n fuera del nivel central. En materia de investigaci\u00f3n, tambi\u00e9n se detectaron falencias, pese al fuerte compromiso de los funcionarios con su trabajo.<\/p>\n<p>La Fiscal\u00eda General de la Naci\u00f3n recibe en promedio un mill\u00f3n 250.000 denuncias al a\u00f1o y en ese momento no exist\u00eda una gerencia que abordar\u00e1 de manera eficiente esa carga, de tal forma que se determinara que procesos si pod\u00edan continuar y cu\u00e1les no y de qu\u00e9 manera abordarlos.<\/p>\n<p>Un caso que mostr\u00f3 esa falencia y que adem\u00e1s fue de mucho impacto en la capital del pa\u00eds fue el conocido como el de Los Pascuales. La organizaci\u00f3n era investigada por 50 fiscales, quienes ten\u00edan a su cargo 50 hechos individuales. Esto motivo la necesidad de darle un nuevo enfoque y reorganizar el proceso dejando los 50 hechos en manos de un solo fiscal.<\/p>\n<p>La Fiscal\u00eda adem\u00e1s estaba aislada de los ciudadanos, por lo que tambi\u00e9n se hizo necesario realizar y un mayor acercamiento a las personas y las v\u00edctimas. De este modo, naci\u00f3 la Subdirecci\u00f3n de Atenci\u00f3n a V\u00edctimas y Usuarios, cuyas labores permitieron, entre otras cosas, la aparici\u00f3n de los Centros de Atenci\u00f3n Penal Integral a Victimas (Capiv), donde el ciudadano puede encontrar todos los servicios estatales en materia de justicia, es decir investigadores, fiscales, delegados Bienestar Familiar, Medicina Legal, de los entes territoriales y jueces, entre otros. Empezaron a operar inicialmente en cinco ciudades.<\/p>\n<p>Adem\u00e1s durante el periodo 2012-2016 la Fiscal\u00eda lleg\u00f3 a tener m\u00e1s de 15 Direcciones Nacionales, entre ellas la Pol\u00edticas P\u00fablicas, que se encarga de dise\u00f1ar las l\u00edneas de acci\u00f3n de una entidad como la Fiscal\u00eda a\u00f1o tras a\u00f1o. Tambi\u00e9n se cre\u00f3 la direcci\u00f3n de Asuntos Constitucionales, para hacerles seguimientos a las jurisprudencias de las altas cortes y aplicarlas en los procesos penales.<\/p>\n<p>Adem\u00e1s, para facilitar los programas de acci\u00f3n, la entidad pas\u00f3 de 400 a 444 sedes en el pa\u00eds y se crearon nuevas seccionales en Magdalena Medio, Vichada, San Andr\u00e9s, Arauca y Amazonas, entre otras.<\/p>\n<p>&nbsp;<\/p>\n<p><strong>Nuevo paradigma investigativo<\/strong><\/p>\n<p>La administraci\u00f3n de Montealegre Lynett realiz\u00f3 un cambio en materia investigativa, para hacerla integral y enfrentar los fen\u00f3menos criminales, por eso se cre\u00f3 una pol\u00edtica de priorizaci\u00f3n que llev\u00f3 a mejorar los resultados. Se les dio \u00e9nfasis a casos como las violaciones graves de Derechos Humanos, que lleg\u00f3 a las regionales, porque los delitos son diferentes en cada una de ellas.<\/p>\n<p>Al mismo tiempo se inici\u00f3 la investigaci\u00f3n en contexto, para entender que los hechos nunca son aislados y dentro de ese proceso de transformaci\u00f3n de las investigaciones surgi\u00f3 la asociaci\u00f3n de casos, porque al demostrarse que esos hechos no son aislados, igualmente son atribuibles a las determinadas organizaciones seg\u00fan sus zonas de influencia, lo que adem\u00e1s permiti\u00f3 ahorrar recursos.<\/p>\n<p>Por ejemplo, explic\u00f3 el Fiscal Jorge Fernando Perdomo, el cambio de esos modelos se vio en el caso conocido como el Carrusel de la Contrataci\u00f3n en Bogot\u00e1, donde se efectu\u00f3 una investigaci\u00f3n en contexto y que tiene a m\u00e1s de 120 personas bajo investigaci\u00f3n.<\/p>\n<p>La Fiscal\u00eda tambi\u00e9n empez\u00f3 a estudiar nuevas formas de criminalidad, como la econ\u00f3mica y financiera &#8211;caso t\u00edpico Interbolsa&#8211; que devel\u00f3 la falta de idoneidad de los investigadores para asumir esos retos. Fue as\u00ed como surgi\u00f3 la Polic\u00eda Econ\u00f3mica y Financiera (PEF), cuyos integrantes fueron capacitados en esos temas en particular y tras su especializaci\u00f3n lograron destrabar temas como los de las mafias del contrabando.<\/p>\n<p>Frente a las regiones, la Fiscal\u00eda hizo intervenciones de diverso tipo, como el caso de Buenaventura (Valle del Cauca), dentro de un hecho conocido como Las Casas de Pique. En ese proceso se increment\u00f3 notablemente el n\u00famero de fiscales y en la planta de personal de investigadores. Fue as\u00ed que con el esclarecimiento no solo de esos hechos sino de algunos relacionados, se baj\u00f3 en pocos meses el \u00edndice de criminalidad en m\u00e1s de un 50 por ciento.<\/p>\n<p>&nbsp;<\/p>\n<p>AMC \/ AAEA<\/p>\n\n<div class=\"twitter-share\"><a href=\"https:\/\/twitter.com\/intent\/tweet?via=fiscaliacol\" class=\"twitter-share-button\">Tweet<\/a><\/div>\n","protected":false},"excerpt":{"rendered":"<p>Un camino hacia la modernizaci\u00f3n fue lo que se inici\u00f3 en la Fiscal\u00eda General de la Naci\u00f3n desde 2012, cuando empez\u00f3 su administraci\u00f3n como jefe del ente acusador Eduardo Montealegre Lynett<\/p>\n","protected":false},"author":143,"featured_media":0,"comment_status":"closed","ping_status":"open","sticky":false,"template":"","format":"standard","meta":{"_price":"","_stock":"","_tribe_ticket_header":"","_tribe_default_ticket_provider":"","_tribe_ticket_capacity":"0","_ticket_start_date":"","_ticket_end_date":"","_tribe_ticket_show_description":"","_tribe_ticket_show_not_going":false,"_tribe_ticket_use_global_stock":"","_tribe_ticket_global_stock_level":"","_global_stock_mode":"","_global_stock_cap":"","_tribe_rsvp_for_event":"","_tribe_ticket_going_count":"","_tribe_ticket_not_going_count":"","_tribe_tickets_list":"[]","_tribe_ticket_has_attendee_info_fields":false,"tdm_status":"","tdm_grid_status":"","footnotes":""},"categories":[3],"tags":[18429],"class_list":{"0":"post-84372","1":"post","2":"type-post","3":"status-publish","4":"format-standard","6":"category-destacada","7":"tag-audiencia-publica-de-rendicion-de-cuentas"},"yoast_head":"<!-- This site is optimized with the Yoast SEO plugin v24.3 - https:\/\/yoast.com\/wordpress\/plugins\/seo\/ -->\n<title>Fiscal\u00eda General de la Naci\u00f3n<\/title>\n<meta name=\"description\" content=\"P\u00e1gina oficial de la Fiscal\u00eda General de la Naci\u00f3n \u2013 Colombia. Garantizamos el acceso efectivo a la justicia, la verdad y la reparaci\u00f3n de las v\u00edctimas de los delitos.\" \/>\n<meta name=\"robots\" content=\"noindex, follow\" \/>\n<meta property=\"og:locale\" content=\"es_ES\" \/>\n<meta property=\"og:type\" content=\"article\" \/>\n<meta property=\"og:title\" content=\"Fiscal\u00eda General de la Naci\u00f3n\" \/>\n<meta property=\"og:description\" content=\"P\u00e1gina oficial de la Fiscal\u00eda General de la Naci\u00f3n \u2013 Colombia. Garantizamos el acceso efectivo a la justicia, la verdad y la reparaci\u00f3n de las v\u00edctimas de los delitos.\" \/>\n<meta property=\"og:url\" content=\"https:\/\/www.fiscalia.gov.co\/colombia\/noticias\/destacada\/audiencia-publica-de-rendicion-de-cuentas-2012-2016\/\" \/>\n<meta property=\"og:site_name\" content=\"Fiscal\u00eda General de la Naci\u00f3n\" \/>\n<meta property=\"article:publisher\" content=\"https:\/\/www.facebook.com\/FiscaliaCol\" \/>\n<meta property=\"article:published_time\" content=\"2016-06-03T22:41:43+00:00\" \/>\n<meta name=\"author\" content=\"dfgordillo\" \/>\n<meta name=\"twitter:card\" content=\"summary_large_image\" \/>\n<meta name=\"twitter:creator\" content=\"@FiscaliaCol\" \/>\n<meta name=\"twitter:site\" content=\"@FiscaliaCol\" \/>\n<meta name=\"twitter:label1\" content=\"Escrito por\" \/>\n\t<meta name=\"twitter:data1\" content=\"dfgordillo\" \/>\n\t<meta name=\"twitter:label2\" content=\"Tiempo de lectura\" \/>\n\t<meta name=\"twitter:data2\" content=\"4 minutos\" \/>\n<script type=\"application\/ld+json\" class=\"yoast-schema-graph\">{\"@context\":\"https:\/\/schema.org\",\"@graph\":[{\"@type\":\"Article\",\"@id\":\"https:\/\/www.fiscalia.gov.co\/colombia\/noticias\/destacada\/audiencia-publica-de-rendicion-de-cuentas-2012-2016\/#article\",\"isPartOf\":{\"@id\":\"https:\/\/www.fiscalia.gov.co\/colombia\/noticias\/destacada\/audiencia-publica-de-rendicion-de-cuentas-2012-2016\/\"},\"author\":{\"name\":\"dfgordillo\",\"@id\":\"https:\/\/www.fiscalia.gov.co\/colombia\/#\/schema\/person\/3903856a3ce2d54b094c69eb29247895\"},\"headline\":\"Audiencia P\u00fablica de Rendici\u00f3n de Cuentas 2012-2016\",\"datePublished\":\"2016-06-03T22:41:43+00:00\",\"dateModified\":\"2016-06-03T22:41:43+00:00\",\"mainEntityOfPage\":{\"@id\":\"https:\/\/www.fiscalia.gov.co\/colombia\/noticias\/destacada\/audiencia-publica-de-rendicion-de-cuentas-2012-2016\/\"},\"wordCount\":891,\"publisher\":{\"@id\":\"https:\/\/www.fiscalia.gov.co\/colombia\/#organization\"},\"keywords\":[\"Audiencia P\u00fablica de Rendici\u00f3n de Cuentas\"],\"articleSection\":[\"Destacada\"],\"inLanguage\":\"es-CO\"},{\"@type\":\"WebPage\",\"@id\":\"https:\/\/www.fiscalia.gov.co\/colombia\/noticias\/destacada\/audiencia-publica-de-rendicion-de-cuentas-2012-2016\/\",\"url\":\"https:\/\/www.fiscalia.gov.co\/colombia\/noticias\/destacada\/audiencia-publica-de-rendicion-de-cuentas-2012-2016\/\",\"name\":\"Fiscal\u00eda General de la Naci\u00f3n\",\"isPartOf\":{\"@id\":\"https:\/\/www.fiscalia.gov.co\/colombia\/#website\"},\"datePublished\":\"2016-06-03T22:41:43+00:00\",\"dateModified\":\"2016-06-03T22:41:43+00:00\",\"description\":\"P\u00e1gina oficial de la Fiscal\u00eda General de la Naci\u00f3n \u2013 Colombia. Garantizamos el acceso efectivo a la justicia, la verdad y la reparaci\u00f3n de las v\u00edctimas de los delitos.\",\"breadcrumb\":{\"@id\":\"https:\/\/www.fiscalia.gov.co\/colombia\/noticias\/destacada\/audiencia-publica-de-rendicion-de-cuentas-2012-2016\/#breadcrumb\"},\"inLanguage\":\"es-CO\",\"potentialAction\":[{\"@type\":\"ReadAction\",\"target\":[\"https:\/\/www.fiscalia.gov.co\/colombia\/noticias\/destacada\/audiencia-publica-de-rendicion-de-cuentas-2012-2016\/\"]}]},{\"@type\":\"BreadcrumbList\",\"@id\":\"https:\/\/www.fiscalia.gov.co\/colombia\/noticias\/destacada\/audiencia-publica-de-rendicion-de-cuentas-2012-2016\/#breadcrumb\",\"itemListElement\":[{\"@type\":\"ListItem\",\"position\":1,\"name\":\"Home\",\"item\":\"https:\/\/www.fiscalia.gov.co\/colombia\/\"},{\"@type\":\"ListItem\",\"position\":2,\"name\":\"Audiencia P\u00fablica de Rendici\u00f3n de Cuentas 2012-2016\"}]},{\"@type\":\"WebSite\",\"@id\":\"https:\/\/www.fiscalia.gov.co\/colombia\/#website\",\"url\":\"https:\/\/www.fiscalia.gov.co\/colombia\/\",\"name\":\"Fiscal\u00eda General de la Naci\u00f3n\",\"description\":\"P\u00e1gina oficial de la Fiscal\u00eda General de la Naci\u00f3n \u2013 Colombia. Garantizamos el acceso efectivo a la justicia, la verdad y la reparaci\u00f3n de las v\u00edctimas de los delitos.\",\"publisher\":{\"@id\":\"https:\/\/www.fiscalia.gov.co\/colombia\/#organization\"},\"potentialAction\":[{\"@type\":\"SearchAction\",\"target\":{\"@type\":\"EntryPoint\",\"urlTemplate\":\"https:\/\/www.fiscalia.gov.co\/colombia\/?s={search_term_string}\"},\"query-input\":{\"@type\":\"PropertyValueSpecification\",\"valueRequired\":true,\"valueName\":\"search_term_string\"}}],\"inLanguage\":\"es-CO\"},{\"@type\":\"Organization\",\"@id\":\"https:\/\/www.fiscalia.gov.co\/colombia\/#organization\",\"name\":\"Fiscal\u00eda General de la Naci\u00f3n\",\"url\":\"https:\/\/www.fiscalia.gov.co\/colombia\/\",\"logo\":{\"@type\":\"ImageObject\",\"inLanguage\":\"es-CO\",\"@id\":\"https:\/\/www.fiscalia.gov.co\/colombia\/#\/schema\/logo\/image\/\",\"url\":\"https:\/\/www.fiscalia.gov.co\/colombia\/wp-content\/uploads\/LogoHorizontal_1.jpg\",\"contentUrl\":\"https:\/\/www.fiscalia.gov.co\/colombia\/wp-content\/uploads\/LogoHorizontal_1.jpg\",\"width\":300,\"height\":90,\"caption\":\"Fiscal\u00eda General de la Naci\u00f3n\"},\"image\":{\"@id\":\"https:\/\/www.fiscalia.gov.co\/colombia\/#\/schema\/logo\/image\/\"},\"sameAs\":[\"https:\/\/www.facebook.com\/FiscaliaCol\",\"https:\/\/x.com\/FiscaliaCol\",\"https:\/\/www.instagram.com\/fiscaliacol\",\"https:\/\/www.linkedin.com\/company\/fiscalia-general-de-la-naci-n\/\",\"https:\/\/youtube.com\/@fiscaliageneraldelanacion-4668?si=6nN79nyQICPU5iTh\"]},{\"@type\":\"Person\",\"@id\":\"https:\/\/www.fiscalia.gov.co\/colombia\/#\/schema\/person\/3903856a3ce2d54b094c69eb29247895\",\"name\":\"dfgordillo\",\"image\":{\"@type\":\"ImageObject\",\"inLanguage\":\"es-CO\",\"@id\":\"https:\/\/www.fiscalia.gov.co\/colombia\/#\/schema\/person\/image\/\",\"url\":\"https:\/\/secure.gravatar.com\/avatar\/b6356e21c5657c60757fe6fb9493e947?s=96&d=mm&r=g\",\"contentUrl\":\"https:\/\/secure.gravatar.com\/avatar\/b6356e21c5657c60757fe6fb9493e947?s=96&d=mm&r=g\",\"caption\":\"dfgordillo\"},\"sameAs\":[\"dfgordillo\"],\"url\":\"https:\/\/www.fiscalia.gov.co\/colombia\/author\/dfgordillo\/\"}]}<\/script>\n<!-- \/ Yoast SEO plugin. -->","yoast_head_json":{"title":"Fiscal\u00eda General de la Naci\u00f3n","description":"P\u00e1gina oficial de la Fiscal\u00eda General de la Naci\u00f3n \u2013 Colombia. Garantizamos el acceso efectivo a la justicia, la verdad y la reparaci\u00f3n de las v\u00edctimas de los delitos.","robots":{"index":"noindex","follow":"follow"},"og_locale":"es_ES","og_type":"article","og_title":"Fiscal\u00eda General de la Naci\u00f3n","og_description":"P\u00e1gina oficial de la Fiscal\u00eda General de la Naci\u00f3n \u2013 Colombia. Garantizamos el acceso efectivo a la justicia, la verdad y la reparaci\u00f3n de las v\u00edctimas de los delitos.","og_url":"https:\/\/www.fiscalia.gov.co\/colombia\/noticias\/destacada\/audiencia-publica-de-rendicion-de-cuentas-2012-2016\/","og_site_name":"Fiscal\u00eda General de la Naci\u00f3n","article_publisher":"https:\/\/www.facebook.com\/FiscaliaCol","article_published_time":"2016-06-03T22:41:43+00:00","author":"dfgordillo","twitter_card":"summary_large_image","twitter_creator":"@FiscaliaCol","twitter_site":"@FiscaliaCol","twitter_misc":{"Escrito por":"dfgordillo","Tiempo de lectura":"4 minutos"},"schema":{"@context":"https:\/\/schema.org","@graph":[{"@type":"Article","@id":"https:\/\/www.fiscalia.gov.co\/colombia\/noticias\/destacada\/audiencia-publica-de-rendicion-de-cuentas-2012-2016\/#article","isPartOf":{"@id":"https:\/\/www.fiscalia.gov.co\/colombia\/noticias\/destacada\/audiencia-publica-de-rendicion-de-cuentas-2012-2016\/"},"author":{"name":"dfgordillo","@id":"https:\/\/www.fiscalia.gov.co\/colombia\/#\/schema\/person\/3903856a3ce2d54b094c69eb29247895"},"headline":"Audiencia P\u00fablica de Rendici\u00f3n de Cuentas 2012-2016","datePublished":"2016-06-03T22:41:43+00:00","dateModified":"2016-06-03T22:41:43+00:00","mainEntityOfPage":{"@id":"https:\/\/www.fiscalia.gov.co\/colombia\/noticias\/destacada\/audiencia-publica-de-rendicion-de-cuentas-2012-2016\/"},"wordCount":891,"publisher":{"@id":"https:\/\/www.fiscalia.gov.co\/colombia\/#organization"},"keywords":["Audiencia P\u00fablica de Rendici\u00f3n de Cuentas"],"articleSection":["Destacada"],"inLanguage":"es-CO"},{"@type":"WebPage","@id":"https:\/\/www.fiscalia.gov.co\/colombia\/noticias\/destacada\/audiencia-publica-de-rendicion-de-cuentas-2012-2016\/","url":"https:\/\/www.fiscalia.gov.co\/colombia\/noticias\/destacada\/audiencia-publica-de-rendicion-de-cuentas-2012-2016\/","name":"Fiscal\u00eda General de la Naci\u00f3n","isPartOf":{"@id":"https:\/\/www.fiscalia.gov.co\/colombia\/#website"},"datePublished":"2016-06-03T22:41:43+00:00","dateModified":"2016-06-03T22:41:43+00:00","description":"P\u00e1gina oficial de la Fiscal\u00eda General de la Naci\u00f3n \u2013 Colombia. Garantizamos el acceso efectivo a la justicia, la verdad y la reparaci\u00f3n de las v\u00edctimas de los delitos.","breadcrumb":{"@id":"https:\/\/www.fiscalia.gov.co\/colombia\/noticias\/destacada\/audiencia-publica-de-rendicion-de-cuentas-2012-2016\/#breadcrumb"},"inLanguage":"es-CO","potentialAction":[{"@type":"ReadAction","target":["https:\/\/www.fiscalia.gov.co\/colombia\/noticias\/destacada\/audiencia-publica-de-rendicion-de-cuentas-2012-2016\/"]}]},{"@type":"BreadcrumbList","@id":"https:\/\/www.fiscalia.gov.co\/colombia\/noticias\/destacada\/audiencia-publica-de-rendicion-de-cuentas-2012-2016\/#breadcrumb","itemListElement":[{"@type":"ListItem","position":1,"name":"Home","item":"https:\/\/www.fiscalia.gov.co\/colombia\/"},{"@type":"ListItem","position":2,"name":"Audiencia P\u00fablica de Rendici\u00f3n de Cuentas 2012-2016"}]},{"@type":"WebSite","@id":"https:\/\/www.fiscalia.gov.co\/colombia\/#website","url":"https:\/\/www.fiscalia.gov.co\/colombia\/","name":"Fiscal\u00eda General de la Naci\u00f3n","description":"P\u00e1gina oficial de la Fiscal\u00eda General de la Naci\u00f3n \u2013 Colombia. Garantizamos el acceso efectivo a la justicia, la verdad y la reparaci\u00f3n de las v\u00edctimas de los delitos.","publisher":{"@id":"https:\/\/www.fiscalia.gov.co\/colombia\/#organization"},"potentialAction":[{"@type":"SearchAction","target":{"@type":"EntryPoint","urlTemplate":"https:\/\/www.fiscalia.gov.co\/colombia\/?s={search_term_string}"},"query-input":{"@type":"PropertyValueSpecification","valueRequired":true,"valueName":"search_term_string"}}],"inLanguage":"es-CO"},{"@type":"Organization","@id":"https:\/\/www.fiscalia.gov.co\/colombia\/#organization","name":"Fiscal\u00eda General de la Naci\u00f3n","url":"https:\/\/www.fiscalia.gov.co\/colombia\/","logo":{"@type":"ImageObject","inLanguage":"es-CO","@id":"https:\/\/www.fiscalia.gov.co\/colombia\/#\/schema\/logo\/image\/","url":"https:\/\/www.fiscalia.gov.co\/colombia\/wp-content\/uploads\/LogoHorizontal_1.jpg","contentUrl":"https:\/\/www.fiscalia.gov.co\/colombia\/wp-content\/uploads\/LogoHorizontal_1.jpg","width":300,"height":90,"caption":"Fiscal\u00eda General de la Naci\u00f3n"},"image":{"@id":"https:\/\/www.fiscalia.gov.co\/colombia\/#\/schema\/logo\/image\/"},"sameAs":["https:\/\/www.facebook.com\/FiscaliaCol","https:\/\/x.com\/FiscaliaCol","https:\/\/www.instagram.com\/fiscaliacol","https:\/\/www.linkedin.com\/company\/fiscalia-general-de-la-naci-n\/","https:\/\/youtube.com\/@fiscaliageneraldelanacion-4668?si=6nN79nyQICPU5iTh"]},{"@type":"Person","@id":"https:\/\/www.fiscalia.gov.co\/colombia\/#\/schema\/person\/3903856a3ce2d54b094c69eb29247895","name":"dfgordillo","image":{"@type":"ImageObject","inLanguage":"es-CO","@id":"https:\/\/www.fiscalia.gov.co\/colombia\/#\/schema\/person\/image\/","url":"https:\/\/secure.gravatar.com\/avatar\/b6356e21c5657c60757fe6fb9493e947?s=96&d=mm&r=g","contentUrl":"https:\/\/secure.gravatar.com\/avatar\/b6356e21c5657c60757fe6fb9493e947?s=96&d=mm&r=g","caption":"dfgordillo"},"sameAs":["dfgordillo"],"url":"https:\/\/www.fiscalia.gov.co\/colombia\/author\/dfgordillo\/"}]}},"_links":{"self":[{"href":"https:\/\/www.fiscalia.gov.co\/colombia\/wp-json\/wp\/v2\/posts\/84372","targetHints":{"allow":["GET"]}}],"collection":[{"href":"https:\/\/www.fiscalia.gov.co\/colombia\/wp-json\/wp\/v2\/posts"}],"about":[{"href":"https:\/\/www.fiscalia.gov.co\/colombia\/wp-json\/wp\/v2\/types\/post"}],"author":[{"embeddable":true,"href":"https:\/\/www.fiscalia.gov.co\/colombia\/wp-json\/wp\/v2\/users\/143"}],"replies":[{"embeddable":true,"href":"https:\/\/www.fiscalia.gov.co\/colombia\/wp-json\/wp\/v2\/comments?post=84372"}],"version-history":[{"count":3,"href":"https:\/\/www.fiscalia.gov.co\/colombia\/wp-json\/wp\/v2\/posts\/84372\/revisions"}],"predecessor-version":[{"id":84385,"href":"https:\/\/www.fiscalia.gov.co\/colombia\/wp-json\/wp\/v2\/posts\/84372\/revisions\/84385"}],"wp:attachment":[{"href":"https:\/\/www.fiscalia.gov.co\/colombia\/wp-json\/wp\/v2\/media?parent=84372"}],"wp:term":[{"taxonomy":"category","embeddable":true,"href":"https:\/\/www.fiscalia.gov.co\/colombia\/wp-json\/wp\/v2\/categories?post=84372"},{"taxonomy":"post_tag","embeddable":true,"href":"https:\/\/www.fiscalia.gov.co\/colombia\/wp-json\/wp\/v2\/tags?post=84372"}],"curies":[{"name":"wp","href":"https:\/\/api.w.org\/{rel}","templated":true}]}}