{"id":81207,"date":"2016-03-28T16:42:23","date_gmt":"2016-03-28T21:42:23","guid":{"rendered":"http:\/\/www.fiscalia.gov.co\/colombia\/?p=81207"},"modified":"2016-03-28T16:42:23","modified_gmt":"2016-03-28T21:42:23","slug":"fiscalia-para-todos-radio","status":"publish","type":"post","link":"https:\/\/www.fiscalia.gov.co\/colombia\/noticias\/destacada\/fiscalia-para-todos-radio\/","title":{"rendered":"Fiscal\u00eda para Todos Radio"},"content":{"rendered":"<p>Es el espacio radiof\u00f3nico de la Fiscal\u00eda General de la Naci\u00f3n, dirigido a los habitantes del territorio colombiano, para dar a conocer las funciones que ejerce la entidad y contribuir a un correcto acceso a la justicia.<\/p>\n<p>Con el \u00e1nimo de promover espacios de conversaci\u00f3n con el ciudadano, las v\u00edctimas y los usuarios en todas las regiones, Fiscal\u00eda Para Todos Radio saldr\u00e1 al aire con 38 programas en el 2016, a partir del 29 de marzo, para propiciar acercamientos informativos y de servicio, en 49 emisoras a nivel nacional.<\/p>\n<p>Semanalmente, fiscales, investigadores y funcionarios de la entidad acompa\u00f1an la mesa de trabajo para compartir con los oyentes su experiencia profesional, acad\u00e9mica e institucional en tem\u00e1ticas de coyuntura nacional, para una cumplida y eficaz administraci\u00f3n de justicia, que preste un servicio a la comunidad.<\/p>\n<p>Para comunicarse en directo puede llamar a la l\u00ednea nacional 01 8000 118 959 o al 2 200 727, en Bogot\u00e1; en Twitter nos encuentra como @FiscaliaCol y @RadNalCo, o puede escribir al correo electr\u00f3nico <a href=\"mailto:fiscaliaparatodos@fiscalia.gov.co\">fiscaliaparatodos@fiscalia.gov.co<\/a><\/p>\n<p>En internet sintonice la se\u00f1al en vivo, los martes de 2:30 \u2013 3:00 p.m., en Radio Nacional de Colombia <a href=\"http:\/\/www.radionacional.co\/\">http:\/\/www.radionacional.co\/<\/a> o encuentre los programas anteriores publicados en <a href=\"http:\/\/www.fiscalia.gov.co\/colombia\/fiscalia-para-todos-radio\/\">http:\/\/www.fiscalia.gov.co\/colombia\/fiscalia-para-todos-radio\/<\/a><\/p>\n<p>Estos son los diales en los diferentes municipios:<\/p>\n<p>&nbsp;<\/p>\n<p><strong>1. <\/strong>Amazonas Leticia Leticia 95.5 FM<\/p>\n<p><strong>2. <\/strong>Amazonas Puerto Nari\u00f1o Puerto Nari\u00f1o 102.9 FM<\/p>\n<p><strong>3. <\/strong>Antioquia Ituango Ituango 106.5 FM<\/p>\n<p><strong>4. <\/strong>Antioquia Medell\u00edn Marinilla 550 AM<\/p>\n<p><strong>5. <\/strong>Antioquia Chigorod\u00f3 Chigorod\u00f3 89.3 FM<\/p>\n<p><strong>6. <\/strong>Antioquia Taraz\u00e1 Taraz\u00e1 103.3 FM<\/p>\n<p><strong>7. <\/strong>Arauca Arauca Arauca 92.3 FM<\/p>\n<p><strong>8. <\/strong>Arauca Saravena Saravena 98.3 FM<\/p>\n<p><strong>9. <\/strong>1Atl\u00e1ntico Barranquilla Sabanagrande 680 AM<\/p>\n<p><strong>10. <\/strong>Bol\u00edvar San Jacinto La Pita 89.8 FM<\/p>\n<p><strong>11. <\/strong>Boyac\u00e1 Tunja La Rusia 97.3 FM<\/p>\n<p><strong>12. <\/strong>Boyac\u00e1 Chiquinquir\u00e1 Saboya 95.3 FM<\/p>\n<p><strong>13. <\/strong>Boyac\u00e1 Tunja La Rumba 560 AM<\/p>\n<p><strong>14. <\/strong>Caldas Manizales El Ruiz 92.7 FM<\/p>\n<p><strong>15. <\/strong>Caldas Manizales La Enea 1000 AM<\/p>\n<p><strong>16. <\/strong>Caquet\u00e1 S.V. del Cagu\u00e1n S.V. del Cagu\u00e1n 94.3 FM<\/p>\n<p><strong>17. <\/strong>Caquet\u00e1 Florencia Gabinete 96.3 FM<\/p>\n<p><strong>18. <\/strong>Cauca Bolivar Bol\u00edvar 104.5 FM<\/p>\n<p><strong>19. <\/strong>Cauca Popay\u00e1n Munchique 90.1 FM<\/p>\n<p><strong>20. <\/strong>Cesar Valledupar Alguacil 98.7 FM<\/p>\n<p><strong>21. <\/strong>Choc\u00f3 Quibd\u00f3 Montezuma 95.3 FM<\/p>\n<p><strong>22. <\/strong>C\u00f3rdoba Monter\u00eda Monter\u00eda 98.5 FM<\/p>\n<p><strong>23. <\/strong>Cundinamarca Bogot\u00e1 Calatrava 95.9 FM<\/p>\n<p><strong>24. <\/strong>Cundinamarca Zipac\u00f3n (Fusagasug\u00e1 y otros) Manjui 95.4 FM<\/p>\n<p><strong>25. <\/strong>Cundinamarca El Rosal El Rosal 570 AM<\/p>\n<p><strong>26. <\/strong>Guain\u00eda In\u00edrida In\u00edrida 92.3 FM<\/p>\n<p><strong>27. <\/strong>La Guajira Riohacha Uribia 610 AM<\/p>\n<p><strong>28. <\/strong>Huila Garz\u00f3n Buenavista 94.3 FM<\/p>\n<p><strong>29. <\/strong>Huila Neiva Cerro Neiva 94.3 FM<\/p>\n<p><strong>30. <\/strong>Meta Villavicencio El Tigre 92.3 FM<\/p>\n<p><strong>31. <\/strong>Nari\u00f1o Pasto Galeras 93.5 FM<\/p>\n<p><strong>32. <\/strong>Nari\u00f1o Samaniego Samaniego 107.9 FM<\/p>\n<p><strong>33. <\/strong>Norte de Santander Barrancabermeja Jurisdicciones 94.7 FM<\/p>\n<p><strong>34. <\/strong>Norte de Santander C\u00facuta Tasajero 96.9 FM<\/p>\n<p><strong>35. <\/strong>Norte de Santander Pamplona Cerro Oriente 97.9 FM<\/p>\n<p><strong>36. <\/strong>Norte de Santander El Carmen El Carmen 104.7 FM<\/p>\n<p><strong>37. <\/strong>Putumayo Mocoa Mirador 98.3 FM<\/p>\n<p><strong>38. <\/strong>Putumayo Puerto Legu\u00edzamo Puerto Legu\u00edzamo 102.7 FM<\/p>\n<p><strong>39. <\/strong>Putumayo San Miguel San Miguel 105.9 FM<\/p>\n<p><strong>40. <\/strong>Putumayo Valle del Guamuez Valle del Guamuez 92.7 FM<\/p>\n<p><strong>41. <\/strong>Quind\u00edo Armenia Planadas 98.7 FM<\/p>\n<p><strong>42. <\/strong>San Andr\u00e9s San Andr\u00e9s Sim\u00f3n Bol\u00edvar 99.5 FM<\/p>\n<p><strong>43. <\/strong>Santander Bucaramanga Lebrija 92.3 FM<\/p>\n<p><strong>44. <\/strong>Santander San Gil San Gil 93.7 FM<\/p>\n<p><strong>45. <\/strong>Tolima Ibagu\u00e9 Martinica 01.1 FM<\/p>\n<p><strong>46. <\/strong>Tolima Santiago P\u00e9rez Santiago P\u00e9rez 106.5 FM<\/p>\n<p><strong>47. <\/strong>Valle del Cauca Cali Jamund\u00ed 580 AM<\/p>\n<p><strong>48. <\/strong>Vaup\u00e9s Mit\u00fa Mit\u00fa 88.3 FM<\/p>\n<p><strong>49. <\/strong>Vichada Puerto Carre\u00f1o Puerto Carre\u00f1o 94.3 FM<\/p>\n<p>&nbsp;<\/p>\n\n<div class=\"twitter-share\"><a href=\"https:\/\/twitter.com\/intent\/tweet?via=fiscaliacol\" class=\"twitter-share-button\">Tweet<\/a><\/div>\n","protected":false},"excerpt":{"rendered":"<p>Es el espacio radiof\u00f3nico de la Fiscal\u00eda General de la Naci\u00f3n, dirigido a los habitantes del territorio colombiano, para dar a conocer las funciones que ejerce la entidad y contribuir a un correcto acceso a la justicia.<\/p>\n","protected":false},"author":143,"featured_media":0,"comment_status":"closed","ping_status":"open","sticky":false,"template":"","format":"standard","meta":{"tdm_status":"","tdm_grid_status":"","footnotes":""},"categories":[3],"tags":[1677,6696],"class_list":["post-81207","post","type-post","status-publish","format-standard","category-destacada","tag-fiscalia-para-todos","tag-radio"],"yoast_head":"<!-- This site is optimized with the Yoast SEO plugin v24.3 - https:\/\/yoast.com\/wordpress\/plugins\/seo\/ -->\n<title>Fiscal\u00eda General de la Naci\u00f3n<\/title>\n<meta name=\"description\" content=\"P\u00e1gina oficial de la Fiscal\u00eda General de la Naci\u00f3n \u2013 Colombia. Garantizamos el acceso efectivo a la justicia, la verdad y la reparaci\u00f3n de las v\u00edctimas de los delitos.\" \/>\n<meta name=\"robots\" content=\"noindex, follow\" \/>\n<meta property=\"og:locale\" content=\"es_ES\" \/>\n<meta property=\"og:type\" content=\"article\" \/>\n<meta property=\"og:title\" content=\"Fiscal\u00eda General de la Naci\u00f3n\" \/>\n<meta property=\"og:description\" content=\"P\u00e1gina oficial de la Fiscal\u00eda General de la Naci\u00f3n \u2013 Colombia. Garantizamos el acceso efectivo a la justicia, la verdad y la reparaci\u00f3n de las v\u00edctimas de los delitos.\" \/>\n<meta property=\"og:url\" content=\"https:\/\/www.fiscalia.gov.co\/colombia\/noticias\/destacada\/fiscalia-para-todos-radio\/\" \/>\n<meta property=\"og:site_name\" content=\"Fiscal\u00eda General de la Naci\u00f3n\" \/>\n<meta property=\"article:publisher\" content=\"https:\/\/www.facebook.com\/FiscaliaCol\" \/>\n<meta property=\"article:published_time\" content=\"2016-03-28T21:42:23+00:00\" \/>\n<meta name=\"author\" content=\"dfgordillo\" \/>\n<meta name=\"twitter:card\" content=\"summary_large_image\" \/>\n<meta name=\"twitter:creator\" content=\"@FiscaliaCol\" \/>\n<meta name=\"twitter:site\" content=\"@FiscaliaCol\" \/>\n<meta name=\"twitter:label1\" content=\"Escrito por\" \/>\n\t<meta name=\"twitter:data1\" content=\"dfgordillo\" \/>\n\t<meta name=\"twitter:label2\" content=\"Tiempo de lectura\" \/>\n\t<meta name=\"twitter:data2\" content=\"2 minutos\" \/>\n<script type=\"application\/ld+json\" class=\"yoast-schema-graph\">{\"@context\":\"https:\/\/schema.org\",\"@graph\":[{\"@type\":\"Article\",\"@id\":\"https:\/\/www.fiscalia.gov.co\/colombia\/noticias\/destacada\/fiscalia-para-todos-radio\/#article\",\"isPartOf\":{\"@id\":\"https:\/\/www.fiscalia.gov.co\/colombia\/noticias\/destacada\/fiscalia-para-todos-radio\/\"},\"author\":{\"name\":\"dfgordillo\",\"@id\":\"https:\/\/www.fiscalia.gov.co\/colombia\/#\/schema\/person\/3903856a3ce2d54b094c69eb29247895\"},\"headline\":\"Fiscal\u00eda para Todos Radio\",\"datePublished\":\"2016-03-28T21:42:23+00:00\",\"dateModified\":\"2016-03-28T21:42:23+00:00\",\"mainEntityOfPage\":{\"@id\":\"https:\/\/www.fiscalia.gov.co\/colombia\/noticias\/destacada\/fiscalia-para-todos-radio\/\"},\"wordCount\":504,\"publisher\":{\"@id\":\"https:\/\/www.fiscalia.gov.co\/colombia\/#organization\"},\"keywords\":[\"Fiscal\u00eda para todos\",\"Radio\"],\"articleSection\":[\"Destacada\"],\"inLanguage\":\"es-CO\"},{\"@type\":\"WebPage\",\"@id\":\"https:\/\/www.fiscalia.gov.co\/colombia\/noticias\/destacada\/fiscalia-para-todos-radio\/\",\"url\":\"https:\/\/www.fiscalia.gov.co\/colombia\/noticias\/destacada\/fiscalia-para-todos-radio\/\",\"name\":\"Fiscal\u00eda General de la Naci\u00f3n\",\"isPartOf\":{\"@id\":\"https:\/\/www.fiscalia.gov.co\/colombia\/#website\"},\"datePublished\":\"2016-03-28T21:42:23+00:00\",\"dateModified\":\"2016-03-28T21:42:23+00:00\",\"description\":\"P\u00e1gina oficial de la Fiscal\u00eda General de la Naci\u00f3n \u2013 Colombia. Garantizamos el acceso efectivo a la justicia, la verdad y la reparaci\u00f3n de las v\u00edctimas de los delitos.\",\"breadcrumb\":{\"@id\":\"https:\/\/www.fiscalia.gov.co\/colombia\/noticias\/destacada\/fiscalia-para-todos-radio\/#breadcrumb\"},\"inLanguage\":\"es-CO\",\"potentialAction\":[{\"@type\":\"ReadAction\",\"target\":[\"https:\/\/www.fiscalia.gov.co\/colombia\/noticias\/destacada\/fiscalia-para-todos-radio\/\"]}]},{\"@type\":\"BreadcrumbList\",\"@id\":\"https:\/\/www.fiscalia.gov.co\/colombia\/noticias\/destacada\/fiscalia-para-todos-radio\/#breadcrumb\",\"itemListElement\":[{\"@type\":\"ListItem\",\"position\":1,\"name\":\"Home\",\"item\":\"https:\/\/www.fiscalia.gov.co\/colombia\/\"},{\"@type\":\"ListItem\",\"position\":2,\"name\":\"Fiscal\u00eda para Todos Radio\"}]},{\"@type\":\"WebSite\",\"@id\":\"https:\/\/www.fiscalia.gov.co\/colombia\/#website\",\"url\":\"https:\/\/www.fiscalia.gov.co\/colombia\/\",\"name\":\"Fiscal\u00eda General de la Naci\u00f3n\",\"description\":\"P\u00e1gina oficial de la Fiscal\u00eda General de la Naci\u00f3n \u2013 Colombia. Garantizamos el acceso efectivo a la justicia, la verdad y la reparaci\u00f3n de las v\u00edctimas de los delitos.\",\"publisher\":{\"@id\":\"https:\/\/www.fiscalia.gov.co\/colombia\/#organization\"},\"potentialAction\":[{\"@type\":\"SearchAction\",\"target\":{\"@type\":\"EntryPoint\",\"urlTemplate\":\"https:\/\/www.fiscalia.gov.co\/colombia\/?s={search_term_string}\"},\"query-input\":{\"@type\":\"PropertyValueSpecification\",\"valueRequired\":true,\"valueName\":\"search_term_string\"}}],\"inLanguage\":\"es-CO\"},{\"@type\":\"Organization\",\"@id\":\"https:\/\/www.fiscalia.gov.co\/colombia\/#organization\",\"name\":\"Fiscal\u00eda General de la Naci\u00f3n\",\"url\":\"https:\/\/www.fiscalia.gov.co\/colombia\/\",\"logo\":{\"@type\":\"ImageObject\",\"inLanguage\":\"es-CO\",\"@id\":\"https:\/\/www.fiscalia.gov.co\/colombia\/#\/schema\/logo\/image\/\",\"url\":\"https:\/\/www.fiscalia.gov.co\/colombia\/wp-content\/uploads\/LogoHorizontal_1.jpg\",\"contentUrl\":\"https:\/\/www.fiscalia.gov.co\/colombia\/wp-content\/uploads\/LogoHorizontal_1.jpg\",\"width\":300,\"height\":90,\"caption\":\"Fiscal\u00eda General de la Naci\u00f3n\"},\"image\":{\"@id\":\"https:\/\/www.fiscalia.gov.co\/colombia\/#\/schema\/logo\/image\/\"},\"sameAs\":[\"https:\/\/www.facebook.com\/FiscaliaCol\",\"https:\/\/x.com\/FiscaliaCol\",\"https:\/\/www.instagram.com\/fiscaliacol\",\"https:\/\/www.linkedin.com\/company\/fiscalia-general-de-la-naci-n\/\",\"https:\/\/youtube.com\/@fiscaliageneraldelanacion-4668?si=6nN79nyQICPU5iTh\"]},{\"@type\":\"Person\",\"@id\":\"https:\/\/www.fiscalia.gov.co\/colombia\/#\/schema\/person\/3903856a3ce2d54b094c69eb29247895\",\"name\":\"dfgordillo\",\"image\":{\"@type\":\"ImageObject\",\"inLanguage\":\"es-CO\",\"@id\":\"https:\/\/www.fiscalia.gov.co\/colombia\/#\/schema\/person\/image\/\",\"url\":\"https:\/\/secure.gravatar.com\/avatar\/b6356e21c5657c60757fe6fb9493e947?s=96&d=mm&r=g\",\"contentUrl\":\"https:\/\/secure.gravatar.com\/avatar\/b6356e21c5657c60757fe6fb9493e947?s=96&d=mm&r=g\",\"caption\":\"dfgordillo\"},\"sameAs\":[\"dfgordillo\"],\"url\":\"https:\/\/www.fiscalia.gov.co\/colombia\/author\/dfgordillo\/\"}]}<\/script>\n<!-- \/ Yoast SEO plugin. -->","yoast_head_json":{"title":"Fiscal\u00eda General de la Naci\u00f3n","description":"P\u00e1gina oficial de la Fiscal\u00eda General de la Naci\u00f3n \u2013 Colombia. Garantizamos el acceso efectivo a la justicia, la verdad y la reparaci\u00f3n de las v\u00edctimas de los delitos.","robots":{"index":"noindex","follow":"follow"},"og_locale":"es_ES","og_type":"article","og_title":"Fiscal\u00eda General de la Naci\u00f3n","og_description":"P\u00e1gina oficial de la Fiscal\u00eda General de la Naci\u00f3n \u2013 Colombia. Garantizamos el acceso efectivo a la justicia, la verdad y la reparaci\u00f3n de las v\u00edctimas de los delitos.","og_url":"https:\/\/www.fiscalia.gov.co\/colombia\/noticias\/destacada\/fiscalia-para-todos-radio\/","og_site_name":"Fiscal\u00eda General de la Naci\u00f3n","article_publisher":"https:\/\/www.facebook.com\/FiscaliaCol","article_published_time":"2016-03-28T21:42:23+00:00","author":"dfgordillo","twitter_card":"summary_large_image","twitter_creator":"@FiscaliaCol","twitter_site":"@FiscaliaCol","twitter_misc":{"Escrito por":"dfgordillo","Tiempo de lectura":"2 minutos"},"schema":{"@context":"https:\/\/schema.org","@graph":[{"@type":"Article","@id":"https:\/\/www.fiscalia.gov.co\/colombia\/noticias\/destacada\/fiscalia-para-todos-radio\/#article","isPartOf":{"@id":"https:\/\/www.fiscalia.gov.co\/colombia\/noticias\/destacada\/fiscalia-para-todos-radio\/"},"author":{"name":"dfgordillo","@id":"https:\/\/www.fiscalia.gov.co\/colombia\/#\/schema\/person\/3903856a3ce2d54b094c69eb29247895"},"headline":"Fiscal\u00eda para Todos Radio","datePublished":"2016-03-28T21:42:23+00:00","dateModified":"2016-03-28T21:42:23+00:00","mainEntityOfPage":{"@id":"https:\/\/www.fiscalia.gov.co\/colombia\/noticias\/destacada\/fiscalia-para-todos-radio\/"},"wordCount":504,"publisher":{"@id":"https:\/\/www.fiscalia.gov.co\/colombia\/#organization"},"keywords":["Fiscal\u00eda para todos","Radio"],"articleSection":["Destacada"],"inLanguage":"es-CO"},{"@type":"WebPage","@id":"https:\/\/www.fiscalia.gov.co\/colombia\/noticias\/destacada\/fiscalia-para-todos-radio\/","url":"https:\/\/www.fiscalia.gov.co\/colombia\/noticias\/destacada\/fiscalia-para-todos-radio\/","name":"Fiscal\u00eda General de la Naci\u00f3n","isPartOf":{"@id":"https:\/\/www.fiscalia.gov.co\/colombia\/#website"},"datePublished":"2016-03-28T21:42:23+00:00","dateModified":"2016-03-28T21:42:23+00:00","description":"P\u00e1gina oficial de la Fiscal\u00eda General de la Naci\u00f3n \u2013 Colombia. Garantizamos el acceso efectivo a la justicia, la verdad y la reparaci\u00f3n de las v\u00edctimas de los delitos.","breadcrumb":{"@id":"https:\/\/www.fiscalia.gov.co\/colombia\/noticias\/destacada\/fiscalia-para-todos-radio\/#breadcrumb"},"inLanguage":"es-CO","potentialAction":[{"@type":"ReadAction","target":["https:\/\/www.fiscalia.gov.co\/colombia\/noticias\/destacada\/fiscalia-para-todos-radio\/"]}]},{"@type":"BreadcrumbList","@id":"https:\/\/www.fiscalia.gov.co\/colombia\/noticias\/destacada\/fiscalia-para-todos-radio\/#breadcrumb","itemListElement":[{"@type":"ListItem","position":1,"name":"Home","item":"https:\/\/www.fiscalia.gov.co\/colombia\/"},{"@type":"ListItem","position":2,"name":"Fiscal\u00eda para Todos Radio"}]},{"@type":"WebSite","@id":"https:\/\/www.fiscalia.gov.co\/colombia\/#website","url":"https:\/\/www.fiscalia.gov.co\/colombia\/","name":"Fiscal\u00eda General de la Naci\u00f3n","description":"P\u00e1gina oficial de la Fiscal\u00eda General de la Naci\u00f3n \u2013 Colombia. Garantizamos el acceso efectivo a la justicia, la verdad y la reparaci\u00f3n de las v\u00edctimas de los delitos.","publisher":{"@id":"https:\/\/www.fiscalia.gov.co\/colombia\/#organization"},"potentialAction":[{"@type":"SearchAction","target":{"@type":"EntryPoint","urlTemplate":"https:\/\/www.fiscalia.gov.co\/colombia\/?s={search_term_string}"},"query-input":{"@type":"PropertyValueSpecification","valueRequired":true,"valueName":"search_term_string"}}],"inLanguage":"es-CO"},{"@type":"Organization","@id":"https:\/\/www.fiscalia.gov.co\/colombia\/#organization","name":"Fiscal\u00eda General de la Naci\u00f3n","url":"https:\/\/www.fiscalia.gov.co\/colombia\/","logo":{"@type":"ImageObject","inLanguage":"es-CO","@id":"https:\/\/www.fiscalia.gov.co\/colombia\/#\/schema\/logo\/image\/","url":"https:\/\/www.fiscalia.gov.co\/colombia\/wp-content\/uploads\/LogoHorizontal_1.jpg","contentUrl":"https:\/\/www.fiscalia.gov.co\/colombia\/wp-content\/uploads\/LogoHorizontal_1.jpg","width":300,"height":90,"caption":"Fiscal\u00eda General de la Naci\u00f3n"},"image":{"@id":"https:\/\/www.fiscalia.gov.co\/colombia\/#\/schema\/logo\/image\/"},"sameAs":["https:\/\/www.facebook.com\/FiscaliaCol","https:\/\/x.com\/FiscaliaCol","https:\/\/www.instagram.com\/fiscaliacol","https:\/\/www.linkedin.com\/company\/fiscalia-general-de-la-naci-n\/","https:\/\/youtube.com\/@fiscaliageneraldelanacion-4668?si=6nN79nyQICPU5iTh"]},{"@type":"Person","@id":"https:\/\/www.fiscalia.gov.co\/colombia\/#\/schema\/person\/3903856a3ce2d54b094c69eb29247895","name":"dfgordillo","image":{"@type":"ImageObject","inLanguage":"es-CO","@id":"https:\/\/www.fiscalia.gov.co\/colombia\/#\/schema\/person\/image\/","url":"https:\/\/secure.gravatar.com\/avatar\/b6356e21c5657c60757fe6fb9493e947?s=96&d=mm&r=g","contentUrl":"https:\/\/secure.gravatar.com\/avatar\/b6356e21c5657c60757fe6fb9493e947?s=96&d=mm&r=g","caption":"dfgordillo"},"sameAs":["dfgordillo"],"url":"https:\/\/www.fiscalia.gov.co\/colombia\/author\/dfgordillo\/"}]}},"_links":{"self":[{"href":"https:\/\/www.fiscalia.gov.co\/colombia\/wp-json\/wp\/v2\/posts\/81207","targetHints":{"allow":["GET"]}}],"collection":[{"href":"https:\/\/www.fiscalia.gov.co\/colombia\/wp-json\/wp\/v2\/posts"}],"about":[{"href":"https:\/\/www.fiscalia.gov.co\/colombia\/wp-json\/wp\/v2\/types\/post"}],"author":[{"embeddable":true,"href":"https:\/\/www.fiscalia.gov.co\/colombia\/wp-json\/wp\/v2\/users\/143"}],"replies":[{"embeddable":true,"href":"https:\/\/www.fiscalia.gov.co\/colombia\/wp-json\/wp\/v2\/comments?post=81207"}],"version-history":[{"count":2,"href":"https:\/\/www.fiscalia.gov.co\/colombia\/wp-json\/wp\/v2\/posts\/81207\/revisions"}],"predecessor-version":[{"id":81210,"href":"https:\/\/www.fiscalia.gov.co\/colombia\/wp-json\/wp\/v2\/posts\/81207\/revisions\/81210"}],"wp:attachment":[{"href":"https:\/\/www.fiscalia.gov.co\/colombia\/wp-json\/wp\/v2\/media?parent=81207"}],"wp:term":[{"taxonomy":"category","embeddable":true,"href":"https:\/\/www.fiscalia.gov.co\/colombia\/wp-json\/wp\/v2\/categories?post=81207"},{"taxonomy":"post_tag","embeddable":true,"href":"https:\/\/www.fiscalia.gov.co\/colombia\/wp-json\/wp\/v2\/tags?post=81207"}],"curies":[{"name":"wp","href":"https:\/\/api.w.org\/{rel}","templated":true}]}}