{"id":81185,"date":"2016-03-28T11:48:01","date_gmt":"2016-03-28T16:48:01","guid":{"rendered":"http:\/\/www.fiscalia.gov.co\/colombia\/?p=81185"},"modified":"2016-03-28T11:48:01","modified_gmt":"2016-03-28T16:48:01","slug":"maxima-condena-para-un-hombre-por-homicidio-de-su-familia","status":"publish","type":"post","link":"https:\/\/www.fiscalia.gov.co\/colombia\/noticias\/maxima-condena-para-un-hombre-por-homicidio-de-su-familia\/","title":{"rendered":"M\u00e1xima condena para un hombre por homicidio de su familia"},"content":{"rendered":"<p>Por solicitud de la Subdirecci\u00f3n Seccional de Fiscal\u00edas de Bogot\u00e1, el Juzgado D\u00e9cimo Penal del Circuito de esta ciudad conden\u00f3 a 60 a\u00f1os de c\u00e1rcel, pena m\u00e1xima de prisi\u00f3n permitida en la ley colombiana, a Hernando Hern\u00e1ndez Pati\u00f1o por el homicidio de su esposa, sus dos hijos y una sobrina, en hechos ocurridos el 10 noviembre de 2013 en el barrio San Diego, al sur de la capital.<\/p>\n<p>Uno de los hijos menor de edad, quien sobrevivi\u00f3 a los hechos, narr\u00f3 a los vecinos y a los investigadores de polic\u00eda judicial que su padre en un acto de \u201clocura\u201d hab\u00eda acabado con la vida de la familia por celos, al conocer que su esposa de 37 a\u00f1os de edad, Jenny Lozada, le era aparentemente infiel.<\/p>\n<p>\u201cSi no es para m\u00ed no ser\u00e1 para nadie\u201d, le dijo a uno de los vecinos d\u00edas antes de cometer el crimen contra toda la familia.<\/p>\n<p>De acuerdo con el relato de la fiscal encargada del proceso, durante varios a\u00f1os el agresor no tuvo trabajo y seg\u00fan algunos vecinos, sent\u00eda complejo de inferioridad porque su compa\u00f1era sentimental fue quien asumi\u00f3 los gastos y las deudas que se ten\u00edan que cubrir en la casa.<\/p>\n<p>El d\u00eda de los hechos ocurridos en un apartamento de\u00a0 la calle 80 -S con carrera 79, en el sector de Bosa, Hern\u00e1ndez Pati\u00f1o apag\u00f3 las luces de la casa y se escondi\u00f3 debajo de la cama a la espera de encontrar a su pareja en compa\u00f1\u00eda de otro hombre, relat\u00f3 la delegada de la Fiscal\u00eda.<\/p>\n<p>\u201cLos ex\u00e1menes psicol\u00f3gicos realizados por una perito experta de Medicina Legal advierten que se trata de una persona aparentemente normal, con rasgos de ser una persona en extremo vanidosa, egoc\u00e9ntrica y narcisa\u201d, relat\u00f3 la juez que presidi\u00f3 la audiencia de sentencia condenatoria.<\/p>\n<p>Hernando Hern\u00e1ndez, en horas de la madrugada, con un machete en la mano atac\u00f3 a su esposa al igual que a sus hijos quienes les dec\u00edan \u201cpapi tranquilo que\u00a0 nosotros nos vamos contigo\u201d. Sin importarle nada les ceg\u00f3 la vida, se\u00f1al\u00f3 la fiscal al hacer el relato de los hechos.<\/p>\n<p>&nbsp;<\/p>\n<p>A la sobrina, antes de atacarla, le recrimin\u00f3 que sab\u00eda de la presunta infidelidad de su esposa y que \u201chab\u00eda callado todo\u201d.<\/p>\n<p>Por su parte, Jenny Lozada hab\u00eda hecho varias solicitudes de protecci\u00f3n a la comisaria de familia para que se le brindaran soluci\u00f3n al conflicto familiar, el cual estaba asociado a agresiones verbales.<\/p>\n<p>En otras gestiones, la mujer hab\u00eda acudido a la Secretar\u00eda Distrital de Integraci\u00f3n Social para que le exigiera que este hombre le respetara sus espacios laborales y personales.<\/p>\n<p>Finalmente, la juez, al culminar la lectura de la sentencia, afirm\u00f3 que a pesar del preacuerdo concedido por el homicidio de las dos personas adultas, el cual le permiti\u00f3 un descuento de hasta la mitad de la pena, la muerte de los menores de edad no tiene ning\u00fan tipo de favorecimiento, es decir que la pena habr\u00eda superado los 91 a\u00f1os de prisi\u00f3n, pero la ley colombiana permite una m\u00e1xima condena 60 a\u00f1os de pena privativa de la libertad.<\/p>\n<p>De acuerdo con la fiscal, el menor de edad sobreviviente qued\u00f3 bajo el cuidado de su t\u00eda materna, lo cual fue avalado por el Instituto Colombiano de Bienestar Familiar (ICBF).<\/p>\n<p>El homicida permanece recluido bajo vigilancia en la c\u00e1rcel La Picota, ubicada al sur de la ciudad.<\/p>\n<p>&nbsp;<\/p>\n<p>&nbsp;<\/p>\n<p>&nbsp;<\/p>\n<p>CMR\/DLBM<\/p>\n\n<div class=\"twitter-share\"><a href=\"https:\/\/twitter.com\/intent\/tweet?via=fiscaliacol\" class=\"twitter-share-button\">Tweet<\/a><\/div>\n","protected":false},"excerpt":{"rendered":"<p>Por solicitud de la Subdirecci\u00f3n Seccional de Fiscal\u00edas de Bogot\u00e1, el Juzgado D\u00e9cimo Penal del Circuito de esta ciudad conden\u00f3 a 60 a\u00f1os de c\u00e1rcel, pena m\u00e1xima de prisi\u00f3n permitida [&hellip;]<\/p>\n","protected":false},"author":143,"featured_media":0,"comment_status":"closed","ping_status":"open","sticky":false,"template":"","format":"standard","meta":{"tdm_status":"","tdm_grid_status":"","footnotes":""},"categories":[1],"tags":[409],"class_list":["post-81185","post","type-post","status-publish","format-standard","category-noticias","tag-homicidio"],"yoast_head":"<!-- This site is optimized with the Yoast SEO plugin v24.3 - https:\/\/yoast.com\/wordpress\/plugins\/seo\/ -->\n<title>Fiscal\u00eda General de la Naci\u00f3n<\/title>\n<meta name=\"description\" content=\"P\u00e1gina oficial de la Fiscal\u00eda General de la Naci\u00f3n \u2013 Colombia. Garantizamos el acceso efectivo a la justicia, la verdad y la reparaci\u00f3n de las v\u00edctimas de los delitos.\" \/>\n<meta name=\"robots\" content=\"noindex, follow\" \/>\n<meta property=\"og:locale\" content=\"es_ES\" \/>\n<meta property=\"og:type\" content=\"article\" \/>\n<meta property=\"og:title\" content=\"Fiscal\u00eda General de la Naci\u00f3n\" \/>\n<meta property=\"og:description\" content=\"P\u00e1gina oficial de la Fiscal\u00eda General de la Naci\u00f3n \u2013 Colombia. Garantizamos el acceso efectivo a la justicia, la verdad y la reparaci\u00f3n de las v\u00edctimas de los delitos.\" \/>\n<meta property=\"og:url\" content=\"https:\/\/www.fiscalia.gov.co\/colombia\/noticias\/maxima-condena-para-un-hombre-por-homicidio-de-su-familia\/\" \/>\n<meta property=\"og:site_name\" content=\"Fiscal\u00eda General de la Naci\u00f3n\" \/>\n<meta property=\"article:publisher\" content=\"https:\/\/www.facebook.com\/FiscaliaCol\" \/>\n<meta property=\"article:published_time\" content=\"2016-03-28T16:48:01+00:00\" \/>\n<meta name=\"author\" content=\"dfgordillo\" \/>\n<meta name=\"twitter:card\" content=\"summary_large_image\" \/>\n<meta name=\"twitter:creator\" content=\"@FiscaliaCol\" \/>\n<meta name=\"twitter:site\" content=\"@FiscaliaCol\" \/>\n<meta name=\"twitter:label1\" content=\"Escrito por\" \/>\n\t<meta name=\"twitter:data1\" content=\"dfgordillo\" \/>\n\t<meta name=\"twitter:label2\" content=\"Tiempo de lectura\" \/>\n\t<meta name=\"twitter:data2\" content=\"3 minutos\" \/>\n<script type=\"application\/ld+json\" class=\"yoast-schema-graph\">{\"@context\":\"https:\/\/schema.org\",\"@graph\":[{\"@type\":\"Article\",\"@id\":\"https:\/\/www.fiscalia.gov.co\/colombia\/noticias\/maxima-condena-para-un-hombre-por-homicidio-de-su-familia\/#article\",\"isPartOf\":{\"@id\":\"https:\/\/www.fiscalia.gov.co\/colombia\/noticias\/maxima-condena-para-un-hombre-por-homicidio-de-su-familia\/\"},\"author\":{\"name\":\"dfgordillo\",\"@id\":\"https:\/\/www.fiscalia.gov.co\/colombia\/#\/schema\/person\/3903856a3ce2d54b094c69eb29247895\"},\"headline\":\"M\u00e1xima condena para un hombre por homicidio de su familia\",\"datePublished\":\"2016-03-28T16:48:01+00:00\",\"dateModified\":\"2016-03-28T16:48:01+00:00\",\"mainEntityOfPage\":{\"@id\":\"https:\/\/www.fiscalia.gov.co\/colombia\/noticias\/maxima-condena-para-un-hombre-por-homicidio-de-su-familia\/\"},\"wordCount\":608,\"publisher\":{\"@id\":\"https:\/\/www.fiscalia.gov.co\/colombia\/#organization\"},\"keywords\":[\"Homicidio\"],\"articleSection\":[\"Noticias\"],\"inLanguage\":\"es-CO\"},{\"@type\":\"WebPage\",\"@id\":\"https:\/\/www.fiscalia.gov.co\/colombia\/noticias\/maxima-condena-para-un-hombre-por-homicidio-de-su-familia\/\",\"url\":\"https:\/\/www.fiscalia.gov.co\/colombia\/noticias\/maxima-condena-para-un-hombre-por-homicidio-de-su-familia\/\",\"name\":\"Fiscal\u00eda General de la Naci\u00f3n\",\"isPartOf\":{\"@id\":\"https:\/\/www.fiscalia.gov.co\/colombia\/#website\"},\"datePublished\":\"2016-03-28T16:48:01+00:00\",\"dateModified\":\"2016-03-28T16:48:01+00:00\",\"description\":\"P\u00e1gina oficial de la Fiscal\u00eda General de la Naci\u00f3n \u2013 Colombia. Garantizamos el acceso efectivo a la justicia, la verdad y la reparaci\u00f3n de las v\u00edctimas de los delitos.\",\"breadcrumb\":{\"@id\":\"https:\/\/www.fiscalia.gov.co\/colombia\/noticias\/maxima-condena-para-un-hombre-por-homicidio-de-su-familia\/#breadcrumb\"},\"inLanguage\":\"es-CO\",\"potentialAction\":[{\"@type\":\"ReadAction\",\"target\":[\"https:\/\/www.fiscalia.gov.co\/colombia\/noticias\/maxima-condena-para-un-hombre-por-homicidio-de-su-familia\/\"]}]},{\"@type\":\"BreadcrumbList\",\"@id\":\"https:\/\/www.fiscalia.gov.co\/colombia\/noticias\/maxima-condena-para-un-hombre-por-homicidio-de-su-familia\/#breadcrumb\",\"itemListElement\":[{\"@type\":\"ListItem\",\"position\":1,\"name\":\"Home\",\"item\":\"https:\/\/www.fiscalia.gov.co\/colombia\/\"},{\"@type\":\"ListItem\",\"position\":2,\"name\":\"M\u00e1xima condena para un hombre por homicidio de su familia\"}]},{\"@type\":\"WebSite\",\"@id\":\"https:\/\/www.fiscalia.gov.co\/colombia\/#website\",\"url\":\"https:\/\/www.fiscalia.gov.co\/colombia\/\",\"name\":\"Fiscal\u00eda General de la Naci\u00f3n\",\"description\":\"P\u00e1gina oficial de la Fiscal\u00eda General de la Naci\u00f3n \u2013 Colombia. Garantizamos el acceso efectivo a la justicia, la verdad y la reparaci\u00f3n de las v\u00edctimas de los delitos.\",\"publisher\":{\"@id\":\"https:\/\/www.fiscalia.gov.co\/colombia\/#organization\"},\"potentialAction\":[{\"@type\":\"SearchAction\",\"target\":{\"@type\":\"EntryPoint\",\"urlTemplate\":\"https:\/\/www.fiscalia.gov.co\/colombia\/?s={search_term_string}\"},\"query-input\":{\"@type\":\"PropertyValueSpecification\",\"valueRequired\":true,\"valueName\":\"search_term_string\"}}],\"inLanguage\":\"es-CO\"},{\"@type\":\"Organization\",\"@id\":\"https:\/\/www.fiscalia.gov.co\/colombia\/#organization\",\"name\":\"Fiscal\u00eda General de la Naci\u00f3n\",\"url\":\"https:\/\/www.fiscalia.gov.co\/colombia\/\",\"logo\":{\"@type\":\"ImageObject\",\"inLanguage\":\"es-CO\",\"@id\":\"https:\/\/www.fiscalia.gov.co\/colombia\/#\/schema\/logo\/image\/\",\"url\":\"https:\/\/www.fiscalia.gov.co\/colombia\/wp-content\/uploads\/LogoHorizontal_1.jpg\",\"contentUrl\":\"https:\/\/www.fiscalia.gov.co\/colombia\/wp-content\/uploads\/LogoHorizontal_1.jpg\",\"width\":300,\"height\":90,\"caption\":\"Fiscal\u00eda General de la Naci\u00f3n\"},\"image\":{\"@id\":\"https:\/\/www.fiscalia.gov.co\/colombia\/#\/schema\/logo\/image\/\"},\"sameAs\":[\"https:\/\/www.facebook.com\/FiscaliaCol\",\"https:\/\/x.com\/FiscaliaCol\",\"https:\/\/www.instagram.com\/fiscaliacol\",\"https:\/\/www.linkedin.com\/company\/fiscalia-general-de-la-naci-n\/\",\"https:\/\/youtube.com\/@fiscaliageneraldelanacion-4668?si=6nN79nyQICPU5iTh\"]},{\"@type\":\"Person\",\"@id\":\"https:\/\/www.fiscalia.gov.co\/colombia\/#\/schema\/person\/3903856a3ce2d54b094c69eb29247895\",\"name\":\"dfgordillo\",\"image\":{\"@type\":\"ImageObject\",\"inLanguage\":\"es-CO\",\"@id\":\"https:\/\/www.fiscalia.gov.co\/colombia\/#\/schema\/person\/image\/\",\"url\":\"https:\/\/secure.gravatar.com\/avatar\/b6356e21c5657c60757fe6fb9493e947?s=96&d=mm&r=g\",\"contentUrl\":\"https:\/\/secure.gravatar.com\/avatar\/b6356e21c5657c60757fe6fb9493e947?s=96&d=mm&r=g\",\"caption\":\"dfgordillo\"},\"sameAs\":[\"dfgordillo\"],\"url\":\"https:\/\/www.fiscalia.gov.co\/colombia\/author\/dfgordillo\/\"}]}<\/script>\n<!-- \/ Yoast SEO plugin. -->","yoast_head_json":{"title":"Fiscal\u00eda General de la Naci\u00f3n","description":"P\u00e1gina oficial de la Fiscal\u00eda General de la Naci\u00f3n \u2013 Colombia. Garantizamos el acceso efectivo a la justicia, la verdad y la reparaci\u00f3n de las v\u00edctimas de los delitos.","robots":{"index":"noindex","follow":"follow"},"og_locale":"es_ES","og_type":"article","og_title":"Fiscal\u00eda General de la Naci\u00f3n","og_description":"P\u00e1gina oficial de la Fiscal\u00eda General de la Naci\u00f3n \u2013 Colombia. Garantizamos el acceso efectivo a la justicia, la verdad y la reparaci\u00f3n de las v\u00edctimas de los delitos.","og_url":"https:\/\/www.fiscalia.gov.co\/colombia\/noticias\/maxima-condena-para-un-hombre-por-homicidio-de-su-familia\/","og_site_name":"Fiscal\u00eda General de la Naci\u00f3n","article_publisher":"https:\/\/www.facebook.com\/FiscaliaCol","article_published_time":"2016-03-28T16:48:01+00:00","author":"dfgordillo","twitter_card":"summary_large_image","twitter_creator":"@FiscaliaCol","twitter_site":"@FiscaliaCol","twitter_misc":{"Escrito por":"dfgordillo","Tiempo de lectura":"3 minutos"},"schema":{"@context":"https:\/\/schema.org","@graph":[{"@type":"Article","@id":"https:\/\/www.fiscalia.gov.co\/colombia\/noticias\/maxima-condena-para-un-hombre-por-homicidio-de-su-familia\/#article","isPartOf":{"@id":"https:\/\/www.fiscalia.gov.co\/colombia\/noticias\/maxima-condena-para-un-hombre-por-homicidio-de-su-familia\/"},"author":{"name":"dfgordillo","@id":"https:\/\/www.fiscalia.gov.co\/colombia\/#\/schema\/person\/3903856a3ce2d54b094c69eb29247895"},"headline":"M\u00e1xima condena para un hombre por homicidio de su familia","datePublished":"2016-03-28T16:48:01+00:00","dateModified":"2016-03-28T16:48:01+00:00","mainEntityOfPage":{"@id":"https:\/\/www.fiscalia.gov.co\/colombia\/noticias\/maxima-condena-para-un-hombre-por-homicidio-de-su-familia\/"},"wordCount":608,"publisher":{"@id":"https:\/\/www.fiscalia.gov.co\/colombia\/#organization"},"keywords":["Homicidio"],"articleSection":["Noticias"],"inLanguage":"es-CO"},{"@type":"WebPage","@id":"https:\/\/www.fiscalia.gov.co\/colombia\/noticias\/maxima-condena-para-un-hombre-por-homicidio-de-su-familia\/","url":"https:\/\/www.fiscalia.gov.co\/colombia\/noticias\/maxima-condena-para-un-hombre-por-homicidio-de-su-familia\/","name":"Fiscal\u00eda General de la Naci\u00f3n","isPartOf":{"@id":"https:\/\/www.fiscalia.gov.co\/colombia\/#website"},"datePublished":"2016-03-28T16:48:01+00:00","dateModified":"2016-03-28T16:48:01+00:00","description":"P\u00e1gina oficial de la Fiscal\u00eda General de la Naci\u00f3n \u2013 Colombia. Garantizamos el acceso efectivo a la justicia, la verdad y la reparaci\u00f3n de las v\u00edctimas de los delitos.","breadcrumb":{"@id":"https:\/\/www.fiscalia.gov.co\/colombia\/noticias\/maxima-condena-para-un-hombre-por-homicidio-de-su-familia\/#breadcrumb"},"inLanguage":"es-CO","potentialAction":[{"@type":"ReadAction","target":["https:\/\/www.fiscalia.gov.co\/colombia\/noticias\/maxima-condena-para-un-hombre-por-homicidio-de-su-familia\/"]}]},{"@type":"BreadcrumbList","@id":"https:\/\/www.fiscalia.gov.co\/colombia\/noticias\/maxima-condena-para-un-hombre-por-homicidio-de-su-familia\/#breadcrumb","itemListElement":[{"@type":"ListItem","position":1,"name":"Home","item":"https:\/\/www.fiscalia.gov.co\/colombia\/"},{"@type":"ListItem","position":2,"name":"M\u00e1xima condena para un hombre por homicidio de su familia"}]},{"@type":"WebSite","@id":"https:\/\/www.fiscalia.gov.co\/colombia\/#website","url":"https:\/\/www.fiscalia.gov.co\/colombia\/","name":"Fiscal\u00eda General de la Naci\u00f3n","description":"P\u00e1gina oficial de la Fiscal\u00eda General de la Naci\u00f3n \u2013 Colombia. Garantizamos el acceso efectivo a la justicia, la verdad y la reparaci\u00f3n de las v\u00edctimas de los delitos.","publisher":{"@id":"https:\/\/www.fiscalia.gov.co\/colombia\/#organization"},"potentialAction":[{"@type":"SearchAction","target":{"@type":"EntryPoint","urlTemplate":"https:\/\/www.fiscalia.gov.co\/colombia\/?s={search_term_string}"},"query-input":{"@type":"PropertyValueSpecification","valueRequired":true,"valueName":"search_term_string"}}],"inLanguage":"es-CO"},{"@type":"Organization","@id":"https:\/\/www.fiscalia.gov.co\/colombia\/#organization","name":"Fiscal\u00eda General de la Naci\u00f3n","url":"https:\/\/www.fiscalia.gov.co\/colombia\/","logo":{"@type":"ImageObject","inLanguage":"es-CO","@id":"https:\/\/www.fiscalia.gov.co\/colombia\/#\/schema\/logo\/image\/","url":"https:\/\/www.fiscalia.gov.co\/colombia\/wp-content\/uploads\/LogoHorizontal_1.jpg","contentUrl":"https:\/\/www.fiscalia.gov.co\/colombia\/wp-content\/uploads\/LogoHorizontal_1.jpg","width":300,"height":90,"caption":"Fiscal\u00eda General de la Naci\u00f3n"},"image":{"@id":"https:\/\/www.fiscalia.gov.co\/colombia\/#\/schema\/logo\/image\/"},"sameAs":["https:\/\/www.facebook.com\/FiscaliaCol","https:\/\/x.com\/FiscaliaCol","https:\/\/www.instagram.com\/fiscaliacol","https:\/\/www.linkedin.com\/company\/fiscalia-general-de-la-naci-n\/","https:\/\/youtube.com\/@fiscaliageneraldelanacion-4668?si=6nN79nyQICPU5iTh"]},{"@type":"Person","@id":"https:\/\/www.fiscalia.gov.co\/colombia\/#\/schema\/person\/3903856a3ce2d54b094c69eb29247895","name":"dfgordillo","image":{"@type":"ImageObject","inLanguage":"es-CO","@id":"https:\/\/www.fiscalia.gov.co\/colombia\/#\/schema\/person\/image\/","url":"https:\/\/secure.gravatar.com\/avatar\/b6356e21c5657c60757fe6fb9493e947?s=96&d=mm&r=g","contentUrl":"https:\/\/secure.gravatar.com\/avatar\/b6356e21c5657c60757fe6fb9493e947?s=96&d=mm&r=g","caption":"dfgordillo"},"sameAs":["dfgordillo"],"url":"https:\/\/www.fiscalia.gov.co\/colombia\/author\/dfgordillo\/"}]}},"_links":{"self":[{"href":"https:\/\/www.fiscalia.gov.co\/colombia\/wp-json\/wp\/v2\/posts\/81185","targetHints":{"allow":["GET"]}}],"collection":[{"href":"https:\/\/www.fiscalia.gov.co\/colombia\/wp-json\/wp\/v2\/posts"}],"about":[{"href":"https:\/\/www.fiscalia.gov.co\/colombia\/wp-json\/wp\/v2\/types\/post"}],"author":[{"embeddable":true,"href":"https:\/\/www.fiscalia.gov.co\/colombia\/wp-json\/wp\/v2\/users\/143"}],"replies":[{"embeddable":true,"href":"https:\/\/www.fiscalia.gov.co\/colombia\/wp-json\/wp\/v2\/comments?post=81185"}],"version-history":[{"count":2,"href":"https:\/\/www.fiscalia.gov.co\/colombia\/wp-json\/wp\/v2\/posts\/81185\/revisions"}],"predecessor-version":[{"id":81187,"href":"https:\/\/www.fiscalia.gov.co\/colombia\/wp-json\/wp\/v2\/posts\/81185\/revisions\/81187"}],"wp:attachment":[{"href":"https:\/\/www.fiscalia.gov.co\/colombia\/wp-json\/wp\/v2\/media?parent=81185"}],"wp:term":[{"taxonomy":"category","embeddable":true,"href":"https:\/\/www.fiscalia.gov.co\/colombia\/wp-json\/wp\/v2\/categories?post=81185"},{"taxonomy":"post_tag","embeddable":true,"href":"https:\/\/www.fiscalia.gov.co\/colombia\/wp-json\/wp\/v2\/tags?post=81185"}],"curies":[{"name":"wp","href":"https:\/\/api.w.org\/{rel}","templated":true}]}}