{"id":81136,"date":"2016-03-22T16:02:17","date_gmt":"2016-03-22T21:02:17","guid":{"rendered":"http:\/\/www.fiscalia.gov.co\/colombia\/?p=81136"},"modified":"2016-03-22T16:02:17","modified_gmt":"2016-03-22T21:02:17","slug":"fiscalia-demostro-ante-la-cidh-que-en-colombia-no-hay-persecucion-judicial-a-la-oposicion","status":"publish","type":"post","link":"https:\/\/www.fiscalia.gov.co\/colombia\/noticias\/fiscalia-demostro-ante-la-cidh-que-en-colombia-no-hay-persecucion-judicial-a-la-oposicion\/","title":{"rendered":"Fiscal\u00eda demostr\u00f3 ante la CIDH que en Colombia no hay persecuci\u00f3n judicial a la oposici\u00f3n"},"content":{"rendered":"<p>En d\u00edas pasados, algunos miembros del partido pol\u00edtico Centro Democr\u00e1tico anunciaron que acudir\u00edan a la Comisi\u00f3n Interamericana de Derechos Humanos (CIDH) porque consideran que diversas investigaciones adelantadas por la Fiscal\u00eda General de la Naci\u00f3n son una presunta persecuci\u00f3n judicial en su contra. El Fiscal General de la Naci\u00f3n,\u00a0 Eduardo Montealegre Lynett, present\u00f3 a la Comisi\u00f3n toda la documentaci\u00f3n que soporta las decisiones que adelanta la Fiscal\u00eda.<\/p>\n<p>De forma especial Montealegre aport\u00f3 las pruebas que fundamentaron las actuaciones contra (1) el se\u00f1or Santiago Uribe V\u00e9lez. Esta persona es investigada por los delitos de concierto para delinquir agravado (conformaci\u00f3n de grupos paramilitares) y homicidio agravado (la muerte de Camilo Barrientos Dur\u00e1n) por hechos ocurridos en los primeros a\u00f1os de la d\u00e9cada de 1990.<\/p>\n<p>La investigaci\u00f3n y judicializaci\u00f3n de estas graves violaciones a los derechos humanos ha resultado sumamente compleja, entre otras razones, por el asesinato, la intimidaci\u00f3n y el soborno de los principales testigos. La detenci\u00f3n preventiva se orden\u00f3 con estricto apego a las garant\u00edas constitucionales y al procedimiento establecido en la ley. Asimismo, fueron respetadas celosamente las exigencias consagradas en la carta para imponer este tipo de medidas, lo cual implic\u00f3 un estricto an\u00e1lisis de proporcionalidad y un respeto de los fines admitidos en la Constituci\u00f3n y los instrumentos internacionales de derechos humanos aplicables.<\/p>\n<p>En el ordenamiento interno,\u00a0 Uribe V\u00e9lez cuenta con mecanismos para impugnar la decisi\u00f3n a trav\u00e9s de la cual se le impuso medida de aseguramiento. Lo podr\u00e1 hacer bien sea ante la propia Fiscal\u00eda,\u00a0 presentando los recursos ordinarios que considere pertinentes, o acudiendo ante los jueces competentes para que se ejerza el correspondiente control de legalidad.<\/p>\n<p>(2) En relaci\u00f3n con las investigaciones que se adelantan contra los ciudadanos colombianos Luis Alfonso Hoyos, Oscar Iv\u00e1n Zuluaga y David Zuluaga, estas tienen origen en la investigaci\u00f3n y posterior condena del se\u00f1or Andr\u00e9s Fernando Sep\u00falveda Ardila (10 a\u00f1os de prisi\u00f3n) por los delitos de espionaje, concierto para delinquir, acceso abusivo a un sistema inform\u00e1tico, violaci\u00f3n de datos personales y uso de <em>software<\/em> malicioso.<\/p>\n<p>Acerca de Hoyos Aristizabal, la Fiscal\u00eda encontr\u00f3 que los elementos materiales probatorios recopilados eran suficientes para acusarlo por los delitos de espionaje, concierto para delinquir, violaci\u00f3n de datos personales, acceso abusivo a sistema inform\u00e1tico, uso de <em>software<\/em> malicioso y cohecho por dar u ofrecer.<\/p>\n<p>Sobre los se\u00f1ores Zuluaga Escobar y Zuluaga Mart\u00ednez, despu\u00e9s de ser escuchados en diligencia de interrogatorio se siguen recopilando elementos materiales probatorios tendientes a esclarecer los hechos objeto de investigaci\u00f3n.<\/p>\n<p>(3) Tambi\u00e9n es necesario informar a la opini\u00f3n p\u00fablica que la Fiscal\u00eda General de la Naci\u00f3n de Colombia,\u00a0 entre los a\u00f1os 2011 y 2016,\u00a0 ha investigado y judicializado la defraudaci\u00f3n a la Direcci\u00f3n de Impuestos de Colombia (DIAN) por un valor cercano al bill\u00f3n de pesos.\u00a0 \u00c9sta se encuentra asociada a fen\u00f3menos criminales de contrabando de chatarra (excedentes industriales), textiles y ganado.<\/p>\n<p>Dentro del <em>modus operandi<\/em> de la organizaci\u00f3n criminal, se identific\u00f3 a James Arias V\u00e1squez como uno de sus m\u00e1ximos responsables y quien acept\u00f3 su responsabilidad en varios delitos. En las operaciones comerciales del ciudadano Arias V\u00e1squez se advirti\u00f3 la existencia de una posible relaci\u00f3n con la empresa Ecoeficiencia, de propiedad de los hermanos Tom\u00e1s y Jer\u00f3nimo Uribe Moreno, por lo cual en la actualidad se adelanta una investigaci\u00f3n para determinar si la relaci\u00f3n entre Arias V\u00e1squez y la empresa Ecoeficiencia fue de car\u00e1cter criminal.<\/p>\n<p>(4) Los ciudadanos Uribe Moreno denunciaron ante la Fiscal\u00eda General de la Naci\u00f3n la existencia de presuntas presiones por parte de funcionarios del Gobierno Nacional y del propio ente acusador para que James Arias V\u00e1squez declarara en su contra.<\/p>\n<p>Ante tales manifestaciones, la Fiscal\u00eda adelant\u00f3 las pesquisas necesarias con el fin de establecer la ocurrencia de los hechos denunciados, lo cual, pese a los esfuerzos de la Fiscal\u00eda, ha resultado infructuoso pues los testigos directos de las presiones que denuncian los se\u00f1ores Uribe Moreno niegan la existencia de las mismas. Aunado a esto, tampoco ha sido posible verificar la veracidad de lo declarado por los testigos de o\u00eddas.<\/p>\n<p>La Fiscal\u00eda destaca que todas sus actuaciones, incluida la detenci\u00f3n preventiva del se\u00f1or Santiago Uribe Velez, se ordenaron con estricto apego a las garant\u00edas constitucionales y al procedimiento establecido en la ley, y as\u00ed se puede constatar en los documentos que se aportan a la Comisi\u00f3n. Asimismo, fueron respetadas celosamente las exigencias consagradas en la carta para imponer este tipo de medidas, lo cual implic\u00f3 un estricto an\u00e1lisis de proporcionalidad y un respeto de los fines admitidos en la Constituci\u00f3n y los instrumentos internacionales de derechos humanos aplicables.<\/p>\n<p>La Fiscal\u00eda recuerda igualmente que en el pasado diversas personas han sido condenadas por jueces y magistrados imparciales e independientes, incluida la Corte Suprema de Justicia, que no dependen funcionalmente de la Fiscal\u00eda. Entre estos casos se destacan las condenas contra:<\/p>\n<p>(1)\u00a0\u00a0\u00a0\u00a0\u00a0\u00a0\u00a0\u00a0\u00a0\u00a0\u00a0 Jorge Noguera, director del DAS entre los a\u00f1os 2002 y 2005, durante el gobierno de \u00c1lvaro Uribe V\u00e9lez.<\/p>\n<p>(2)\u00a0\u00a0\u00a0\u00a0\u00a0\u00a0\u00a0\u00a0\u00a0 Maria del Pilar Hurtado, directora del DAS en 2007, durante el gobierno de \u00c1lvaro Uribe V\u00e9lez.<\/p>\n<p>(3)\u00a0\u00a0\u00a0\u00a0\u00a0\u00a0\u00a0\u00a0 Andr\u00e9s Felipe Arias, ministro de Agricultura entre los a\u00f1os 2005 y 2009, \u00a0durante el gobierno de \u00c1lvaro Uribe V\u00e9lez.<\/p>\n<p>(4)\u00a0\u00a0\u00a0\u00a0\u00a0\u00a0\u00a0 Mauricio Santoyo, jefe de seguridad de la Presidencia de la Rep\u00fablica durante el gobierno de \u00c1lvaro Uribe V\u00e9lez, quien ante una corte de Virginia (Estados Unidos) que ayud\u00f3 a paramilitares y narcotraficantes, incluso cuando fue jefe de seguridad.<\/p>\n<p>(5)\u00a0\u00a0\u00a0\u00a0\u00a0\u00a0\u00a0\u00a0\u00a0 Bernardo Moreno, secretario general de la presidencia de \u00c1lvaro Uribe durante el lapso 2004 y 2010, fue condenado tambi\u00e9n por interceptaciones ilegales.<\/p>\n<p>En todos esos casos se salvaguardaron los principios y garant\u00edas constitucionales, el derecho de defensa y el debido proceso. Las decisiones se encuentran en firme y en ninguna de ellas se evidencia alg\u00fan tipo de persecuci\u00f3n pol\u00edtica.<\/p>\n<p>&nbsp;<\/p>\n<p>OAJR \/ AAEA<\/p>\n<p><strong>Declaraciones <strong>Eduardo Montealegre Lynett, Fiscal General de la Naci\u00f3n<\/strong><br \/>\n<\/strong><\/p>\n<div>[audio:http:\/\/www.fiscalia.gov.co\/colombia\/wp-content\/uploads\/decl_fiscal_gral_23032016.mp3|titles=Declaraciones]<\/div>\n<p><a href=\"http:\/\/www.fiscalia.gov.co\/colombia\/wp-content\/uploads\/decl_fiscal_gral_23032016.mp3\">Descargar<\/a><\/p>\n<p>Tema: Fiscal\u00eda demostr\u00f3 ante la CIDH que en Colombia no hay persecuci\u00f3n judicial a la oposici\u00f3n.<br \/>\nLugar: Comisi\u00f3n Interamericana de Derechos Humanos (CIDH) &#8211; OEA &#8211; Washington D. C. (Estados Unidos)<br \/>\nFecha: 22 de marzo de 2016<\/p>\n<p>&nbsp;<\/p>\n<p>&nbsp;<\/p>\n\n<div class=\"twitter-share\"><a href=\"https:\/\/twitter.com\/intent\/tweet?via=fiscaliacol\" class=\"twitter-share-button\">Tweet<\/a><\/div>\n","protected":false},"excerpt":{"rendered":"<p>En d\u00edas pasados, algunos miembros del partido pol\u00edtico Centro Democr\u00e1tico anunciaron que acudir\u00edan a la Comisi\u00f3n Interamericana de Derechos Humanos (CIDH) porque consideran que diversas investigaciones adelantadas por la Fiscal\u00eda [&hellip;]<\/p>\n","protected":false},"author":143,"featured_media":0,"comment_status":"closed","ping_status":"open","sticky":false,"template":"","format":"standard","meta":{"tdm_status":"","tdm_grid_status":"","footnotes":""},"categories":[1],"tags":[17804,3121,78],"class_list":["post-81136","post","type-post","status-publish","format-standard","category-noticias","tag-centro-democratico","tag-cidh","tag-fiscal-general-de-la-nacion"],"yoast_head":"<!-- This site is optimized with the Yoast SEO plugin v24.3 - https:\/\/yoast.com\/wordpress\/plugins\/seo\/ -->\n<title>Fiscal\u00eda General de la Naci\u00f3n<\/title>\n<meta name=\"description\" content=\"P\u00e1gina oficial de la Fiscal\u00eda General de la Naci\u00f3n \u2013 Colombia. Garantizamos el acceso efectivo a la justicia, la verdad y la reparaci\u00f3n de las v\u00edctimas de los delitos.\" \/>\n<meta name=\"robots\" content=\"noindex, follow\" \/>\n<meta property=\"og:locale\" content=\"es_ES\" \/>\n<meta property=\"og:type\" content=\"article\" \/>\n<meta property=\"og:title\" content=\"Fiscal\u00eda General de la Naci\u00f3n\" \/>\n<meta property=\"og:description\" content=\"P\u00e1gina oficial de la Fiscal\u00eda General de la Naci\u00f3n \u2013 Colombia. Garantizamos el acceso efectivo a la justicia, la verdad y la reparaci\u00f3n de las v\u00edctimas de los delitos.\" \/>\n<meta property=\"og:url\" content=\"https:\/\/www.fiscalia.gov.co\/colombia\/noticias\/fiscalia-demostro-ante-la-cidh-que-en-colombia-no-hay-persecucion-judicial-a-la-oposicion\/\" \/>\n<meta property=\"og:site_name\" content=\"Fiscal\u00eda General de la Naci\u00f3n\" \/>\n<meta property=\"article:publisher\" content=\"https:\/\/www.facebook.com\/FiscaliaCol\" \/>\n<meta property=\"article:published_time\" content=\"2016-03-22T21:02:17+00:00\" \/>\n<meta name=\"author\" content=\"dfgordillo\" \/>\n<meta name=\"twitter:card\" content=\"summary_large_image\" \/>\n<meta name=\"twitter:creator\" content=\"@FiscaliaCol\" \/>\n<meta name=\"twitter:site\" content=\"@FiscaliaCol\" \/>\n<meta name=\"twitter:label1\" content=\"Escrito por\" \/>\n\t<meta name=\"twitter:data1\" content=\"dfgordillo\" \/>\n\t<meta name=\"twitter:label2\" content=\"Tiempo de lectura\" \/>\n\t<meta name=\"twitter:data2\" content=\"5 minutos\" \/>\n<script type=\"application\/ld+json\" class=\"yoast-schema-graph\">{\"@context\":\"https:\/\/schema.org\",\"@graph\":[{\"@type\":\"Article\",\"@id\":\"https:\/\/www.fiscalia.gov.co\/colombia\/noticias\/fiscalia-demostro-ante-la-cidh-que-en-colombia-no-hay-persecucion-judicial-a-la-oposicion\/#article\",\"isPartOf\":{\"@id\":\"https:\/\/www.fiscalia.gov.co\/colombia\/noticias\/fiscalia-demostro-ante-la-cidh-que-en-colombia-no-hay-persecucion-judicial-a-la-oposicion\/\"},\"author\":{\"name\":\"dfgordillo\",\"@id\":\"https:\/\/www.fiscalia.gov.co\/colombia\/#\/schema\/person\/3903856a3ce2d54b094c69eb29247895\"},\"headline\":\"Fiscal\u00eda demostr\u00f3 ante la CIDH que en Colombia no hay persecuci\u00f3n judicial a la oposici\u00f3n\",\"datePublished\":\"2016-03-22T21:02:17+00:00\",\"dateModified\":\"2016-03-22T21:02:17+00:00\",\"mainEntityOfPage\":{\"@id\":\"https:\/\/www.fiscalia.gov.co\/colombia\/noticias\/fiscalia-demostro-ante-la-cidh-que-en-colombia-no-hay-persecucion-judicial-a-la-oposicion\/\"},\"wordCount\":1108,\"publisher\":{\"@id\":\"https:\/\/www.fiscalia.gov.co\/colombia\/#organization\"},\"keywords\":[\"Centro Democr\u00e1tico\",\"CIDH\",\"Fiscal General de la Naci\u00f3n\"],\"articleSection\":[\"Noticias\"],\"inLanguage\":\"es-CO\"},{\"@type\":\"WebPage\",\"@id\":\"https:\/\/www.fiscalia.gov.co\/colombia\/noticias\/fiscalia-demostro-ante-la-cidh-que-en-colombia-no-hay-persecucion-judicial-a-la-oposicion\/\",\"url\":\"https:\/\/www.fiscalia.gov.co\/colombia\/noticias\/fiscalia-demostro-ante-la-cidh-que-en-colombia-no-hay-persecucion-judicial-a-la-oposicion\/\",\"name\":\"Fiscal\u00eda General de la Naci\u00f3n\",\"isPartOf\":{\"@id\":\"https:\/\/www.fiscalia.gov.co\/colombia\/#website\"},\"datePublished\":\"2016-03-22T21:02:17+00:00\",\"dateModified\":\"2016-03-22T21:02:17+00:00\",\"description\":\"P\u00e1gina oficial de la Fiscal\u00eda General de la Naci\u00f3n \u2013 Colombia. Garantizamos el acceso efectivo a la justicia, la verdad y la reparaci\u00f3n de las v\u00edctimas de los delitos.\",\"breadcrumb\":{\"@id\":\"https:\/\/www.fiscalia.gov.co\/colombia\/noticias\/fiscalia-demostro-ante-la-cidh-que-en-colombia-no-hay-persecucion-judicial-a-la-oposicion\/#breadcrumb\"},\"inLanguage\":\"es-CO\",\"potentialAction\":[{\"@type\":\"ReadAction\",\"target\":[\"https:\/\/www.fiscalia.gov.co\/colombia\/noticias\/fiscalia-demostro-ante-la-cidh-que-en-colombia-no-hay-persecucion-judicial-a-la-oposicion\/\"]}]},{\"@type\":\"BreadcrumbList\",\"@id\":\"https:\/\/www.fiscalia.gov.co\/colombia\/noticias\/fiscalia-demostro-ante-la-cidh-que-en-colombia-no-hay-persecucion-judicial-a-la-oposicion\/#breadcrumb\",\"itemListElement\":[{\"@type\":\"ListItem\",\"position\":1,\"name\":\"Home\",\"item\":\"https:\/\/www.fiscalia.gov.co\/colombia\/\"},{\"@type\":\"ListItem\",\"position\":2,\"name\":\"Fiscal\u00eda demostr\u00f3 ante la CIDH que en Colombia no hay persecuci\u00f3n judicial a la oposici\u00f3n\"}]},{\"@type\":\"WebSite\",\"@id\":\"https:\/\/www.fiscalia.gov.co\/colombia\/#website\",\"url\":\"https:\/\/www.fiscalia.gov.co\/colombia\/\",\"name\":\"Fiscal\u00eda General de la Naci\u00f3n\",\"description\":\"P\u00e1gina oficial de la Fiscal\u00eda General de la Naci\u00f3n \u2013 Colombia. Garantizamos el acceso efectivo a la justicia, la verdad y la reparaci\u00f3n de las v\u00edctimas de los delitos.\",\"publisher\":{\"@id\":\"https:\/\/www.fiscalia.gov.co\/colombia\/#organization\"},\"potentialAction\":[{\"@type\":\"SearchAction\",\"target\":{\"@type\":\"EntryPoint\",\"urlTemplate\":\"https:\/\/www.fiscalia.gov.co\/colombia\/?s={search_term_string}\"},\"query-input\":{\"@type\":\"PropertyValueSpecification\",\"valueRequired\":true,\"valueName\":\"search_term_string\"}}],\"inLanguage\":\"es-CO\"},{\"@type\":\"Organization\",\"@id\":\"https:\/\/www.fiscalia.gov.co\/colombia\/#organization\",\"name\":\"Fiscal\u00eda General de la Naci\u00f3n\",\"url\":\"https:\/\/www.fiscalia.gov.co\/colombia\/\",\"logo\":{\"@type\":\"ImageObject\",\"inLanguage\":\"es-CO\",\"@id\":\"https:\/\/www.fiscalia.gov.co\/colombia\/#\/schema\/logo\/image\/\",\"url\":\"https:\/\/www.fiscalia.gov.co\/colombia\/wp-content\/uploads\/LogoHorizontal_1.jpg\",\"contentUrl\":\"https:\/\/www.fiscalia.gov.co\/colombia\/wp-content\/uploads\/LogoHorizontal_1.jpg\",\"width\":300,\"height\":90,\"caption\":\"Fiscal\u00eda General de la Naci\u00f3n\"},\"image\":{\"@id\":\"https:\/\/www.fiscalia.gov.co\/colombia\/#\/schema\/logo\/image\/\"},\"sameAs\":[\"https:\/\/www.facebook.com\/FiscaliaCol\",\"https:\/\/x.com\/FiscaliaCol\",\"https:\/\/www.instagram.com\/fiscaliacol\",\"https:\/\/www.linkedin.com\/company\/fiscalia-general-de-la-naci-n\/\",\"https:\/\/youtube.com\/@fiscaliageneraldelanacion-4668?si=6nN79nyQICPU5iTh\"]},{\"@type\":\"Person\",\"@id\":\"https:\/\/www.fiscalia.gov.co\/colombia\/#\/schema\/person\/3903856a3ce2d54b094c69eb29247895\",\"name\":\"dfgordillo\",\"image\":{\"@type\":\"ImageObject\",\"inLanguage\":\"es-CO\",\"@id\":\"https:\/\/www.fiscalia.gov.co\/colombia\/#\/schema\/person\/image\/\",\"url\":\"https:\/\/secure.gravatar.com\/avatar\/b6356e21c5657c60757fe6fb9493e947?s=96&d=mm&r=g\",\"contentUrl\":\"https:\/\/secure.gravatar.com\/avatar\/b6356e21c5657c60757fe6fb9493e947?s=96&d=mm&r=g\",\"caption\":\"dfgordillo\"},\"sameAs\":[\"dfgordillo\"],\"url\":\"https:\/\/www.fiscalia.gov.co\/colombia\/author\/dfgordillo\/\"}]}<\/script>\n<!-- \/ Yoast SEO plugin. -->","yoast_head_json":{"title":"Fiscal\u00eda General de la Naci\u00f3n","description":"P\u00e1gina oficial de la Fiscal\u00eda General de la Naci\u00f3n \u2013 Colombia. Garantizamos el acceso efectivo a la justicia, la verdad y la reparaci\u00f3n de las v\u00edctimas de los delitos.","robots":{"index":"noindex","follow":"follow"},"og_locale":"es_ES","og_type":"article","og_title":"Fiscal\u00eda General de la Naci\u00f3n","og_description":"P\u00e1gina oficial de la Fiscal\u00eda General de la Naci\u00f3n \u2013 Colombia. Garantizamos el acceso efectivo a la justicia, la verdad y la reparaci\u00f3n de las v\u00edctimas de los delitos.","og_url":"https:\/\/www.fiscalia.gov.co\/colombia\/noticias\/fiscalia-demostro-ante-la-cidh-que-en-colombia-no-hay-persecucion-judicial-a-la-oposicion\/","og_site_name":"Fiscal\u00eda General de la Naci\u00f3n","article_publisher":"https:\/\/www.facebook.com\/FiscaliaCol","article_published_time":"2016-03-22T21:02:17+00:00","author":"dfgordillo","twitter_card":"summary_large_image","twitter_creator":"@FiscaliaCol","twitter_site":"@FiscaliaCol","twitter_misc":{"Escrito por":"dfgordillo","Tiempo de lectura":"5 minutos"},"schema":{"@context":"https:\/\/schema.org","@graph":[{"@type":"Article","@id":"https:\/\/www.fiscalia.gov.co\/colombia\/noticias\/fiscalia-demostro-ante-la-cidh-que-en-colombia-no-hay-persecucion-judicial-a-la-oposicion\/#article","isPartOf":{"@id":"https:\/\/www.fiscalia.gov.co\/colombia\/noticias\/fiscalia-demostro-ante-la-cidh-que-en-colombia-no-hay-persecucion-judicial-a-la-oposicion\/"},"author":{"name":"dfgordillo","@id":"https:\/\/www.fiscalia.gov.co\/colombia\/#\/schema\/person\/3903856a3ce2d54b094c69eb29247895"},"headline":"Fiscal\u00eda demostr\u00f3 ante la CIDH que en Colombia no hay persecuci\u00f3n judicial a la oposici\u00f3n","datePublished":"2016-03-22T21:02:17+00:00","dateModified":"2016-03-22T21:02:17+00:00","mainEntityOfPage":{"@id":"https:\/\/www.fiscalia.gov.co\/colombia\/noticias\/fiscalia-demostro-ante-la-cidh-que-en-colombia-no-hay-persecucion-judicial-a-la-oposicion\/"},"wordCount":1108,"publisher":{"@id":"https:\/\/www.fiscalia.gov.co\/colombia\/#organization"},"keywords":["Centro Democr\u00e1tico","CIDH","Fiscal General de la Naci\u00f3n"],"articleSection":["Noticias"],"inLanguage":"es-CO"},{"@type":"WebPage","@id":"https:\/\/www.fiscalia.gov.co\/colombia\/noticias\/fiscalia-demostro-ante-la-cidh-que-en-colombia-no-hay-persecucion-judicial-a-la-oposicion\/","url":"https:\/\/www.fiscalia.gov.co\/colombia\/noticias\/fiscalia-demostro-ante-la-cidh-que-en-colombia-no-hay-persecucion-judicial-a-la-oposicion\/","name":"Fiscal\u00eda General de la Naci\u00f3n","isPartOf":{"@id":"https:\/\/www.fiscalia.gov.co\/colombia\/#website"},"datePublished":"2016-03-22T21:02:17+00:00","dateModified":"2016-03-22T21:02:17+00:00","description":"P\u00e1gina oficial de la Fiscal\u00eda General de la Naci\u00f3n \u2013 Colombia. Garantizamos el acceso efectivo a la justicia, la verdad y la reparaci\u00f3n de las v\u00edctimas de los delitos.","breadcrumb":{"@id":"https:\/\/www.fiscalia.gov.co\/colombia\/noticias\/fiscalia-demostro-ante-la-cidh-que-en-colombia-no-hay-persecucion-judicial-a-la-oposicion\/#breadcrumb"},"inLanguage":"es-CO","potentialAction":[{"@type":"ReadAction","target":["https:\/\/www.fiscalia.gov.co\/colombia\/noticias\/fiscalia-demostro-ante-la-cidh-que-en-colombia-no-hay-persecucion-judicial-a-la-oposicion\/"]}]},{"@type":"BreadcrumbList","@id":"https:\/\/www.fiscalia.gov.co\/colombia\/noticias\/fiscalia-demostro-ante-la-cidh-que-en-colombia-no-hay-persecucion-judicial-a-la-oposicion\/#breadcrumb","itemListElement":[{"@type":"ListItem","position":1,"name":"Home","item":"https:\/\/www.fiscalia.gov.co\/colombia\/"},{"@type":"ListItem","position":2,"name":"Fiscal\u00eda demostr\u00f3 ante la CIDH que en Colombia no hay persecuci\u00f3n judicial a la oposici\u00f3n"}]},{"@type":"WebSite","@id":"https:\/\/www.fiscalia.gov.co\/colombia\/#website","url":"https:\/\/www.fiscalia.gov.co\/colombia\/","name":"Fiscal\u00eda General de la Naci\u00f3n","description":"P\u00e1gina oficial de la Fiscal\u00eda General de la Naci\u00f3n \u2013 Colombia. Garantizamos el acceso efectivo a la justicia, la verdad y la reparaci\u00f3n de las v\u00edctimas de los delitos.","publisher":{"@id":"https:\/\/www.fiscalia.gov.co\/colombia\/#organization"},"potentialAction":[{"@type":"SearchAction","target":{"@type":"EntryPoint","urlTemplate":"https:\/\/www.fiscalia.gov.co\/colombia\/?s={search_term_string}"},"query-input":{"@type":"PropertyValueSpecification","valueRequired":true,"valueName":"search_term_string"}}],"inLanguage":"es-CO"},{"@type":"Organization","@id":"https:\/\/www.fiscalia.gov.co\/colombia\/#organization","name":"Fiscal\u00eda General de la Naci\u00f3n","url":"https:\/\/www.fiscalia.gov.co\/colombia\/","logo":{"@type":"ImageObject","inLanguage":"es-CO","@id":"https:\/\/www.fiscalia.gov.co\/colombia\/#\/schema\/logo\/image\/","url":"https:\/\/www.fiscalia.gov.co\/colombia\/wp-content\/uploads\/LogoHorizontal_1.jpg","contentUrl":"https:\/\/www.fiscalia.gov.co\/colombia\/wp-content\/uploads\/LogoHorizontal_1.jpg","width":300,"height":90,"caption":"Fiscal\u00eda General de la Naci\u00f3n"},"image":{"@id":"https:\/\/www.fiscalia.gov.co\/colombia\/#\/schema\/logo\/image\/"},"sameAs":["https:\/\/www.facebook.com\/FiscaliaCol","https:\/\/x.com\/FiscaliaCol","https:\/\/www.instagram.com\/fiscaliacol","https:\/\/www.linkedin.com\/company\/fiscalia-general-de-la-naci-n\/","https:\/\/youtube.com\/@fiscaliageneraldelanacion-4668?si=6nN79nyQICPU5iTh"]},{"@type":"Person","@id":"https:\/\/www.fiscalia.gov.co\/colombia\/#\/schema\/person\/3903856a3ce2d54b094c69eb29247895","name":"dfgordillo","image":{"@type":"ImageObject","inLanguage":"es-CO","@id":"https:\/\/www.fiscalia.gov.co\/colombia\/#\/schema\/person\/image\/","url":"https:\/\/secure.gravatar.com\/avatar\/b6356e21c5657c60757fe6fb9493e947?s=96&d=mm&r=g","contentUrl":"https:\/\/secure.gravatar.com\/avatar\/b6356e21c5657c60757fe6fb9493e947?s=96&d=mm&r=g","caption":"dfgordillo"},"sameAs":["dfgordillo"],"url":"https:\/\/www.fiscalia.gov.co\/colombia\/author\/dfgordillo\/"}]}},"_links":{"self":[{"href":"https:\/\/www.fiscalia.gov.co\/colombia\/wp-json\/wp\/v2\/posts\/81136","targetHints":{"allow":["GET"]}}],"collection":[{"href":"https:\/\/www.fiscalia.gov.co\/colombia\/wp-json\/wp\/v2\/posts"}],"about":[{"href":"https:\/\/www.fiscalia.gov.co\/colombia\/wp-json\/wp\/v2\/types\/post"}],"author":[{"embeddable":true,"href":"https:\/\/www.fiscalia.gov.co\/colombia\/wp-json\/wp\/v2\/users\/143"}],"replies":[{"embeddable":true,"href":"https:\/\/www.fiscalia.gov.co\/colombia\/wp-json\/wp\/v2\/comments?post=81136"}],"version-history":[{"count":2,"href":"https:\/\/www.fiscalia.gov.co\/colombia\/wp-json\/wp\/v2\/posts\/81136\/revisions"}],"predecessor-version":[{"id":81139,"href":"https:\/\/www.fiscalia.gov.co\/colombia\/wp-json\/wp\/v2\/posts\/81136\/revisions\/81139"}],"wp:attachment":[{"href":"https:\/\/www.fiscalia.gov.co\/colombia\/wp-json\/wp\/v2\/media?parent=81136"}],"wp:term":[{"taxonomy":"category","embeddable":true,"href":"https:\/\/www.fiscalia.gov.co\/colombia\/wp-json\/wp\/v2\/categories?post=81136"},{"taxonomy":"post_tag","embeddable":true,"href":"https:\/\/www.fiscalia.gov.co\/colombia\/wp-json\/wp\/v2\/tags?post=81136"}],"curies":[{"name":"wp","href":"https:\/\/api.w.org\/{rel}","templated":true}]}}