{"id":80926,"date":"2016-03-16T14:11:44","date_gmt":"2016-03-16T19:11:44","guid":{"rendered":"http:\/\/www.fiscalia.gov.co\/colombia\/?p=80926"},"modified":"2016-03-16T14:11:44","modified_gmt":"2016-03-16T19:11:44","slug":"comision-de-asuntos-indigenas-prioriza-problematicas-de-arhuacos-embera-wounaan-y-tule","status":"publish","type":"post","link":"https:\/\/www.fiscalia.gov.co\/colombia\/noticias\/comision-de-asuntos-indigenas-prioriza-problematicas-de-arhuacos-embera-wounaan-y-tule\/","title":{"rendered":"Comisi\u00f3n de Asuntos Ind\u00edgenas prioriza problem\u00e1ticas de Arhuacos, Embera, Wounaan y Tule"},"content":{"rendered":"<p style=\"text-align: center;\">[media url=&#8221;https:\/\/www.youtube.com\/watch?v=r4nneEAZhkQ&amp;feature=youtu.be&#8221; width=&#8221;512&#8243; height=&#8221;340&#8243; jwplayer=&#8221;controlbar=bottom&#8221;]\n<p>La modernizaci\u00f3n de la Fiscal\u00eda General de la Naci\u00f3n que impuls\u00f3 la administraci\u00f3n del Fiscal General, Eduardo Montealegre Lynett, trajo nuevos cambios en la administraci\u00f3n de justicia, como la priorizaci\u00f3n, las investigaciones en contexto y la atenci\u00f3n integral a v\u00edctimas y usuarios con enfoque diferencial.<\/p>\n<p>En atenci\u00f3n a una pol\u00edtica que incorpore la diversidad \u00e9tnica y cultural, un derecho de los ind\u00edgenas, aunque hayan sido desplazados, confinados o est\u00e9n en peligro de desplazamiento, el Vicefiscal General de la Naci\u00f3n, Jorge Fernando Perdomo cre\u00f3 la Comisi\u00f3n de Asuntos Ind\u00edgenas, como parte de las actividades necesarias para la atenci\u00f3n integral de sus afectaciones en materia penal.<\/p>\n<p>Este documental se realiz\u00f3 con el fin de dar a conocer los avances y resultados de la Comisi\u00f3n, en especial a la poblaci\u00f3n afectada, que prioriz\u00f3 los casos de mayor relevancia para las comunidades atendidas, enfocados a las graves violaciones de los DDHH y el DIH.<\/p>\n<p>La Fiscal\u00eda ha podido establecer que son varias las problem\u00e1ticas que afectan a los ind\u00edgenas, entre ellas los delitos de amenazas, homicidios, desplazamiento forzado, desaparici\u00f3n forzada, acto sexual con menor de 14 a\u00f1os, acceso carnal violento, lesiones personales, violencia intrafamiliar, reclutamiento il\u00edcito de menores por parte de grupos armados al margen de la ley, da\u00f1os al medio ambiente y delitos contra la administraci\u00f3n p\u00fablica.<\/p>\n<p>Desde su creaci\u00f3n, a mediados de 2014, la Comisi\u00f3n de Asuntos Ind\u00edgenas prioriz\u00f3 dos zonas del territorio nacional colombiano donde habitan las comunidades Arhuaca, en Cesar, Magdalena, y la Guajira, y los Embera, Wounaan y Tule, en el departamento del Choc\u00f3.<\/p>\n<p>El documental hace parte de las actividades que realizan de manera articulada, el despacho del Vicefiscal General de la Naci\u00f3n, la Direcci\u00f3n Nacional de Seccionales y Seguridad Ciudadana, la Direcci\u00f3n Nacional de An\u00e1lisis y Contextos, la Direcci\u00f3n Nacional de Derechos Humanos y DIH, la Direcci\u00f3n Nacional de Justicia Transicional de la Fiscal\u00eda, y la Direcci\u00f3n Nacional de Pol\u00edticas P\u00fablicas y Planeaci\u00f3n, para conocer de manera detallada y responder a las problem\u00e1ticas que presentan las comunidades ind\u00edgenas en Colombia.<\/p>\n<p>&nbsp;<\/p>\n<p>AAMZ\/AAEA<\/p>\n\n<div class=\"twitter-share\"><a href=\"https:\/\/twitter.com\/intent\/tweet?via=fiscaliacol\" class=\"twitter-share-button\">Tweet<\/a><\/div>\n","protected":false},"excerpt":{"rendered":"<p>[media url=&#8221;https:\/\/www.youtube.com\/watch?v=r4nneEAZhkQ&amp;feature=youtu.be&#8221; width=&#8221;512&#8243; height=&#8221;340&#8243; jwplayer=&#8221;controlbar=bottom&#8221;] La modernizaci\u00f3n de la Fiscal\u00eda General de la Naci\u00f3n que impuls\u00f3 la administraci\u00f3n del Fiscal General, Eduardo Montealegre Lynett, trajo nuevos cambios en la administraci\u00f3n [&hellip;]<\/p>\n","protected":false},"author":143,"featured_media":0,"comment_status":"closed","ping_status":"open","sticky":false,"template":"","format":"standard","meta":{"tdm_status":"","tdm_grid_status":"","footnotes":""},"categories":[1],"tags":[15821],"class_list":["post-80926","post","type-post","status-publish","format-standard","category-noticias","tag-comision-de-asuntos-indigenas"],"yoast_head":"<!-- This site is optimized with the Yoast SEO plugin v24.3 - https:\/\/yoast.com\/wordpress\/plugins\/seo\/ -->\n<title>Fiscal\u00eda General de la Naci\u00f3n<\/title>\n<meta name=\"description\" content=\"P\u00e1gina oficial de la Fiscal\u00eda General de la Naci\u00f3n \u2013 Colombia. Garantizamos el acceso efectivo a la justicia, la verdad y la reparaci\u00f3n de las v\u00edctimas de los delitos.\" \/>\n<meta name=\"robots\" content=\"noindex, follow\" \/>\n<meta property=\"og:locale\" content=\"es_ES\" \/>\n<meta property=\"og:type\" content=\"article\" \/>\n<meta property=\"og:title\" content=\"Fiscal\u00eda General de la Naci\u00f3n\" \/>\n<meta property=\"og:description\" content=\"P\u00e1gina oficial de la Fiscal\u00eda General de la Naci\u00f3n \u2013 Colombia. Garantizamos el acceso efectivo a la justicia, la verdad y la reparaci\u00f3n de las v\u00edctimas de los delitos.\" \/>\n<meta property=\"og:url\" content=\"https:\/\/www.fiscalia.gov.co\/colombia\/noticias\/comision-de-asuntos-indigenas-prioriza-problematicas-de-arhuacos-embera-wounaan-y-tule\/\" \/>\n<meta property=\"og:site_name\" content=\"Fiscal\u00eda General de la Naci\u00f3n\" \/>\n<meta property=\"article:publisher\" content=\"https:\/\/www.facebook.com\/FiscaliaCol\" \/>\n<meta property=\"article:published_time\" content=\"2016-03-16T19:11:44+00:00\" \/>\n<meta name=\"author\" content=\"dfgordillo\" \/>\n<meta name=\"twitter:card\" content=\"summary_large_image\" \/>\n<meta name=\"twitter:creator\" content=\"@FiscaliaCol\" \/>\n<meta name=\"twitter:site\" content=\"@FiscaliaCol\" \/>\n<meta name=\"twitter:label1\" content=\"Escrito por\" \/>\n\t<meta name=\"twitter:data1\" content=\"dfgordillo\" \/>\n\t<meta name=\"twitter:label2\" content=\"Tiempo de lectura\" \/>\n\t<meta name=\"twitter:data2\" content=\"2 minutos\" \/>\n<script type=\"application\/ld+json\" class=\"yoast-schema-graph\">{\"@context\":\"https:\/\/schema.org\",\"@graph\":[{\"@type\":\"Article\",\"@id\":\"https:\/\/www.fiscalia.gov.co\/colombia\/noticias\/comision-de-asuntos-indigenas-prioriza-problematicas-de-arhuacos-embera-wounaan-y-tule\/#article\",\"isPartOf\":{\"@id\":\"https:\/\/www.fiscalia.gov.co\/colombia\/noticias\/comision-de-asuntos-indigenas-prioriza-problematicas-de-arhuacos-embera-wounaan-y-tule\/\"},\"author\":{\"name\":\"dfgordillo\",\"@id\":\"https:\/\/www.fiscalia.gov.co\/colombia\/#\/schema\/person\/3903856a3ce2d54b094c69eb29247895\"},\"headline\":\"Comisi\u00f3n de Asuntos Ind\u00edgenas prioriza problem\u00e1ticas de Arhuacos, Embera, Wounaan y Tule\",\"datePublished\":\"2016-03-16T19:11:44+00:00\",\"dateModified\":\"2016-03-16T19:11:44+00:00\",\"mainEntityOfPage\":{\"@id\":\"https:\/\/www.fiscalia.gov.co\/colombia\/noticias\/comision-de-asuntos-indigenas-prioriza-problematicas-de-arhuacos-embera-wounaan-y-tule\/\"},\"wordCount\":411,\"publisher\":{\"@id\":\"https:\/\/www.fiscalia.gov.co\/colombia\/#organization\"},\"keywords\":[\"Comisi\u00f3n de Asuntos Ind\u00edgenas\"],\"articleSection\":[\"Noticias\"],\"inLanguage\":\"es-CO\"},{\"@type\":\"WebPage\",\"@id\":\"https:\/\/www.fiscalia.gov.co\/colombia\/noticias\/comision-de-asuntos-indigenas-prioriza-problematicas-de-arhuacos-embera-wounaan-y-tule\/\",\"url\":\"https:\/\/www.fiscalia.gov.co\/colombia\/noticias\/comision-de-asuntos-indigenas-prioriza-problematicas-de-arhuacos-embera-wounaan-y-tule\/\",\"name\":\"Fiscal\u00eda General de la Naci\u00f3n\",\"isPartOf\":{\"@id\":\"https:\/\/www.fiscalia.gov.co\/colombia\/#website\"},\"datePublished\":\"2016-03-16T19:11:44+00:00\",\"dateModified\":\"2016-03-16T19:11:44+00:00\",\"description\":\"P\u00e1gina oficial de la Fiscal\u00eda General de la Naci\u00f3n \u2013 Colombia. Garantizamos el acceso efectivo a la justicia, la verdad y la reparaci\u00f3n de las v\u00edctimas de los delitos.\",\"breadcrumb\":{\"@id\":\"https:\/\/www.fiscalia.gov.co\/colombia\/noticias\/comision-de-asuntos-indigenas-prioriza-problematicas-de-arhuacos-embera-wounaan-y-tule\/#breadcrumb\"},\"inLanguage\":\"es-CO\",\"potentialAction\":[{\"@type\":\"ReadAction\",\"target\":[\"https:\/\/www.fiscalia.gov.co\/colombia\/noticias\/comision-de-asuntos-indigenas-prioriza-problematicas-de-arhuacos-embera-wounaan-y-tule\/\"]}]},{\"@type\":\"BreadcrumbList\",\"@id\":\"https:\/\/www.fiscalia.gov.co\/colombia\/noticias\/comision-de-asuntos-indigenas-prioriza-problematicas-de-arhuacos-embera-wounaan-y-tule\/#breadcrumb\",\"itemListElement\":[{\"@type\":\"ListItem\",\"position\":1,\"name\":\"Home\",\"item\":\"https:\/\/www.fiscalia.gov.co\/colombia\/\"},{\"@type\":\"ListItem\",\"position\":2,\"name\":\"Comisi\u00f3n de Asuntos Ind\u00edgenas prioriza problem\u00e1ticas de Arhuacos, Embera, Wounaan y Tule\"}]},{\"@type\":\"WebSite\",\"@id\":\"https:\/\/www.fiscalia.gov.co\/colombia\/#website\",\"url\":\"https:\/\/www.fiscalia.gov.co\/colombia\/\",\"name\":\"Fiscal\u00eda General de la Naci\u00f3n\",\"description\":\"P\u00e1gina oficial de la Fiscal\u00eda General de la Naci\u00f3n \u2013 Colombia. Garantizamos el acceso efectivo a la justicia, la verdad y la reparaci\u00f3n de las v\u00edctimas de los delitos.\",\"publisher\":{\"@id\":\"https:\/\/www.fiscalia.gov.co\/colombia\/#organization\"},\"potentialAction\":[{\"@type\":\"SearchAction\",\"target\":{\"@type\":\"EntryPoint\",\"urlTemplate\":\"https:\/\/www.fiscalia.gov.co\/colombia\/?s={search_term_string}\"},\"query-input\":{\"@type\":\"PropertyValueSpecification\",\"valueRequired\":true,\"valueName\":\"search_term_string\"}}],\"inLanguage\":\"es-CO\"},{\"@type\":\"Organization\",\"@id\":\"https:\/\/www.fiscalia.gov.co\/colombia\/#organization\",\"name\":\"Fiscal\u00eda General de la Naci\u00f3n\",\"url\":\"https:\/\/www.fiscalia.gov.co\/colombia\/\",\"logo\":{\"@type\":\"ImageObject\",\"inLanguage\":\"es-CO\",\"@id\":\"https:\/\/www.fiscalia.gov.co\/colombia\/#\/schema\/logo\/image\/\",\"url\":\"https:\/\/www.fiscalia.gov.co\/colombia\/wp-content\/uploads\/LogoHorizontal_1.jpg\",\"contentUrl\":\"https:\/\/www.fiscalia.gov.co\/colombia\/wp-content\/uploads\/LogoHorizontal_1.jpg\",\"width\":300,\"height\":90,\"caption\":\"Fiscal\u00eda General de la Naci\u00f3n\"},\"image\":{\"@id\":\"https:\/\/www.fiscalia.gov.co\/colombia\/#\/schema\/logo\/image\/\"},\"sameAs\":[\"https:\/\/www.facebook.com\/FiscaliaCol\",\"https:\/\/x.com\/FiscaliaCol\",\"https:\/\/www.instagram.com\/fiscaliacol\",\"https:\/\/www.linkedin.com\/company\/fiscalia-general-de-la-naci-n\/\",\"https:\/\/youtube.com\/@fiscaliageneraldelanacion-4668?si=6nN79nyQICPU5iTh\"]},{\"@type\":\"Person\",\"@id\":\"https:\/\/www.fiscalia.gov.co\/colombia\/#\/schema\/person\/3903856a3ce2d54b094c69eb29247895\",\"name\":\"dfgordillo\",\"image\":{\"@type\":\"ImageObject\",\"inLanguage\":\"es-CO\",\"@id\":\"https:\/\/www.fiscalia.gov.co\/colombia\/#\/schema\/person\/image\/\",\"url\":\"https:\/\/secure.gravatar.com\/avatar\/b6356e21c5657c60757fe6fb9493e947?s=96&d=mm&r=g\",\"contentUrl\":\"https:\/\/secure.gravatar.com\/avatar\/b6356e21c5657c60757fe6fb9493e947?s=96&d=mm&r=g\",\"caption\":\"dfgordillo\"},\"sameAs\":[\"dfgordillo\"],\"url\":\"https:\/\/www.fiscalia.gov.co\/colombia\/author\/dfgordillo\/\"}]}<\/script>\n<!-- \/ Yoast SEO plugin. -->","yoast_head_json":{"title":"Fiscal\u00eda General de la Naci\u00f3n","description":"P\u00e1gina oficial de la Fiscal\u00eda General de la Naci\u00f3n \u2013 Colombia. Garantizamos el acceso efectivo a la justicia, la verdad y la reparaci\u00f3n de las v\u00edctimas de los delitos.","robots":{"index":"noindex","follow":"follow"},"og_locale":"es_ES","og_type":"article","og_title":"Fiscal\u00eda General de la Naci\u00f3n","og_description":"P\u00e1gina oficial de la Fiscal\u00eda General de la Naci\u00f3n \u2013 Colombia. Garantizamos el acceso efectivo a la justicia, la verdad y la reparaci\u00f3n de las v\u00edctimas de los delitos.","og_url":"https:\/\/www.fiscalia.gov.co\/colombia\/noticias\/comision-de-asuntos-indigenas-prioriza-problematicas-de-arhuacos-embera-wounaan-y-tule\/","og_site_name":"Fiscal\u00eda General de la Naci\u00f3n","article_publisher":"https:\/\/www.facebook.com\/FiscaliaCol","article_published_time":"2016-03-16T19:11:44+00:00","author":"dfgordillo","twitter_card":"summary_large_image","twitter_creator":"@FiscaliaCol","twitter_site":"@FiscaliaCol","twitter_misc":{"Escrito por":"dfgordillo","Tiempo de lectura":"2 minutos"},"schema":{"@context":"https:\/\/schema.org","@graph":[{"@type":"Article","@id":"https:\/\/www.fiscalia.gov.co\/colombia\/noticias\/comision-de-asuntos-indigenas-prioriza-problematicas-de-arhuacos-embera-wounaan-y-tule\/#article","isPartOf":{"@id":"https:\/\/www.fiscalia.gov.co\/colombia\/noticias\/comision-de-asuntos-indigenas-prioriza-problematicas-de-arhuacos-embera-wounaan-y-tule\/"},"author":{"name":"dfgordillo","@id":"https:\/\/www.fiscalia.gov.co\/colombia\/#\/schema\/person\/3903856a3ce2d54b094c69eb29247895"},"headline":"Comisi\u00f3n de Asuntos Ind\u00edgenas prioriza problem\u00e1ticas de Arhuacos, Embera, Wounaan y Tule","datePublished":"2016-03-16T19:11:44+00:00","dateModified":"2016-03-16T19:11:44+00:00","mainEntityOfPage":{"@id":"https:\/\/www.fiscalia.gov.co\/colombia\/noticias\/comision-de-asuntos-indigenas-prioriza-problematicas-de-arhuacos-embera-wounaan-y-tule\/"},"wordCount":411,"publisher":{"@id":"https:\/\/www.fiscalia.gov.co\/colombia\/#organization"},"keywords":["Comisi\u00f3n de Asuntos Ind\u00edgenas"],"articleSection":["Noticias"],"inLanguage":"es-CO"},{"@type":"WebPage","@id":"https:\/\/www.fiscalia.gov.co\/colombia\/noticias\/comision-de-asuntos-indigenas-prioriza-problematicas-de-arhuacos-embera-wounaan-y-tule\/","url":"https:\/\/www.fiscalia.gov.co\/colombia\/noticias\/comision-de-asuntos-indigenas-prioriza-problematicas-de-arhuacos-embera-wounaan-y-tule\/","name":"Fiscal\u00eda General de la Naci\u00f3n","isPartOf":{"@id":"https:\/\/www.fiscalia.gov.co\/colombia\/#website"},"datePublished":"2016-03-16T19:11:44+00:00","dateModified":"2016-03-16T19:11:44+00:00","description":"P\u00e1gina oficial de la Fiscal\u00eda General de la Naci\u00f3n \u2013 Colombia. Garantizamos el acceso efectivo a la justicia, la verdad y la reparaci\u00f3n de las v\u00edctimas de los delitos.","breadcrumb":{"@id":"https:\/\/www.fiscalia.gov.co\/colombia\/noticias\/comision-de-asuntos-indigenas-prioriza-problematicas-de-arhuacos-embera-wounaan-y-tule\/#breadcrumb"},"inLanguage":"es-CO","potentialAction":[{"@type":"ReadAction","target":["https:\/\/www.fiscalia.gov.co\/colombia\/noticias\/comision-de-asuntos-indigenas-prioriza-problematicas-de-arhuacos-embera-wounaan-y-tule\/"]}]},{"@type":"BreadcrumbList","@id":"https:\/\/www.fiscalia.gov.co\/colombia\/noticias\/comision-de-asuntos-indigenas-prioriza-problematicas-de-arhuacos-embera-wounaan-y-tule\/#breadcrumb","itemListElement":[{"@type":"ListItem","position":1,"name":"Home","item":"https:\/\/www.fiscalia.gov.co\/colombia\/"},{"@type":"ListItem","position":2,"name":"Comisi\u00f3n de Asuntos Ind\u00edgenas prioriza problem\u00e1ticas de Arhuacos, Embera, Wounaan y Tule"}]},{"@type":"WebSite","@id":"https:\/\/www.fiscalia.gov.co\/colombia\/#website","url":"https:\/\/www.fiscalia.gov.co\/colombia\/","name":"Fiscal\u00eda General de la Naci\u00f3n","description":"P\u00e1gina oficial de la Fiscal\u00eda General de la Naci\u00f3n \u2013 Colombia. Garantizamos el acceso efectivo a la justicia, la verdad y la reparaci\u00f3n de las v\u00edctimas de los delitos.","publisher":{"@id":"https:\/\/www.fiscalia.gov.co\/colombia\/#organization"},"potentialAction":[{"@type":"SearchAction","target":{"@type":"EntryPoint","urlTemplate":"https:\/\/www.fiscalia.gov.co\/colombia\/?s={search_term_string}"},"query-input":{"@type":"PropertyValueSpecification","valueRequired":true,"valueName":"search_term_string"}}],"inLanguage":"es-CO"},{"@type":"Organization","@id":"https:\/\/www.fiscalia.gov.co\/colombia\/#organization","name":"Fiscal\u00eda General de la Naci\u00f3n","url":"https:\/\/www.fiscalia.gov.co\/colombia\/","logo":{"@type":"ImageObject","inLanguage":"es-CO","@id":"https:\/\/www.fiscalia.gov.co\/colombia\/#\/schema\/logo\/image\/","url":"https:\/\/www.fiscalia.gov.co\/colombia\/wp-content\/uploads\/LogoHorizontal_1.jpg","contentUrl":"https:\/\/www.fiscalia.gov.co\/colombia\/wp-content\/uploads\/LogoHorizontal_1.jpg","width":300,"height":90,"caption":"Fiscal\u00eda General de la Naci\u00f3n"},"image":{"@id":"https:\/\/www.fiscalia.gov.co\/colombia\/#\/schema\/logo\/image\/"},"sameAs":["https:\/\/www.facebook.com\/FiscaliaCol","https:\/\/x.com\/FiscaliaCol","https:\/\/www.instagram.com\/fiscaliacol","https:\/\/www.linkedin.com\/company\/fiscalia-general-de-la-naci-n\/","https:\/\/youtube.com\/@fiscaliageneraldelanacion-4668?si=6nN79nyQICPU5iTh"]},{"@type":"Person","@id":"https:\/\/www.fiscalia.gov.co\/colombia\/#\/schema\/person\/3903856a3ce2d54b094c69eb29247895","name":"dfgordillo","image":{"@type":"ImageObject","inLanguage":"es-CO","@id":"https:\/\/www.fiscalia.gov.co\/colombia\/#\/schema\/person\/image\/","url":"https:\/\/secure.gravatar.com\/avatar\/b6356e21c5657c60757fe6fb9493e947?s=96&d=mm&r=g","contentUrl":"https:\/\/secure.gravatar.com\/avatar\/b6356e21c5657c60757fe6fb9493e947?s=96&d=mm&r=g","caption":"dfgordillo"},"sameAs":["dfgordillo"],"url":"https:\/\/www.fiscalia.gov.co\/colombia\/author\/dfgordillo\/"}]}},"_links":{"self":[{"href":"https:\/\/www.fiscalia.gov.co\/colombia\/wp-json\/wp\/v2\/posts\/80926","targetHints":{"allow":["GET"]}}],"collection":[{"href":"https:\/\/www.fiscalia.gov.co\/colombia\/wp-json\/wp\/v2\/posts"}],"about":[{"href":"https:\/\/www.fiscalia.gov.co\/colombia\/wp-json\/wp\/v2\/types\/post"}],"author":[{"embeddable":true,"href":"https:\/\/www.fiscalia.gov.co\/colombia\/wp-json\/wp\/v2\/users\/143"}],"replies":[{"embeddable":true,"href":"https:\/\/www.fiscalia.gov.co\/colombia\/wp-json\/wp\/v2\/comments?post=80926"}],"version-history":[{"count":1,"href":"https:\/\/www.fiscalia.gov.co\/colombia\/wp-json\/wp\/v2\/posts\/80926\/revisions"}],"predecessor-version":[{"id":80927,"href":"https:\/\/www.fiscalia.gov.co\/colombia\/wp-json\/wp\/v2\/posts\/80926\/revisions\/80927"}],"wp:attachment":[{"href":"https:\/\/www.fiscalia.gov.co\/colombia\/wp-json\/wp\/v2\/media?parent=80926"}],"wp:term":[{"taxonomy":"category","embeddable":true,"href":"https:\/\/www.fiscalia.gov.co\/colombia\/wp-json\/wp\/v2\/categories?post=80926"},{"taxonomy":"post_tag","embeddable":true,"href":"https:\/\/www.fiscalia.gov.co\/colombia\/wp-json\/wp\/v2\/tags?post=80926"}],"curies":[{"name":"wp","href":"https:\/\/api.w.org\/{rel}","templated":true}]}}