{"id":80819,"date":"2016-03-14T16:45:59","date_gmt":"2016-03-14T21:45:59","guid":{"rendered":"http:\/\/www.fiscalia.gov.co\/colombia\/?p=80819"},"modified":"2016-03-14T17:07:00","modified_gmt":"2016-03-14T22:07:00","slug":"exgobernador-alvaro-cruz-anuncio-a-la-fiscalia-que-indemnizara-al-estado-por-dos-delitos","status":"publish","type":"post","link":"https:\/\/www.fiscalia.gov.co\/colombia\/noticias\/exgobernador-alvaro-cruz-anuncio-a-la-fiscalia-que-indemnizara-al-estado-por-dos-delitos\/","title":{"rendered":"Exgobernador \u00c1lvaro Cruz anunci\u00f3 a la Fiscal\u00eda que indemnizar\u00e1 al Estado por dos delitos"},"content":{"rendered":"<p>Ante el Juzgado 44 Penal de Bogot\u00e1 con funci\u00f3n de garant\u00edas, la defensa del exgobernador de Cundinamarca, \u00c1lvaro Cruz Vargas, le anunci\u00f3 a la Fiscal\u00eda General que reparar\u00e1 al Estado &#8211; Unidad de Mantenimiento Vial (UMV), por los da\u00f1os ocasionados con relaci\u00f3n a los delitos de inter\u00e9s indebido en la celebraci\u00f3n de contratos, cohecho por dar u ofrecer y cohecho en grado tentativa.<\/p>\n<p>Asimismo, la defensa solicit\u00f3 la preclusi\u00f3n por el delito de abuso de confianza, tras demostrar que indemniz\u00f3 a la UMV, con 1.000 millones de pesos, m\u00e1s una indexaci\u00f3n por intereses y devaluaci\u00f3n del precio de la moneda por cerca de 600 millones,\u00a0 para un total de 1600 millones de pesos.<\/p>\n<p>En este sentido, el fiscal del caso afirm\u00f3 que al darse la indemnizaci\u00f3n por estos dos delitos el dirigente pol\u00edtico podr\u00eda pagar una condena privativa de la libertad que ir\u00eda desde los 10 hasta los 15 a\u00f1os de prisi\u00f3n.<\/p>\n<p>Agreg\u00f3 que \u201cla Fiscal\u00eda como siempre tiene una actitud muy dr\u00e1stica en esta clase de delitos y por eso pretende que la pena llegue a los 20,\u00a0 pero hay que tener en cuenta que es una justicia garantista que le permitir\u00eda una sentencia cercana a los 10 a\u00f1os, beneficio que les otorgado por su voluntad de colaboraci\u00f3n y aceptaci\u00f3n de cargos\u201d.<\/p>\n<p>Los hechos que se investigan se relacionan con las presuntas irregularidades en contrataci\u00f3n con el mal manejo del anticipo del contrato 192 de 2009 de la UMV.<\/p>\n<p>All\u00ed se entreg\u00f3 del dinero del anticipo, unas comisiones ilegales a los concejales Orlando Parada, Andr\u00e9s Camacho Casado, Hip\u00f3lito Moreno y al mismo director de la UMV, Iv\u00e1n Hern\u00e1ndez Daza, por intermedio del abogado Manuel S\u00e1nchez Castro.<\/p>\n<p>\u201cEn cuanto al procurador Jovel Mu\u00f1oz, el d\u00eda 16 de marzo tendr\u00e1 su audiencia de aceptaci\u00f3n de cargos a trav\u00e9s de un preacuerdo. Actualmente est\u00e1 en un proceso de extinci\u00f3n de dominio de una de sus propiedades y nos anunci\u00f3 que entregar\u00e1 un bien adquirido con los dineros de origen il\u00edcito\u201d, sostuvo el delegado acusador.<\/p>\n<p>Se calcula que la pena para el delegado del Ministerio P\u00fablico estar\u00eda entre los 7 y 10 a\u00f1os\u201d, indic\u00f3 el fiscal.<\/p>\n<p>A su turno, la juez del proceso advirti\u00f3 que no podr\u00e1 invocarse el vencimiento de t\u00e9rminos procesales en los siguientes 90 d\u00edas, ya que es la defensa del exmandatario la que solicita el tiempo prudencial para preparar su plan de indemnizaci\u00f3n integral, el cual ser\u00e1 dado a conocer el 11 de junio pr\u00f3ximo, cuando tambi\u00e9n se realizar\u00e1 la lectura de sentencia para Cruz Vargas.<\/p>\n<p>De otro lado, tambi\u00e9n se espera un pronto pronunciamiento del Tribunal Superior de Bogot\u00e1, que deber\u00e1 decidir si concede la detenci\u00f3n domiciliaria o en un centro carcelario a Luz Zoraida Rozo, esposa del exgobernador \u00c1lvaro Cruz, luego de aceptar su responsabilidad penal en los delitos de ocultamiento y obstrucci\u00f3n a la justicia.<\/p>\n<p>&nbsp;<\/p>\n<p>&nbsp;<\/p>\n<p>CMR\/DLBM<\/p>\n\n<div class=\"twitter-share\"><a href=\"https:\/\/twitter.com\/intent\/tweet?via=fiscaliacol\" class=\"twitter-share-button\">Tweet<\/a><\/div>\n","protected":false},"excerpt":{"rendered":"<p>Ante el Juzgado 44 Penal de Bogot\u00e1 con funci\u00f3n de garant\u00edas, la defensa del exgobernador de Cundinamarca, \u00c1lvaro Cruz Vargas, le anunci\u00f3 a la Fiscal\u00eda General que reparar\u00e1 al Estado &#8211; Unidad de Mantenimiento Vial (UMV), por los da\u00f1os ocasionados con relaci\u00f3n a los delitos de inter\u00e9s indebido en la celebraci\u00f3n de contratos, cohecho por [&hellip;]<\/p>\n","protected":false},"author":143,"featured_media":0,"comment_status":"closed","ping_status":"open","sticky":false,"template":"","format":"standard","meta":{"tdm_status":"","tdm_grid_status":"","footnotes":""},"categories":[1],"tags":[3255],"class_list":{"0":"post-80819","1":"post","2":"type-post","3":"status-publish","4":"format-standard","6":"category-noticias","7":"tag-interes-indebido-en-la-celebracion-de-contratos"},"yoast_head":"<!-- This site is optimized with the Yoast SEO plugin v24.3 - https:\/\/yoast.com\/wordpress\/plugins\/seo\/ -->\n<title>Fiscal\u00eda General de la Naci\u00f3n<\/title>\n<meta name=\"description\" content=\"P\u00e1gina oficial de la Fiscal\u00eda General de la Naci\u00f3n \u2013 Colombia. Garantizamos el acceso efectivo a la justicia, la verdad y la reparaci\u00f3n de las v\u00edctimas de los delitos.\" \/>\n<meta name=\"robots\" content=\"noindex, follow\" \/>\n<meta property=\"og:locale\" content=\"es_ES\" \/>\n<meta property=\"og:type\" content=\"article\" \/>\n<meta property=\"og:title\" content=\"Fiscal\u00eda General de la Naci\u00f3n\" \/>\n<meta property=\"og:description\" content=\"P\u00e1gina oficial de la Fiscal\u00eda General de la Naci\u00f3n \u2013 Colombia. Garantizamos el acceso efectivo a la justicia, la verdad y la reparaci\u00f3n de las v\u00edctimas de los delitos.\" \/>\n<meta property=\"og:url\" content=\"https:\/\/www.fiscalia.gov.co\/colombia\/noticias\/exgobernador-alvaro-cruz-anuncio-a-la-fiscalia-que-indemnizara-al-estado-por-dos-delitos\/\" \/>\n<meta property=\"og:site_name\" content=\"Fiscal\u00eda General de la Naci\u00f3n\" \/>\n<meta property=\"article:publisher\" content=\"https:\/\/www.facebook.com\/FiscaliaCol\" \/>\n<meta property=\"article:published_time\" content=\"2016-03-14T21:45:59+00:00\" \/>\n<meta property=\"article:modified_time\" content=\"2016-03-14T22:07:00+00:00\" \/>\n<meta name=\"author\" content=\"dfgordillo\" \/>\n<meta name=\"twitter:card\" content=\"summary_large_image\" \/>\n<meta name=\"twitter:creator\" content=\"@FiscaliaCol\" \/>\n<meta name=\"twitter:site\" content=\"@FiscaliaCol\" \/>\n<meta name=\"twitter:label1\" content=\"Escrito por\" \/>\n\t<meta name=\"twitter:data1\" content=\"dfgordillo\" \/>\n\t<meta name=\"twitter:label2\" content=\"Tiempo de lectura\" \/>\n\t<meta name=\"twitter:data2\" content=\"3 minutos\" \/>\n<script type=\"application\/ld+json\" class=\"yoast-schema-graph\">{\"@context\":\"https:\/\/schema.org\",\"@graph\":[{\"@type\":\"Article\",\"@id\":\"https:\/\/www.fiscalia.gov.co\/colombia\/noticias\/exgobernador-alvaro-cruz-anuncio-a-la-fiscalia-que-indemnizara-al-estado-por-dos-delitos\/#article\",\"isPartOf\":{\"@id\":\"https:\/\/www.fiscalia.gov.co\/colombia\/noticias\/exgobernador-alvaro-cruz-anuncio-a-la-fiscalia-que-indemnizara-al-estado-por-dos-delitos\/\"},\"author\":{\"name\":\"dfgordillo\",\"@id\":\"https:\/\/www.fiscalia.gov.co\/colombia\/#\/schema\/person\/3903856a3ce2d54b094c69eb29247895\"},\"headline\":\"Exgobernador \u00c1lvaro Cruz anunci\u00f3 a la Fiscal\u00eda que indemnizar\u00e1 al Estado por dos delitos\",\"datePublished\":\"2016-03-14T21:45:59+00:00\",\"dateModified\":\"2016-03-14T22:07:00+00:00\",\"mainEntityOfPage\":{\"@id\":\"https:\/\/www.fiscalia.gov.co\/colombia\/noticias\/exgobernador-alvaro-cruz-anuncio-a-la-fiscalia-que-indemnizara-al-estado-por-dos-delitos\/\"},\"wordCount\":519,\"publisher\":{\"@id\":\"https:\/\/www.fiscalia.gov.co\/colombia\/#organization\"},\"keywords\":[\"Inter\u00e9s indebido en la celebraci\u00f3n de contratos\"],\"articleSection\":[\"Noticias\"],\"inLanguage\":\"es-CO\"},{\"@type\":\"WebPage\",\"@id\":\"https:\/\/www.fiscalia.gov.co\/colombia\/noticias\/exgobernador-alvaro-cruz-anuncio-a-la-fiscalia-que-indemnizara-al-estado-por-dos-delitos\/\",\"url\":\"https:\/\/www.fiscalia.gov.co\/colombia\/noticias\/exgobernador-alvaro-cruz-anuncio-a-la-fiscalia-que-indemnizara-al-estado-por-dos-delitos\/\",\"name\":\"Fiscal\u00eda General de la Naci\u00f3n\",\"isPartOf\":{\"@id\":\"https:\/\/www.fiscalia.gov.co\/colombia\/#website\"},\"datePublished\":\"2016-03-14T21:45:59+00:00\",\"dateModified\":\"2016-03-14T22:07:00+00:00\",\"description\":\"P\u00e1gina oficial de la Fiscal\u00eda General de la Naci\u00f3n \u2013 Colombia. Garantizamos el acceso efectivo a la justicia, la verdad y la reparaci\u00f3n de las v\u00edctimas de los delitos.\",\"breadcrumb\":{\"@id\":\"https:\/\/www.fiscalia.gov.co\/colombia\/noticias\/exgobernador-alvaro-cruz-anuncio-a-la-fiscalia-que-indemnizara-al-estado-por-dos-delitos\/#breadcrumb\"},\"inLanguage\":\"es-CO\",\"potentialAction\":[{\"@type\":\"ReadAction\",\"target\":[\"https:\/\/www.fiscalia.gov.co\/colombia\/noticias\/exgobernador-alvaro-cruz-anuncio-a-la-fiscalia-que-indemnizara-al-estado-por-dos-delitos\/\"]}]},{\"@type\":\"BreadcrumbList\",\"@id\":\"https:\/\/www.fiscalia.gov.co\/colombia\/noticias\/exgobernador-alvaro-cruz-anuncio-a-la-fiscalia-que-indemnizara-al-estado-por-dos-delitos\/#breadcrumb\",\"itemListElement\":[{\"@type\":\"ListItem\",\"position\":1,\"name\":\"Home\",\"item\":\"https:\/\/www.fiscalia.gov.co\/colombia\/\"},{\"@type\":\"ListItem\",\"position\":2,\"name\":\"Exgobernador \u00c1lvaro Cruz anunci\u00f3 a la Fiscal\u00eda que indemnizar\u00e1 al Estado por dos delitos\"}]},{\"@type\":\"WebSite\",\"@id\":\"https:\/\/www.fiscalia.gov.co\/colombia\/#website\",\"url\":\"https:\/\/www.fiscalia.gov.co\/colombia\/\",\"name\":\"Fiscal\u00eda General de la Naci\u00f3n\",\"description\":\"P\u00e1gina oficial de la Fiscal\u00eda General de la Naci\u00f3n \u2013 Colombia. Garantizamos el acceso efectivo a la justicia, la verdad y la reparaci\u00f3n de las v\u00edctimas de los delitos.\",\"publisher\":{\"@id\":\"https:\/\/www.fiscalia.gov.co\/colombia\/#organization\"},\"potentialAction\":[{\"@type\":\"SearchAction\",\"target\":{\"@type\":\"EntryPoint\",\"urlTemplate\":\"https:\/\/www.fiscalia.gov.co\/colombia\/?s={search_term_string}\"},\"query-input\":{\"@type\":\"PropertyValueSpecification\",\"valueRequired\":true,\"valueName\":\"search_term_string\"}}],\"inLanguage\":\"es-CO\"},{\"@type\":\"Organization\",\"@id\":\"https:\/\/www.fiscalia.gov.co\/colombia\/#organization\",\"name\":\"Fiscal\u00eda General de la Naci\u00f3n\",\"url\":\"https:\/\/www.fiscalia.gov.co\/colombia\/\",\"logo\":{\"@type\":\"ImageObject\",\"inLanguage\":\"es-CO\",\"@id\":\"https:\/\/www.fiscalia.gov.co\/colombia\/#\/schema\/logo\/image\/\",\"url\":\"https:\/\/www.fiscalia.gov.co\/colombia\/wp-content\/uploads\/LogoHorizontal_1.jpg\",\"contentUrl\":\"https:\/\/www.fiscalia.gov.co\/colombia\/wp-content\/uploads\/LogoHorizontal_1.jpg\",\"width\":300,\"height\":90,\"caption\":\"Fiscal\u00eda General de la Naci\u00f3n\"},\"image\":{\"@id\":\"https:\/\/www.fiscalia.gov.co\/colombia\/#\/schema\/logo\/image\/\"},\"sameAs\":[\"https:\/\/www.facebook.com\/FiscaliaCol\",\"https:\/\/x.com\/FiscaliaCol\",\"https:\/\/www.instagram.com\/fiscaliacol\",\"https:\/\/www.linkedin.com\/company\/fiscalia-general-de-la-naci-n\/\",\"https:\/\/youtube.com\/@fiscaliageneraldelanacion-4668?si=6nN79nyQICPU5iTh\"]},{\"@type\":\"Person\",\"@id\":\"https:\/\/www.fiscalia.gov.co\/colombia\/#\/schema\/person\/3903856a3ce2d54b094c69eb29247895\",\"name\":\"dfgordillo\",\"image\":{\"@type\":\"ImageObject\",\"inLanguage\":\"es-CO\",\"@id\":\"https:\/\/www.fiscalia.gov.co\/colombia\/#\/schema\/person\/image\/\",\"url\":\"https:\/\/secure.gravatar.com\/avatar\/b6356e21c5657c60757fe6fb9493e947?s=96&d=mm&r=g\",\"contentUrl\":\"https:\/\/secure.gravatar.com\/avatar\/b6356e21c5657c60757fe6fb9493e947?s=96&d=mm&r=g\",\"caption\":\"dfgordillo\"},\"sameAs\":[\"dfgordillo\"],\"url\":\"https:\/\/www.fiscalia.gov.co\/colombia\/author\/dfgordillo\/\"}]}<\/script>\n<!-- \/ Yoast SEO plugin. -->","yoast_head_json":{"title":"Fiscal\u00eda General de la Naci\u00f3n","description":"P\u00e1gina oficial de la Fiscal\u00eda General de la Naci\u00f3n \u2013 Colombia. Garantizamos el acceso efectivo a la justicia, la verdad y la reparaci\u00f3n de las v\u00edctimas de los delitos.","robots":{"index":"noindex","follow":"follow"},"og_locale":"es_ES","og_type":"article","og_title":"Fiscal\u00eda General de la Naci\u00f3n","og_description":"P\u00e1gina oficial de la Fiscal\u00eda General de la Naci\u00f3n \u2013 Colombia. Garantizamos el acceso efectivo a la justicia, la verdad y la reparaci\u00f3n de las v\u00edctimas de los delitos.","og_url":"https:\/\/www.fiscalia.gov.co\/colombia\/noticias\/exgobernador-alvaro-cruz-anuncio-a-la-fiscalia-que-indemnizara-al-estado-por-dos-delitos\/","og_site_name":"Fiscal\u00eda General de la Naci\u00f3n","article_publisher":"https:\/\/www.facebook.com\/FiscaliaCol","article_published_time":"2016-03-14T21:45:59+00:00","article_modified_time":"2016-03-14T22:07:00+00:00","author":"dfgordillo","twitter_card":"summary_large_image","twitter_creator":"@FiscaliaCol","twitter_site":"@FiscaliaCol","twitter_misc":{"Escrito por":"dfgordillo","Tiempo de lectura":"3 minutos"},"schema":{"@context":"https:\/\/schema.org","@graph":[{"@type":"Article","@id":"https:\/\/www.fiscalia.gov.co\/colombia\/noticias\/exgobernador-alvaro-cruz-anuncio-a-la-fiscalia-que-indemnizara-al-estado-por-dos-delitos\/#article","isPartOf":{"@id":"https:\/\/www.fiscalia.gov.co\/colombia\/noticias\/exgobernador-alvaro-cruz-anuncio-a-la-fiscalia-que-indemnizara-al-estado-por-dos-delitos\/"},"author":{"name":"dfgordillo","@id":"https:\/\/www.fiscalia.gov.co\/colombia\/#\/schema\/person\/3903856a3ce2d54b094c69eb29247895"},"headline":"Exgobernador \u00c1lvaro Cruz anunci\u00f3 a la Fiscal\u00eda que indemnizar\u00e1 al Estado por dos delitos","datePublished":"2016-03-14T21:45:59+00:00","dateModified":"2016-03-14T22:07:00+00:00","mainEntityOfPage":{"@id":"https:\/\/www.fiscalia.gov.co\/colombia\/noticias\/exgobernador-alvaro-cruz-anuncio-a-la-fiscalia-que-indemnizara-al-estado-por-dos-delitos\/"},"wordCount":519,"publisher":{"@id":"https:\/\/www.fiscalia.gov.co\/colombia\/#organization"},"keywords":["Inter\u00e9s indebido en la celebraci\u00f3n de contratos"],"articleSection":["Noticias"],"inLanguage":"es-CO"},{"@type":"WebPage","@id":"https:\/\/www.fiscalia.gov.co\/colombia\/noticias\/exgobernador-alvaro-cruz-anuncio-a-la-fiscalia-que-indemnizara-al-estado-por-dos-delitos\/","url":"https:\/\/www.fiscalia.gov.co\/colombia\/noticias\/exgobernador-alvaro-cruz-anuncio-a-la-fiscalia-que-indemnizara-al-estado-por-dos-delitos\/","name":"Fiscal\u00eda General de la Naci\u00f3n","isPartOf":{"@id":"https:\/\/www.fiscalia.gov.co\/colombia\/#website"},"datePublished":"2016-03-14T21:45:59+00:00","dateModified":"2016-03-14T22:07:00+00:00","description":"P\u00e1gina oficial de la Fiscal\u00eda General de la Naci\u00f3n \u2013 Colombia. Garantizamos el acceso efectivo a la justicia, la verdad y la reparaci\u00f3n de las v\u00edctimas de los delitos.","breadcrumb":{"@id":"https:\/\/www.fiscalia.gov.co\/colombia\/noticias\/exgobernador-alvaro-cruz-anuncio-a-la-fiscalia-que-indemnizara-al-estado-por-dos-delitos\/#breadcrumb"},"inLanguage":"es-CO","potentialAction":[{"@type":"ReadAction","target":["https:\/\/www.fiscalia.gov.co\/colombia\/noticias\/exgobernador-alvaro-cruz-anuncio-a-la-fiscalia-que-indemnizara-al-estado-por-dos-delitos\/"]}]},{"@type":"BreadcrumbList","@id":"https:\/\/www.fiscalia.gov.co\/colombia\/noticias\/exgobernador-alvaro-cruz-anuncio-a-la-fiscalia-que-indemnizara-al-estado-por-dos-delitos\/#breadcrumb","itemListElement":[{"@type":"ListItem","position":1,"name":"Home","item":"https:\/\/www.fiscalia.gov.co\/colombia\/"},{"@type":"ListItem","position":2,"name":"Exgobernador \u00c1lvaro Cruz anunci\u00f3 a la Fiscal\u00eda que indemnizar\u00e1 al Estado por dos delitos"}]},{"@type":"WebSite","@id":"https:\/\/www.fiscalia.gov.co\/colombia\/#website","url":"https:\/\/www.fiscalia.gov.co\/colombia\/","name":"Fiscal\u00eda General de la Naci\u00f3n","description":"P\u00e1gina oficial de la Fiscal\u00eda General de la Naci\u00f3n \u2013 Colombia. Garantizamos el acceso efectivo a la justicia, la verdad y la reparaci\u00f3n de las v\u00edctimas de los delitos.","publisher":{"@id":"https:\/\/www.fiscalia.gov.co\/colombia\/#organization"},"potentialAction":[{"@type":"SearchAction","target":{"@type":"EntryPoint","urlTemplate":"https:\/\/www.fiscalia.gov.co\/colombia\/?s={search_term_string}"},"query-input":{"@type":"PropertyValueSpecification","valueRequired":true,"valueName":"search_term_string"}}],"inLanguage":"es-CO"},{"@type":"Organization","@id":"https:\/\/www.fiscalia.gov.co\/colombia\/#organization","name":"Fiscal\u00eda General de la Naci\u00f3n","url":"https:\/\/www.fiscalia.gov.co\/colombia\/","logo":{"@type":"ImageObject","inLanguage":"es-CO","@id":"https:\/\/www.fiscalia.gov.co\/colombia\/#\/schema\/logo\/image\/","url":"https:\/\/www.fiscalia.gov.co\/colombia\/wp-content\/uploads\/LogoHorizontal_1.jpg","contentUrl":"https:\/\/www.fiscalia.gov.co\/colombia\/wp-content\/uploads\/LogoHorizontal_1.jpg","width":300,"height":90,"caption":"Fiscal\u00eda General de la Naci\u00f3n"},"image":{"@id":"https:\/\/www.fiscalia.gov.co\/colombia\/#\/schema\/logo\/image\/"},"sameAs":["https:\/\/www.facebook.com\/FiscaliaCol","https:\/\/x.com\/FiscaliaCol","https:\/\/www.instagram.com\/fiscaliacol","https:\/\/www.linkedin.com\/company\/fiscalia-general-de-la-naci-n\/","https:\/\/youtube.com\/@fiscaliageneraldelanacion-4668?si=6nN79nyQICPU5iTh"]},{"@type":"Person","@id":"https:\/\/www.fiscalia.gov.co\/colombia\/#\/schema\/person\/3903856a3ce2d54b094c69eb29247895","name":"dfgordillo","image":{"@type":"ImageObject","inLanguage":"es-CO","@id":"https:\/\/www.fiscalia.gov.co\/colombia\/#\/schema\/person\/image\/","url":"https:\/\/secure.gravatar.com\/avatar\/b6356e21c5657c60757fe6fb9493e947?s=96&d=mm&r=g","contentUrl":"https:\/\/secure.gravatar.com\/avatar\/b6356e21c5657c60757fe6fb9493e947?s=96&d=mm&r=g","caption":"dfgordillo"},"sameAs":["dfgordillo"],"url":"https:\/\/www.fiscalia.gov.co\/colombia\/author\/dfgordillo\/"}]}},"_links":{"self":[{"href":"https:\/\/www.fiscalia.gov.co\/colombia\/wp-json\/wp\/v2\/posts\/80819","targetHints":{"allow":["GET"]}}],"collection":[{"href":"https:\/\/www.fiscalia.gov.co\/colombia\/wp-json\/wp\/v2\/posts"}],"about":[{"href":"https:\/\/www.fiscalia.gov.co\/colombia\/wp-json\/wp\/v2\/types\/post"}],"author":[{"embeddable":true,"href":"https:\/\/www.fiscalia.gov.co\/colombia\/wp-json\/wp\/v2\/users\/143"}],"replies":[{"embeddable":true,"href":"https:\/\/www.fiscalia.gov.co\/colombia\/wp-json\/wp\/v2\/comments?post=80819"}],"version-history":[{"count":4,"href":"https:\/\/www.fiscalia.gov.co\/colombia\/wp-json\/wp\/v2\/posts\/80819\/revisions"}],"predecessor-version":[{"id":80821,"href":"https:\/\/www.fiscalia.gov.co\/colombia\/wp-json\/wp\/v2\/posts\/80819\/revisions\/80821"}],"wp:attachment":[{"href":"https:\/\/www.fiscalia.gov.co\/colombia\/wp-json\/wp\/v2\/media?parent=80819"}],"wp:term":[{"taxonomy":"category","embeddable":true,"href":"https:\/\/www.fiscalia.gov.co\/colombia\/wp-json\/wp\/v2\/categories?post=80819"},{"taxonomy":"post_tag","embeddable":true,"href":"https:\/\/www.fiscalia.gov.co\/colombia\/wp-json\/wp\/v2\/tags?post=80819"}],"curies":[{"name":"wp","href":"https:\/\/api.w.org\/{rel}","templated":true}]}}