{"id":80791,"date":"2016-03-14T11:43:52","date_gmt":"2016-03-14T16:43:52","guid":{"rendered":"http:\/\/www.fiscalia.gov.co\/colombia\/?p=80791"},"modified":"2016-03-14T11:43:52","modified_gmt":"2016-03-14T16:43:52","slug":"cargos-por-irregularidades-en-contrato-para-vivienda-en-la-dorada-caldas","status":"publish","type":"post","link":"https:\/\/www.fiscalia.gov.co\/colombia\/noticias\/cargos-por-irregularidades-en-contrato-para-vivienda-en-la-dorada-caldas\/","title":{"rendered":"Cargos por irregularidades en contrato para vivienda en La Dorada (Caldas)"},"content":{"rendered":"<p>La Fiscal\u00eda en Manizales (Caldas) imput\u00f3 cargos contra tres personas que estar\u00edan relacionadas con irregularidades en la celebraci\u00f3n de un contrato en el 2007 para la construcci\u00f3n de la urbanizaci\u00f3n La Primavera del municipio caldense de La Dorada.<\/p>\n<p>Se trata de Diana Cristina Giraldo Nieto, Sandra Patricia Mora Mosquera y Carlos\u00a0 Harold Lara Betancourt. A la primera le fueron imputados los delitos de inter\u00e9s indebido en la celebraci\u00f3n de contratos, contrato sin cumplimiento de requisitos legales y peculado por apropiaci\u00f3n. A Mora Mosquera, falsedad ideol\u00f3gica en documento p\u00fablico y peculado por apropiaci\u00f3n. Este \u00faltimo delito tambi\u00e9n se le endilg\u00f3 a Lara Betancourt.<\/p>\n<p>Los hechos obedecen a irregularidades en la suscripci\u00f3n de un contrato interadministrativo entre el Fondo Nacional de Vivienda (Fonvivienda) (Inurbe en liquidaci\u00f3n) y el Fondo de Vivienda Popular de La Dorada (Fonvipo), que dio origen al convenio asociativo N\u00b0 1 de 2007 entre la Constructora del Caf\u00e9 Ingeniera Colombia S.A., del 2 de marzo de 2007, reafirmado con el convenio\u00a0asociativo N\u00b0 15050801; cuyo objeto era la construcci\u00f3n de 270 casas y las obras de urbanismo para la urbanizaci\u00f3n La Primavera.<\/p>\n<p>Para tal fin ser\u00edan invertidos 4.655 millones 560.050 pesos, aportados por Fonvivienda, la Alcald\u00eda Municipal y los beneficiarios del proyecto. Sin embargo, funcionarios del Grupo de Delitos contra la Administraci\u00f3n P\u00fablica del CTI Caldas establecieron que hab\u00eda irregularidades en dicha contrataci\u00f3n, pues se acudi\u00f3 a una figura de convenio de asociaci\u00f3n que dispone la posibilidad, para la entidades estales, de realizar una contrataci\u00f3n sin acudir a los procesos de selecci\u00f3n del Estatuto de la Contrataci\u00f3n P\u00fablica; sin embargo, dicha excepci\u00f3n \u00fanicamente se encuentra determinada para entidades privadas sin \u00e1nimo de lucro, calidad que no ostentaba la Constructora Caf\u00e9 Ingenier\u00eda Colombia S.A.<\/p>\n<p>De igual manera se determin\u00f3 que la firma contratista logr\u00f3 obtener desembolsos de parte de la fiduciaria encargada de administrar los subsidios de vivienda de inter\u00e9s social otorgados por Fonvivienda para el proyecto, los cuales eran superiores al porcentaje de ejecuci\u00f3n (512 millones de pesos). Para lograrlo, dice la investigaci\u00f3n, se habr\u00edan valido de la participaci\u00f3n de la interventor\u00eda del proyecto, que a trav\u00e9s de informaci\u00f3n falsa consignada en los informes aval\u00f3 pagos parciales superiores a la ejecuci\u00f3n real de la obra.<\/p>\n<p>Todo esto conllev\u00f3 a la paralizaci\u00f3n de las obras y la declaratoria de caducidad del convenio por parte de las administraciones municipales posteriores y a que muchas de las familias beneficiarias del proyecto de vivienda La Primavera se quedaran sin la posibilidad de adquirir su casa.<\/p>\n<p>&nbsp;<\/p>\n<p>PAAM \/ AAEA<\/p>\n\n<div class=\"twitter-share\"><a href=\"https:\/\/twitter.com\/intent\/tweet?via=fiscaliacol\" class=\"twitter-share-button\">Tweet<\/a><\/div>\n","protected":false},"excerpt":{"rendered":"<p>La Fiscal\u00eda en Manizales (Caldas) imput\u00f3 cargos contra tres personas que estar\u00edan relacionadas con irregularidades en la celebraci\u00f3n de un contrato en el 2007 para la construcci\u00f3n de la urbanizaci\u00f3n La Primavera del municipio caldense de La Dorada. Se trata de Diana Cristina Giraldo Nieto, Sandra Patricia Mora Mosquera y Carlos\u00a0 Harold Lara Betancourt. A [&hellip;]<\/p>\n","protected":false},"author":143,"featured_media":0,"comment_status":"closed","ping_status":"open","sticky":false,"template":"","format":"standard","meta":{"tdm_status":"","tdm_grid_status":"","footnotes":""},"categories":[1],"tags":[4112],"class_list":{"0":"post-80791","1":"post","2":"type-post","3":"status-publish","4":"format-standard","6":"category-noticias","7":"tag-irregularidades-en-contratacion"},"yoast_head":"<!-- This site is optimized with the Yoast SEO plugin v24.3 - https:\/\/yoast.com\/wordpress\/plugins\/seo\/ -->\n<title>Fiscal\u00eda General de la Naci\u00f3n<\/title>\n<meta name=\"description\" content=\"P\u00e1gina oficial de la Fiscal\u00eda General de la Naci\u00f3n \u2013 Colombia. Garantizamos el acceso efectivo a la justicia, la verdad y la reparaci\u00f3n de las v\u00edctimas de los delitos.\" \/>\n<meta name=\"robots\" content=\"noindex, follow\" \/>\n<meta property=\"og:locale\" content=\"es_ES\" \/>\n<meta property=\"og:type\" content=\"article\" \/>\n<meta property=\"og:title\" content=\"Fiscal\u00eda General de la Naci\u00f3n\" \/>\n<meta property=\"og:description\" content=\"P\u00e1gina oficial de la Fiscal\u00eda General de la Naci\u00f3n \u2013 Colombia. Garantizamos el acceso efectivo a la justicia, la verdad y la reparaci\u00f3n de las v\u00edctimas de los delitos.\" \/>\n<meta property=\"og:url\" content=\"https:\/\/www.fiscalia.gov.co\/colombia\/noticias\/cargos-por-irregularidades-en-contrato-para-vivienda-en-la-dorada-caldas\/\" \/>\n<meta property=\"og:site_name\" content=\"Fiscal\u00eda General de la Naci\u00f3n\" \/>\n<meta property=\"article:publisher\" content=\"https:\/\/www.facebook.com\/FiscaliaCol\" \/>\n<meta property=\"article:published_time\" content=\"2016-03-14T16:43:52+00:00\" \/>\n<meta name=\"author\" content=\"dfgordillo\" \/>\n<meta name=\"twitter:card\" content=\"summary_large_image\" \/>\n<meta name=\"twitter:creator\" content=\"@FiscaliaCol\" \/>\n<meta name=\"twitter:site\" content=\"@FiscaliaCol\" \/>\n<meta name=\"twitter:label1\" content=\"Escrito por\" \/>\n\t<meta name=\"twitter:data1\" content=\"dfgordillo\" \/>\n\t<meta name=\"twitter:label2\" content=\"Tiempo de lectura\" \/>\n\t<meta name=\"twitter:data2\" content=\"2 minutos\" \/>\n<script type=\"application\/ld+json\" class=\"yoast-schema-graph\">{\"@context\":\"https:\/\/schema.org\",\"@graph\":[{\"@type\":\"Article\",\"@id\":\"https:\/\/www.fiscalia.gov.co\/colombia\/noticias\/cargos-por-irregularidades-en-contrato-para-vivienda-en-la-dorada-caldas\/#article\",\"isPartOf\":{\"@id\":\"https:\/\/www.fiscalia.gov.co\/colombia\/noticias\/cargos-por-irregularidades-en-contrato-para-vivienda-en-la-dorada-caldas\/\"},\"author\":{\"name\":\"dfgordillo\",\"@id\":\"https:\/\/www.fiscalia.gov.co\/colombia\/#\/schema\/person\/3903856a3ce2d54b094c69eb29247895\"},\"headline\":\"Cargos por irregularidades en contrato para vivienda en La Dorada (Caldas)\",\"datePublished\":\"2016-03-14T16:43:52+00:00\",\"dateModified\":\"2016-03-14T16:43:52+00:00\",\"mainEntityOfPage\":{\"@id\":\"https:\/\/www.fiscalia.gov.co\/colombia\/noticias\/cargos-por-irregularidades-en-contrato-para-vivienda-en-la-dorada-caldas\/\"},\"wordCount\":457,\"publisher\":{\"@id\":\"https:\/\/www.fiscalia.gov.co\/colombia\/#organization\"},\"keywords\":[\"Irregularidades en contrataci\u00f3n\"],\"articleSection\":[\"Noticias\"],\"inLanguage\":\"es-CO\"},{\"@type\":\"WebPage\",\"@id\":\"https:\/\/www.fiscalia.gov.co\/colombia\/noticias\/cargos-por-irregularidades-en-contrato-para-vivienda-en-la-dorada-caldas\/\",\"url\":\"https:\/\/www.fiscalia.gov.co\/colombia\/noticias\/cargos-por-irregularidades-en-contrato-para-vivienda-en-la-dorada-caldas\/\",\"name\":\"Fiscal\u00eda General de la Naci\u00f3n\",\"isPartOf\":{\"@id\":\"https:\/\/www.fiscalia.gov.co\/colombia\/#website\"},\"datePublished\":\"2016-03-14T16:43:52+00:00\",\"dateModified\":\"2016-03-14T16:43:52+00:00\",\"description\":\"P\u00e1gina oficial de la Fiscal\u00eda General de la Naci\u00f3n \u2013 Colombia. Garantizamos el acceso efectivo a la justicia, la verdad y la reparaci\u00f3n de las v\u00edctimas de los delitos.\",\"breadcrumb\":{\"@id\":\"https:\/\/www.fiscalia.gov.co\/colombia\/noticias\/cargos-por-irregularidades-en-contrato-para-vivienda-en-la-dorada-caldas\/#breadcrumb\"},\"inLanguage\":\"es-CO\",\"potentialAction\":[{\"@type\":\"ReadAction\",\"target\":[\"https:\/\/www.fiscalia.gov.co\/colombia\/noticias\/cargos-por-irregularidades-en-contrato-para-vivienda-en-la-dorada-caldas\/\"]}]},{\"@type\":\"BreadcrumbList\",\"@id\":\"https:\/\/www.fiscalia.gov.co\/colombia\/noticias\/cargos-por-irregularidades-en-contrato-para-vivienda-en-la-dorada-caldas\/#breadcrumb\",\"itemListElement\":[{\"@type\":\"ListItem\",\"position\":1,\"name\":\"Home\",\"item\":\"https:\/\/www.fiscalia.gov.co\/colombia\/\"},{\"@type\":\"ListItem\",\"position\":2,\"name\":\"Cargos por irregularidades en contrato para vivienda en La Dorada (Caldas)\"}]},{\"@type\":\"WebSite\",\"@id\":\"https:\/\/www.fiscalia.gov.co\/colombia\/#website\",\"url\":\"https:\/\/www.fiscalia.gov.co\/colombia\/\",\"name\":\"Fiscal\u00eda General de la Naci\u00f3n\",\"description\":\"P\u00e1gina oficial de la Fiscal\u00eda General de la Naci\u00f3n \u2013 Colombia. Garantizamos el acceso efectivo a la justicia, la verdad y la reparaci\u00f3n de las v\u00edctimas de los delitos.\",\"publisher\":{\"@id\":\"https:\/\/www.fiscalia.gov.co\/colombia\/#organization\"},\"potentialAction\":[{\"@type\":\"SearchAction\",\"target\":{\"@type\":\"EntryPoint\",\"urlTemplate\":\"https:\/\/www.fiscalia.gov.co\/colombia\/?s={search_term_string}\"},\"query-input\":{\"@type\":\"PropertyValueSpecification\",\"valueRequired\":true,\"valueName\":\"search_term_string\"}}],\"inLanguage\":\"es-CO\"},{\"@type\":\"Organization\",\"@id\":\"https:\/\/www.fiscalia.gov.co\/colombia\/#organization\",\"name\":\"Fiscal\u00eda General de la Naci\u00f3n\",\"url\":\"https:\/\/www.fiscalia.gov.co\/colombia\/\",\"logo\":{\"@type\":\"ImageObject\",\"inLanguage\":\"es-CO\",\"@id\":\"https:\/\/www.fiscalia.gov.co\/colombia\/#\/schema\/logo\/image\/\",\"url\":\"https:\/\/www.fiscalia.gov.co\/colombia\/wp-content\/uploads\/LogoHorizontal_1.jpg\",\"contentUrl\":\"https:\/\/www.fiscalia.gov.co\/colombia\/wp-content\/uploads\/LogoHorizontal_1.jpg\",\"width\":300,\"height\":90,\"caption\":\"Fiscal\u00eda General de la Naci\u00f3n\"},\"image\":{\"@id\":\"https:\/\/www.fiscalia.gov.co\/colombia\/#\/schema\/logo\/image\/\"},\"sameAs\":[\"https:\/\/www.facebook.com\/FiscaliaCol\",\"https:\/\/x.com\/FiscaliaCol\",\"https:\/\/www.instagram.com\/fiscaliacol\",\"https:\/\/www.linkedin.com\/company\/fiscalia-general-de-la-naci-n\/\",\"https:\/\/youtube.com\/@fiscaliageneraldelanacion-4668?si=6nN79nyQICPU5iTh\"]},{\"@type\":\"Person\",\"@id\":\"https:\/\/www.fiscalia.gov.co\/colombia\/#\/schema\/person\/3903856a3ce2d54b094c69eb29247895\",\"name\":\"dfgordillo\",\"image\":{\"@type\":\"ImageObject\",\"inLanguage\":\"es-CO\",\"@id\":\"https:\/\/www.fiscalia.gov.co\/colombia\/#\/schema\/person\/image\/\",\"url\":\"https:\/\/secure.gravatar.com\/avatar\/b6356e21c5657c60757fe6fb9493e947?s=96&d=mm&r=g\",\"contentUrl\":\"https:\/\/secure.gravatar.com\/avatar\/b6356e21c5657c60757fe6fb9493e947?s=96&d=mm&r=g\",\"caption\":\"dfgordillo\"},\"sameAs\":[\"dfgordillo\"],\"url\":\"https:\/\/www.fiscalia.gov.co\/colombia\/author\/dfgordillo\/\"}]}<\/script>\n<!-- \/ Yoast SEO plugin. -->","yoast_head_json":{"title":"Fiscal\u00eda General de la Naci\u00f3n","description":"P\u00e1gina oficial de la Fiscal\u00eda General de la Naci\u00f3n \u2013 Colombia. Garantizamos el acceso efectivo a la justicia, la verdad y la reparaci\u00f3n de las v\u00edctimas de los delitos.","robots":{"index":"noindex","follow":"follow"},"og_locale":"es_ES","og_type":"article","og_title":"Fiscal\u00eda General de la Naci\u00f3n","og_description":"P\u00e1gina oficial de la Fiscal\u00eda General de la Naci\u00f3n \u2013 Colombia. Garantizamos el acceso efectivo a la justicia, la verdad y la reparaci\u00f3n de las v\u00edctimas de los delitos.","og_url":"https:\/\/www.fiscalia.gov.co\/colombia\/noticias\/cargos-por-irregularidades-en-contrato-para-vivienda-en-la-dorada-caldas\/","og_site_name":"Fiscal\u00eda General de la Naci\u00f3n","article_publisher":"https:\/\/www.facebook.com\/FiscaliaCol","article_published_time":"2016-03-14T16:43:52+00:00","author":"dfgordillo","twitter_card":"summary_large_image","twitter_creator":"@FiscaliaCol","twitter_site":"@FiscaliaCol","twitter_misc":{"Escrito por":"dfgordillo","Tiempo de lectura":"2 minutos"},"schema":{"@context":"https:\/\/schema.org","@graph":[{"@type":"Article","@id":"https:\/\/www.fiscalia.gov.co\/colombia\/noticias\/cargos-por-irregularidades-en-contrato-para-vivienda-en-la-dorada-caldas\/#article","isPartOf":{"@id":"https:\/\/www.fiscalia.gov.co\/colombia\/noticias\/cargos-por-irregularidades-en-contrato-para-vivienda-en-la-dorada-caldas\/"},"author":{"name":"dfgordillo","@id":"https:\/\/www.fiscalia.gov.co\/colombia\/#\/schema\/person\/3903856a3ce2d54b094c69eb29247895"},"headline":"Cargos por irregularidades en contrato para vivienda en La Dorada (Caldas)","datePublished":"2016-03-14T16:43:52+00:00","dateModified":"2016-03-14T16:43:52+00:00","mainEntityOfPage":{"@id":"https:\/\/www.fiscalia.gov.co\/colombia\/noticias\/cargos-por-irregularidades-en-contrato-para-vivienda-en-la-dorada-caldas\/"},"wordCount":457,"publisher":{"@id":"https:\/\/www.fiscalia.gov.co\/colombia\/#organization"},"keywords":["Irregularidades en contrataci\u00f3n"],"articleSection":["Noticias"],"inLanguage":"es-CO"},{"@type":"WebPage","@id":"https:\/\/www.fiscalia.gov.co\/colombia\/noticias\/cargos-por-irregularidades-en-contrato-para-vivienda-en-la-dorada-caldas\/","url":"https:\/\/www.fiscalia.gov.co\/colombia\/noticias\/cargos-por-irregularidades-en-contrato-para-vivienda-en-la-dorada-caldas\/","name":"Fiscal\u00eda General de la Naci\u00f3n","isPartOf":{"@id":"https:\/\/www.fiscalia.gov.co\/colombia\/#website"},"datePublished":"2016-03-14T16:43:52+00:00","dateModified":"2016-03-14T16:43:52+00:00","description":"P\u00e1gina oficial de la Fiscal\u00eda General de la Naci\u00f3n \u2013 Colombia. Garantizamos el acceso efectivo a la justicia, la verdad y la reparaci\u00f3n de las v\u00edctimas de los delitos.","breadcrumb":{"@id":"https:\/\/www.fiscalia.gov.co\/colombia\/noticias\/cargos-por-irregularidades-en-contrato-para-vivienda-en-la-dorada-caldas\/#breadcrumb"},"inLanguage":"es-CO","potentialAction":[{"@type":"ReadAction","target":["https:\/\/www.fiscalia.gov.co\/colombia\/noticias\/cargos-por-irregularidades-en-contrato-para-vivienda-en-la-dorada-caldas\/"]}]},{"@type":"BreadcrumbList","@id":"https:\/\/www.fiscalia.gov.co\/colombia\/noticias\/cargos-por-irregularidades-en-contrato-para-vivienda-en-la-dorada-caldas\/#breadcrumb","itemListElement":[{"@type":"ListItem","position":1,"name":"Home","item":"https:\/\/www.fiscalia.gov.co\/colombia\/"},{"@type":"ListItem","position":2,"name":"Cargos por irregularidades en contrato para vivienda en La Dorada (Caldas)"}]},{"@type":"WebSite","@id":"https:\/\/www.fiscalia.gov.co\/colombia\/#website","url":"https:\/\/www.fiscalia.gov.co\/colombia\/","name":"Fiscal\u00eda General de la Naci\u00f3n","description":"P\u00e1gina oficial de la Fiscal\u00eda General de la Naci\u00f3n \u2013 Colombia. Garantizamos el acceso efectivo a la justicia, la verdad y la reparaci\u00f3n de las v\u00edctimas de los delitos.","publisher":{"@id":"https:\/\/www.fiscalia.gov.co\/colombia\/#organization"},"potentialAction":[{"@type":"SearchAction","target":{"@type":"EntryPoint","urlTemplate":"https:\/\/www.fiscalia.gov.co\/colombia\/?s={search_term_string}"},"query-input":{"@type":"PropertyValueSpecification","valueRequired":true,"valueName":"search_term_string"}}],"inLanguage":"es-CO"},{"@type":"Organization","@id":"https:\/\/www.fiscalia.gov.co\/colombia\/#organization","name":"Fiscal\u00eda General de la Naci\u00f3n","url":"https:\/\/www.fiscalia.gov.co\/colombia\/","logo":{"@type":"ImageObject","inLanguage":"es-CO","@id":"https:\/\/www.fiscalia.gov.co\/colombia\/#\/schema\/logo\/image\/","url":"https:\/\/www.fiscalia.gov.co\/colombia\/wp-content\/uploads\/LogoHorizontal_1.jpg","contentUrl":"https:\/\/www.fiscalia.gov.co\/colombia\/wp-content\/uploads\/LogoHorizontal_1.jpg","width":300,"height":90,"caption":"Fiscal\u00eda General de la Naci\u00f3n"},"image":{"@id":"https:\/\/www.fiscalia.gov.co\/colombia\/#\/schema\/logo\/image\/"},"sameAs":["https:\/\/www.facebook.com\/FiscaliaCol","https:\/\/x.com\/FiscaliaCol","https:\/\/www.instagram.com\/fiscaliacol","https:\/\/www.linkedin.com\/company\/fiscalia-general-de-la-naci-n\/","https:\/\/youtube.com\/@fiscaliageneraldelanacion-4668?si=6nN79nyQICPU5iTh"]},{"@type":"Person","@id":"https:\/\/www.fiscalia.gov.co\/colombia\/#\/schema\/person\/3903856a3ce2d54b094c69eb29247895","name":"dfgordillo","image":{"@type":"ImageObject","inLanguage":"es-CO","@id":"https:\/\/www.fiscalia.gov.co\/colombia\/#\/schema\/person\/image\/","url":"https:\/\/secure.gravatar.com\/avatar\/b6356e21c5657c60757fe6fb9493e947?s=96&d=mm&r=g","contentUrl":"https:\/\/secure.gravatar.com\/avatar\/b6356e21c5657c60757fe6fb9493e947?s=96&d=mm&r=g","caption":"dfgordillo"},"sameAs":["dfgordillo"],"url":"https:\/\/www.fiscalia.gov.co\/colombia\/author\/dfgordillo\/"}]}},"_links":{"self":[{"href":"https:\/\/www.fiscalia.gov.co\/colombia\/wp-json\/wp\/v2\/posts\/80791","targetHints":{"allow":["GET"]}}],"collection":[{"href":"https:\/\/www.fiscalia.gov.co\/colombia\/wp-json\/wp\/v2\/posts"}],"about":[{"href":"https:\/\/www.fiscalia.gov.co\/colombia\/wp-json\/wp\/v2\/types\/post"}],"author":[{"embeddable":true,"href":"https:\/\/www.fiscalia.gov.co\/colombia\/wp-json\/wp\/v2\/users\/143"}],"replies":[{"embeddable":true,"href":"https:\/\/www.fiscalia.gov.co\/colombia\/wp-json\/wp\/v2\/comments?post=80791"}],"version-history":[{"count":1,"href":"https:\/\/www.fiscalia.gov.co\/colombia\/wp-json\/wp\/v2\/posts\/80791\/revisions"}],"predecessor-version":[{"id":80792,"href":"https:\/\/www.fiscalia.gov.co\/colombia\/wp-json\/wp\/v2\/posts\/80791\/revisions\/80792"}],"wp:attachment":[{"href":"https:\/\/www.fiscalia.gov.co\/colombia\/wp-json\/wp\/v2\/media?parent=80791"}],"wp:term":[{"taxonomy":"category","embeddable":true,"href":"https:\/\/www.fiscalia.gov.co\/colombia\/wp-json\/wp\/v2\/categories?post=80791"},{"taxonomy":"post_tag","embeddable":true,"href":"https:\/\/www.fiscalia.gov.co\/colombia\/wp-json\/wp\/v2\/tags?post=80791"}],"curies":[{"name":"wp","href":"https:\/\/api.w.org\/{rel}","templated":true}]}}