{"id":80564,"date":"2016-03-08T18:06:14","date_gmt":"2016-03-08T23:06:14","guid":{"rendered":"http:\/\/www.fiscalia.gov.co\/colombia\/?p=80564"},"modified":"2016-03-16T11:28:37","modified_gmt":"2016-03-16T16:28:37","slug":"delegacion-de-la-dea-se-reune-con-directivas-de-la-fiscalia-para-continuar-en-la-lucha-contra-el-crimen-organizado","status":"publish","type":"post","link":"https:\/\/www.fiscalia.gov.co\/colombia\/noticias\/delegacion-de-la-dea-se-reune-con-directivas-de-la-fiscalia-para-continuar-en-la-lucha-contra-el-crimen-organizado\/","title":{"rendered":"Delegaci\u00f3n de la DEA se re\u00fane con directivas de la Fiscal\u00eda para continuar en la lucha contra el crimen organizado"},"content":{"rendered":"<p><a href=\"http:\/\/www.fiscalia.gov.co\/colombia\/wp-content\/uploads\/GALERIA.jpg\"><img loading=\"lazy\" decoding=\"async\" class=\"size-full wp-image-80567 aligncenter\" title=\"GALERIA\" src=\"http:\/\/www.fiscalia.gov.co\/colombia\/wp-content\/uploads\/GALERIA.jpg\" alt=\"\" width=\"650\" height=\"433\" srcset=\"https:\/\/www.fiscalia.gov.co\/colombia\/wp-content\/uploads\/GALERIA.jpg 650w, https:\/\/www.fiscalia.gov.co\/colombia\/wp-content\/uploads\/GALERIA-300x199.jpg 300w\" sizes=\"auto, (max-width: 650px) 100vw, 650px\" \/><\/a><\/p>\n<p>Una delegaci\u00f3n de la Administraci\u00f3n para el Control de Drogas (DEA) (por su sigla en ingl\u00e9s) se reuni\u00f3 con el Vicefiscal General de la Naci\u00f3n, Jorge Fernando Perdomo, para compartir experiencias sobre las funciones y actividades de esa organizaci\u00f3n,\u00a0 relacionado con el crimen organizado trasnacional y el inter\u00e9s en conjunto de los m\u00e9todos que se utilizan en las diferentes investigaciones.<\/p>\n<p>La delegaci\u00f3n estadounidense estuvo liderada por Richard Dobrich, director regional de la DEA, Anthony D. Williams, Lizette Yrizarry, subjefe de operaciones, entre otros funcionarios.<\/p>\n<p>Por parte de la Fiscal\u00eda General de la Naci\u00f3n estuvieron presentes la directora de Gesti\u00f3n Internacional, Fabiola Castro; el director de Articulaci\u00f3n de Fiscal\u00eda Nacionales Especializadas, Iv\u00e1n Lombana; la directora nacional de Articulaci\u00f3n de Polic\u00edas Judiciales Especializadas, Ana Linda Solano, y el director de Fiscal\u00eda Nacional Especializada contra el Crimen Organizado, Juan Carlos Acevedo.<\/p>\n<p>Durante la reuni\u00f3n, la delegaci\u00f3n estadounidense hizo un especial reconocimiento al Vicefiscal General de la Naci\u00f3n, Jorge Fernando Perdomo; a la directora nacional de Articulaci\u00f3n de Polic\u00edas Judiciales Especializadas, Ana Linda Solano, y al director de Fiscal\u00eda Nacional Especializada contra el Crimen Organizado, Juan Carlos Acevedo, por su liderazgo y colaboraci\u00f3n en la lucha contra el crimen organizado.<\/p>\n<p>AAMZ \/ AAEA<\/p>\n\n<div class=\"twitter-share\"><a href=\"https:\/\/twitter.com\/intent\/tweet?via=fiscaliacol\" class=\"twitter-share-button\">Tweet<\/a><\/div>\n","protected":false},"excerpt":{"rendered":"<p>La delegaci\u00f3n estadounidense estuvo liderada por Richard Dobrich, director regional de la DEA, entre otros funcionarios.<\/p>\n","protected":false},"author":143,"featured_media":0,"comment_status":"closed","ping_status":"open","sticky":false,"template":"","format":"standard","meta":{"_price":"","_stock":"","_tribe_ticket_header":"","_tribe_default_ticket_provider":"","_tribe_ticket_capacity":"0","_ticket_start_date":"","_ticket_end_date":"","_tribe_ticket_show_description":"","_tribe_ticket_show_not_going":false,"_tribe_ticket_use_global_stock":"","_tribe_ticket_global_stock_level":"","_global_stock_mode":"","_global_stock_cap":"","_tribe_rsvp_for_event":"","_tribe_ticket_going_count":"","_tribe_ticket_not_going_count":"","_tribe_tickets_list":"[]","_tribe_ticket_has_attendee_info_fields":false,"tdm_status":"","tdm_grid_status":"","footnotes":""},"categories":[3,1],"tags":[7484,2483],"class_list":{"0":"post-80564","1":"post","2":"type-post","3":"status-publish","4":"format-standard","6":"category-destacada","7":"category-noticias","8":"tag-crimen-organizado","9":"tag-dea"},"yoast_head":"<!-- This site is optimized with the Yoast SEO plugin v24.3 - https:\/\/yoast.com\/wordpress\/plugins\/seo\/ -->\n<title>Fiscal\u00eda General de la Naci\u00f3n<\/title>\n<meta name=\"description\" content=\"P\u00e1gina oficial de la Fiscal\u00eda General de la Naci\u00f3n \u2013 Colombia. Garantizamos el acceso efectivo a la justicia, la verdad y la reparaci\u00f3n de las v\u00edctimas de los delitos.\" \/>\n<meta name=\"robots\" content=\"noindex, follow\" \/>\n<meta property=\"og:locale\" content=\"es_ES\" \/>\n<meta property=\"og:type\" content=\"article\" \/>\n<meta property=\"og:title\" content=\"Fiscal\u00eda General de la Naci\u00f3n\" \/>\n<meta property=\"og:description\" content=\"P\u00e1gina oficial de la Fiscal\u00eda General de la Naci\u00f3n \u2013 Colombia. Garantizamos el acceso efectivo a la justicia, la verdad y la reparaci\u00f3n de las v\u00edctimas de los delitos.\" \/>\n<meta property=\"og:url\" content=\"https:\/\/www.fiscalia.gov.co\/colombia\/noticias\/delegacion-de-la-dea-se-reune-con-directivas-de-la-fiscalia-para-continuar-en-la-lucha-contra-el-crimen-organizado\/\" \/>\n<meta property=\"og:site_name\" content=\"Fiscal\u00eda General de la Naci\u00f3n\" \/>\n<meta property=\"article:publisher\" content=\"https:\/\/www.facebook.com\/FiscaliaCol\" \/>\n<meta property=\"article:published_time\" content=\"2016-03-08T23:06:14+00:00\" \/>\n<meta property=\"article:modified_time\" content=\"2016-03-16T16:28:37+00:00\" \/>\n<meta property=\"og:image\" content=\"http:\/\/www.fiscalia.gov.co\/colombia\/wp-content\/uploads\/GALERIA.jpg\" \/>\n<meta name=\"author\" content=\"dfgordillo\" \/>\n<meta name=\"twitter:card\" content=\"summary_large_image\" \/>\n<meta name=\"twitter:creator\" content=\"@FiscaliaCol\" \/>\n<meta name=\"twitter:site\" content=\"@FiscaliaCol\" \/>\n<meta name=\"twitter:label1\" content=\"Escrito por\" \/>\n\t<meta name=\"twitter:data1\" content=\"dfgordillo\" \/>\n\t<meta name=\"twitter:label2\" content=\"Tiempo de lectura\" \/>\n\t<meta name=\"twitter:data2\" content=\"1 minuto\" \/>\n<script type=\"application\/ld+json\" class=\"yoast-schema-graph\">{\"@context\":\"https:\/\/schema.org\",\"@graph\":[{\"@type\":\"Article\",\"@id\":\"https:\/\/www.fiscalia.gov.co\/colombia\/noticias\/delegacion-de-la-dea-se-reune-con-directivas-de-la-fiscalia-para-continuar-en-la-lucha-contra-el-crimen-organizado\/#article\",\"isPartOf\":{\"@id\":\"https:\/\/www.fiscalia.gov.co\/colombia\/noticias\/delegacion-de-la-dea-se-reune-con-directivas-de-la-fiscalia-para-continuar-en-la-lucha-contra-el-crimen-organizado\/\"},\"author\":{\"name\":\"dfgordillo\",\"@id\":\"https:\/\/www.fiscalia.gov.co\/colombia\/#\/schema\/person\/3903856a3ce2d54b094c69eb29247895\"},\"headline\":\"Delegaci\u00f3n de la DEA se re\u00fane con directivas de la Fiscal\u00eda para continuar en la lucha contra el crimen organizado\",\"datePublished\":\"2016-03-08T23:06:14+00:00\",\"dateModified\":\"2016-03-16T16:28:37+00:00\",\"mainEntityOfPage\":{\"@id\":\"https:\/\/www.fiscalia.gov.co\/colombia\/noticias\/delegacion-de-la-dea-se-reune-con-directivas-de-la-fiscalia-para-continuar-en-la-lucha-contra-el-crimen-organizado\/\"},\"wordCount\":245,\"publisher\":{\"@id\":\"https:\/\/www.fiscalia.gov.co\/colombia\/#organization\"},\"image\":{\"@id\":\"https:\/\/www.fiscalia.gov.co\/colombia\/noticias\/delegacion-de-la-dea-se-reune-con-directivas-de-la-fiscalia-para-continuar-en-la-lucha-contra-el-crimen-organizado\/#primaryimage\"},\"thumbnailUrl\":\"http:\/\/www.fiscalia.gov.co\/colombia\/wp-content\/uploads\/GALERIA.jpg\",\"keywords\":[\"Crimen organizado\",\"DEA\"],\"articleSection\":[\"Destacada\",\"Noticias\"],\"inLanguage\":\"es-CO\"},{\"@type\":\"WebPage\",\"@id\":\"https:\/\/www.fiscalia.gov.co\/colombia\/noticias\/delegacion-de-la-dea-se-reune-con-directivas-de-la-fiscalia-para-continuar-en-la-lucha-contra-el-crimen-organizado\/\",\"url\":\"https:\/\/www.fiscalia.gov.co\/colombia\/noticias\/delegacion-de-la-dea-se-reune-con-directivas-de-la-fiscalia-para-continuar-en-la-lucha-contra-el-crimen-organizado\/\",\"name\":\"Fiscal\u00eda General de la Naci\u00f3n\",\"isPartOf\":{\"@id\":\"https:\/\/www.fiscalia.gov.co\/colombia\/#website\"},\"primaryImageOfPage\":{\"@id\":\"https:\/\/www.fiscalia.gov.co\/colombia\/noticias\/delegacion-de-la-dea-se-reune-con-directivas-de-la-fiscalia-para-continuar-en-la-lucha-contra-el-crimen-organizado\/#primaryimage\"},\"image\":{\"@id\":\"https:\/\/www.fiscalia.gov.co\/colombia\/noticias\/delegacion-de-la-dea-se-reune-con-directivas-de-la-fiscalia-para-continuar-en-la-lucha-contra-el-crimen-organizado\/#primaryimage\"},\"thumbnailUrl\":\"http:\/\/www.fiscalia.gov.co\/colombia\/wp-content\/uploads\/GALERIA.jpg\",\"datePublished\":\"2016-03-08T23:06:14+00:00\",\"dateModified\":\"2016-03-16T16:28:37+00:00\",\"description\":\"P\u00e1gina oficial de la Fiscal\u00eda General de la Naci\u00f3n \u2013 Colombia. Garantizamos el acceso efectivo a la justicia, la verdad y la reparaci\u00f3n de las v\u00edctimas de los delitos.\",\"breadcrumb\":{\"@id\":\"https:\/\/www.fiscalia.gov.co\/colombia\/noticias\/delegacion-de-la-dea-se-reune-con-directivas-de-la-fiscalia-para-continuar-en-la-lucha-contra-el-crimen-organizado\/#breadcrumb\"},\"inLanguage\":\"es-CO\",\"potentialAction\":[{\"@type\":\"ReadAction\",\"target\":[\"https:\/\/www.fiscalia.gov.co\/colombia\/noticias\/delegacion-de-la-dea-se-reune-con-directivas-de-la-fiscalia-para-continuar-en-la-lucha-contra-el-crimen-organizado\/\"]}]},{\"@type\":\"ImageObject\",\"inLanguage\":\"es-CO\",\"@id\":\"https:\/\/www.fiscalia.gov.co\/colombia\/noticias\/delegacion-de-la-dea-se-reune-con-directivas-de-la-fiscalia-para-continuar-en-la-lucha-contra-el-crimen-organizado\/#primaryimage\",\"url\":\"http:\/\/www.fiscalia.gov.co\/colombia\/wp-content\/uploads\/GALERIA.jpg\",\"contentUrl\":\"http:\/\/www.fiscalia.gov.co\/colombia\/wp-content\/uploads\/GALERIA.jpg\"},{\"@type\":\"BreadcrumbList\",\"@id\":\"https:\/\/www.fiscalia.gov.co\/colombia\/noticias\/delegacion-de-la-dea-se-reune-con-directivas-de-la-fiscalia-para-continuar-en-la-lucha-contra-el-crimen-organizado\/#breadcrumb\",\"itemListElement\":[{\"@type\":\"ListItem\",\"position\":1,\"name\":\"Home\",\"item\":\"https:\/\/www.fiscalia.gov.co\/colombia\/\"},{\"@type\":\"ListItem\",\"position\":2,\"name\":\"Delegaci\u00f3n de la DEA se re\u00fane con directivas de la Fiscal\u00eda para continuar en la lucha contra el crimen organizado\"}]},{\"@type\":\"WebSite\",\"@id\":\"https:\/\/www.fiscalia.gov.co\/colombia\/#website\",\"url\":\"https:\/\/www.fiscalia.gov.co\/colombia\/\",\"name\":\"Fiscal\u00eda General de la Naci\u00f3n\",\"description\":\"P\u00e1gina oficial de la Fiscal\u00eda General de la Naci\u00f3n \u2013 Colombia. Garantizamos el acceso efectivo a la justicia, la verdad y la reparaci\u00f3n de las v\u00edctimas de los delitos.\",\"publisher\":{\"@id\":\"https:\/\/www.fiscalia.gov.co\/colombia\/#organization\"},\"potentialAction\":[{\"@type\":\"SearchAction\",\"target\":{\"@type\":\"EntryPoint\",\"urlTemplate\":\"https:\/\/www.fiscalia.gov.co\/colombia\/?s={search_term_string}\"},\"query-input\":{\"@type\":\"PropertyValueSpecification\",\"valueRequired\":true,\"valueName\":\"search_term_string\"}}],\"inLanguage\":\"es-CO\"},{\"@type\":\"Organization\",\"@id\":\"https:\/\/www.fiscalia.gov.co\/colombia\/#organization\",\"name\":\"Fiscal\u00eda General de la Naci\u00f3n\",\"url\":\"https:\/\/www.fiscalia.gov.co\/colombia\/\",\"logo\":{\"@type\":\"ImageObject\",\"inLanguage\":\"es-CO\",\"@id\":\"https:\/\/www.fiscalia.gov.co\/colombia\/#\/schema\/logo\/image\/\",\"url\":\"https:\/\/www.fiscalia.gov.co\/colombia\/wp-content\/uploads\/LogoHorizontal_1.jpg\",\"contentUrl\":\"https:\/\/www.fiscalia.gov.co\/colombia\/wp-content\/uploads\/LogoHorizontal_1.jpg\",\"width\":300,\"height\":90,\"caption\":\"Fiscal\u00eda General de la Naci\u00f3n\"},\"image\":{\"@id\":\"https:\/\/www.fiscalia.gov.co\/colombia\/#\/schema\/logo\/image\/\"},\"sameAs\":[\"https:\/\/www.facebook.com\/FiscaliaCol\",\"https:\/\/x.com\/FiscaliaCol\",\"https:\/\/www.instagram.com\/fiscaliacol\",\"https:\/\/www.linkedin.com\/company\/fiscalia-general-de-la-naci-n\/\",\"https:\/\/youtube.com\/@fiscaliageneraldelanacion-4668?si=6nN79nyQICPU5iTh\"]},{\"@type\":\"Person\",\"@id\":\"https:\/\/www.fiscalia.gov.co\/colombia\/#\/schema\/person\/3903856a3ce2d54b094c69eb29247895\",\"name\":\"dfgordillo\",\"image\":{\"@type\":\"ImageObject\",\"inLanguage\":\"es-CO\",\"@id\":\"https:\/\/www.fiscalia.gov.co\/colombia\/#\/schema\/person\/image\/\",\"url\":\"https:\/\/secure.gravatar.com\/avatar\/b6356e21c5657c60757fe6fb9493e947?s=96&d=mm&r=g\",\"contentUrl\":\"https:\/\/secure.gravatar.com\/avatar\/b6356e21c5657c60757fe6fb9493e947?s=96&d=mm&r=g\",\"caption\":\"dfgordillo\"},\"sameAs\":[\"dfgordillo\"],\"url\":\"https:\/\/www.fiscalia.gov.co\/colombia\/author\/dfgordillo\/\"}]}<\/script>\n<!-- \/ Yoast SEO plugin. -->","yoast_head_json":{"title":"Fiscal\u00eda General de la Naci\u00f3n","description":"P\u00e1gina oficial de la Fiscal\u00eda General de la Naci\u00f3n \u2013 Colombia. Garantizamos el acceso efectivo a la justicia, la verdad y la reparaci\u00f3n de las v\u00edctimas de los delitos.","robots":{"index":"noindex","follow":"follow"},"og_locale":"es_ES","og_type":"article","og_title":"Fiscal\u00eda General de la Naci\u00f3n","og_description":"P\u00e1gina oficial de la Fiscal\u00eda General de la Naci\u00f3n \u2013 Colombia. Garantizamos el acceso efectivo a la justicia, la verdad y la reparaci\u00f3n de las v\u00edctimas de los delitos.","og_url":"https:\/\/www.fiscalia.gov.co\/colombia\/noticias\/delegacion-de-la-dea-se-reune-con-directivas-de-la-fiscalia-para-continuar-en-la-lucha-contra-el-crimen-organizado\/","og_site_name":"Fiscal\u00eda General de la Naci\u00f3n","article_publisher":"https:\/\/www.facebook.com\/FiscaliaCol","article_published_time":"2016-03-08T23:06:14+00:00","article_modified_time":"2016-03-16T16:28:37+00:00","og_image":[{"url":"http:\/\/www.fiscalia.gov.co\/colombia\/wp-content\/uploads\/GALERIA.jpg","type":"","width":"","height":""}],"author":"dfgordillo","twitter_card":"summary_large_image","twitter_creator":"@FiscaliaCol","twitter_site":"@FiscaliaCol","twitter_misc":{"Escrito por":"dfgordillo","Tiempo de lectura":"1 minuto"},"schema":{"@context":"https:\/\/schema.org","@graph":[{"@type":"Article","@id":"https:\/\/www.fiscalia.gov.co\/colombia\/noticias\/delegacion-de-la-dea-se-reune-con-directivas-de-la-fiscalia-para-continuar-en-la-lucha-contra-el-crimen-organizado\/#article","isPartOf":{"@id":"https:\/\/www.fiscalia.gov.co\/colombia\/noticias\/delegacion-de-la-dea-se-reune-con-directivas-de-la-fiscalia-para-continuar-en-la-lucha-contra-el-crimen-organizado\/"},"author":{"name":"dfgordillo","@id":"https:\/\/www.fiscalia.gov.co\/colombia\/#\/schema\/person\/3903856a3ce2d54b094c69eb29247895"},"headline":"Delegaci\u00f3n de la DEA se re\u00fane con directivas de la Fiscal\u00eda para continuar en la lucha contra el crimen organizado","datePublished":"2016-03-08T23:06:14+00:00","dateModified":"2016-03-16T16:28:37+00:00","mainEntityOfPage":{"@id":"https:\/\/www.fiscalia.gov.co\/colombia\/noticias\/delegacion-de-la-dea-se-reune-con-directivas-de-la-fiscalia-para-continuar-en-la-lucha-contra-el-crimen-organizado\/"},"wordCount":245,"publisher":{"@id":"https:\/\/www.fiscalia.gov.co\/colombia\/#organization"},"image":{"@id":"https:\/\/www.fiscalia.gov.co\/colombia\/noticias\/delegacion-de-la-dea-se-reune-con-directivas-de-la-fiscalia-para-continuar-en-la-lucha-contra-el-crimen-organizado\/#primaryimage"},"thumbnailUrl":"http:\/\/www.fiscalia.gov.co\/colombia\/wp-content\/uploads\/GALERIA.jpg","keywords":["Crimen organizado","DEA"],"articleSection":["Destacada","Noticias"],"inLanguage":"es-CO"},{"@type":"WebPage","@id":"https:\/\/www.fiscalia.gov.co\/colombia\/noticias\/delegacion-de-la-dea-se-reune-con-directivas-de-la-fiscalia-para-continuar-en-la-lucha-contra-el-crimen-organizado\/","url":"https:\/\/www.fiscalia.gov.co\/colombia\/noticias\/delegacion-de-la-dea-se-reune-con-directivas-de-la-fiscalia-para-continuar-en-la-lucha-contra-el-crimen-organizado\/","name":"Fiscal\u00eda General de la Naci\u00f3n","isPartOf":{"@id":"https:\/\/www.fiscalia.gov.co\/colombia\/#website"},"primaryImageOfPage":{"@id":"https:\/\/www.fiscalia.gov.co\/colombia\/noticias\/delegacion-de-la-dea-se-reune-con-directivas-de-la-fiscalia-para-continuar-en-la-lucha-contra-el-crimen-organizado\/#primaryimage"},"image":{"@id":"https:\/\/www.fiscalia.gov.co\/colombia\/noticias\/delegacion-de-la-dea-se-reune-con-directivas-de-la-fiscalia-para-continuar-en-la-lucha-contra-el-crimen-organizado\/#primaryimage"},"thumbnailUrl":"http:\/\/www.fiscalia.gov.co\/colombia\/wp-content\/uploads\/GALERIA.jpg","datePublished":"2016-03-08T23:06:14+00:00","dateModified":"2016-03-16T16:28:37+00:00","description":"P\u00e1gina oficial de la Fiscal\u00eda General de la Naci\u00f3n \u2013 Colombia. Garantizamos el acceso efectivo a la justicia, la verdad y la reparaci\u00f3n de las v\u00edctimas de los delitos.","breadcrumb":{"@id":"https:\/\/www.fiscalia.gov.co\/colombia\/noticias\/delegacion-de-la-dea-se-reune-con-directivas-de-la-fiscalia-para-continuar-en-la-lucha-contra-el-crimen-organizado\/#breadcrumb"},"inLanguage":"es-CO","potentialAction":[{"@type":"ReadAction","target":["https:\/\/www.fiscalia.gov.co\/colombia\/noticias\/delegacion-de-la-dea-se-reune-con-directivas-de-la-fiscalia-para-continuar-en-la-lucha-contra-el-crimen-organizado\/"]}]},{"@type":"ImageObject","inLanguage":"es-CO","@id":"https:\/\/www.fiscalia.gov.co\/colombia\/noticias\/delegacion-de-la-dea-se-reune-con-directivas-de-la-fiscalia-para-continuar-en-la-lucha-contra-el-crimen-organizado\/#primaryimage","url":"http:\/\/www.fiscalia.gov.co\/colombia\/wp-content\/uploads\/GALERIA.jpg","contentUrl":"http:\/\/www.fiscalia.gov.co\/colombia\/wp-content\/uploads\/GALERIA.jpg"},{"@type":"BreadcrumbList","@id":"https:\/\/www.fiscalia.gov.co\/colombia\/noticias\/delegacion-de-la-dea-se-reune-con-directivas-de-la-fiscalia-para-continuar-en-la-lucha-contra-el-crimen-organizado\/#breadcrumb","itemListElement":[{"@type":"ListItem","position":1,"name":"Home","item":"https:\/\/www.fiscalia.gov.co\/colombia\/"},{"@type":"ListItem","position":2,"name":"Delegaci\u00f3n de la DEA se re\u00fane con directivas de la Fiscal\u00eda para continuar en la lucha contra el crimen organizado"}]},{"@type":"WebSite","@id":"https:\/\/www.fiscalia.gov.co\/colombia\/#website","url":"https:\/\/www.fiscalia.gov.co\/colombia\/","name":"Fiscal\u00eda General de la Naci\u00f3n","description":"P\u00e1gina oficial de la Fiscal\u00eda General de la Naci\u00f3n \u2013 Colombia. Garantizamos el acceso efectivo a la justicia, la verdad y la reparaci\u00f3n de las v\u00edctimas de los delitos.","publisher":{"@id":"https:\/\/www.fiscalia.gov.co\/colombia\/#organization"},"potentialAction":[{"@type":"SearchAction","target":{"@type":"EntryPoint","urlTemplate":"https:\/\/www.fiscalia.gov.co\/colombia\/?s={search_term_string}"},"query-input":{"@type":"PropertyValueSpecification","valueRequired":true,"valueName":"search_term_string"}}],"inLanguage":"es-CO"},{"@type":"Organization","@id":"https:\/\/www.fiscalia.gov.co\/colombia\/#organization","name":"Fiscal\u00eda General de la Naci\u00f3n","url":"https:\/\/www.fiscalia.gov.co\/colombia\/","logo":{"@type":"ImageObject","inLanguage":"es-CO","@id":"https:\/\/www.fiscalia.gov.co\/colombia\/#\/schema\/logo\/image\/","url":"https:\/\/www.fiscalia.gov.co\/colombia\/wp-content\/uploads\/LogoHorizontal_1.jpg","contentUrl":"https:\/\/www.fiscalia.gov.co\/colombia\/wp-content\/uploads\/LogoHorizontal_1.jpg","width":300,"height":90,"caption":"Fiscal\u00eda General de la Naci\u00f3n"},"image":{"@id":"https:\/\/www.fiscalia.gov.co\/colombia\/#\/schema\/logo\/image\/"},"sameAs":["https:\/\/www.facebook.com\/FiscaliaCol","https:\/\/x.com\/FiscaliaCol","https:\/\/www.instagram.com\/fiscaliacol","https:\/\/www.linkedin.com\/company\/fiscalia-general-de-la-naci-n\/","https:\/\/youtube.com\/@fiscaliageneraldelanacion-4668?si=6nN79nyQICPU5iTh"]},{"@type":"Person","@id":"https:\/\/www.fiscalia.gov.co\/colombia\/#\/schema\/person\/3903856a3ce2d54b094c69eb29247895","name":"dfgordillo","image":{"@type":"ImageObject","inLanguage":"es-CO","@id":"https:\/\/www.fiscalia.gov.co\/colombia\/#\/schema\/person\/image\/","url":"https:\/\/secure.gravatar.com\/avatar\/b6356e21c5657c60757fe6fb9493e947?s=96&d=mm&r=g","contentUrl":"https:\/\/secure.gravatar.com\/avatar\/b6356e21c5657c60757fe6fb9493e947?s=96&d=mm&r=g","caption":"dfgordillo"},"sameAs":["dfgordillo"],"url":"https:\/\/www.fiscalia.gov.co\/colombia\/author\/dfgordillo\/"}]}},"_links":{"self":[{"href":"https:\/\/www.fiscalia.gov.co\/colombia\/wp-json\/wp\/v2\/posts\/80564","targetHints":{"allow":["GET"]}}],"collection":[{"href":"https:\/\/www.fiscalia.gov.co\/colombia\/wp-json\/wp\/v2\/posts"}],"about":[{"href":"https:\/\/www.fiscalia.gov.co\/colombia\/wp-json\/wp\/v2\/types\/post"}],"author":[{"embeddable":true,"href":"https:\/\/www.fiscalia.gov.co\/colombia\/wp-json\/wp\/v2\/users\/143"}],"replies":[{"embeddable":true,"href":"https:\/\/www.fiscalia.gov.co\/colombia\/wp-json\/wp\/v2\/comments?post=80564"}],"version-history":[{"count":6,"href":"https:\/\/www.fiscalia.gov.co\/colombia\/wp-json\/wp\/v2\/posts\/80564\/revisions"}],"predecessor-version":[{"id":80566,"href":"https:\/\/www.fiscalia.gov.co\/colombia\/wp-json\/wp\/v2\/posts\/80564\/revisions\/80566"}],"wp:attachment":[{"href":"https:\/\/www.fiscalia.gov.co\/colombia\/wp-json\/wp\/v2\/media?parent=80564"}],"wp:term":[{"taxonomy":"category","embeddable":true,"href":"https:\/\/www.fiscalia.gov.co\/colombia\/wp-json\/wp\/v2\/categories?post=80564"},{"taxonomy":"post_tag","embeddable":true,"href":"https:\/\/www.fiscalia.gov.co\/colombia\/wp-json\/wp\/v2\/tags?post=80564"}],"curies":[{"name":"wp","href":"https:\/\/api.w.org\/{rel}","templated":true}]}}