{"id":80169,"date":"2016-02-29T09:33:33","date_gmt":"2016-02-29T14:33:33","guid":{"rendered":"http:\/\/www.fiscalia.gov.co\/colombia\/?p=80169"},"modified":"2016-02-29T09:33:33","modified_gmt":"2016-02-29T14:33:33","slug":"asegurado-alias-puntilla-jefe-de-las-bandas-criminales-del-bloque-meta-y-libertadores-del-vichada","status":"publish","type":"post","link":"https:\/\/www.fiscalia.gov.co\/colombia\/noticias\/asegurado-alias-puntilla-jefe-de-las-bandas-criminales-del-bloque-meta-y-libertadores-del-vichada\/","title":{"rendered":"Asegurado alias Puntilla, jefe de las bandas criminales del Bloque Meta y Libertadores del Vichada"},"content":{"rendered":"<p>Una juez de Bogot\u00e1 con funci\u00f3n de control de garant\u00edas cobij\u00f3 con medida de aseguramiento en establecimiento carcelario a Oscar Pach\u00f3n Rozo, alias Puntilla, considerado el reemplazo de alias el Loco Barrera.<\/p>\n<p>En audiencia de control de garant\u00edas, un fiscal contra el crimen dijo que Oscar Pach\u00f3n Rozo comenz\u00f3 su carrera delictiva desde el 2006, cuando varios integrantes de las autodefensas se desmovilizaron, y \u00e9l por el contrario ayud\u00f3 a conformar y liderar tanto el llamado Bloque Meta como Los Libertadores del Vichada, organizaciones criminales que delinquen en los Llanos Orientales.<\/p>\n<p>Alias Puntilla, conocido como el rey de las drogas\u00a0sint\u00e9ticas, era adem\u00e1s el jefe de la oficina de cobros del sector de San Andresito, en Bogot\u00e1, y tambi\u00e9n el encargado de manejar todo lo relacionado con el sicariato, la extorsi\u00f3n, el tr\u00e1fico de estupefacientes, los homicidios selectivos e inclusive, desplazamientos forzados ocasionado por los dos grupos criminales.<\/p>\n<p>Expres\u00f3 la fiscal que gracias a la delaci\u00f3n de algunos de sus familiares, alias Puntilla pudo ser reconocido y desde hace m\u00e1s de 5 a\u00f1os se le ven\u00eda siguiendo el rastro.<\/p>\n<p>De acuerdo con lo expuesto por la fiscal, Pach\u00f3n Rozo es el presunto autor de m\u00e1s de cinco cr\u00edmenes selectivos, entre ellos el de un medio hermano suyo, as\u00ed como el de un sobrino, a quienes orden\u00f3 matar porque sab\u00edan mucho de su vida.<\/p>\n<p>Manifest\u00f3 la fiscal contra el crimen organizado que alias Puntilla inici\u00f3 su carrera delictiva junto con alias Cuchillo y el Loco Barrera.<\/p>\n<p>Al momento de su captura, en una de sus propiedades en un municipio santandereano, alias Puntilla se hallaba de paso, siendo sorprendido por las autoridades, las cuales le ven\u00edan siguiendo desde\u00a0los Llanos Orientales.<\/p>\n<p>En desarrollo del allanamiento a la finca donde estaba el jefe del Bloque Meta, las autoridades encontraron varios fusiles, una subametralladora y otros elementos de inter\u00e9s para la investigaci\u00f3n.<\/p>\n<p>Dijo la fiscal que su centro de operaciones eran los municipios del departamento del Meta, como San Mart\u00edn y Acac\u00edas, donde ten\u00eda en funcionamiento varios cristalizaderos para la producci\u00f3n de coca\u00edna de alta pureza.<\/p>\n<p>Alias Puntilla tambi\u00e9n es sindicado de ocasionar el desplazamiento de habitantes de varias zonas de Meta, Guaviare, Vichada, ya que mediante amenazas y extorsiones, los obligaba a salir de sus propiedades.<\/p>\n<p>Se estableci\u00f3 tambi\u00e9n que en varias partes del pa\u00eds tiene propiedades, entre ellas 7 fincas y una empresa dedicada a la ganader\u00eda, expres\u00f3 la fiscal, quien asever\u00f3 que inclusive en municipios aleda\u00f1os a Bogot\u00e1, tiene algunas fincas.<\/p>\n<p>La Fiscal\u00eda le imput\u00f3 cargos por homicidio agravado en concurso heterog\u00e9neo y sucesivo, en concurso con concierto para delinquir con fines de narcotr\u00e1fico, financiaci\u00f3n al terrorismo, en concurso con fabricaci\u00f3n, tr\u00e1fico y porte de estupefacientes; tr\u00e1fico, fabricaci\u00f3n y porte de armas de fuego de uso privativo de las Fuerzas Militares; los cuales no acept\u00f3.<\/p>\n<p>Alias Puntilla cumplir\u00e1 la medida de aseguramiento en la C\u00e1rcel Nacional Modelo de la capital del pa\u00eds.<\/p>\n<p>&nbsp;<\/p>\n<p>ANM\/DLBM<\/p>\n\n<div class=\"twitter-share\"><a href=\"https:\/\/twitter.com\/intent\/tweet?via=fiscaliacol\" class=\"twitter-share-button\">Tweet<\/a><\/div>\n","protected":false},"excerpt":{"rendered":"<p>Una juez de Bogot\u00e1 con funci\u00f3n de control de garant\u00edas cobij\u00f3 con medida de aseguramiento en establecimiento carcelario a Oscar Pach\u00f3n Rozo, alias Puntilla, considerado el reemplazo de alias el Loco Barrera. En audiencia de control de garant\u00edas, un fiscal contra el crimen dijo que Oscar Pach\u00f3n Rozo comenz\u00f3 su carrera delictiva desde el 2006, [&hellip;]<\/p>\n","protected":false},"author":143,"featured_media":0,"comment_status":"closed","ping_status":"open","sticky":false,"template":"","format":"standard","meta":{"_price":"","_stock":"","_tribe_ticket_header":"","_tribe_default_ticket_provider":"","_tribe_ticket_capacity":"0","_ticket_start_date":"","_ticket_end_date":"","_tribe_ticket_show_description":"","_tribe_ticket_show_not_going":false,"_tribe_ticket_use_global_stock":"","_tribe_ticket_global_stock_level":"","_global_stock_mode":"","_global_stock_cap":"","_tribe_rsvp_for_event":"","_tribe_ticket_going_count":"","_tribe_ticket_not_going_count":"","_tribe_tickets_list":"[]","_tribe_ticket_has_attendee_info_fields":false,"tdm_status":"","tdm_grid_status":"","footnotes":""},"categories":[1],"tags":[305],"class_list":{"0":"post-80169","1":"post","2":"type-post","3":"status-publish","4":"format-standard","6":"category-noticias","7":"tag-bandas-criminales"},"yoast_head":"<!-- This site is optimized with the Yoast SEO plugin v24.3 - https:\/\/yoast.com\/wordpress\/plugins\/seo\/ -->\n<title>Fiscal\u00eda General de la Naci\u00f3n<\/title>\n<meta name=\"description\" content=\"P\u00e1gina oficial de la Fiscal\u00eda General de la Naci\u00f3n \u2013 Colombia. Garantizamos el acceso efectivo a la justicia, la verdad y la reparaci\u00f3n de las v\u00edctimas de los delitos.\" \/>\n<meta name=\"robots\" content=\"noindex, follow\" \/>\n<meta property=\"og:locale\" content=\"es_ES\" \/>\n<meta property=\"og:type\" content=\"article\" \/>\n<meta property=\"og:title\" content=\"Fiscal\u00eda General de la Naci\u00f3n\" \/>\n<meta property=\"og:description\" content=\"P\u00e1gina oficial de la Fiscal\u00eda General de la Naci\u00f3n \u2013 Colombia. Garantizamos el acceso efectivo a la justicia, la verdad y la reparaci\u00f3n de las v\u00edctimas de los delitos.\" \/>\n<meta property=\"og:url\" content=\"https:\/\/www.fiscalia.gov.co\/colombia\/noticias\/asegurado-alias-puntilla-jefe-de-las-bandas-criminales-del-bloque-meta-y-libertadores-del-vichada\/\" \/>\n<meta property=\"og:site_name\" content=\"Fiscal\u00eda General de la Naci\u00f3n\" \/>\n<meta property=\"article:publisher\" content=\"https:\/\/www.facebook.com\/FiscaliaCol\" \/>\n<meta property=\"article:published_time\" content=\"2016-02-29T14:33:33+00:00\" \/>\n<meta name=\"author\" content=\"dfgordillo\" \/>\n<meta name=\"twitter:card\" content=\"summary_large_image\" \/>\n<meta name=\"twitter:creator\" content=\"@FiscaliaCol\" \/>\n<meta name=\"twitter:site\" content=\"@FiscaliaCol\" \/>\n<meta name=\"twitter:label1\" content=\"Escrito por\" \/>\n\t<meta name=\"twitter:data1\" content=\"dfgordillo\" \/>\n\t<meta name=\"twitter:label2\" content=\"Tiempo de lectura\" \/>\n\t<meta name=\"twitter:data2\" content=\"3 minutos\" \/>\n<script type=\"application\/ld+json\" class=\"yoast-schema-graph\">{\"@context\":\"https:\/\/schema.org\",\"@graph\":[{\"@type\":\"Article\",\"@id\":\"https:\/\/www.fiscalia.gov.co\/colombia\/noticias\/asegurado-alias-puntilla-jefe-de-las-bandas-criminales-del-bloque-meta-y-libertadores-del-vichada\/#article\",\"isPartOf\":{\"@id\":\"https:\/\/www.fiscalia.gov.co\/colombia\/noticias\/asegurado-alias-puntilla-jefe-de-las-bandas-criminales-del-bloque-meta-y-libertadores-del-vichada\/\"},\"author\":{\"name\":\"dfgordillo\",\"@id\":\"https:\/\/www.fiscalia.gov.co\/colombia\/#\/schema\/person\/3903856a3ce2d54b094c69eb29247895\"},\"headline\":\"Asegurado alias Puntilla, jefe de las bandas criminales del Bloque Meta y Libertadores del Vichada\",\"datePublished\":\"2016-02-29T14:33:33+00:00\",\"dateModified\":\"2016-02-29T14:33:33+00:00\",\"mainEntityOfPage\":{\"@id\":\"https:\/\/www.fiscalia.gov.co\/colombia\/noticias\/asegurado-alias-puntilla-jefe-de-las-bandas-criminales-del-bloque-meta-y-libertadores-del-vichada\/\"},\"wordCount\":537,\"publisher\":{\"@id\":\"https:\/\/www.fiscalia.gov.co\/colombia\/#organization\"},\"keywords\":[\"Bandas criminales\"],\"articleSection\":[\"Noticias\"],\"inLanguage\":\"es-CO\"},{\"@type\":\"WebPage\",\"@id\":\"https:\/\/www.fiscalia.gov.co\/colombia\/noticias\/asegurado-alias-puntilla-jefe-de-las-bandas-criminales-del-bloque-meta-y-libertadores-del-vichada\/\",\"url\":\"https:\/\/www.fiscalia.gov.co\/colombia\/noticias\/asegurado-alias-puntilla-jefe-de-las-bandas-criminales-del-bloque-meta-y-libertadores-del-vichada\/\",\"name\":\"Fiscal\u00eda General de la Naci\u00f3n\",\"isPartOf\":{\"@id\":\"https:\/\/www.fiscalia.gov.co\/colombia\/#website\"},\"datePublished\":\"2016-02-29T14:33:33+00:00\",\"dateModified\":\"2016-02-29T14:33:33+00:00\",\"description\":\"P\u00e1gina oficial de la Fiscal\u00eda General de la Naci\u00f3n \u2013 Colombia. Garantizamos el acceso efectivo a la justicia, la verdad y la reparaci\u00f3n de las v\u00edctimas de los delitos.\",\"breadcrumb\":{\"@id\":\"https:\/\/www.fiscalia.gov.co\/colombia\/noticias\/asegurado-alias-puntilla-jefe-de-las-bandas-criminales-del-bloque-meta-y-libertadores-del-vichada\/#breadcrumb\"},\"inLanguage\":\"es-CO\",\"potentialAction\":[{\"@type\":\"ReadAction\",\"target\":[\"https:\/\/www.fiscalia.gov.co\/colombia\/noticias\/asegurado-alias-puntilla-jefe-de-las-bandas-criminales-del-bloque-meta-y-libertadores-del-vichada\/\"]}]},{\"@type\":\"BreadcrumbList\",\"@id\":\"https:\/\/www.fiscalia.gov.co\/colombia\/noticias\/asegurado-alias-puntilla-jefe-de-las-bandas-criminales-del-bloque-meta-y-libertadores-del-vichada\/#breadcrumb\",\"itemListElement\":[{\"@type\":\"ListItem\",\"position\":1,\"name\":\"Home\",\"item\":\"https:\/\/www.fiscalia.gov.co\/colombia\/\"},{\"@type\":\"ListItem\",\"position\":2,\"name\":\"Asegurado alias Puntilla, jefe de las bandas criminales del Bloque Meta y Libertadores del Vichada\"}]},{\"@type\":\"WebSite\",\"@id\":\"https:\/\/www.fiscalia.gov.co\/colombia\/#website\",\"url\":\"https:\/\/www.fiscalia.gov.co\/colombia\/\",\"name\":\"Fiscal\u00eda General de la Naci\u00f3n\",\"description\":\"P\u00e1gina oficial de la Fiscal\u00eda General de la Naci\u00f3n \u2013 Colombia. Garantizamos el acceso efectivo a la justicia, la verdad y la reparaci\u00f3n de las v\u00edctimas de los delitos.\",\"publisher\":{\"@id\":\"https:\/\/www.fiscalia.gov.co\/colombia\/#organization\"},\"potentialAction\":[{\"@type\":\"SearchAction\",\"target\":{\"@type\":\"EntryPoint\",\"urlTemplate\":\"https:\/\/www.fiscalia.gov.co\/colombia\/?s={search_term_string}\"},\"query-input\":{\"@type\":\"PropertyValueSpecification\",\"valueRequired\":true,\"valueName\":\"search_term_string\"}}],\"inLanguage\":\"es-CO\"},{\"@type\":\"Organization\",\"@id\":\"https:\/\/www.fiscalia.gov.co\/colombia\/#organization\",\"name\":\"Fiscal\u00eda General de la Naci\u00f3n\",\"url\":\"https:\/\/www.fiscalia.gov.co\/colombia\/\",\"logo\":{\"@type\":\"ImageObject\",\"inLanguage\":\"es-CO\",\"@id\":\"https:\/\/www.fiscalia.gov.co\/colombia\/#\/schema\/logo\/image\/\",\"url\":\"https:\/\/www.fiscalia.gov.co\/colombia\/wp-content\/uploads\/LogoHorizontal_1.jpg\",\"contentUrl\":\"https:\/\/www.fiscalia.gov.co\/colombia\/wp-content\/uploads\/LogoHorizontal_1.jpg\",\"width\":300,\"height\":90,\"caption\":\"Fiscal\u00eda General de la Naci\u00f3n\"},\"image\":{\"@id\":\"https:\/\/www.fiscalia.gov.co\/colombia\/#\/schema\/logo\/image\/\"},\"sameAs\":[\"https:\/\/www.facebook.com\/FiscaliaCol\",\"https:\/\/x.com\/FiscaliaCol\",\"https:\/\/www.instagram.com\/fiscaliacol\",\"https:\/\/www.linkedin.com\/company\/fiscalia-general-de-la-naci-n\/\",\"https:\/\/youtube.com\/@fiscaliageneraldelanacion-4668?si=6nN79nyQICPU5iTh\"]},{\"@type\":\"Person\",\"@id\":\"https:\/\/www.fiscalia.gov.co\/colombia\/#\/schema\/person\/3903856a3ce2d54b094c69eb29247895\",\"name\":\"dfgordillo\",\"image\":{\"@type\":\"ImageObject\",\"inLanguage\":\"es-CO\",\"@id\":\"https:\/\/www.fiscalia.gov.co\/colombia\/#\/schema\/person\/image\/\",\"url\":\"https:\/\/secure.gravatar.com\/avatar\/b6356e21c5657c60757fe6fb9493e947?s=96&d=mm&r=g\",\"contentUrl\":\"https:\/\/secure.gravatar.com\/avatar\/b6356e21c5657c60757fe6fb9493e947?s=96&d=mm&r=g\",\"caption\":\"dfgordillo\"},\"sameAs\":[\"dfgordillo\"],\"url\":\"https:\/\/www.fiscalia.gov.co\/colombia\/author\/dfgordillo\/\"}]}<\/script>\n<!-- \/ Yoast SEO plugin. -->","yoast_head_json":{"title":"Fiscal\u00eda General de la Naci\u00f3n","description":"P\u00e1gina oficial de la Fiscal\u00eda General de la Naci\u00f3n \u2013 Colombia. Garantizamos el acceso efectivo a la justicia, la verdad y la reparaci\u00f3n de las v\u00edctimas de los delitos.","robots":{"index":"noindex","follow":"follow"},"og_locale":"es_ES","og_type":"article","og_title":"Fiscal\u00eda General de la Naci\u00f3n","og_description":"P\u00e1gina oficial de la Fiscal\u00eda General de la Naci\u00f3n \u2013 Colombia. Garantizamos el acceso efectivo a la justicia, la verdad y la reparaci\u00f3n de las v\u00edctimas de los delitos.","og_url":"https:\/\/www.fiscalia.gov.co\/colombia\/noticias\/asegurado-alias-puntilla-jefe-de-las-bandas-criminales-del-bloque-meta-y-libertadores-del-vichada\/","og_site_name":"Fiscal\u00eda General de la Naci\u00f3n","article_publisher":"https:\/\/www.facebook.com\/FiscaliaCol","article_published_time":"2016-02-29T14:33:33+00:00","author":"dfgordillo","twitter_card":"summary_large_image","twitter_creator":"@FiscaliaCol","twitter_site":"@FiscaliaCol","twitter_misc":{"Escrito por":"dfgordillo","Tiempo de lectura":"3 minutos"},"schema":{"@context":"https:\/\/schema.org","@graph":[{"@type":"Article","@id":"https:\/\/www.fiscalia.gov.co\/colombia\/noticias\/asegurado-alias-puntilla-jefe-de-las-bandas-criminales-del-bloque-meta-y-libertadores-del-vichada\/#article","isPartOf":{"@id":"https:\/\/www.fiscalia.gov.co\/colombia\/noticias\/asegurado-alias-puntilla-jefe-de-las-bandas-criminales-del-bloque-meta-y-libertadores-del-vichada\/"},"author":{"name":"dfgordillo","@id":"https:\/\/www.fiscalia.gov.co\/colombia\/#\/schema\/person\/3903856a3ce2d54b094c69eb29247895"},"headline":"Asegurado alias Puntilla, jefe de las bandas criminales del Bloque Meta y Libertadores del Vichada","datePublished":"2016-02-29T14:33:33+00:00","dateModified":"2016-02-29T14:33:33+00:00","mainEntityOfPage":{"@id":"https:\/\/www.fiscalia.gov.co\/colombia\/noticias\/asegurado-alias-puntilla-jefe-de-las-bandas-criminales-del-bloque-meta-y-libertadores-del-vichada\/"},"wordCount":537,"publisher":{"@id":"https:\/\/www.fiscalia.gov.co\/colombia\/#organization"},"keywords":["Bandas criminales"],"articleSection":["Noticias"],"inLanguage":"es-CO"},{"@type":"WebPage","@id":"https:\/\/www.fiscalia.gov.co\/colombia\/noticias\/asegurado-alias-puntilla-jefe-de-las-bandas-criminales-del-bloque-meta-y-libertadores-del-vichada\/","url":"https:\/\/www.fiscalia.gov.co\/colombia\/noticias\/asegurado-alias-puntilla-jefe-de-las-bandas-criminales-del-bloque-meta-y-libertadores-del-vichada\/","name":"Fiscal\u00eda General de la Naci\u00f3n","isPartOf":{"@id":"https:\/\/www.fiscalia.gov.co\/colombia\/#website"},"datePublished":"2016-02-29T14:33:33+00:00","dateModified":"2016-02-29T14:33:33+00:00","description":"P\u00e1gina oficial de la Fiscal\u00eda General de la Naci\u00f3n \u2013 Colombia. Garantizamos el acceso efectivo a la justicia, la verdad y la reparaci\u00f3n de las v\u00edctimas de los delitos.","breadcrumb":{"@id":"https:\/\/www.fiscalia.gov.co\/colombia\/noticias\/asegurado-alias-puntilla-jefe-de-las-bandas-criminales-del-bloque-meta-y-libertadores-del-vichada\/#breadcrumb"},"inLanguage":"es-CO","potentialAction":[{"@type":"ReadAction","target":["https:\/\/www.fiscalia.gov.co\/colombia\/noticias\/asegurado-alias-puntilla-jefe-de-las-bandas-criminales-del-bloque-meta-y-libertadores-del-vichada\/"]}]},{"@type":"BreadcrumbList","@id":"https:\/\/www.fiscalia.gov.co\/colombia\/noticias\/asegurado-alias-puntilla-jefe-de-las-bandas-criminales-del-bloque-meta-y-libertadores-del-vichada\/#breadcrumb","itemListElement":[{"@type":"ListItem","position":1,"name":"Home","item":"https:\/\/www.fiscalia.gov.co\/colombia\/"},{"@type":"ListItem","position":2,"name":"Asegurado alias Puntilla, jefe de las bandas criminales del Bloque Meta y Libertadores del Vichada"}]},{"@type":"WebSite","@id":"https:\/\/www.fiscalia.gov.co\/colombia\/#website","url":"https:\/\/www.fiscalia.gov.co\/colombia\/","name":"Fiscal\u00eda General de la Naci\u00f3n","description":"P\u00e1gina oficial de la Fiscal\u00eda General de la Naci\u00f3n \u2013 Colombia. Garantizamos el acceso efectivo a la justicia, la verdad y la reparaci\u00f3n de las v\u00edctimas de los delitos.","publisher":{"@id":"https:\/\/www.fiscalia.gov.co\/colombia\/#organization"},"potentialAction":[{"@type":"SearchAction","target":{"@type":"EntryPoint","urlTemplate":"https:\/\/www.fiscalia.gov.co\/colombia\/?s={search_term_string}"},"query-input":{"@type":"PropertyValueSpecification","valueRequired":true,"valueName":"search_term_string"}}],"inLanguage":"es-CO"},{"@type":"Organization","@id":"https:\/\/www.fiscalia.gov.co\/colombia\/#organization","name":"Fiscal\u00eda General de la Naci\u00f3n","url":"https:\/\/www.fiscalia.gov.co\/colombia\/","logo":{"@type":"ImageObject","inLanguage":"es-CO","@id":"https:\/\/www.fiscalia.gov.co\/colombia\/#\/schema\/logo\/image\/","url":"https:\/\/www.fiscalia.gov.co\/colombia\/wp-content\/uploads\/LogoHorizontal_1.jpg","contentUrl":"https:\/\/www.fiscalia.gov.co\/colombia\/wp-content\/uploads\/LogoHorizontal_1.jpg","width":300,"height":90,"caption":"Fiscal\u00eda General de la Naci\u00f3n"},"image":{"@id":"https:\/\/www.fiscalia.gov.co\/colombia\/#\/schema\/logo\/image\/"},"sameAs":["https:\/\/www.facebook.com\/FiscaliaCol","https:\/\/x.com\/FiscaliaCol","https:\/\/www.instagram.com\/fiscaliacol","https:\/\/www.linkedin.com\/company\/fiscalia-general-de-la-naci-n\/","https:\/\/youtube.com\/@fiscaliageneraldelanacion-4668?si=6nN79nyQICPU5iTh"]},{"@type":"Person","@id":"https:\/\/www.fiscalia.gov.co\/colombia\/#\/schema\/person\/3903856a3ce2d54b094c69eb29247895","name":"dfgordillo","image":{"@type":"ImageObject","inLanguage":"es-CO","@id":"https:\/\/www.fiscalia.gov.co\/colombia\/#\/schema\/person\/image\/","url":"https:\/\/secure.gravatar.com\/avatar\/b6356e21c5657c60757fe6fb9493e947?s=96&d=mm&r=g","contentUrl":"https:\/\/secure.gravatar.com\/avatar\/b6356e21c5657c60757fe6fb9493e947?s=96&d=mm&r=g","caption":"dfgordillo"},"sameAs":["dfgordillo"],"url":"https:\/\/www.fiscalia.gov.co\/colombia\/author\/dfgordillo\/"}]}},"_links":{"self":[{"href":"https:\/\/www.fiscalia.gov.co\/colombia\/wp-json\/wp\/v2\/posts\/80169","targetHints":{"allow":["GET"]}}],"collection":[{"href":"https:\/\/www.fiscalia.gov.co\/colombia\/wp-json\/wp\/v2\/posts"}],"about":[{"href":"https:\/\/www.fiscalia.gov.co\/colombia\/wp-json\/wp\/v2\/types\/post"}],"author":[{"embeddable":true,"href":"https:\/\/www.fiscalia.gov.co\/colombia\/wp-json\/wp\/v2\/users\/143"}],"replies":[{"embeddable":true,"href":"https:\/\/www.fiscalia.gov.co\/colombia\/wp-json\/wp\/v2\/comments?post=80169"}],"version-history":[{"count":2,"href":"https:\/\/www.fiscalia.gov.co\/colombia\/wp-json\/wp\/v2\/posts\/80169\/revisions"}],"predecessor-version":[{"id":80173,"href":"https:\/\/www.fiscalia.gov.co\/colombia\/wp-json\/wp\/v2\/posts\/80169\/revisions\/80173"}],"wp:attachment":[{"href":"https:\/\/www.fiscalia.gov.co\/colombia\/wp-json\/wp\/v2\/media?parent=80169"}],"wp:term":[{"taxonomy":"category","embeddable":true,"href":"https:\/\/www.fiscalia.gov.co\/colombia\/wp-json\/wp\/v2\/categories?post=80169"},{"taxonomy":"post_tag","embeddable":true,"href":"https:\/\/www.fiscalia.gov.co\/colombia\/wp-json\/wp\/v2\/tags?post=80169"}],"curies":[{"name":"wp","href":"https:\/\/api.w.org\/{rel}","templated":true}]}}