{"id":80161,"date":"2016-02-28T10:59:39","date_gmt":"2016-02-28T15:59:39","guid":{"rendered":"http:\/\/www.fiscalia.gov.co\/colombia\/?p=80161"},"modified":"2016-02-28T10:59:39","modified_gmt":"2016-02-28T15:59:39","slug":"a-indagatoria-cuatro-presuntos-colaboradores-de-la-casa-castano-por-caso-jiguamiando-y-curvarado","status":"publish","type":"post","link":"https:\/\/www.fiscalia.gov.co\/colombia\/noticias\/a-indagatoria-cuatro-presuntos-colaboradores-de-la-casa-castano-por-caso-jiguamiando-y-curvarado\/","title":{"rendered":"A indagatoria, cuatro presuntos colaboradores de la Casa Casta\u00f1o por caso Jiguamiand\u00f3 y Curvarad\u00f3"},"content":{"rendered":"<blockquote><p>Por el desplazamiento de m\u00e1s de 4000 personas de las cuencas de los r\u00edos Jiguamiand\u00f3 y Curvarad\u00f3, zona rural de la regi\u00f3n del Urab\u00e1 antioque\u00f1o y chocoano, en 1997, a manos de los paramilitares de la Casa Casta\u00f1o; el CTI captur\u00f3 con fines de indagatoria a cuatro personas sindicadas de pertenecer a ese grupo.<\/p>\n<p>Este s\u00e1bado en horas de la ma\u00f1ana, unidades adscritas al Grupo Investigativo contra Delitos de Desaparici\u00f3n y Desplazamiento Forzados del CTI efectuaron las capturas en zona rural del municipio de Riosucio (Choc\u00f3) y en el corregimiento Bel\u00e9n de Bajir\u00e1, municipio de Mutat\u00e1, zona del Urab\u00e1 antioque\u00f1o y chocoano.<\/p>\n<p>Los detenidos, a quienes un fiscal del Eje Tem\u00e1tico de Desaparici\u00f3n y Desplazamiento Forzados, les resolver\u00e1 la situaci\u00f3n jur\u00eddica bajo los t\u00e9rminos de la ley 600, son: Leogardo L\u00f3pez Duque, alias Gallito; Rogelio de Jes\u00fas L\u00f3pez Duque, Ren\u00e9 Palacios Caicedo e Isa\u00edas Jos\u00e9 Rodr\u00edguez Lora.<\/p>\n<p>Seg\u00fan lo establecido en la investigaci\u00f3n, los desplazamientos se realizaron durante la estrategia y proyecto agroindustrial de palma de aceite del grupo paramilitar, en cabeza Vicente Casta\u00f1o Gil, desde 1997 en adelante, cuando se apoderaron de territorios colectivos y privados en las cuencas de los r\u00edos Jiguamiand\u00f3 y Curvarad\u00f3.<\/p>\n<p>Los habitantes de esas zonas tuvieron que huir de sus propiedades por las diversas amenazas de los paramilitares, quienes hab\u00edan encomendado entre otros a los hoy capturados, para adquirir los terrenos.<\/p>\n<p>De acuerdo con el proceso, alias Gallito, ser\u00eda uno de los testaferros del grupo paramilitar Casa Casta\u00f1o, en quien Vicente Casta\u00f1o deposit\u00f3 su confianza para disfrazar la verdadera propiedad, en esta zona del Urab\u00e1, y de paso para cometer diversos abusos y atropellos en la zona.<\/p>\n<p>Entre tanto, Rogelio de Jes\u00fas L\u00f3pez Duque, habr\u00eda sido otro de los comerciantes ganaderos que el grupo paramilitar utiliz\u00f3 para disfrazar la verdadera propiedad y delegarle la compra de tierras en territorios colectivos, para narcotraficantes amigos de la Casa Casta\u00f1o, logrando el despojo de los predios.<\/p>\n<p>Por su parte, Rodr\u00edguez Lora habr\u00eda servido de comisionista y despojador de tierras en las comunidades de Mancilla y Pedeguita, integrada por territorios colectivos afrodescendientes.<\/p>\n<p>Igualmente, Palacios Caicedo<strong>\u00a0<\/strong>habr\u00eda fungido como comisionista en la compra de tierras en las comunidades de las cuencas de Curvarad\u00f3 para las Autodefensas de la Casa Casta\u00f1o, especialmente para Sor Teresa G\u00f3mez \u00c1lvarez, quien administraba varias de las propiedades de Vicente Casta\u00f1o.<\/p>\n<p>&nbsp;<\/p>\n<p>DLBM<\/p><\/blockquote>\n\n<div class=\"twitter-share\"><a href=\"https:\/\/twitter.com\/intent\/tweet?via=fiscaliacol\" class=\"twitter-share-button\">Tweet<\/a><\/div>\n","protected":false},"excerpt":{"rendered":"<p>Por el desplazamiento de m\u00e1s de 4000 personas de las cuencas de los r\u00edos Jiguamiand\u00f3 y Curvarad\u00f3, zona rural de la regi\u00f3n del Urab\u00e1 antioque\u00f1o y chocoano, en 1997, a manos de los paramilitares de la Casa Casta\u00f1o; el CTI captur\u00f3 con fines de indagatoria a cuatro personas sindicadas de pertenecer a ese grupo. Este [&hellip;]<\/p>\n","protected":false},"author":143,"featured_media":0,"comment_status":"closed","ping_status":"open","sticky":false,"template":"","format":"standard","meta":{"_price":"","_stock":"","_tribe_ticket_header":"","_tribe_default_ticket_provider":"","_tribe_ticket_capacity":"0","_ticket_start_date":"","_ticket_end_date":"","_tribe_ticket_show_description":"","_tribe_ticket_show_not_going":false,"_tribe_ticket_use_global_stock":"","_tribe_ticket_global_stock_level":"","_global_stock_mode":"","_global_stock_cap":"","_tribe_rsvp_for_event":"","_tribe_ticket_going_count":"","_tribe_ticket_not_going_count":"","_tribe_tickets_list":"[]","_tribe_ticket_has_attendee_info_fields":false,"tdm_status":"","tdm_grid_status":"","footnotes":""},"categories":[1],"tags":[17465,4394,10554,1517,1287],"class_list":{"0":"post-80161","1":"post","2":"type-post","3":"status-publish","4":"format-standard","6":"category-noticias","7":"tag-casa-castano","8":"tag-curvarado","9":"tag-jiguamiando","10":"tag-paramilitares","11":"tag-uraba"},"yoast_head":"<!-- This site is optimized with the Yoast SEO plugin v24.3 - https:\/\/yoast.com\/wordpress\/plugins\/seo\/ -->\n<title>Fiscal\u00eda General de la Naci\u00f3n<\/title>\n<meta name=\"description\" content=\"P\u00e1gina oficial de la Fiscal\u00eda General de la Naci\u00f3n \u2013 Colombia. Garantizamos el acceso efectivo a la justicia, la verdad y la reparaci\u00f3n de las v\u00edctimas de los delitos.\" \/>\n<meta name=\"robots\" content=\"noindex, follow\" \/>\n<meta property=\"og:locale\" content=\"es_ES\" \/>\n<meta property=\"og:type\" content=\"article\" \/>\n<meta property=\"og:title\" content=\"Fiscal\u00eda General de la Naci\u00f3n\" \/>\n<meta property=\"og:description\" content=\"P\u00e1gina oficial de la Fiscal\u00eda General de la Naci\u00f3n \u2013 Colombia. Garantizamos el acceso efectivo a la justicia, la verdad y la reparaci\u00f3n de las v\u00edctimas de los delitos.\" \/>\n<meta property=\"og:url\" content=\"https:\/\/www.fiscalia.gov.co\/colombia\/noticias\/a-indagatoria-cuatro-presuntos-colaboradores-de-la-casa-castano-por-caso-jiguamiando-y-curvarado\/\" \/>\n<meta property=\"og:site_name\" content=\"Fiscal\u00eda General de la Naci\u00f3n\" \/>\n<meta property=\"article:publisher\" content=\"https:\/\/www.facebook.com\/FiscaliaCol\" \/>\n<meta property=\"article:published_time\" content=\"2016-02-28T15:59:39+00:00\" \/>\n<meta name=\"author\" content=\"dfgordillo\" \/>\n<meta name=\"twitter:card\" content=\"summary_large_image\" \/>\n<meta name=\"twitter:creator\" content=\"@FiscaliaCol\" \/>\n<meta name=\"twitter:site\" content=\"@FiscaliaCol\" \/>\n<meta name=\"twitter:label1\" content=\"Escrito por\" \/>\n\t<meta name=\"twitter:data1\" content=\"dfgordillo\" \/>\n\t<meta name=\"twitter:label2\" content=\"Tiempo de lectura\" \/>\n\t<meta name=\"twitter:data2\" content=\"2 minutos\" \/>\n<script type=\"application\/ld+json\" class=\"yoast-schema-graph\">{\"@context\":\"https:\/\/schema.org\",\"@graph\":[{\"@type\":\"Article\",\"@id\":\"https:\/\/www.fiscalia.gov.co\/colombia\/noticias\/a-indagatoria-cuatro-presuntos-colaboradores-de-la-casa-castano-por-caso-jiguamiando-y-curvarado\/#article\",\"isPartOf\":{\"@id\":\"https:\/\/www.fiscalia.gov.co\/colombia\/noticias\/a-indagatoria-cuatro-presuntos-colaboradores-de-la-casa-castano-por-caso-jiguamiando-y-curvarado\/\"},\"author\":{\"name\":\"dfgordillo\",\"@id\":\"https:\/\/www.fiscalia.gov.co\/colombia\/#\/schema\/person\/3903856a3ce2d54b094c69eb29247895\"},\"headline\":\"A indagatoria, cuatro presuntos colaboradores de la Casa Casta\u00f1o por caso Jiguamiand\u00f3 y Curvarad\u00f3\",\"datePublished\":\"2016-02-28T15:59:39+00:00\",\"dateModified\":\"2016-02-28T15:59:39+00:00\",\"mainEntityOfPage\":{\"@id\":\"https:\/\/www.fiscalia.gov.co\/colombia\/noticias\/a-indagatoria-cuatro-presuntos-colaboradores-de-la-casa-castano-por-caso-jiguamiando-y-curvarado\/\"},\"wordCount\":437,\"publisher\":{\"@id\":\"https:\/\/www.fiscalia.gov.co\/colombia\/#organization\"},\"keywords\":[\"Casa Casta\u00f1o\",\"Curvarad\u00f3\",\"Jiguamiand\u00f3\",\"Paramilitares\",\"Urab\u00e1\"],\"articleSection\":[\"Noticias\"],\"inLanguage\":\"es-CO\"},{\"@type\":\"WebPage\",\"@id\":\"https:\/\/www.fiscalia.gov.co\/colombia\/noticias\/a-indagatoria-cuatro-presuntos-colaboradores-de-la-casa-castano-por-caso-jiguamiando-y-curvarado\/\",\"url\":\"https:\/\/www.fiscalia.gov.co\/colombia\/noticias\/a-indagatoria-cuatro-presuntos-colaboradores-de-la-casa-castano-por-caso-jiguamiando-y-curvarado\/\",\"name\":\"Fiscal\u00eda General de la Naci\u00f3n\",\"isPartOf\":{\"@id\":\"https:\/\/www.fiscalia.gov.co\/colombia\/#website\"},\"datePublished\":\"2016-02-28T15:59:39+00:00\",\"dateModified\":\"2016-02-28T15:59:39+00:00\",\"description\":\"P\u00e1gina oficial de la Fiscal\u00eda General de la Naci\u00f3n \u2013 Colombia. Garantizamos el acceso efectivo a la justicia, la verdad y la reparaci\u00f3n de las v\u00edctimas de los delitos.\",\"breadcrumb\":{\"@id\":\"https:\/\/www.fiscalia.gov.co\/colombia\/noticias\/a-indagatoria-cuatro-presuntos-colaboradores-de-la-casa-castano-por-caso-jiguamiando-y-curvarado\/#breadcrumb\"},\"inLanguage\":\"es-CO\",\"potentialAction\":[{\"@type\":\"ReadAction\",\"target\":[\"https:\/\/www.fiscalia.gov.co\/colombia\/noticias\/a-indagatoria-cuatro-presuntos-colaboradores-de-la-casa-castano-por-caso-jiguamiando-y-curvarado\/\"]}]},{\"@type\":\"BreadcrumbList\",\"@id\":\"https:\/\/www.fiscalia.gov.co\/colombia\/noticias\/a-indagatoria-cuatro-presuntos-colaboradores-de-la-casa-castano-por-caso-jiguamiando-y-curvarado\/#breadcrumb\",\"itemListElement\":[{\"@type\":\"ListItem\",\"position\":1,\"name\":\"Home\",\"item\":\"https:\/\/www.fiscalia.gov.co\/colombia\/\"},{\"@type\":\"ListItem\",\"position\":2,\"name\":\"A indagatoria, cuatro presuntos colaboradores de la Casa Casta\u00f1o por caso Jiguamiand\u00f3 y Curvarad\u00f3\"}]},{\"@type\":\"WebSite\",\"@id\":\"https:\/\/www.fiscalia.gov.co\/colombia\/#website\",\"url\":\"https:\/\/www.fiscalia.gov.co\/colombia\/\",\"name\":\"Fiscal\u00eda General de la Naci\u00f3n\",\"description\":\"P\u00e1gina oficial de la Fiscal\u00eda General de la Naci\u00f3n \u2013 Colombia. Garantizamos el acceso efectivo a la justicia, la verdad y la reparaci\u00f3n de las v\u00edctimas de los delitos.\",\"publisher\":{\"@id\":\"https:\/\/www.fiscalia.gov.co\/colombia\/#organization\"},\"potentialAction\":[{\"@type\":\"SearchAction\",\"target\":{\"@type\":\"EntryPoint\",\"urlTemplate\":\"https:\/\/www.fiscalia.gov.co\/colombia\/?s={search_term_string}\"},\"query-input\":{\"@type\":\"PropertyValueSpecification\",\"valueRequired\":true,\"valueName\":\"search_term_string\"}}],\"inLanguage\":\"es-CO\"},{\"@type\":\"Organization\",\"@id\":\"https:\/\/www.fiscalia.gov.co\/colombia\/#organization\",\"name\":\"Fiscal\u00eda General de la Naci\u00f3n\",\"url\":\"https:\/\/www.fiscalia.gov.co\/colombia\/\",\"logo\":{\"@type\":\"ImageObject\",\"inLanguage\":\"es-CO\",\"@id\":\"https:\/\/www.fiscalia.gov.co\/colombia\/#\/schema\/logo\/image\/\",\"url\":\"https:\/\/www.fiscalia.gov.co\/colombia\/wp-content\/uploads\/LogoHorizontal_1.jpg\",\"contentUrl\":\"https:\/\/www.fiscalia.gov.co\/colombia\/wp-content\/uploads\/LogoHorizontal_1.jpg\",\"width\":300,\"height\":90,\"caption\":\"Fiscal\u00eda General de la Naci\u00f3n\"},\"image\":{\"@id\":\"https:\/\/www.fiscalia.gov.co\/colombia\/#\/schema\/logo\/image\/\"},\"sameAs\":[\"https:\/\/www.facebook.com\/FiscaliaCol\",\"https:\/\/x.com\/FiscaliaCol\",\"https:\/\/www.instagram.com\/fiscaliacol\",\"https:\/\/www.linkedin.com\/company\/fiscalia-general-de-la-naci-n\/\",\"https:\/\/youtube.com\/@fiscaliageneraldelanacion-4668?si=6nN79nyQICPU5iTh\"]},{\"@type\":\"Person\",\"@id\":\"https:\/\/www.fiscalia.gov.co\/colombia\/#\/schema\/person\/3903856a3ce2d54b094c69eb29247895\",\"name\":\"dfgordillo\",\"image\":{\"@type\":\"ImageObject\",\"inLanguage\":\"es-CO\",\"@id\":\"https:\/\/www.fiscalia.gov.co\/colombia\/#\/schema\/person\/image\/\",\"url\":\"https:\/\/secure.gravatar.com\/avatar\/b6356e21c5657c60757fe6fb9493e947?s=96&d=mm&r=g\",\"contentUrl\":\"https:\/\/secure.gravatar.com\/avatar\/b6356e21c5657c60757fe6fb9493e947?s=96&d=mm&r=g\",\"caption\":\"dfgordillo\"},\"sameAs\":[\"dfgordillo\"],\"url\":\"https:\/\/www.fiscalia.gov.co\/colombia\/author\/dfgordillo\/\"}]}<\/script>\n<!-- \/ Yoast SEO plugin. -->","yoast_head_json":{"title":"Fiscal\u00eda General de la Naci\u00f3n","description":"P\u00e1gina oficial de la Fiscal\u00eda General de la Naci\u00f3n \u2013 Colombia. Garantizamos el acceso efectivo a la justicia, la verdad y la reparaci\u00f3n de las v\u00edctimas de los delitos.","robots":{"index":"noindex","follow":"follow"},"og_locale":"es_ES","og_type":"article","og_title":"Fiscal\u00eda General de la Naci\u00f3n","og_description":"P\u00e1gina oficial de la Fiscal\u00eda General de la Naci\u00f3n \u2013 Colombia. Garantizamos el acceso efectivo a la justicia, la verdad y la reparaci\u00f3n de las v\u00edctimas de los delitos.","og_url":"https:\/\/www.fiscalia.gov.co\/colombia\/noticias\/a-indagatoria-cuatro-presuntos-colaboradores-de-la-casa-castano-por-caso-jiguamiando-y-curvarado\/","og_site_name":"Fiscal\u00eda General de la Naci\u00f3n","article_publisher":"https:\/\/www.facebook.com\/FiscaliaCol","article_published_time":"2016-02-28T15:59:39+00:00","author":"dfgordillo","twitter_card":"summary_large_image","twitter_creator":"@FiscaliaCol","twitter_site":"@FiscaliaCol","twitter_misc":{"Escrito por":"dfgordillo","Tiempo de lectura":"2 minutos"},"schema":{"@context":"https:\/\/schema.org","@graph":[{"@type":"Article","@id":"https:\/\/www.fiscalia.gov.co\/colombia\/noticias\/a-indagatoria-cuatro-presuntos-colaboradores-de-la-casa-castano-por-caso-jiguamiando-y-curvarado\/#article","isPartOf":{"@id":"https:\/\/www.fiscalia.gov.co\/colombia\/noticias\/a-indagatoria-cuatro-presuntos-colaboradores-de-la-casa-castano-por-caso-jiguamiando-y-curvarado\/"},"author":{"name":"dfgordillo","@id":"https:\/\/www.fiscalia.gov.co\/colombia\/#\/schema\/person\/3903856a3ce2d54b094c69eb29247895"},"headline":"A indagatoria, cuatro presuntos colaboradores de la Casa Casta\u00f1o por caso Jiguamiand\u00f3 y Curvarad\u00f3","datePublished":"2016-02-28T15:59:39+00:00","dateModified":"2016-02-28T15:59:39+00:00","mainEntityOfPage":{"@id":"https:\/\/www.fiscalia.gov.co\/colombia\/noticias\/a-indagatoria-cuatro-presuntos-colaboradores-de-la-casa-castano-por-caso-jiguamiando-y-curvarado\/"},"wordCount":437,"publisher":{"@id":"https:\/\/www.fiscalia.gov.co\/colombia\/#organization"},"keywords":["Casa Casta\u00f1o","Curvarad\u00f3","Jiguamiand\u00f3","Paramilitares","Urab\u00e1"],"articleSection":["Noticias"],"inLanguage":"es-CO"},{"@type":"WebPage","@id":"https:\/\/www.fiscalia.gov.co\/colombia\/noticias\/a-indagatoria-cuatro-presuntos-colaboradores-de-la-casa-castano-por-caso-jiguamiando-y-curvarado\/","url":"https:\/\/www.fiscalia.gov.co\/colombia\/noticias\/a-indagatoria-cuatro-presuntos-colaboradores-de-la-casa-castano-por-caso-jiguamiando-y-curvarado\/","name":"Fiscal\u00eda General de la Naci\u00f3n","isPartOf":{"@id":"https:\/\/www.fiscalia.gov.co\/colombia\/#website"},"datePublished":"2016-02-28T15:59:39+00:00","dateModified":"2016-02-28T15:59:39+00:00","description":"P\u00e1gina oficial de la Fiscal\u00eda General de la Naci\u00f3n \u2013 Colombia. Garantizamos el acceso efectivo a la justicia, la verdad y la reparaci\u00f3n de las v\u00edctimas de los delitos.","breadcrumb":{"@id":"https:\/\/www.fiscalia.gov.co\/colombia\/noticias\/a-indagatoria-cuatro-presuntos-colaboradores-de-la-casa-castano-por-caso-jiguamiando-y-curvarado\/#breadcrumb"},"inLanguage":"es-CO","potentialAction":[{"@type":"ReadAction","target":["https:\/\/www.fiscalia.gov.co\/colombia\/noticias\/a-indagatoria-cuatro-presuntos-colaboradores-de-la-casa-castano-por-caso-jiguamiando-y-curvarado\/"]}]},{"@type":"BreadcrumbList","@id":"https:\/\/www.fiscalia.gov.co\/colombia\/noticias\/a-indagatoria-cuatro-presuntos-colaboradores-de-la-casa-castano-por-caso-jiguamiando-y-curvarado\/#breadcrumb","itemListElement":[{"@type":"ListItem","position":1,"name":"Home","item":"https:\/\/www.fiscalia.gov.co\/colombia\/"},{"@type":"ListItem","position":2,"name":"A indagatoria, cuatro presuntos colaboradores de la Casa Casta\u00f1o por caso Jiguamiand\u00f3 y Curvarad\u00f3"}]},{"@type":"WebSite","@id":"https:\/\/www.fiscalia.gov.co\/colombia\/#website","url":"https:\/\/www.fiscalia.gov.co\/colombia\/","name":"Fiscal\u00eda General de la Naci\u00f3n","description":"P\u00e1gina oficial de la Fiscal\u00eda General de la Naci\u00f3n \u2013 Colombia. Garantizamos el acceso efectivo a la justicia, la verdad y la reparaci\u00f3n de las v\u00edctimas de los delitos.","publisher":{"@id":"https:\/\/www.fiscalia.gov.co\/colombia\/#organization"},"potentialAction":[{"@type":"SearchAction","target":{"@type":"EntryPoint","urlTemplate":"https:\/\/www.fiscalia.gov.co\/colombia\/?s={search_term_string}"},"query-input":{"@type":"PropertyValueSpecification","valueRequired":true,"valueName":"search_term_string"}}],"inLanguage":"es-CO"},{"@type":"Organization","@id":"https:\/\/www.fiscalia.gov.co\/colombia\/#organization","name":"Fiscal\u00eda General de la Naci\u00f3n","url":"https:\/\/www.fiscalia.gov.co\/colombia\/","logo":{"@type":"ImageObject","inLanguage":"es-CO","@id":"https:\/\/www.fiscalia.gov.co\/colombia\/#\/schema\/logo\/image\/","url":"https:\/\/www.fiscalia.gov.co\/colombia\/wp-content\/uploads\/LogoHorizontal_1.jpg","contentUrl":"https:\/\/www.fiscalia.gov.co\/colombia\/wp-content\/uploads\/LogoHorizontal_1.jpg","width":300,"height":90,"caption":"Fiscal\u00eda General de la Naci\u00f3n"},"image":{"@id":"https:\/\/www.fiscalia.gov.co\/colombia\/#\/schema\/logo\/image\/"},"sameAs":["https:\/\/www.facebook.com\/FiscaliaCol","https:\/\/x.com\/FiscaliaCol","https:\/\/www.instagram.com\/fiscaliacol","https:\/\/www.linkedin.com\/company\/fiscalia-general-de-la-naci-n\/","https:\/\/youtube.com\/@fiscaliageneraldelanacion-4668?si=6nN79nyQICPU5iTh"]},{"@type":"Person","@id":"https:\/\/www.fiscalia.gov.co\/colombia\/#\/schema\/person\/3903856a3ce2d54b094c69eb29247895","name":"dfgordillo","image":{"@type":"ImageObject","inLanguage":"es-CO","@id":"https:\/\/www.fiscalia.gov.co\/colombia\/#\/schema\/person\/image\/","url":"https:\/\/secure.gravatar.com\/avatar\/b6356e21c5657c60757fe6fb9493e947?s=96&d=mm&r=g","contentUrl":"https:\/\/secure.gravatar.com\/avatar\/b6356e21c5657c60757fe6fb9493e947?s=96&d=mm&r=g","caption":"dfgordillo"},"sameAs":["dfgordillo"],"url":"https:\/\/www.fiscalia.gov.co\/colombia\/author\/dfgordillo\/"}]}},"_links":{"self":[{"href":"https:\/\/www.fiscalia.gov.co\/colombia\/wp-json\/wp\/v2\/posts\/80161","targetHints":{"allow":["GET"]}}],"collection":[{"href":"https:\/\/www.fiscalia.gov.co\/colombia\/wp-json\/wp\/v2\/posts"}],"about":[{"href":"https:\/\/www.fiscalia.gov.co\/colombia\/wp-json\/wp\/v2\/types\/post"}],"author":[{"embeddable":true,"href":"https:\/\/www.fiscalia.gov.co\/colombia\/wp-json\/wp\/v2\/users\/143"}],"replies":[{"embeddable":true,"href":"https:\/\/www.fiscalia.gov.co\/colombia\/wp-json\/wp\/v2\/comments?post=80161"}],"version-history":[{"count":2,"href":"https:\/\/www.fiscalia.gov.co\/colombia\/wp-json\/wp\/v2\/posts\/80161\/revisions"}],"predecessor-version":[{"id":80163,"href":"https:\/\/www.fiscalia.gov.co\/colombia\/wp-json\/wp\/v2\/posts\/80161\/revisions\/80163"}],"wp:attachment":[{"href":"https:\/\/www.fiscalia.gov.co\/colombia\/wp-json\/wp\/v2\/media?parent=80161"}],"wp:term":[{"taxonomy":"category","embeddable":true,"href":"https:\/\/www.fiscalia.gov.co\/colombia\/wp-json\/wp\/v2\/categories?post=80161"},{"taxonomy":"post_tag","embeddable":true,"href":"https:\/\/www.fiscalia.gov.co\/colombia\/wp-json\/wp\/v2\/tags?post=80161"}],"curies":[{"name":"wp","href":"https:\/\/api.w.org\/{rel}","templated":true}]}}