{"id":79420,"date":"2016-02-18T11:03:25","date_gmt":"2016-02-18T16:03:25","guid":{"rendered":"http:\/\/www.fiscalia.gov.co\/colombia\/?p=79420"},"modified":"2016-02-18T11:03:25","modified_gmt":"2016-02-18T16:03:25","slug":"desmanteladas-tres-bandas-delincuenciales-dedicadas-al-hurto-en-cienaga-y-zona-bananera","status":"publish","type":"post","link":"https:\/\/www.fiscalia.gov.co\/colombia\/noticias\/desmanteladas-tres-bandas-delincuenciales-dedicadas-al-hurto-en-cienaga-y-zona-bananera\/","title":{"rendered":"Desmanteladas tres bandas delincuenciales dedicadas al hurto en Ci\u00e9naga y Zona Bananera"},"content":{"rendered":"<p>Investigadores de la Subdirecci\u00f3n Seccional CTI Magdalena, en coordinaci\u00f3n con el Ej\u00e9rcito Nacional y el Gaula Magdalena, desmantelaron tres bandas delincuenciales dedicadas al hurto de banano de exportaci\u00f3n y equipos agroindustriales para el cultivo de banano, en las diferentes fincas de los municipios de Ci\u00e9naga y Zona Bananera, en ese departamento.<\/p>\n<p>Con 11 \u00f3rdenes judiciales emanadas por el Juzgado Promiscuo Municipal de Zona Bananera, por petici\u00f3n de la Fiscal\u00eda 6 Seccional de Ci\u00e9naga, los investigadores lograron desvertebrar las estructuras delictivas Los Yepes, Los Toscano y Los Patapel\u00e1, efectuando 8 capturas en v\u00eda p\u00fablica y la notificaci\u00f3n a una persona en centro carcelario.<\/p>\n<p>En la investigaci\u00f3n adelantada por la Fiscal\u00eda y el\u00a0Ej\u00e9rcito se determin\u00f3 que estas bandas estaban conformadas por familias que llevaban m\u00e1s de 20 a\u00f1os delinquiendo, pues sus integrantes ve\u00edan en el hurto y posterior comercializaci\u00f3n de estos productos una fuente de sustento.<\/p>\n<p>Al parecer \u00a0trabajaban coordinadamente, manejando un bajo perfil criminal\u00a0 transferido de generaci\u00f3n en generaci\u00f3n para cometer hurtos de bananos y quipos para el cultivo, tales \u00a0como aspersores, v\u00e1lvulas hidr\u00e1ulicas, cable el\u00e9ctrico, garruchas y otros elementos, ocasionando p\u00e9rdidas a los productores de banano, de aproximadamente 700\u00a0millones de pesos al a\u00f1o.<\/p>\n<p>Una investigaci\u00f3n de m\u00e1s de 18 meses, en la que se realiz\u00f3 el an\u00e1lisis econ\u00f3mico, cultural y delictivo, permiti\u00f3 identificar a cada uno de los integrantes de las tres bandas. Mediante el dise\u00f1o de un software espec\u00edfico para el an\u00e1lisis de este fen\u00f3meno delincuencial se logr\u00f3 establecer el <em>modus operandi<\/em>, que era salir en horas de la noche aprovechando la poca vigilancia de las fincas bananeras, para cometer los hurtos y posteriormente comercializarlos en puntos estrat\u00e9gicos ubicados a orillas de la carretera entre los corregimientos de R\u00edo Fr\u00edo y el sector de La Frutera y La Estaci\u00f3n, en Ci\u00e9naga Magdalena.<\/p>\n<p>De igual forma se lograron recolectar 355 denuncias instauradas por los administradores de las fincas afectadas en las 11 inspecciones de Polic\u00eda de R\u00edo Fr\u00edo, Orihueca, Sevilla y Guacamayal, as\u00ed como las denuncias instauradas en la Fiscal\u00eda, en Ci\u00e9naga, con el fin de realizar un an\u00e1lisis que ayudara a determinar c\u00f3mo delinqu\u00edan estas estructuras.<\/p>\n<p>De esta manera, se observ\u00f3 que dichos hurtos se hab\u00edan convertido en un negocio familiar de gran rentabilidad, toda vez que por cada gajo de banano de exportaci\u00f3n hurtado, obten\u00edan ganancias de entre 10 y 20 mil pesos, es as\u00ed que en un d\u00eda pod\u00edan recaudar hasta 250 mil pesos al vender entre 10 y 15 gajos de bananos.<\/p>\n<p>Entre tanto, por cada aspersor vendido a pedido de los interesados en el mercado negro, obten\u00edan ganancias de 5 mil pesos, logrando ingresos en una semana de hasta 10 millones de pesos.<\/p>\n<p>Es importante mencionar que el departamento del Magdalena produce el 4 % del PIB del pa\u00eds\u00a0y el municipio de Zona Bananera produce el 54 % de ese PIB en el departamento, lo cual indica que la mayor parte de la econom\u00eda de esta zona del pa\u00eds, est\u00e1 centrada en la producci\u00f3n y exportaci\u00f3n de banano que siembra el gremio bananero, el cual se estaba viendo afectado por los constantes hurtos de estas bandas.<\/p>\n<p>A esta hora se realizan en el centro de servicios judiciales de Santa Marta, las audiencias de legalizaci\u00f3n de capturas, allanamiento, imputaci\u00f3n y solicitud de medida de aseguramiento.<\/p>\n<p>&nbsp;<\/p>\n<p>NIGC\/DLBM<\/p>\n\n<div class=\"twitter-share\"><a href=\"https:\/\/twitter.com\/intent\/tweet?via=fiscaliacol\" class=\"twitter-share-button\">Tweet<\/a><\/div>\n","protected":false},"excerpt":{"rendered":"<p>Investigadores de la Subdirecci\u00f3n Seccional CTI Magdalena, en coordinaci\u00f3n con el Ej\u00e9rcito Nacional y el Gaula Magdalena, desmantelaron tres bandas delincuenciales dedicadas al hurto de banano de exportaci\u00f3n y equipos agroindustriales para el cultivo de banano, en las diferentes fincas de los municipios de Ci\u00e9naga y Zona Bananera, en ese departamento. Con 11 \u00f3rdenes judiciales [&hellip;]<\/p>\n","protected":false},"author":143,"featured_media":0,"comment_status":"closed","ping_status":"open","sticky":false,"template":"","format":"standard","meta":{"_price":"","_stock":"","_tribe_ticket_header":"","_tribe_default_ticket_provider":"","_tribe_ticket_capacity":"0","_ticket_start_date":"","_ticket_end_date":"","_tribe_ticket_show_description":"","_tribe_ticket_show_not_going":false,"_tribe_ticket_use_global_stock":"","_tribe_ticket_global_stock_level":"","_global_stock_mode":"","_global_stock_cap":"","_tribe_rsvp_for_event":"","_tribe_ticket_going_count":"","_tribe_ticket_not_going_count":"","_tribe_tickets_list":"[]","_tribe_ticket_has_attendee_info_fields":false,"tdm_status":"","tdm_grid_status":"","footnotes":""},"categories":[1],"tags":[597,726],"class_list":{"0":"post-79420","1":"post","2":"type-post","3":"status-publish","4":"format-standard","6":"category-noticias","7":"tag-bandas-delincuenciales","8":"tag-cienaga"},"yoast_head":"<!-- This site is optimized with the Yoast SEO plugin v24.3 - https:\/\/yoast.com\/wordpress\/plugins\/seo\/ -->\n<title>Fiscal\u00eda General de la Naci\u00f3n<\/title>\n<meta name=\"description\" content=\"P\u00e1gina oficial de la Fiscal\u00eda General de la Naci\u00f3n \u2013 Colombia. Garantizamos el acceso efectivo a la justicia, la verdad y la reparaci\u00f3n de las v\u00edctimas de los delitos.\" \/>\n<meta name=\"robots\" content=\"noindex, follow\" \/>\n<meta property=\"og:locale\" content=\"es_ES\" \/>\n<meta property=\"og:type\" content=\"article\" \/>\n<meta property=\"og:title\" content=\"Fiscal\u00eda General de la Naci\u00f3n\" \/>\n<meta property=\"og:description\" content=\"P\u00e1gina oficial de la Fiscal\u00eda General de la Naci\u00f3n \u2013 Colombia. Garantizamos el acceso efectivo a la justicia, la verdad y la reparaci\u00f3n de las v\u00edctimas de los delitos.\" \/>\n<meta property=\"og:url\" content=\"https:\/\/www.fiscalia.gov.co\/colombia\/noticias\/desmanteladas-tres-bandas-delincuenciales-dedicadas-al-hurto-en-cienaga-y-zona-bananera\/\" \/>\n<meta property=\"og:site_name\" content=\"Fiscal\u00eda General de la Naci\u00f3n\" \/>\n<meta property=\"article:publisher\" content=\"https:\/\/www.facebook.com\/FiscaliaCol\" \/>\n<meta property=\"article:published_time\" content=\"2016-02-18T16:03:25+00:00\" \/>\n<meta name=\"author\" content=\"dfgordillo\" \/>\n<meta name=\"twitter:card\" content=\"summary_large_image\" \/>\n<meta name=\"twitter:creator\" content=\"@FiscaliaCol\" \/>\n<meta name=\"twitter:site\" content=\"@FiscaliaCol\" \/>\n<meta name=\"twitter:label1\" content=\"Escrito por\" \/>\n\t<meta name=\"twitter:data1\" content=\"dfgordillo\" \/>\n\t<meta name=\"twitter:label2\" content=\"Tiempo de lectura\" \/>\n\t<meta name=\"twitter:data2\" content=\"3 minutos\" \/>\n<script type=\"application\/ld+json\" class=\"yoast-schema-graph\">{\"@context\":\"https:\/\/schema.org\",\"@graph\":[{\"@type\":\"Article\",\"@id\":\"https:\/\/www.fiscalia.gov.co\/colombia\/noticias\/desmanteladas-tres-bandas-delincuenciales-dedicadas-al-hurto-en-cienaga-y-zona-bananera\/#article\",\"isPartOf\":{\"@id\":\"https:\/\/www.fiscalia.gov.co\/colombia\/noticias\/desmanteladas-tres-bandas-delincuenciales-dedicadas-al-hurto-en-cienaga-y-zona-bananera\/\"},\"author\":{\"name\":\"dfgordillo\",\"@id\":\"https:\/\/www.fiscalia.gov.co\/colombia\/#\/schema\/person\/3903856a3ce2d54b094c69eb29247895\"},\"headline\":\"Desmanteladas tres bandas delincuenciales dedicadas al hurto en Ci\u00e9naga y Zona Bananera\",\"datePublished\":\"2016-02-18T16:03:25+00:00\",\"dateModified\":\"2016-02-18T16:03:25+00:00\",\"mainEntityOfPage\":{\"@id\":\"https:\/\/www.fiscalia.gov.co\/colombia\/noticias\/desmanteladas-tres-bandas-delincuenciales-dedicadas-al-hurto-en-cienaga-y-zona-bananera\/\"},\"wordCount\":598,\"publisher\":{\"@id\":\"https:\/\/www.fiscalia.gov.co\/colombia\/#organization\"},\"keywords\":[\"Bandas delincuenciales\",\"Ci\u00e9naga\"],\"articleSection\":[\"Noticias\"],\"inLanguage\":\"es-CO\"},{\"@type\":\"WebPage\",\"@id\":\"https:\/\/www.fiscalia.gov.co\/colombia\/noticias\/desmanteladas-tres-bandas-delincuenciales-dedicadas-al-hurto-en-cienaga-y-zona-bananera\/\",\"url\":\"https:\/\/www.fiscalia.gov.co\/colombia\/noticias\/desmanteladas-tres-bandas-delincuenciales-dedicadas-al-hurto-en-cienaga-y-zona-bananera\/\",\"name\":\"Fiscal\u00eda General de la Naci\u00f3n\",\"isPartOf\":{\"@id\":\"https:\/\/www.fiscalia.gov.co\/colombia\/#website\"},\"datePublished\":\"2016-02-18T16:03:25+00:00\",\"dateModified\":\"2016-02-18T16:03:25+00:00\",\"description\":\"P\u00e1gina oficial de la Fiscal\u00eda General de la Naci\u00f3n \u2013 Colombia. Garantizamos el acceso efectivo a la justicia, la verdad y la reparaci\u00f3n de las v\u00edctimas de los delitos.\",\"breadcrumb\":{\"@id\":\"https:\/\/www.fiscalia.gov.co\/colombia\/noticias\/desmanteladas-tres-bandas-delincuenciales-dedicadas-al-hurto-en-cienaga-y-zona-bananera\/#breadcrumb\"},\"inLanguage\":\"es-CO\",\"potentialAction\":[{\"@type\":\"ReadAction\",\"target\":[\"https:\/\/www.fiscalia.gov.co\/colombia\/noticias\/desmanteladas-tres-bandas-delincuenciales-dedicadas-al-hurto-en-cienaga-y-zona-bananera\/\"]}]},{\"@type\":\"BreadcrumbList\",\"@id\":\"https:\/\/www.fiscalia.gov.co\/colombia\/noticias\/desmanteladas-tres-bandas-delincuenciales-dedicadas-al-hurto-en-cienaga-y-zona-bananera\/#breadcrumb\",\"itemListElement\":[{\"@type\":\"ListItem\",\"position\":1,\"name\":\"Home\",\"item\":\"https:\/\/www.fiscalia.gov.co\/colombia\/\"},{\"@type\":\"ListItem\",\"position\":2,\"name\":\"Desmanteladas tres bandas delincuenciales dedicadas al hurto en Ci\u00e9naga y Zona Bananera\"}]},{\"@type\":\"WebSite\",\"@id\":\"https:\/\/www.fiscalia.gov.co\/colombia\/#website\",\"url\":\"https:\/\/www.fiscalia.gov.co\/colombia\/\",\"name\":\"Fiscal\u00eda General de la Naci\u00f3n\",\"description\":\"P\u00e1gina oficial de la Fiscal\u00eda General de la Naci\u00f3n \u2013 Colombia. Garantizamos el acceso efectivo a la justicia, la verdad y la reparaci\u00f3n de las v\u00edctimas de los delitos.\",\"publisher\":{\"@id\":\"https:\/\/www.fiscalia.gov.co\/colombia\/#organization\"},\"potentialAction\":[{\"@type\":\"SearchAction\",\"target\":{\"@type\":\"EntryPoint\",\"urlTemplate\":\"https:\/\/www.fiscalia.gov.co\/colombia\/?s={search_term_string}\"},\"query-input\":{\"@type\":\"PropertyValueSpecification\",\"valueRequired\":true,\"valueName\":\"search_term_string\"}}],\"inLanguage\":\"es-CO\"},{\"@type\":\"Organization\",\"@id\":\"https:\/\/www.fiscalia.gov.co\/colombia\/#organization\",\"name\":\"Fiscal\u00eda General de la Naci\u00f3n\",\"url\":\"https:\/\/www.fiscalia.gov.co\/colombia\/\",\"logo\":{\"@type\":\"ImageObject\",\"inLanguage\":\"es-CO\",\"@id\":\"https:\/\/www.fiscalia.gov.co\/colombia\/#\/schema\/logo\/image\/\",\"url\":\"https:\/\/www.fiscalia.gov.co\/colombia\/wp-content\/uploads\/LogoHorizontal_1.jpg\",\"contentUrl\":\"https:\/\/www.fiscalia.gov.co\/colombia\/wp-content\/uploads\/LogoHorizontal_1.jpg\",\"width\":300,\"height\":90,\"caption\":\"Fiscal\u00eda General de la Naci\u00f3n\"},\"image\":{\"@id\":\"https:\/\/www.fiscalia.gov.co\/colombia\/#\/schema\/logo\/image\/\"},\"sameAs\":[\"https:\/\/www.facebook.com\/FiscaliaCol\",\"https:\/\/x.com\/FiscaliaCol\",\"https:\/\/www.instagram.com\/fiscaliacol\",\"https:\/\/www.linkedin.com\/company\/fiscalia-general-de-la-naci-n\/\",\"https:\/\/youtube.com\/@fiscaliageneraldelanacion-4668?si=6nN79nyQICPU5iTh\"]},{\"@type\":\"Person\",\"@id\":\"https:\/\/www.fiscalia.gov.co\/colombia\/#\/schema\/person\/3903856a3ce2d54b094c69eb29247895\",\"name\":\"dfgordillo\",\"image\":{\"@type\":\"ImageObject\",\"inLanguage\":\"es-CO\",\"@id\":\"https:\/\/www.fiscalia.gov.co\/colombia\/#\/schema\/person\/image\/\",\"url\":\"https:\/\/secure.gravatar.com\/avatar\/b6356e21c5657c60757fe6fb9493e947?s=96&d=mm&r=g\",\"contentUrl\":\"https:\/\/secure.gravatar.com\/avatar\/b6356e21c5657c60757fe6fb9493e947?s=96&d=mm&r=g\",\"caption\":\"dfgordillo\"},\"sameAs\":[\"dfgordillo\"],\"url\":\"https:\/\/www.fiscalia.gov.co\/colombia\/author\/dfgordillo\/\"}]}<\/script>\n<!-- \/ Yoast SEO plugin. -->","yoast_head_json":{"title":"Fiscal\u00eda General de la Naci\u00f3n","description":"P\u00e1gina oficial de la Fiscal\u00eda General de la Naci\u00f3n \u2013 Colombia. Garantizamos el acceso efectivo a la justicia, la verdad y la reparaci\u00f3n de las v\u00edctimas de los delitos.","robots":{"index":"noindex","follow":"follow"},"og_locale":"es_ES","og_type":"article","og_title":"Fiscal\u00eda General de la Naci\u00f3n","og_description":"P\u00e1gina oficial de la Fiscal\u00eda General de la Naci\u00f3n \u2013 Colombia. Garantizamos el acceso efectivo a la justicia, la verdad y la reparaci\u00f3n de las v\u00edctimas de los delitos.","og_url":"https:\/\/www.fiscalia.gov.co\/colombia\/noticias\/desmanteladas-tres-bandas-delincuenciales-dedicadas-al-hurto-en-cienaga-y-zona-bananera\/","og_site_name":"Fiscal\u00eda General de la Naci\u00f3n","article_publisher":"https:\/\/www.facebook.com\/FiscaliaCol","article_published_time":"2016-02-18T16:03:25+00:00","author":"dfgordillo","twitter_card":"summary_large_image","twitter_creator":"@FiscaliaCol","twitter_site":"@FiscaliaCol","twitter_misc":{"Escrito por":"dfgordillo","Tiempo de lectura":"3 minutos"},"schema":{"@context":"https:\/\/schema.org","@graph":[{"@type":"Article","@id":"https:\/\/www.fiscalia.gov.co\/colombia\/noticias\/desmanteladas-tres-bandas-delincuenciales-dedicadas-al-hurto-en-cienaga-y-zona-bananera\/#article","isPartOf":{"@id":"https:\/\/www.fiscalia.gov.co\/colombia\/noticias\/desmanteladas-tres-bandas-delincuenciales-dedicadas-al-hurto-en-cienaga-y-zona-bananera\/"},"author":{"name":"dfgordillo","@id":"https:\/\/www.fiscalia.gov.co\/colombia\/#\/schema\/person\/3903856a3ce2d54b094c69eb29247895"},"headline":"Desmanteladas tres bandas delincuenciales dedicadas al hurto en Ci\u00e9naga y Zona Bananera","datePublished":"2016-02-18T16:03:25+00:00","dateModified":"2016-02-18T16:03:25+00:00","mainEntityOfPage":{"@id":"https:\/\/www.fiscalia.gov.co\/colombia\/noticias\/desmanteladas-tres-bandas-delincuenciales-dedicadas-al-hurto-en-cienaga-y-zona-bananera\/"},"wordCount":598,"publisher":{"@id":"https:\/\/www.fiscalia.gov.co\/colombia\/#organization"},"keywords":["Bandas delincuenciales","Ci\u00e9naga"],"articleSection":["Noticias"],"inLanguage":"es-CO"},{"@type":"WebPage","@id":"https:\/\/www.fiscalia.gov.co\/colombia\/noticias\/desmanteladas-tres-bandas-delincuenciales-dedicadas-al-hurto-en-cienaga-y-zona-bananera\/","url":"https:\/\/www.fiscalia.gov.co\/colombia\/noticias\/desmanteladas-tres-bandas-delincuenciales-dedicadas-al-hurto-en-cienaga-y-zona-bananera\/","name":"Fiscal\u00eda General de la Naci\u00f3n","isPartOf":{"@id":"https:\/\/www.fiscalia.gov.co\/colombia\/#website"},"datePublished":"2016-02-18T16:03:25+00:00","dateModified":"2016-02-18T16:03:25+00:00","description":"P\u00e1gina oficial de la Fiscal\u00eda General de la Naci\u00f3n \u2013 Colombia. Garantizamos el acceso efectivo a la justicia, la verdad y la reparaci\u00f3n de las v\u00edctimas de los delitos.","breadcrumb":{"@id":"https:\/\/www.fiscalia.gov.co\/colombia\/noticias\/desmanteladas-tres-bandas-delincuenciales-dedicadas-al-hurto-en-cienaga-y-zona-bananera\/#breadcrumb"},"inLanguage":"es-CO","potentialAction":[{"@type":"ReadAction","target":["https:\/\/www.fiscalia.gov.co\/colombia\/noticias\/desmanteladas-tres-bandas-delincuenciales-dedicadas-al-hurto-en-cienaga-y-zona-bananera\/"]}]},{"@type":"BreadcrumbList","@id":"https:\/\/www.fiscalia.gov.co\/colombia\/noticias\/desmanteladas-tres-bandas-delincuenciales-dedicadas-al-hurto-en-cienaga-y-zona-bananera\/#breadcrumb","itemListElement":[{"@type":"ListItem","position":1,"name":"Home","item":"https:\/\/www.fiscalia.gov.co\/colombia\/"},{"@type":"ListItem","position":2,"name":"Desmanteladas tres bandas delincuenciales dedicadas al hurto en Ci\u00e9naga y Zona Bananera"}]},{"@type":"WebSite","@id":"https:\/\/www.fiscalia.gov.co\/colombia\/#website","url":"https:\/\/www.fiscalia.gov.co\/colombia\/","name":"Fiscal\u00eda General de la Naci\u00f3n","description":"P\u00e1gina oficial de la Fiscal\u00eda General de la Naci\u00f3n \u2013 Colombia. Garantizamos el acceso efectivo a la justicia, la verdad y la reparaci\u00f3n de las v\u00edctimas de los delitos.","publisher":{"@id":"https:\/\/www.fiscalia.gov.co\/colombia\/#organization"},"potentialAction":[{"@type":"SearchAction","target":{"@type":"EntryPoint","urlTemplate":"https:\/\/www.fiscalia.gov.co\/colombia\/?s={search_term_string}"},"query-input":{"@type":"PropertyValueSpecification","valueRequired":true,"valueName":"search_term_string"}}],"inLanguage":"es-CO"},{"@type":"Organization","@id":"https:\/\/www.fiscalia.gov.co\/colombia\/#organization","name":"Fiscal\u00eda General de la Naci\u00f3n","url":"https:\/\/www.fiscalia.gov.co\/colombia\/","logo":{"@type":"ImageObject","inLanguage":"es-CO","@id":"https:\/\/www.fiscalia.gov.co\/colombia\/#\/schema\/logo\/image\/","url":"https:\/\/www.fiscalia.gov.co\/colombia\/wp-content\/uploads\/LogoHorizontal_1.jpg","contentUrl":"https:\/\/www.fiscalia.gov.co\/colombia\/wp-content\/uploads\/LogoHorizontal_1.jpg","width":300,"height":90,"caption":"Fiscal\u00eda General de la Naci\u00f3n"},"image":{"@id":"https:\/\/www.fiscalia.gov.co\/colombia\/#\/schema\/logo\/image\/"},"sameAs":["https:\/\/www.facebook.com\/FiscaliaCol","https:\/\/x.com\/FiscaliaCol","https:\/\/www.instagram.com\/fiscaliacol","https:\/\/www.linkedin.com\/company\/fiscalia-general-de-la-naci-n\/","https:\/\/youtube.com\/@fiscaliageneraldelanacion-4668?si=6nN79nyQICPU5iTh"]},{"@type":"Person","@id":"https:\/\/www.fiscalia.gov.co\/colombia\/#\/schema\/person\/3903856a3ce2d54b094c69eb29247895","name":"dfgordillo","image":{"@type":"ImageObject","inLanguage":"es-CO","@id":"https:\/\/www.fiscalia.gov.co\/colombia\/#\/schema\/person\/image\/","url":"https:\/\/secure.gravatar.com\/avatar\/b6356e21c5657c60757fe6fb9493e947?s=96&d=mm&r=g","contentUrl":"https:\/\/secure.gravatar.com\/avatar\/b6356e21c5657c60757fe6fb9493e947?s=96&d=mm&r=g","caption":"dfgordillo"},"sameAs":["dfgordillo"],"url":"https:\/\/www.fiscalia.gov.co\/colombia\/author\/dfgordillo\/"}]}},"_links":{"self":[{"href":"https:\/\/www.fiscalia.gov.co\/colombia\/wp-json\/wp\/v2\/posts\/79420","targetHints":{"allow":["GET"]}}],"collection":[{"href":"https:\/\/www.fiscalia.gov.co\/colombia\/wp-json\/wp\/v2\/posts"}],"about":[{"href":"https:\/\/www.fiscalia.gov.co\/colombia\/wp-json\/wp\/v2\/types\/post"}],"author":[{"embeddable":true,"href":"https:\/\/www.fiscalia.gov.co\/colombia\/wp-json\/wp\/v2\/users\/143"}],"replies":[{"embeddable":true,"href":"https:\/\/www.fiscalia.gov.co\/colombia\/wp-json\/wp\/v2\/comments?post=79420"}],"version-history":[{"count":2,"href":"https:\/\/www.fiscalia.gov.co\/colombia\/wp-json\/wp\/v2\/posts\/79420\/revisions"}],"predecessor-version":[{"id":79422,"href":"https:\/\/www.fiscalia.gov.co\/colombia\/wp-json\/wp\/v2\/posts\/79420\/revisions\/79422"}],"wp:attachment":[{"href":"https:\/\/www.fiscalia.gov.co\/colombia\/wp-json\/wp\/v2\/media?parent=79420"}],"wp:term":[{"taxonomy":"category","embeddable":true,"href":"https:\/\/www.fiscalia.gov.co\/colombia\/wp-json\/wp\/v2\/categories?post=79420"},{"taxonomy":"post_tag","embeddable":true,"href":"https:\/\/www.fiscalia.gov.co\/colombia\/wp-json\/wp\/v2\/tags?post=79420"}],"curies":[{"name":"wp","href":"https:\/\/api.w.org\/{rel}","templated":true}]}}