{"id":79285,"date":"2016-02-17T10:18:25","date_gmt":"2016-02-17T15:18:25","guid":{"rendered":"http:\/\/www.fiscalia.gov.co\/colombia\/?p=79285"},"modified":"2016-02-17T10:18:25","modified_gmt":"2016-02-17T15:18:25","slug":"55-anos-de-carcel-para-otro-responsable-del-crimen-de-mujer-que-aparecio-en-un-ataud-artesanal","status":"publish","type":"post","link":"https:\/\/www.fiscalia.gov.co\/colombia\/noticias\/55-anos-de-carcel-para-otro-responsable-del-crimen-de-mujer-que-aparecio-en-un-ataud-artesanal\/","title":{"rendered":"55 a\u00f1os de c\u00e1rcel para otro responsable del crimen de mujer que apareci\u00f3 en un  ata\u00fad artesanal"},"content":{"rendered":"<p>Una juez especializada de Bogot\u00e1 conden\u00f3 a 55 a\u00f1os y 11 meses de prisi\u00f3n a Johan Alberto Ruz Arango, tras hallarlo responsable de los delitos de\u00a0 homicidio agravado en concurso con\u00a0 secuestro extorsivo agravado, as\u00ed como hurto calificado y agravado.<\/p>\n<p>En desarrollo de una audiencia p\u00fablica, la juez consider\u00f3 que la Fiscal\u00eda General de la Naci\u00f3n\u00a0 demostr\u00f3\u00a0 m\u00e1s all\u00e1 de toda duda la responsabilidad del sentenciado en el crimen de Catalina D\u00edaz Ballesteros.<\/p>\n<p>Un fiscal de la Direcci\u00f3n Nacional Especializada contra el Crimen Organizado indic\u00f3 que\u00a0Ruz Arango particip\u00f3 en el secuestro de la v\u00edctima, quien fue plagiada en un centro comercial de la localidad de Suba, al noroccidente de Bogot\u00e1 el 31 de octubre de 2013, por cuya libertad se exig\u00eda la suma de 100 millones de pesos.<\/p>\n<p>El condenado Ruz Arango y su compa\u00f1ero\u00a0se hac\u00edan pasar como\u00a0espiritistas, personas a las que la v\u00edctima hab\u00eda conocido a\u00f1os atr\u00e1s en\u00a0el departamento de Bol\u00edvar, durante sesiones y cultos a los que ella asist\u00eda.<\/p>\n<p>Luego de su encuentro en el centro comercial de Suba, la mujer fue trasladada a una vivienda del barrio El Rub\u00ed, de esa localidad, donde ellos mediante sus pr\u00e1cticas espiritistas impedir\u00edan que su esposo adquiriera una finca en Lorica (C\u00f3rdoba), la cual tendr\u00eda un costo de 100 millones de pesos.<\/p>\n<p>El fiscal se\u00f1al\u00f3 que\u00a0para el 4 de noviembre de 2013 los plagiarios realizaron varias llamadas al esposo de la v\u00edctima, en la que uno de ellos se identific\u00f3 con el\u00a0apodo del Mono, a quien deb\u00eda enviarle a trav\u00e9s de\u00a0una empresa de giros 6 millones de pesos.<\/p>\n<p>Al d\u00eda siguiente de nuevo llamando desde el celular de la secuestrada, los hombres le exig\u00edan el pago de los 6 millones de pesos como adelanto de los 100 millones que deb\u00eda cancelar, so pena de no solo dar muerte a la plagiada, sino\u00a0 tambi\u00e9n a sus hijos e inclusive a la madre del esposo.<\/p>\n<p>Seg\u00fan la Fiscal\u00eda,\u00a0 en una de las llamadas al esposo de la secuestrada, le dijeron que\u00a0sab\u00edan muy bien que ten\u00eda\u00a0 plata para pagar el rescate, pues\u00a0conoc\u00edan sobre\u00a0 la negociaci\u00f3n que iba a adelantar para lograr la compra de una finca.<\/p>\n<p>Durante los 4 d\u00edas siguientes\u00a0mediante llamadas\u00a0amenazantes Ruz Arango y su compa\u00f1ero lograron que el esposo de la v\u00edctima\u00a0les\u00a0enviara por\u00a0correo 2 millones de pesos.<\/p>\n<p>Los hombres manten\u00edan sedada a D\u00edaz Ballesteros, la cual fue asfixiada por Ruz Arango, quien le coloc\u00f3 una almohada en su boca y le presion\u00f3 el cuello.<\/p>\n<p>Para desaparecer el cuerpo de la mujer, los victimarios utilizaron un veh\u00edculo de acarreos, en el cual transportaron varias tablas, para horas m\u00e1s tarde fabricar un ata\u00fad artesanal.<\/p>\n<p>El 7 de noviembre\u00a0de 2013 una llamada\u00a0 an\u00f3nima al grupo Gaula de la Polic\u00eda dio cuenta del secuestro de una mujer en un sector\u00a0 de Suba, dando a conocer datos sobre dos de las personas que la vigilaban y cuidaban.<\/p>\n<p>De acuerdo con un informe de las autoridades, en un ca\u00f1o del barrio San Jos\u00e9 de Bavaria, al norte de Bogot\u00e1, el\u00a07 de noviembre de 2015 fue hallado un cad\u00e1ver dentro de un ata\u00fad artesanal, del que Medicina Legal estableci\u00f3 era el de Catalina D\u00edaz Ballesteros. Seg\u00fan el dictamen, la mujer\u00a0habr\u00eda fallecido varios d\u00edas antes, ya que su cuerpo\u00a0estaba en avanzado estado de descomposici\u00f3n al momento de su hallazgo.<\/p>\n<p>Tras\u00a0 los datos\u00a0recogidos, la Fiscal\u00eda con el apoyo del Grupo Gaula de la Polic\u00eda inici\u00f3 la investigaci\u00f3n y determin\u00f3 que\u00a0los responsables de las llamadas extorsivas\u00a0 hab\u00edan viajado a Cartagena, en donde\u00a0el\u00a0 9 de noviembre\u00a0de 2015 fue capturado Andr\u00e9s Javier Tafur Narv\u00e1ez, en un sector de Bocagrande, cuando sal\u00eda de un caf\u00e9 internet junto con otra persona.<\/p>\n<p>Ruz Arango permanece en la C\u00e1rcel Nacional Modelo donde purgar\u00e1 la pena.<\/p>\n<p>Por los mismos hechos\u00a0 Andr\u00e9s Javier Tafur Narvaez\u00a0 ya se encuentra condenado.<\/p>\n<p>&nbsp;<\/p>\n<p>ANM\/DLBM<\/p>\n\n<div class=\"twitter-share\"><a href=\"https:\/\/twitter.com\/intent\/tweet?via=fiscaliacol\" class=\"twitter-share-button\">Tweet<\/a><\/div>\n","protected":false},"excerpt":{"rendered":"<p>Una juez especializada de Bogot\u00e1 conden\u00f3 a 55 a\u00f1os y 11 meses de prisi\u00f3n a Johan Alberto Ruz Arango, tras hallarlo responsable de los delitos de\u00a0 homicidio agravado en concurso con\u00a0 secuestro extorsivo agravado, as\u00ed como hurto calificado y agravado. En desarrollo de una audiencia p\u00fablica, la juez consider\u00f3 que la Fiscal\u00eda General de la [&hellip;]<\/p>\n","protected":false},"author":143,"featured_media":0,"comment_status":"closed","ping_status":"open","sticky":false,"template":"","format":"standard","meta":{"_price":"","_stock":"","_tribe_ticket_header":"","_tribe_default_ticket_provider":"","_tribe_ticket_capacity":"0","_ticket_start_date":"","_ticket_end_date":"","_tribe_ticket_show_description":"","_tribe_ticket_show_not_going":false,"_tribe_ticket_use_global_stock":"","_tribe_ticket_global_stock_level":"","_global_stock_mode":"","_global_stock_cap":"","_tribe_rsvp_for_event":"","_tribe_ticket_going_count":"","_tribe_ticket_not_going_count":"","_tribe_tickets_list":"[]","_tribe_ticket_has_attendee_info_fields":false,"tdm_status":"","tdm_grid_status":"","footnotes":""},"categories":[1],"tags":[409],"class_list":{"0":"post-79285","1":"post","2":"type-post","3":"status-publish","4":"format-standard","6":"category-noticias","7":"tag-homicidio"},"yoast_head":"<!-- This site is optimized with the Yoast SEO plugin v24.3 - https:\/\/yoast.com\/wordpress\/plugins\/seo\/ -->\n<title>Fiscal\u00eda General de la Naci\u00f3n<\/title>\n<meta name=\"description\" content=\"P\u00e1gina oficial de la Fiscal\u00eda General de la Naci\u00f3n \u2013 Colombia. Garantizamos el acceso efectivo a la justicia, la verdad y la reparaci\u00f3n de las v\u00edctimas de los delitos.\" \/>\n<meta name=\"robots\" content=\"noindex, follow\" \/>\n<meta property=\"og:locale\" content=\"es_ES\" \/>\n<meta property=\"og:type\" content=\"article\" \/>\n<meta property=\"og:title\" content=\"Fiscal\u00eda General de la Naci\u00f3n\" \/>\n<meta property=\"og:description\" content=\"P\u00e1gina oficial de la Fiscal\u00eda General de la Naci\u00f3n \u2013 Colombia. Garantizamos el acceso efectivo a la justicia, la verdad y la reparaci\u00f3n de las v\u00edctimas de los delitos.\" \/>\n<meta property=\"og:url\" content=\"https:\/\/www.fiscalia.gov.co\/colombia\/noticias\/55-anos-de-carcel-para-otro-responsable-del-crimen-de-mujer-que-aparecio-en-un-ataud-artesanal\/\" \/>\n<meta property=\"og:site_name\" content=\"Fiscal\u00eda General de la Naci\u00f3n\" \/>\n<meta property=\"article:publisher\" content=\"https:\/\/www.facebook.com\/FiscaliaCol\" \/>\n<meta property=\"article:published_time\" content=\"2016-02-17T15:18:25+00:00\" \/>\n<meta name=\"author\" content=\"dfgordillo\" \/>\n<meta name=\"twitter:card\" content=\"summary_large_image\" \/>\n<meta name=\"twitter:creator\" content=\"@FiscaliaCol\" \/>\n<meta name=\"twitter:site\" content=\"@FiscaliaCol\" \/>\n<meta name=\"twitter:label1\" content=\"Escrito por\" \/>\n\t<meta name=\"twitter:data1\" content=\"dfgordillo\" \/>\n\t<meta name=\"twitter:label2\" content=\"Tiempo de lectura\" \/>\n\t<meta name=\"twitter:data2\" content=\"3 minutos\" \/>\n<script type=\"application\/ld+json\" class=\"yoast-schema-graph\">{\"@context\":\"https:\/\/schema.org\",\"@graph\":[{\"@type\":\"Article\",\"@id\":\"https:\/\/www.fiscalia.gov.co\/colombia\/noticias\/55-anos-de-carcel-para-otro-responsable-del-crimen-de-mujer-que-aparecio-en-un-ataud-artesanal\/#article\",\"isPartOf\":{\"@id\":\"https:\/\/www.fiscalia.gov.co\/colombia\/noticias\/55-anos-de-carcel-para-otro-responsable-del-crimen-de-mujer-que-aparecio-en-un-ataud-artesanal\/\"},\"author\":{\"name\":\"dfgordillo\",\"@id\":\"https:\/\/www.fiscalia.gov.co\/colombia\/#\/schema\/person\/3903856a3ce2d54b094c69eb29247895\"},\"headline\":\"55 a\u00f1os de c\u00e1rcel para otro responsable del crimen de mujer que apareci\u00f3 en un ata\u00fad artesanal\",\"datePublished\":\"2016-02-17T15:18:25+00:00\",\"dateModified\":\"2016-02-17T15:18:25+00:00\",\"mainEntityOfPage\":{\"@id\":\"https:\/\/www.fiscalia.gov.co\/colombia\/noticias\/55-anos-de-carcel-para-otro-responsable-del-crimen-de-mujer-que-aparecio-en-un-ataud-artesanal\/\"},\"wordCount\":707,\"publisher\":{\"@id\":\"https:\/\/www.fiscalia.gov.co\/colombia\/#organization\"},\"keywords\":[\"Homicidio\"],\"articleSection\":[\"Noticias\"],\"inLanguage\":\"es-CO\"},{\"@type\":\"WebPage\",\"@id\":\"https:\/\/www.fiscalia.gov.co\/colombia\/noticias\/55-anos-de-carcel-para-otro-responsable-del-crimen-de-mujer-que-aparecio-en-un-ataud-artesanal\/\",\"url\":\"https:\/\/www.fiscalia.gov.co\/colombia\/noticias\/55-anos-de-carcel-para-otro-responsable-del-crimen-de-mujer-que-aparecio-en-un-ataud-artesanal\/\",\"name\":\"Fiscal\u00eda General de la Naci\u00f3n\",\"isPartOf\":{\"@id\":\"https:\/\/www.fiscalia.gov.co\/colombia\/#website\"},\"datePublished\":\"2016-02-17T15:18:25+00:00\",\"dateModified\":\"2016-02-17T15:18:25+00:00\",\"description\":\"P\u00e1gina oficial de la Fiscal\u00eda General de la Naci\u00f3n \u2013 Colombia. Garantizamos el acceso efectivo a la justicia, la verdad y la reparaci\u00f3n de las v\u00edctimas de los delitos.\",\"breadcrumb\":{\"@id\":\"https:\/\/www.fiscalia.gov.co\/colombia\/noticias\/55-anos-de-carcel-para-otro-responsable-del-crimen-de-mujer-que-aparecio-en-un-ataud-artesanal\/#breadcrumb\"},\"inLanguage\":\"es-CO\",\"potentialAction\":[{\"@type\":\"ReadAction\",\"target\":[\"https:\/\/www.fiscalia.gov.co\/colombia\/noticias\/55-anos-de-carcel-para-otro-responsable-del-crimen-de-mujer-que-aparecio-en-un-ataud-artesanal\/\"]}]},{\"@type\":\"BreadcrumbList\",\"@id\":\"https:\/\/www.fiscalia.gov.co\/colombia\/noticias\/55-anos-de-carcel-para-otro-responsable-del-crimen-de-mujer-que-aparecio-en-un-ataud-artesanal\/#breadcrumb\",\"itemListElement\":[{\"@type\":\"ListItem\",\"position\":1,\"name\":\"Home\",\"item\":\"https:\/\/www.fiscalia.gov.co\/colombia\/\"},{\"@type\":\"ListItem\",\"position\":2,\"name\":\"55 a\u00f1os de c\u00e1rcel para otro responsable del crimen de mujer que apareci\u00f3 en un ata\u00fad artesanal\"}]},{\"@type\":\"WebSite\",\"@id\":\"https:\/\/www.fiscalia.gov.co\/colombia\/#website\",\"url\":\"https:\/\/www.fiscalia.gov.co\/colombia\/\",\"name\":\"Fiscal\u00eda General de la Naci\u00f3n\",\"description\":\"P\u00e1gina oficial de la Fiscal\u00eda General de la Naci\u00f3n \u2013 Colombia. Garantizamos el acceso efectivo a la justicia, la verdad y la reparaci\u00f3n de las v\u00edctimas de los delitos.\",\"publisher\":{\"@id\":\"https:\/\/www.fiscalia.gov.co\/colombia\/#organization\"},\"potentialAction\":[{\"@type\":\"SearchAction\",\"target\":{\"@type\":\"EntryPoint\",\"urlTemplate\":\"https:\/\/www.fiscalia.gov.co\/colombia\/?s={search_term_string}\"},\"query-input\":{\"@type\":\"PropertyValueSpecification\",\"valueRequired\":true,\"valueName\":\"search_term_string\"}}],\"inLanguage\":\"es-CO\"},{\"@type\":\"Organization\",\"@id\":\"https:\/\/www.fiscalia.gov.co\/colombia\/#organization\",\"name\":\"Fiscal\u00eda General de la Naci\u00f3n\",\"url\":\"https:\/\/www.fiscalia.gov.co\/colombia\/\",\"logo\":{\"@type\":\"ImageObject\",\"inLanguage\":\"es-CO\",\"@id\":\"https:\/\/www.fiscalia.gov.co\/colombia\/#\/schema\/logo\/image\/\",\"url\":\"https:\/\/www.fiscalia.gov.co\/colombia\/wp-content\/uploads\/LogoHorizontal_1.jpg\",\"contentUrl\":\"https:\/\/www.fiscalia.gov.co\/colombia\/wp-content\/uploads\/LogoHorizontal_1.jpg\",\"width\":300,\"height\":90,\"caption\":\"Fiscal\u00eda General de la Naci\u00f3n\"},\"image\":{\"@id\":\"https:\/\/www.fiscalia.gov.co\/colombia\/#\/schema\/logo\/image\/\"},\"sameAs\":[\"https:\/\/www.facebook.com\/FiscaliaCol\",\"https:\/\/x.com\/FiscaliaCol\",\"https:\/\/www.instagram.com\/fiscaliacol\",\"https:\/\/www.linkedin.com\/company\/fiscalia-general-de-la-naci-n\/\",\"https:\/\/youtube.com\/@fiscaliageneraldelanacion-4668?si=6nN79nyQICPU5iTh\"]},{\"@type\":\"Person\",\"@id\":\"https:\/\/www.fiscalia.gov.co\/colombia\/#\/schema\/person\/3903856a3ce2d54b094c69eb29247895\",\"name\":\"dfgordillo\",\"image\":{\"@type\":\"ImageObject\",\"inLanguage\":\"es-CO\",\"@id\":\"https:\/\/www.fiscalia.gov.co\/colombia\/#\/schema\/person\/image\/\",\"url\":\"https:\/\/secure.gravatar.com\/avatar\/b6356e21c5657c60757fe6fb9493e947?s=96&d=mm&r=g\",\"contentUrl\":\"https:\/\/secure.gravatar.com\/avatar\/b6356e21c5657c60757fe6fb9493e947?s=96&d=mm&r=g\",\"caption\":\"dfgordillo\"},\"sameAs\":[\"dfgordillo\"],\"url\":\"https:\/\/www.fiscalia.gov.co\/colombia\/author\/dfgordillo\/\"}]}<\/script>\n<!-- \/ Yoast SEO plugin. -->","yoast_head_json":{"title":"Fiscal\u00eda General de la Naci\u00f3n","description":"P\u00e1gina oficial de la Fiscal\u00eda General de la Naci\u00f3n \u2013 Colombia. Garantizamos el acceso efectivo a la justicia, la verdad y la reparaci\u00f3n de las v\u00edctimas de los delitos.","robots":{"index":"noindex","follow":"follow"},"og_locale":"es_ES","og_type":"article","og_title":"Fiscal\u00eda General de la Naci\u00f3n","og_description":"P\u00e1gina oficial de la Fiscal\u00eda General de la Naci\u00f3n \u2013 Colombia. Garantizamos el acceso efectivo a la justicia, la verdad y la reparaci\u00f3n de las v\u00edctimas de los delitos.","og_url":"https:\/\/www.fiscalia.gov.co\/colombia\/noticias\/55-anos-de-carcel-para-otro-responsable-del-crimen-de-mujer-que-aparecio-en-un-ataud-artesanal\/","og_site_name":"Fiscal\u00eda General de la Naci\u00f3n","article_publisher":"https:\/\/www.facebook.com\/FiscaliaCol","article_published_time":"2016-02-17T15:18:25+00:00","author":"dfgordillo","twitter_card":"summary_large_image","twitter_creator":"@FiscaliaCol","twitter_site":"@FiscaliaCol","twitter_misc":{"Escrito por":"dfgordillo","Tiempo de lectura":"3 minutos"},"schema":{"@context":"https:\/\/schema.org","@graph":[{"@type":"Article","@id":"https:\/\/www.fiscalia.gov.co\/colombia\/noticias\/55-anos-de-carcel-para-otro-responsable-del-crimen-de-mujer-que-aparecio-en-un-ataud-artesanal\/#article","isPartOf":{"@id":"https:\/\/www.fiscalia.gov.co\/colombia\/noticias\/55-anos-de-carcel-para-otro-responsable-del-crimen-de-mujer-que-aparecio-en-un-ataud-artesanal\/"},"author":{"name":"dfgordillo","@id":"https:\/\/www.fiscalia.gov.co\/colombia\/#\/schema\/person\/3903856a3ce2d54b094c69eb29247895"},"headline":"55 a\u00f1os de c\u00e1rcel para otro responsable del crimen de mujer que apareci\u00f3 en un ata\u00fad artesanal","datePublished":"2016-02-17T15:18:25+00:00","dateModified":"2016-02-17T15:18:25+00:00","mainEntityOfPage":{"@id":"https:\/\/www.fiscalia.gov.co\/colombia\/noticias\/55-anos-de-carcel-para-otro-responsable-del-crimen-de-mujer-que-aparecio-en-un-ataud-artesanal\/"},"wordCount":707,"publisher":{"@id":"https:\/\/www.fiscalia.gov.co\/colombia\/#organization"},"keywords":["Homicidio"],"articleSection":["Noticias"],"inLanguage":"es-CO"},{"@type":"WebPage","@id":"https:\/\/www.fiscalia.gov.co\/colombia\/noticias\/55-anos-de-carcel-para-otro-responsable-del-crimen-de-mujer-que-aparecio-en-un-ataud-artesanal\/","url":"https:\/\/www.fiscalia.gov.co\/colombia\/noticias\/55-anos-de-carcel-para-otro-responsable-del-crimen-de-mujer-que-aparecio-en-un-ataud-artesanal\/","name":"Fiscal\u00eda General de la Naci\u00f3n","isPartOf":{"@id":"https:\/\/www.fiscalia.gov.co\/colombia\/#website"},"datePublished":"2016-02-17T15:18:25+00:00","dateModified":"2016-02-17T15:18:25+00:00","description":"P\u00e1gina oficial de la Fiscal\u00eda General de la Naci\u00f3n \u2013 Colombia. Garantizamos el acceso efectivo a la justicia, la verdad y la reparaci\u00f3n de las v\u00edctimas de los delitos.","breadcrumb":{"@id":"https:\/\/www.fiscalia.gov.co\/colombia\/noticias\/55-anos-de-carcel-para-otro-responsable-del-crimen-de-mujer-que-aparecio-en-un-ataud-artesanal\/#breadcrumb"},"inLanguage":"es-CO","potentialAction":[{"@type":"ReadAction","target":["https:\/\/www.fiscalia.gov.co\/colombia\/noticias\/55-anos-de-carcel-para-otro-responsable-del-crimen-de-mujer-que-aparecio-en-un-ataud-artesanal\/"]}]},{"@type":"BreadcrumbList","@id":"https:\/\/www.fiscalia.gov.co\/colombia\/noticias\/55-anos-de-carcel-para-otro-responsable-del-crimen-de-mujer-que-aparecio-en-un-ataud-artesanal\/#breadcrumb","itemListElement":[{"@type":"ListItem","position":1,"name":"Home","item":"https:\/\/www.fiscalia.gov.co\/colombia\/"},{"@type":"ListItem","position":2,"name":"55 a\u00f1os de c\u00e1rcel para otro responsable del crimen de mujer que apareci\u00f3 en un ata\u00fad artesanal"}]},{"@type":"WebSite","@id":"https:\/\/www.fiscalia.gov.co\/colombia\/#website","url":"https:\/\/www.fiscalia.gov.co\/colombia\/","name":"Fiscal\u00eda General de la Naci\u00f3n","description":"P\u00e1gina oficial de la Fiscal\u00eda General de la Naci\u00f3n \u2013 Colombia. Garantizamos el acceso efectivo a la justicia, la verdad y la reparaci\u00f3n de las v\u00edctimas de los delitos.","publisher":{"@id":"https:\/\/www.fiscalia.gov.co\/colombia\/#organization"},"potentialAction":[{"@type":"SearchAction","target":{"@type":"EntryPoint","urlTemplate":"https:\/\/www.fiscalia.gov.co\/colombia\/?s={search_term_string}"},"query-input":{"@type":"PropertyValueSpecification","valueRequired":true,"valueName":"search_term_string"}}],"inLanguage":"es-CO"},{"@type":"Organization","@id":"https:\/\/www.fiscalia.gov.co\/colombia\/#organization","name":"Fiscal\u00eda General de la Naci\u00f3n","url":"https:\/\/www.fiscalia.gov.co\/colombia\/","logo":{"@type":"ImageObject","inLanguage":"es-CO","@id":"https:\/\/www.fiscalia.gov.co\/colombia\/#\/schema\/logo\/image\/","url":"https:\/\/www.fiscalia.gov.co\/colombia\/wp-content\/uploads\/LogoHorizontal_1.jpg","contentUrl":"https:\/\/www.fiscalia.gov.co\/colombia\/wp-content\/uploads\/LogoHorizontal_1.jpg","width":300,"height":90,"caption":"Fiscal\u00eda General de la Naci\u00f3n"},"image":{"@id":"https:\/\/www.fiscalia.gov.co\/colombia\/#\/schema\/logo\/image\/"},"sameAs":["https:\/\/www.facebook.com\/FiscaliaCol","https:\/\/x.com\/FiscaliaCol","https:\/\/www.instagram.com\/fiscaliacol","https:\/\/www.linkedin.com\/company\/fiscalia-general-de-la-naci-n\/","https:\/\/youtube.com\/@fiscaliageneraldelanacion-4668?si=6nN79nyQICPU5iTh"]},{"@type":"Person","@id":"https:\/\/www.fiscalia.gov.co\/colombia\/#\/schema\/person\/3903856a3ce2d54b094c69eb29247895","name":"dfgordillo","image":{"@type":"ImageObject","inLanguage":"es-CO","@id":"https:\/\/www.fiscalia.gov.co\/colombia\/#\/schema\/person\/image\/","url":"https:\/\/secure.gravatar.com\/avatar\/b6356e21c5657c60757fe6fb9493e947?s=96&d=mm&r=g","contentUrl":"https:\/\/secure.gravatar.com\/avatar\/b6356e21c5657c60757fe6fb9493e947?s=96&d=mm&r=g","caption":"dfgordillo"},"sameAs":["dfgordillo"],"url":"https:\/\/www.fiscalia.gov.co\/colombia\/author\/dfgordillo\/"}]}},"_links":{"self":[{"href":"https:\/\/www.fiscalia.gov.co\/colombia\/wp-json\/wp\/v2\/posts\/79285","targetHints":{"allow":["GET"]}}],"collection":[{"href":"https:\/\/www.fiscalia.gov.co\/colombia\/wp-json\/wp\/v2\/posts"}],"about":[{"href":"https:\/\/www.fiscalia.gov.co\/colombia\/wp-json\/wp\/v2\/types\/post"}],"author":[{"embeddable":true,"href":"https:\/\/www.fiscalia.gov.co\/colombia\/wp-json\/wp\/v2\/users\/143"}],"replies":[{"embeddable":true,"href":"https:\/\/www.fiscalia.gov.co\/colombia\/wp-json\/wp\/v2\/comments?post=79285"}],"version-history":[{"count":1,"href":"https:\/\/www.fiscalia.gov.co\/colombia\/wp-json\/wp\/v2\/posts\/79285\/revisions"}],"predecessor-version":[{"id":79289,"href":"https:\/\/www.fiscalia.gov.co\/colombia\/wp-json\/wp\/v2\/posts\/79285\/revisions\/79289"}],"wp:attachment":[{"href":"https:\/\/www.fiscalia.gov.co\/colombia\/wp-json\/wp\/v2\/media?parent=79285"}],"wp:term":[{"taxonomy":"category","embeddable":true,"href":"https:\/\/www.fiscalia.gov.co\/colombia\/wp-json\/wp\/v2\/categories?post=79285"},{"taxonomy":"post_tag","embeddable":true,"href":"https:\/\/www.fiscalia.gov.co\/colombia\/wp-json\/wp\/v2\/tags?post=79285"}],"curies":[{"name":"wp","href":"https:\/\/api.w.org\/{rel}","templated":true}]}}