{"id":79198,"date":"2016-02-16T10:16:52","date_gmt":"2016-02-16T15:16:52","guid":{"rendered":"http:\/\/www.fiscalia.gov.co\/colombia\/?p=79198"},"modified":"2016-02-16T11:54:47","modified_gmt":"2016-02-16T16:54:47","slug":"capturados-9-integrantes-de-una-organizacion-criminal-de-mineria-ilegal-en-rio-cabi-choco","status":"publish","type":"post","link":"https:\/\/www.fiscalia.gov.co\/colombia\/noticias\/capturados-9-integrantes-de-una-organizacion-criminal-de-mineria-ilegal-en-rio-cabi-choco\/","title":{"rendered":"Capturados 9 integrantes de una organizaci\u00f3n criminal de miner\u00eda ilegal en r\u00edo Cabi Choc\u00f3"},"content":{"rendered":"<p>Como parte los esfuerzos del Estado en articular la investigaci\u00f3n y judicializaci\u00f3n del crimen organizado as\u00ed como los delitos contra el medio ambiente, fueron capturados en el departamento del Choc\u00f3, 9 supuestos integrantes de una organizaci\u00f3n criminal dedicada a la miner\u00eda ilegal.<\/p>\n<p>El operativo fue adelantado por el Sat\u00e9lite de Cali, del Eje Tem\u00e1tico de Protecci\u00f3n de los Recursos Naturales y el Medio Ambiente, de la Direcci\u00f3n Nacional de Fiscal\u00edas Nacionales, y la Direcci\u00f3n de Carabineros y\u00a0 Seguridad Rural, de la Polic\u00eda Nacional.<\/p>\n<p>\u201cLos delitos imputados son da\u00f1o a los recursos naturales, contaminaci\u00f3n como consecuencia de la explotaci\u00f3n, invasi\u00f3n de \u00e1rea con circunstancias de agravaci\u00f3n y explotaci\u00f3n de yacimiento minero\u201d,\u00a0 afirm\u00f3 el\u00a0 Director de Fiscal\u00edas Nacionales, Orlando Ospitia.<\/p>\n<p>La miner\u00eda ilegal se ha expandido a diferentes \u00e1reas de comunidades afrodescendientes, afectadas en su forma de vida, que tienen como sustento principal la pesca, extinguiendo estas especies y cambiando la destinaci\u00f3n de las aguas de los r\u00edos, utilizadas tambi\u00e9n para el consumo humano. Algunos ejemplos son los municipios de Quibd\u00f3\u0301, Istmina, Condoto y otros que integran el 44% de los municipios de Choc\u00f3.<\/p>\n<p>\u201cLa organizaci\u00f3n delincuencial empez\u00f3 a operar en\u00a0Barbacoas (Nari\u00f1o), traslad\u00e1ndose al corregimiento del Palo, municipio de Caloto (Cauca) y nuevamente para evadir a la fuerza p\u00fablica, se reubic\u00f3 en un lugar cerca al R\u00edo Cab\u00ed, en el departamento de Choco\u0301, donde fueron capturados el d\u00eda de ayer\u201d, asegur\u00f3 Ospitia.<\/p>\n<p>Una vez establecido el mapa operativo de esta banda criminal la polic\u00eda judicial pudo dar con el lugar donde se adelantaban las actividades il\u00edcitas de explotaci\u00f3n de yacimiento minero, arrasando con un bosque primario, afectando fuentes h\u00eddricas y la capa vegetal.<\/p>\n<p>Los equipos de comunicaciones permitieron ubicar operaciones desde los bosques nativos de la regi\u00f3n, donde existe contaminaci\u00f3n en los afluentes h\u00eddricos que abastecen a las poblaciones rivere\u00f1as cercanas al lugar de explotaci\u00f3n (R\u00edo Cab\u00ed).<\/p>\n<p>Los conceptos t\u00e9cnicos fueron emitidos por peritos ambientales de Codechoco\u0301 y las tomas de muestras fueron analizadas por el laboratorio de la Corporaci\u00f3n, quien concluy\u00f3 que el impacto ambiental ocasionado en el sector es cr\u00edtico. En una visita de evaluaci\u00f3n se evidenci\u00f3 la existencia de una afectaci\u00f3n en el agua, suelo y paisaje, por la actividad de extracci\u00f3n.<\/p>\n<p>La actividad minera realizada por las excavadoras ocasiona un deterioro considerable al medio ambiente, la destrucci\u00f3n total del suelo y del bosque, adem\u00e1s de ocasionar un grave quebranto al paisaje con el aprovechamiento ilegal minero en lo referente a licencia ambiental.<\/p>\n<p>Se evidencia la falta de control t\u00e9cnico en dragados, alterando su din\u00e1mica por la sedimentaci\u00f3n del cauce de\u00a0\u00a0la fuente h\u00eddrica, y causa problemas de erosi\u00f3n a sus orillas por la socavaci\u00f3n.<\/p>\n<p>Sobre la cuenca del R\u00edo Cab\u00ed esta\u0301 prohibido el desarrollo de todo tipo de actividad minera, es un \u00e1rea de exclusi\u00f3n, seg\u00fan la resoluci\u00f3n 32092 del 29 de octubre de 1992 del Ministerio de Minas y Energ\u00eda.<\/p>\n<p>La valoraci\u00f3n del impacto ambiental catalogado por personal de la corporaci\u00f3n de Codechoco\u0301, da cuenta de los da\u00f1os dejados por la miner\u00eda irracional mecanizada, adem\u00e1s de la afectaci\u00f3n al medio ambiente; a lo que se suma una serie de conflictos socioculturales que han desestabilizado a las comunidades y su convivencia pac\u00edfica, donde se evidencia pobreza y la actividad\u00a0de miner\u00eda ilegal.<\/p>\n<p>El Eje Tem\u00e1tico de Protecci\u00f3n de los Recursos Naturales y el Medio Ambiente adelanta investigaciones en contra de las organizaciones delincuenciales dedicadas a la explotaci\u00f3n il\u00edcita de yacimientos mineros y de m\u00e1s tipos penales relacionados con esta conducta.<\/p>\n<p>&nbsp;<\/p>\n<p>AAMZ\/DLBM<\/p>\n<p>&nbsp;<\/p>\n<p>AAMZ\/DLBM<\/p>\n\n<div class=\"twitter-share\"><a href=\"https:\/\/twitter.com\/intent\/tweet?via=fiscaliacol\" class=\"twitter-share-button\">Tweet<\/a><\/div>\n","protected":false},"excerpt":{"rendered":"<p>Como parte los esfuerzos del Estado en articular la investigaci\u00f3n y judicializaci\u00f3n del crimen organizado as\u00ed como los delitos contra el medio ambiente, fueron capturados en el departamento del Choc\u00f3, 9 supuestos integrantes de una organizaci\u00f3n criminal dedicada a la miner\u00eda ilegal. El operativo fue adelantado por el Sat\u00e9lite de Cali, del Eje Tem\u00e1tico de [&hellip;]<\/p>\n","protected":false},"author":143,"featured_media":0,"comment_status":"closed","ping_status":"open","sticky":false,"template":"","format":"standard","meta":{"_price":"","_stock":"","_tribe_ticket_header":"","_tribe_default_ticket_provider":"","_tribe_ticket_capacity":"0","_ticket_start_date":"","_ticket_end_date":"","_tribe_ticket_show_description":"","_tribe_ticket_show_not_going":false,"_tribe_ticket_use_global_stock":"","_tribe_ticket_global_stock_level":"","_global_stock_mode":"","_global_stock_cap":"","_tribe_rsvp_for_event":"","_tribe_ticket_going_count":"","_tribe_ticket_not_going_count":"","_tribe_tickets_list":"[]","_tribe_ticket_has_attendee_info_fields":false,"tdm_status":"","tdm_grid_status":"","footnotes":""},"categories":[1],"tags":[1365],"class_list":{"0":"post-79198","1":"post","2":"type-post","3":"status-publish","4":"format-standard","6":"category-noticias","7":"tag-mineria-ilegal"},"yoast_head":"<!-- This site is optimized with the Yoast SEO plugin v24.3 - https:\/\/yoast.com\/wordpress\/plugins\/seo\/ -->\n<title>Fiscal\u00eda General de la Naci\u00f3n<\/title>\n<meta name=\"description\" content=\"P\u00e1gina oficial de la Fiscal\u00eda General de la Naci\u00f3n \u2013 Colombia. Garantizamos el acceso efectivo a la justicia, la verdad y la reparaci\u00f3n de las v\u00edctimas de los delitos.\" \/>\n<meta name=\"robots\" content=\"noindex, follow\" \/>\n<meta property=\"og:locale\" content=\"es_ES\" \/>\n<meta property=\"og:type\" content=\"article\" \/>\n<meta property=\"og:title\" content=\"Fiscal\u00eda General de la Naci\u00f3n\" \/>\n<meta property=\"og:description\" content=\"P\u00e1gina oficial de la Fiscal\u00eda General de la Naci\u00f3n \u2013 Colombia. Garantizamos el acceso efectivo a la justicia, la verdad y la reparaci\u00f3n de las v\u00edctimas de los delitos.\" \/>\n<meta property=\"og:url\" content=\"https:\/\/www.fiscalia.gov.co\/colombia\/noticias\/capturados-9-integrantes-de-una-organizacion-criminal-de-mineria-ilegal-en-rio-cabi-choco\/\" \/>\n<meta property=\"og:site_name\" content=\"Fiscal\u00eda General de la Naci\u00f3n\" \/>\n<meta property=\"article:publisher\" content=\"https:\/\/www.facebook.com\/FiscaliaCol\" \/>\n<meta property=\"article:published_time\" content=\"2016-02-16T15:16:52+00:00\" \/>\n<meta property=\"article:modified_time\" content=\"2016-02-16T16:54:47+00:00\" \/>\n<meta name=\"author\" content=\"dfgordillo\" \/>\n<meta name=\"twitter:card\" content=\"summary_large_image\" \/>\n<meta name=\"twitter:creator\" content=\"@FiscaliaCol\" \/>\n<meta name=\"twitter:site\" content=\"@FiscaliaCol\" \/>\n<meta name=\"twitter:label1\" content=\"Escrito por\" \/>\n\t<meta name=\"twitter:data1\" content=\"dfgordillo\" \/>\n\t<meta name=\"twitter:label2\" content=\"Tiempo de lectura\" \/>\n\t<meta name=\"twitter:data2\" content=\"3 minutos\" \/>\n<script type=\"application\/ld+json\" class=\"yoast-schema-graph\">{\"@context\":\"https:\/\/schema.org\",\"@graph\":[{\"@type\":\"Article\",\"@id\":\"https:\/\/www.fiscalia.gov.co\/colombia\/noticias\/capturados-9-integrantes-de-una-organizacion-criminal-de-mineria-ilegal-en-rio-cabi-choco\/#article\",\"isPartOf\":{\"@id\":\"https:\/\/www.fiscalia.gov.co\/colombia\/noticias\/capturados-9-integrantes-de-una-organizacion-criminal-de-mineria-ilegal-en-rio-cabi-choco\/\"},\"author\":{\"name\":\"dfgordillo\",\"@id\":\"https:\/\/www.fiscalia.gov.co\/colombia\/#\/schema\/person\/3903856a3ce2d54b094c69eb29247895\"},\"headline\":\"Capturados 9 integrantes de una organizaci\u00f3n criminal de miner\u00eda ilegal en r\u00edo Cabi Choc\u00f3\",\"datePublished\":\"2016-02-16T15:16:52+00:00\",\"dateModified\":\"2016-02-16T16:54:47+00:00\",\"mainEntityOfPage\":{\"@id\":\"https:\/\/www.fiscalia.gov.co\/colombia\/noticias\/capturados-9-integrantes-de-una-organizacion-criminal-de-mineria-ilegal-en-rio-cabi-choco\/\"},\"wordCount\":660,\"publisher\":{\"@id\":\"https:\/\/www.fiscalia.gov.co\/colombia\/#organization\"},\"keywords\":[\"Miner\u00eda ilegal\"],\"articleSection\":[\"Noticias\"],\"inLanguage\":\"es-CO\"},{\"@type\":\"WebPage\",\"@id\":\"https:\/\/www.fiscalia.gov.co\/colombia\/noticias\/capturados-9-integrantes-de-una-organizacion-criminal-de-mineria-ilegal-en-rio-cabi-choco\/\",\"url\":\"https:\/\/www.fiscalia.gov.co\/colombia\/noticias\/capturados-9-integrantes-de-una-organizacion-criminal-de-mineria-ilegal-en-rio-cabi-choco\/\",\"name\":\"Fiscal\u00eda General de la Naci\u00f3n\",\"isPartOf\":{\"@id\":\"https:\/\/www.fiscalia.gov.co\/colombia\/#website\"},\"datePublished\":\"2016-02-16T15:16:52+00:00\",\"dateModified\":\"2016-02-16T16:54:47+00:00\",\"description\":\"P\u00e1gina oficial de la Fiscal\u00eda General de la Naci\u00f3n \u2013 Colombia. Garantizamos el acceso efectivo a la justicia, la verdad y la reparaci\u00f3n de las v\u00edctimas de los delitos.\",\"breadcrumb\":{\"@id\":\"https:\/\/www.fiscalia.gov.co\/colombia\/noticias\/capturados-9-integrantes-de-una-organizacion-criminal-de-mineria-ilegal-en-rio-cabi-choco\/#breadcrumb\"},\"inLanguage\":\"es-CO\",\"potentialAction\":[{\"@type\":\"ReadAction\",\"target\":[\"https:\/\/www.fiscalia.gov.co\/colombia\/noticias\/capturados-9-integrantes-de-una-organizacion-criminal-de-mineria-ilegal-en-rio-cabi-choco\/\"]}]},{\"@type\":\"BreadcrumbList\",\"@id\":\"https:\/\/www.fiscalia.gov.co\/colombia\/noticias\/capturados-9-integrantes-de-una-organizacion-criminal-de-mineria-ilegal-en-rio-cabi-choco\/#breadcrumb\",\"itemListElement\":[{\"@type\":\"ListItem\",\"position\":1,\"name\":\"Home\",\"item\":\"https:\/\/www.fiscalia.gov.co\/colombia\/\"},{\"@type\":\"ListItem\",\"position\":2,\"name\":\"Capturados 9 integrantes de una organizaci\u00f3n criminal de miner\u00eda ilegal en r\u00edo Cabi Choc\u00f3\"}]},{\"@type\":\"WebSite\",\"@id\":\"https:\/\/www.fiscalia.gov.co\/colombia\/#website\",\"url\":\"https:\/\/www.fiscalia.gov.co\/colombia\/\",\"name\":\"Fiscal\u00eda General de la Naci\u00f3n\",\"description\":\"P\u00e1gina oficial de la Fiscal\u00eda General de la Naci\u00f3n \u2013 Colombia. Garantizamos el acceso efectivo a la justicia, la verdad y la reparaci\u00f3n de las v\u00edctimas de los delitos.\",\"publisher\":{\"@id\":\"https:\/\/www.fiscalia.gov.co\/colombia\/#organization\"},\"potentialAction\":[{\"@type\":\"SearchAction\",\"target\":{\"@type\":\"EntryPoint\",\"urlTemplate\":\"https:\/\/www.fiscalia.gov.co\/colombia\/?s={search_term_string}\"},\"query-input\":{\"@type\":\"PropertyValueSpecification\",\"valueRequired\":true,\"valueName\":\"search_term_string\"}}],\"inLanguage\":\"es-CO\"},{\"@type\":\"Organization\",\"@id\":\"https:\/\/www.fiscalia.gov.co\/colombia\/#organization\",\"name\":\"Fiscal\u00eda General de la Naci\u00f3n\",\"url\":\"https:\/\/www.fiscalia.gov.co\/colombia\/\",\"logo\":{\"@type\":\"ImageObject\",\"inLanguage\":\"es-CO\",\"@id\":\"https:\/\/www.fiscalia.gov.co\/colombia\/#\/schema\/logo\/image\/\",\"url\":\"https:\/\/www.fiscalia.gov.co\/colombia\/wp-content\/uploads\/LogoHorizontal_1.jpg\",\"contentUrl\":\"https:\/\/www.fiscalia.gov.co\/colombia\/wp-content\/uploads\/LogoHorizontal_1.jpg\",\"width\":300,\"height\":90,\"caption\":\"Fiscal\u00eda General de la Naci\u00f3n\"},\"image\":{\"@id\":\"https:\/\/www.fiscalia.gov.co\/colombia\/#\/schema\/logo\/image\/\"},\"sameAs\":[\"https:\/\/www.facebook.com\/FiscaliaCol\",\"https:\/\/x.com\/FiscaliaCol\",\"https:\/\/www.instagram.com\/fiscaliacol\",\"https:\/\/www.linkedin.com\/company\/fiscalia-general-de-la-naci-n\/\",\"https:\/\/youtube.com\/@fiscaliageneraldelanacion-4668?si=6nN79nyQICPU5iTh\"]},{\"@type\":\"Person\",\"@id\":\"https:\/\/www.fiscalia.gov.co\/colombia\/#\/schema\/person\/3903856a3ce2d54b094c69eb29247895\",\"name\":\"dfgordillo\",\"image\":{\"@type\":\"ImageObject\",\"inLanguage\":\"es-CO\",\"@id\":\"https:\/\/www.fiscalia.gov.co\/colombia\/#\/schema\/person\/image\/\",\"url\":\"https:\/\/secure.gravatar.com\/avatar\/b6356e21c5657c60757fe6fb9493e947?s=96&d=mm&r=g\",\"contentUrl\":\"https:\/\/secure.gravatar.com\/avatar\/b6356e21c5657c60757fe6fb9493e947?s=96&d=mm&r=g\",\"caption\":\"dfgordillo\"},\"sameAs\":[\"dfgordillo\"],\"url\":\"https:\/\/www.fiscalia.gov.co\/colombia\/author\/dfgordillo\/\"}]}<\/script>\n<!-- \/ Yoast SEO plugin. -->","yoast_head_json":{"title":"Fiscal\u00eda General de la Naci\u00f3n","description":"P\u00e1gina oficial de la Fiscal\u00eda General de la Naci\u00f3n \u2013 Colombia. Garantizamos el acceso efectivo a la justicia, la verdad y la reparaci\u00f3n de las v\u00edctimas de los delitos.","robots":{"index":"noindex","follow":"follow"},"og_locale":"es_ES","og_type":"article","og_title":"Fiscal\u00eda General de la Naci\u00f3n","og_description":"P\u00e1gina oficial de la Fiscal\u00eda General de la Naci\u00f3n \u2013 Colombia. Garantizamos el acceso efectivo a la justicia, la verdad y la reparaci\u00f3n de las v\u00edctimas de los delitos.","og_url":"https:\/\/www.fiscalia.gov.co\/colombia\/noticias\/capturados-9-integrantes-de-una-organizacion-criminal-de-mineria-ilegal-en-rio-cabi-choco\/","og_site_name":"Fiscal\u00eda General de la Naci\u00f3n","article_publisher":"https:\/\/www.facebook.com\/FiscaliaCol","article_published_time":"2016-02-16T15:16:52+00:00","article_modified_time":"2016-02-16T16:54:47+00:00","author":"dfgordillo","twitter_card":"summary_large_image","twitter_creator":"@FiscaliaCol","twitter_site":"@FiscaliaCol","twitter_misc":{"Escrito por":"dfgordillo","Tiempo de lectura":"3 minutos"},"schema":{"@context":"https:\/\/schema.org","@graph":[{"@type":"Article","@id":"https:\/\/www.fiscalia.gov.co\/colombia\/noticias\/capturados-9-integrantes-de-una-organizacion-criminal-de-mineria-ilegal-en-rio-cabi-choco\/#article","isPartOf":{"@id":"https:\/\/www.fiscalia.gov.co\/colombia\/noticias\/capturados-9-integrantes-de-una-organizacion-criminal-de-mineria-ilegal-en-rio-cabi-choco\/"},"author":{"name":"dfgordillo","@id":"https:\/\/www.fiscalia.gov.co\/colombia\/#\/schema\/person\/3903856a3ce2d54b094c69eb29247895"},"headline":"Capturados 9 integrantes de una organizaci\u00f3n criminal de miner\u00eda ilegal en r\u00edo Cabi Choc\u00f3","datePublished":"2016-02-16T15:16:52+00:00","dateModified":"2016-02-16T16:54:47+00:00","mainEntityOfPage":{"@id":"https:\/\/www.fiscalia.gov.co\/colombia\/noticias\/capturados-9-integrantes-de-una-organizacion-criminal-de-mineria-ilegal-en-rio-cabi-choco\/"},"wordCount":660,"publisher":{"@id":"https:\/\/www.fiscalia.gov.co\/colombia\/#organization"},"keywords":["Miner\u00eda ilegal"],"articleSection":["Noticias"],"inLanguage":"es-CO"},{"@type":"WebPage","@id":"https:\/\/www.fiscalia.gov.co\/colombia\/noticias\/capturados-9-integrantes-de-una-organizacion-criminal-de-mineria-ilegal-en-rio-cabi-choco\/","url":"https:\/\/www.fiscalia.gov.co\/colombia\/noticias\/capturados-9-integrantes-de-una-organizacion-criminal-de-mineria-ilegal-en-rio-cabi-choco\/","name":"Fiscal\u00eda General de la Naci\u00f3n","isPartOf":{"@id":"https:\/\/www.fiscalia.gov.co\/colombia\/#website"},"datePublished":"2016-02-16T15:16:52+00:00","dateModified":"2016-02-16T16:54:47+00:00","description":"P\u00e1gina oficial de la Fiscal\u00eda General de la Naci\u00f3n \u2013 Colombia. Garantizamos el acceso efectivo a la justicia, la verdad y la reparaci\u00f3n de las v\u00edctimas de los delitos.","breadcrumb":{"@id":"https:\/\/www.fiscalia.gov.co\/colombia\/noticias\/capturados-9-integrantes-de-una-organizacion-criminal-de-mineria-ilegal-en-rio-cabi-choco\/#breadcrumb"},"inLanguage":"es-CO","potentialAction":[{"@type":"ReadAction","target":["https:\/\/www.fiscalia.gov.co\/colombia\/noticias\/capturados-9-integrantes-de-una-organizacion-criminal-de-mineria-ilegal-en-rio-cabi-choco\/"]}]},{"@type":"BreadcrumbList","@id":"https:\/\/www.fiscalia.gov.co\/colombia\/noticias\/capturados-9-integrantes-de-una-organizacion-criminal-de-mineria-ilegal-en-rio-cabi-choco\/#breadcrumb","itemListElement":[{"@type":"ListItem","position":1,"name":"Home","item":"https:\/\/www.fiscalia.gov.co\/colombia\/"},{"@type":"ListItem","position":2,"name":"Capturados 9 integrantes de una organizaci\u00f3n criminal de miner\u00eda ilegal en r\u00edo Cabi Choc\u00f3"}]},{"@type":"WebSite","@id":"https:\/\/www.fiscalia.gov.co\/colombia\/#website","url":"https:\/\/www.fiscalia.gov.co\/colombia\/","name":"Fiscal\u00eda General de la Naci\u00f3n","description":"P\u00e1gina oficial de la Fiscal\u00eda General de la Naci\u00f3n \u2013 Colombia. Garantizamos el acceso efectivo a la justicia, la verdad y la reparaci\u00f3n de las v\u00edctimas de los delitos.","publisher":{"@id":"https:\/\/www.fiscalia.gov.co\/colombia\/#organization"},"potentialAction":[{"@type":"SearchAction","target":{"@type":"EntryPoint","urlTemplate":"https:\/\/www.fiscalia.gov.co\/colombia\/?s={search_term_string}"},"query-input":{"@type":"PropertyValueSpecification","valueRequired":true,"valueName":"search_term_string"}}],"inLanguage":"es-CO"},{"@type":"Organization","@id":"https:\/\/www.fiscalia.gov.co\/colombia\/#organization","name":"Fiscal\u00eda General de la Naci\u00f3n","url":"https:\/\/www.fiscalia.gov.co\/colombia\/","logo":{"@type":"ImageObject","inLanguage":"es-CO","@id":"https:\/\/www.fiscalia.gov.co\/colombia\/#\/schema\/logo\/image\/","url":"https:\/\/www.fiscalia.gov.co\/colombia\/wp-content\/uploads\/LogoHorizontal_1.jpg","contentUrl":"https:\/\/www.fiscalia.gov.co\/colombia\/wp-content\/uploads\/LogoHorizontal_1.jpg","width":300,"height":90,"caption":"Fiscal\u00eda General de la Naci\u00f3n"},"image":{"@id":"https:\/\/www.fiscalia.gov.co\/colombia\/#\/schema\/logo\/image\/"},"sameAs":["https:\/\/www.facebook.com\/FiscaliaCol","https:\/\/x.com\/FiscaliaCol","https:\/\/www.instagram.com\/fiscaliacol","https:\/\/www.linkedin.com\/company\/fiscalia-general-de-la-naci-n\/","https:\/\/youtube.com\/@fiscaliageneraldelanacion-4668?si=6nN79nyQICPU5iTh"]},{"@type":"Person","@id":"https:\/\/www.fiscalia.gov.co\/colombia\/#\/schema\/person\/3903856a3ce2d54b094c69eb29247895","name":"dfgordillo","image":{"@type":"ImageObject","inLanguage":"es-CO","@id":"https:\/\/www.fiscalia.gov.co\/colombia\/#\/schema\/person\/image\/","url":"https:\/\/secure.gravatar.com\/avatar\/b6356e21c5657c60757fe6fb9493e947?s=96&d=mm&r=g","contentUrl":"https:\/\/secure.gravatar.com\/avatar\/b6356e21c5657c60757fe6fb9493e947?s=96&d=mm&r=g","caption":"dfgordillo"},"sameAs":["dfgordillo"],"url":"https:\/\/www.fiscalia.gov.co\/colombia\/author\/dfgordillo\/"}]}},"_links":{"self":[{"href":"https:\/\/www.fiscalia.gov.co\/colombia\/wp-json\/wp\/v2\/posts\/79198","targetHints":{"allow":["GET"]}}],"collection":[{"href":"https:\/\/www.fiscalia.gov.co\/colombia\/wp-json\/wp\/v2\/posts"}],"about":[{"href":"https:\/\/www.fiscalia.gov.co\/colombia\/wp-json\/wp\/v2\/types\/post"}],"author":[{"embeddable":true,"href":"https:\/\/www.fiscalia.gov.co\/colombia\/wp-json\/wp\/v2\/users\/143"}],"replies":[{"embeddable":true,"href":"https:\/\/www.fiscalia.gov.co\/colombia\/wp-json\/wp\/v2\/comments?post=79198"}],"version-history":[{"count":2,"href":"https:\/\/www.fiscalia.gov.co\/colombia\/wp-json\/wp\/v2\/posts\/79198\/revisions"}],"predecessor-version":[{"id":79224,"href":"https:\/\/www.fiscalia.gov.co\/colombia\/wp-json\/wp\/v2\/posts\/79198\/revisions\/79224"}],"wp:attachment":[{"href":"https:\/\/www.fiscalia.gov.co\/colombia\/wp-json\/wp\/v2\/media?parent=79198"}],"wp:term":[{"taxonomy":"category","embeddable":true,"href":"https:\/\/www.fiscalia.gov.co\/colombia\/wp-json\/wp\/v2\/categories?post=79198"},{"taxonomy":"post_tag","embeddable":true,"href":"https:\/\/www.fiscalia.gov.co\/colombia\/wp-json\/wp\/v2\/tags?post=79198"}],"curies":[{"name":"wp","href":"https:\/\/api.w.org\/{rel}","templated":true}]}}