{"id":76155,"date":"2015-11-26T14:06:26","date_gmt":"2015-11-26T19:06:26","guid":{"rendered":"http:\/\/www.fiscalia.gov.co\/colombia\/?p=76155"},"modified":"2015-11-26T14:06:26","modified_gmt":"2015-11-26T19:06:26","slug":"desmantelada-organizacion-criminal-los-lapeira-que-delinque-en-cienaga-magdalena","status":"publish","type":"post","link":"https:\/\/www.fiscalia.gov.co\/colombia\/noticias\/desmantelada-organizacion-criminal-los-lapeira-que-delinque-en-cienaga-magdalena\/","title":{"rendered":"Desmantelada organizaci\u00f3n criminal Los Lapeira que delinque en Ci\u00e9naga (Magdalena)"},"content":{"rendered":"<p>Investigadores de la Subdirecci\u00f3n Seccional CTI Magdalena, con el apoyo de las Seccionales del CTI Guajira, Atl\u00e1ntico, Cesar y Bol\u00edvar, as\u00ed como del Ej\u00e9rcito Nacional, mediante 21 diligencias de allanamiento y registro lograron desmantelar la organizaci\u00f3n criminal Los Lapeira, al servicio del Clan \u00dasuga, que delinque en el departamento del Magdalena.<\/p>\n<p>En estas diligencias se efectu\u00f3 la captura de 15 supuestos integrantes y 5 m\u00e1s fueron notificados en la c\u00e1rcel. Todos fueron judicializados por la comisi\u00f3n de extorsiones, homicidios y tr\u00e1fico de estupefacientes.<\/p>\n<p>Se estableci\u00f3 que precisamente, quienes est\u00e1n recluidos eran al parecer, los que realizaban las llamadas extorsivas y coordinaban otros hechos delictivos con el resto de esa organizaci\u00f3n.<\/p>\n<p>Catorce de las capturas se realizaron en Ci\u00e9naga (Magdalena) y una m\u00e1s en Valledupar (Cesar), mediante \u00f3rdenes judiciales.<\/p>\n<p>Uno de los capturados fue identificado como alias Keivan, detenido en Valledupar, se\u00f1alado de ser el cabecilla de la organizaci\u00f3n y encargado de ordenar desde esa ciudad acciones criminales entre las que se destacan el sicariato y amenazas para el pago de extorsiones.<\/p>\n<p>Tambi\u00e9n alias el Mono Leonardo, al parecer cabecilla de la banda en Ci\u00e9naga, ser\u00eda el encargado de entregar panfletos amenazantes a pobladores de esa ciudad, a quienes intimidaban oblig\u00e1ndolos a pagar extorsiones o atentando contra aquellos que se negaran a hacerlo.<\/p>\n<p>Por otra parte, fueron detenidos alias el Mono Pe\u00f1ate, encargado de recepcionar ilegalmente los dineros producto del pago de extorsiones; alias Patica, alias Juanch\u00edn, alias Pello el oj\u00f3n, \u00a0alias Roberto Junior, alias Jose, alias el Nene, alias la Santa, alias Yudis, \u00a0alias Margarita, alias Crispin, alias la Ole y\u00a0alias Smith.<\/p>\n<p>Los notificados en la c\u00e1rcel Rodrigo de Bastidas de Santa Marta, se\u00f1alados como cabecillas de la estructura criminal y quienes ser\u00e1n trasladados para imputaci\u00f3n de cargos, son: alias Francisco o Angelo, alias Happy, alias Pocho, alias Ricardito y alias Chichi.<\/p>\n<p>Durante los registros, a los capturados se les incautaron dos armas de fuego, 26 cartuchos de diferente calibre y marihuana.<\/p>\n<p>De acuerdo con la investigaci\u00f3n adelantada por el CTI, esta organizaci\u00f3n delincuencial basaba su accionar delictivo en la extorsi\u00f3n a comerciantes, productores de mango, tenderos, ferreteros, dep\u00f3sitos de materiales, bicitaxistas, mototaxistas, empleados de la alcald\u00eda, concejales, docentes, empleados de la multinacional Drumond residentes en Ci\u00e9naga y todas las personas que a criterio de ellos tuvieran que pagar la llamada \u2018vacuna\u2019. Asimismo, Los Lapeira cobraban extorsiones a los cienagueros que constru\u00edan alg\u00fan tipo de vivienda, ya fuera propia o ajena.<\/p>\n<p>A esta banda se le atribuyen los atentados perpetrados recientemente, como los cometidos contra los hermanos Moran, productores de mangos en la localidad de Ci\u00e9naga, a quienes intentaron asesinar el 2 de marzo de 2015 por el no pago de extorsiones; tambi\u00e9n el atentado al hijo del alcalde de Ci\u00e9naga, a quien le dispararon en repetidas ocasiones el d\u00eda 9 de septiembre de 2015; el atentado contra Luis Alberto N\u00fa\u00f1ez Garc\u00eda, conocido como Hippy, al cual hirieron con arma de fuego cuando se encontraba en la puerta de su vivienda en hechos ocurridos el 29 de octubre de 2015 por negarse al pago de las \u2018vacunas\u2019.<\/p>\n<p>Se determin\u00f3 que Los Lapeira lograban recaudar hasta 300 millones de pesos mensuales a trav\u00e9s de la extorsi\u00f3n.\u00a0Adem\u00e1s, se dedicaban a la distribuci\u00f3n de estupefacientes en las \u2018ollas\u2019 o expendios del municipio de Ci\u00e9naga y al homicidio selectivo.<\/p>\n<p>La banda habr\u00eda intimidado a la comunidad Cienaguera con la circulaci\u00f3n de dos panfletos firmados por el comandante Leonardo, uno de los cabecillas de dicha estructura criminal, donde amenazaban de muerte a comerciantes y productores de mango que se negaron a pagar las extorsiones, as\u00ed como a los comerciantes, escoltas del alcalde y el personal que colaborara con la justicia, d\u00e1ndoles un t\u00e9rmino de 48 horas para abandonar el municipio, si hac\u00edan caso omiso a su comunicado.<\/p>\n<p>El historial delictivo de esta organizaci\u00f3n tiene sus inicios en el a\u00f1o 2011, cuando se hac\u00edan llamar Los Paisas, que despu\u00e9s de su desarticulaci\u00f3n, se reorganiz\u00f3 haci\u00e9ndose llamar Los Rastrojos hasta que finalmente desapareci\u00f3 y de su reducto se conform\u00f3 Los Lapeira.<\/p>\n<p>Los capturados fueron dejados a disposici\u00f3n de las Fiscal\u00edas 19 Seccional de Santa Marta y Fiscal\u00eda 12 Especializada de Barranquilla, para las audiencias de legalizaci\u00f3n de captura, imputaci\u00f3n de cargos y solicitud de medida de aseguramiento en centro carcelario.<\/p>\n<p>&nbsp;<\/p>\n<p>NIGC\/DLBM<\/p>\n\n<div class=\"twitter-share\"><a href=\"https:\/\/twitter.com\/intent\/tweet?via=fiscaliacol\" class=\"twitter-share-button\">Tweet<\/a><\/div>\n","protected":false},"excerpt":{"rendered":"<p>Investigadores de la Subdirecci\u00f3n Seccional CTI Magdalena, con el apoyo de las Seccionales del CTI Guajira, Atl\u00e1ntico, Cesar y Bol\u00edvar, as\u00ed como del Ej\u00e9rcito Nacional, mediante 21 diligencias de allanamiento y registro lograron desmantelar la organizaci\u00f3n criminal Los Lapeira, al servicio del Clan \u00dasuga, que delinque en el departamento del Magdalena. En estas diligencias se [&hellip;]<\/p>\n","protected":false},"author":143,"featured_media":0,"comment_status":"closed","ping_status":"open","sticky":false,"template":"","format":"standard","meta":{"_price":"","_stock":"","_tribe_ticket_header":"","_tribe_default_ticket_provider":"","_tribe_ticket_capacity":"0","_ticket_start_date":"","_ticket_end_date":"","_tribe_ticket_show_description":"","_tribe_ticket_show_not_going":false,"_tribe_ticket_use_global_stock":"","_tribe_ticket_global_stock_level":"","_global_stock_mode":"","_global_stock_cap":"","_tribe_rsvp_for_event":"","_tribe_ticket_going_count":"","_tribe_ticket_not_going_count":"","_tribe_tickets_list":"[]","_tribe_ticket_has_attendee_info_fields":false,"tdm_status":"","tdm_grid_status":"","footnotes":""},"categories":[1],"tags":[305],"class_list":{"0":"post-76155","1":"post","2":"type-post","3":"status-publish","4":"format-standard","6":"category-noticias","7":"tag-bandas-criminales"},"yoast_head":"<!-- This site is optimized with the Yoast SEO plugin v24.3 - https:\/\/yoast.com\/wordpress\/plugins\/seo\/ -->\n<title>Fiscal\u00eda General de la Naci\u00f3n<\/title>\n<meta name=\"description\" content=\"P\u00e1gina oficial de la Fiscal\u00eda General de la Naci\u00f3n \u2013 Colombia. Garantizamos el acceso efectivo a la justicia, la verdad y la reparaci\u00f3n de las v\u00edctimas de los delitos.\" \/>\n<meta name=\"robots\" content=\"noindex, follow\" \/>\n<meta property=\"og:locale\" content=\"es_ES\" \/>\n<meta property=\"og:type\" content=\"article\" \/>\n<meta property=\"og:title\" content=\"Fiscal\u00eda General de la Naci\u00f3n\" \/>\n<meta property=\"og:description\" content=\"P\u00e1gina oficial de la Fiscal\u00eda General de la Naci\u00f3n \u2013 Colombia. Garantizamos el acceso efectivo a la justicia, la verdad y la reparaci\u00f3n de las v\u00edctimas de los delitos.\" \/>\n<meta property=\"og:url\" content=\"https:\/\/www.fiscalia.gov.co\/colombia\/noticias\/desmantelada-organizacion-criminal-los-lapeira-que-delinque-en-cienaga-magdalena\/\" \/>\n<meta property=\"og:site_name\" content=\"Fiscal\u00eda General de la Naci\u00f3n\" \/>\n<meta property=\"article:publisher\" content=\"https:\/\/www.facebook.com\/FiscaliaCol\" \/>\n<meta property=\"article:published_time\" content=\"2015-11-26T19:06:26+00:00\" \/>\n<meta name=\"author\" content=\"dfgordillo\" \/>\n<meta name=\"twitter:card\" content=\"summary_large_image\" \/>\n<meta name=\"twitter:creator\" content=\"@FiscaliaCol\" \/>\n<meta name=\"twitter:site\" content=\"@FiscaliaCol\" \/>\n<meta name=\"twitter:label1\" content=\"Escrito por\" \/>\n\t<meta name=\"twitter:data1\" content=\"dfgordillo\" \/>\n\t<meta name=\"twitter:label2\" content=\"Tiempo de lectura\" \/>\n\t<meta name=\"twitter:data2\" content=\"4 minutos\" \/>\n<script type=\"application\/ld+json\" class=\"yoast-schema-graph\">{\"@context\":\"https:\/\/schema.org\",\"@graph\":[{\"@type\":\"Article\",\"@id\":\"https:\/\/www.fiscalia.gov.co\/colombia\/noticias\/desmantelada-organizacion-criminal-los-lapeira-que-delinque-en-cienaga-magdalena\/#article\",\"isPartOf\":{\"@id\":\"https:\/\/www.fiscalia.gov.co\/colombia\/noticias\/desmantelada-organizacion-criminal-los-lapeira-que-delinque-en-cienaga-magdalena\/\"},\"author\":{\"name\":\"dfgordillo\",\"@id\":\"https:\/\/www.fiscalia.gov.co\/colombia\/#\/schema\/person\/3903856a3ce2d54b094c69eb29247895\"},\"headline\":\"Desmantelada organizaci\u00f3n criminal Los Lapeira que delinque en Ci\u00e9naga (Magdalena)\",\"datePublished\":\"2015-11-26T19:06:26+00:00\",\"dateModified\":\"2015-11-26T19:06:26+00:00\",\"mainEntityOfPage\":{\"@id\":\"https:\/\/www.fiscalia.gov.co\/colombia\/noticias\/desmantelada-organizacion-criminal-los-lapeira-que-delinque-en-cienaga-magdalena\/\"},\"wordCount\":766,\"publisher\":{\"@id\":\"https:\/\/www.fiscalia.gov.co\/colombia\/#organization\"},\"keywords\":[\"Bandas criminales\"],\"articleSection\":[\"Noticias\"],\"inLanguage\":\"es-CO\"},{\"@type\":\"WebPage\",\"@id\":\"https:\/\/www.fiscalia.gov.co\/colombia\/noticias\/desmantelada-organizacion-criminal-los-lapeira-que-delinque-en-cienaga-magdalena\/\",\"url\":\"https:\/\/www.fiscalia.gov.co\/colombia\/noticias\/desmantelada-organizacion-criminal-los-lapeira-que-delinque-en-cienaga-magdalena\/\",\"name\":\"Fiscal\u00eda General de la Naci\u00f3n\",\"isPartOf\":{\"@id\":\"https:\/\/www.fiscalia.gov.co\/colombia\/#website\"},\"datePublished\":\"2015-11-26T19:06:26+00:00\",\"dateModified\":\"2015-11-26T19:06:26+00:00\",\"description\":\"P\u00e1gina oficial de la Fiscal\u00eda General de la Naci\u00f3n \u2013 Colombia. Garantizamos el acceso efectivo a la justicia, la verdad y la reparaci\u00f3n de las v\u00edctimas de los delitos.\",\"breadcrumb\":{\"@id\":\"https:\/\/www.fiscalia.gov.co\/colombia\/noticias\/desmantelada-organizacion-criminal-los-lapeira-que-delinque-en-cienaga-magdalena\/#breadcrumb\"},\"inLanguage\":\"es-CO\",\"potentialAction\":[{\"@type\":\"ReadAction\",\"target\":[\"https:\/\/www.fiscalia.gov.co\/colombia\/noticias\/desmantelada-organizacion-criminal-los-lapeira-que-delinque-en-cienaga-magdalena\/\"]}]},{\"@type\":\"BreadcrumbList\",\"@id\":\"https:\/\/www.fiscalia.gov.co\/colombia\/noticias\/desmantelada-organizacion-criminal-los-lapeira-que-delinque-en-cienaga-magdalena\/#breadcrumb\",\"itemListElement\":[{\"@type\":\"ListItem\",\"position\":1,\"name\":\"Home\",\"item\":\"https:\/\/www.fiscalia.gov.co\/colombia\/\"},{\"@type\":\"ListItem\",\"position\":2,\"name\":\"Desmantelada organizaci\u00f3n criminal Los Lapeira que delinque en Ci\u00e9naga (Magdalena)\"}]},{\"@type\":\"WebSite\",\"@id\":\"https:\/\/www.fiscalia.gov.co\/colombia\/#website\",\"url\":\"https:\/\/www.fiscalia.gov.co\/colombia\/\",\"name\":\"Fiscal\u00eda General de la Naci\u00f3n\",\"description\":\"P\u00e1gina oficial de la Fiscal\u00eda General de la Naci\u00f3n \u2013 Colombia. Garantizamos el acceso efectivo a la justicia, la verdad y la reparaci\u00f3n de las v\u00edctimas de los delitos.\",\"publisher\":{\"@id\":\"https:\/\/www.fiscalia.gov.co\/colombia\/#organization\"},\"potentialAction\":[{\"@type\":\"SearchAction\",\"target\":{\"@type\":\"EntryPoint\",\"urlTemplate\":\"https:\/\/www.fiscalia.gov.co\/colombia\/?s={search_term_string}\"},\"query-input\":{\"@type\":\"PropertyValueSpecification\",\"valueRequired\":true,\"valueName\":\"search_term_string\"}}],\"inLanguage\":\"es-CO\"},{\"@type\":\"Organization\",\"@id\":\"https:\/\/www.fiscalia.gov.co\/colombia\/#organization\",\"name\":\"Fiscal\u00eda General de la Naci\u00f3n\",\"url\":\"https:\/\/www.fiscalia.gov.co\/colombia\/\",\"logo\":{\"@type\":\"ImageObject\",\"inLanguage\":\"es-CO\",\"@id\":\"https:\/\/www.fiscalia.gov.co\/colombia\/#\/schema\/logo\/image\/\",\"url\":\"https:\/\/www.fiscalia.gov.co\/colombia\/wp-content\/uploads\/LogoHorizontal_1.jpg\",\"contentUrl\":\"https:\/\/www.fiscalia.gov.co\/colombia\/wp-content\/uploads\/LogoHorizontal_1.jpg\",\"width\":300,\"height\":90,\"caption\":\"Fiscal\u00eda General de la Naci\u00f3n\"},\"image\":{\"@id\":\"https:\/\/www.fiscalia.gov.co\/colombia\/#\/schema\/logo\/image\/\"},\"sameAs\":[\"https:\/\/www.facebook.com\/FiscaliaCol\",\"https:\/\/x.com\/FiscaliaCol\",\"https:\/\/www.instagram.com\/fiscaliacol\",\"https:\/\/www.linkedin.com\/company\/fiscalia-general-de-la-naci-n\/\",\"https:\/\/youtube.com\/@fiscaliageneraldelanacion-4668?si=6nN79nyQICPU5iTh\"]},{\"@type\":\"Person\",\"@id\":\"https:\/\/www.fiscalia.gov.co\/colombia\/#\/schema\/person\/3903856a3ce2d54b094c69eb29247895\",\"name\":\"dfgordillo\",\"image\":{\"@type\":\"ImageObject\",\"inLanguage\":\"es-CO\",\"@id\":\"https:\/\/www.fiscalia.gov.co\/colombia\/#\/schema\/person\/image\/\",\"url\":\"https:\/\/secure.gravatar.com\/avatar\/b6356e21c5657c60757fe6fb9493e947?s=96&d=mm&r=g\",\"contentUrl\":\"https:\/\/secure.gravatar.com\/avatar\/b6356e21c5657c60757fe6fb9493e947?s=96&d=mm&r=g\",\"caption\":\"dfgordillo\"},\"sameAs\":[\"dfgordillo\"],\"url\":\"https:\/\/www.fiscalia.gov.co\/colombia\/author\/dfgordillo\/\"}]}<\/script>\n<!-- \/ Yoast SEO plugin. -->","yoast_head_json":{"title":"Fiscal\u00eda General de la Naci\u00f3n","description":"P\u00e1gina oficial de la Fiscal\u00eda General de la Naci\u00f3n \u2013 Colombia. Garantizamos el acceso efectivo a la justicia, la verdad y la reparaci\u00f3n de las v\u00edctimas de los delitos.","robots":{"index":"noindex","follow":"follow"},"og_locale":"es_ES","og_type":"article","og_title":"Fiscal\u00eda General de la Naci\u00f3n","og_description":"P\u00e1gina oficial de la Fiscal\u00eda General de la Naci\u00f3n \u2013 Colombia. Garantizamos el acceso efectivo a la justicia, la verdad y la reparaci\u00f3n de las v\u00edctimas de los delitos.","og_url":"https:\/\/www.fiscalia.gov.co\/colombia\/noticias\/desmantelada-organizacion-criminal-los-lapeira-que-delinque-en-cienaga-magdalena\/","og_site_name":"Fiscal\u00eda General de la Naci\u00f3n","article_publisher":"https:\/\/www.facebook.com\/FiscaliaCol","article_published_time":"2015-11-26T19:06:26+00:00","author":"dfgordillo","twitter_card":"summary_large_image","twitter_creator":"@FiscaliaCol","twitter_site":"@FiscaliaCol","twitter_misc":{"Escrito por":"dfgordillo","Tiempo de lectura":"4 minutos"},"schema":{"@context":"https:\/\/schema.org","@graph":[{"@type":"Article","@id":"https:\/\/www.fiscalia.gov.co\/colombia\/noticias\/desmantelada-organizacion-criminal-los-lapeira-que-delinque-en-cienaga-magdalena\/#article","isPartOf":{"@id":"https:\/\/www.fiscalia.gov.co\/colombia\/noticias\/desmantelada-organizacion-criminal-los-lapeira-que-delinque-en-cienaga-magdalena\/"},"author":{"name":"dfgordillo","@id":"https:\/\/www.fiscalia.gov.co\/colombia\/#\/schema\/person\/3903856a3ce2d54b094c69eb29247895"},"headline":"Desmantelada organizaci\u00f3n criminal Los Lapeira que delinque en Ci\u00e9naga (Magdalena)","datePublished":"2015-11-26T19:06:26+00:00","dateModified":"2015-11-26T19:06:26+00:00","mainEntityOfPage":{"@id":"https:\/\/www.fiscalia.gov.co\/colombia\/noticias\/desmantelada-organizacion-criminal-los-lapeira-que-delinque-en-cienaga-magdalena\/"},"wordCount":766,"publisher":{"@id":"https:\/\/www.fiscalia.gov.co\/colombia\/#organization"},"keywords":["Bandas criminales"],"articleSection":["Noticias"],"inLanguage":"es-CO"},{"@type":"WebPage","@id":"https:\/\/www.fiscalia.gov.co\/colombia\/noticias\/desmantelada-organizacion-criminal-los-lapeira-que-delinque-en-cienaga-magdalena\/","url":"https:\/\/www.fiscalia.gov.co\/colombia\/noticias\/desmantelada-organizacion-criminal-los-lapeira-que-delinque-en-cienaga-magdalena\/","name":"Fiscal\u00eda General de la Naci\u00f3n","isPartOf":{"@id":"https:\/\/www.fiscalia.gov.co\/colombia\/#website"},"datePublished":"2015-11-26T19:06:26+00:00","dateModified":"2015-11-26T19:06:26+00:00","description":"P\u00e1gina oficial de la Fiscal\u00eda General de la Naci\u00f3n \u2013 Colombia. Garantizamos el acceso efectivo a la justicia, la verdad y la reparaci\u00f3n de las v\u00edctimas de los delitos.","breadcrumb":{"@id":"https:\/\/www.fiscalia.gov.co\/colombia\/noticias\/desmantelada-organizacion-criminal-los-lapeira-que-delinque-en-cienaga-magdalena\/#breadcrumb"},"inLanguage":"es-CO","potentialAction":[{"@type":"ReadAction","target":["https:\/\/www.fiscalia.gov.co\/colombia\/noticias\/desmantelada-organizacion-criminal-los-lapeira-que-delinque-en-cienaga-magdalena\/"]}]},{"@type":"BreadcrumbList","@id":"https:\/\/www.fiscalia.gov.co\/colombia\/noticias\/desmantelada-organizacion-criminal-los-lapeira-que-delinque-en-cienaga-magdalena\/#breadcrumb","itemListElement":[{"@type":"ListItem","position":1,"name":"Home","item":"https:\/\/www.fiscalia.gov.co\/colombia\/"},{"@type":"ListItem","position":2,"name":"Desmantelada organizaci\u00f3n criminal Los Lapeira que delinque en Ci\u00e9naga (Magdalena)"}]},{"@type":"WebSite","@id":"https:\/\/www.fiscalia.gov.co\/colombia\/#website","url":"https:\/\/www.fiscalia.gov.co\/colombia\/","name":"Fiscal\u00eda General de la Naci\u00f3n","description":"P\u00e1gina oficial de la Fiscal\u00eda General de la Naci\u00f3n \u2013 Colombia. Garantizamos el acceso efectivo a la justicia, la verdad y la reparaci\u00f3n de las v\u00edctimas de los delitos.","publisher":{"@id":"https:\/\/www.fiscalia.gov.co\/colombia\/#organization"},"potentialAction":[{"@type":"SearchAction","target":{"@type":"EntryPoint","urlTemplate":"https:\/\/www.fiscalia.gov.co\/colombia\/?s={search_term_string}"},"query-input":{"@type":"PropertyValueSpecification","valueRequired":true,"valueName":"search_term_string"}}],"inLanguage":"es-CO"},{"@type":"Organization","@id":"https:\/\/www.fiscalia.gov.co\/colombia\/#organization","name":"Fiscal\u00eda General de la Naci\u00f3n","url":"https:\/\/www.fiscalia.gov.co\/colombia\/","logo":{"@type":"ImageObject","inLanguage":"es-CO","@id":"https:\/\/www.fiscalia.gov.co\/colombia\/#\/schema\/logo\/image\/","url":"https:\/\/www.fiscalia.gov.co\/colombia\/wp-content\/uploads\/LogoHorizontal_1.jpg","contentUrl":"https:\/\/www.fiscalia.gov.co\/colombia\/wp-content\/uploads\/LogoHorizontal_1.jpg","width":300,"height":90,"caption":"Fiscal\u00eda General de la Naci\u00f3n"},"image":{"@id":"https:\/\/www.fiscalia.gov.co\/colombia\/#\/schema\/logo\/image\/"},"sameAs":["https:\/\/www.facebook.com\/FiscaliaCol","https:\/\/x.com\/FiscaliaCol","https:\/\/www.instagram.com\/fiscaliacol","https:\/\/www.linkedin.com\/company\/fiscalia-general-de-la-naci-n\/","https:\/\/youtube.com\/@fiscaliageneraldelanacion-4668?si=6nN79nyQICPU5iTh"]},{"@type":"Person","@id":"https:\/\/www.fiscalia.gov.co\/colombia\/#\/schema\/person\/3903856a3ce2d54b094c69eb29247895","name":"dfgordillo","image":{"@type":"ImageObject","inLanguage":"es-CO","@id":"https:\/\/www.fiscalia.gov.co\/colombia\/#\/schema\/person\/image\/","url":"https:\/\/secure.gravatar.com\/avatar\/b6356e21c5657c60757fe6fb9493e947?s=96&d=mm&r=g","contentUrl":"https:\/\/secure.gravatar.com\/avatar\/b6356e21c5657c60757fe6fb9493e947?s=96&d=mm&r=g","caption":"dfgordillo"},"sameAs":["dfgordillo"],"url":"https:\/\/www.fiscalia.gov.co\/colombia\/author\/dfgordillo\/"}]}},"_links":{"self":[{"href":"https:\/\/www.fiscalia.gov.co\/colombia\/wp-json\/wp\/v2\/posts\/76155","targetHints":{"allow":["GET"]}}],"collection":[{"href":"https:\/\/www.fiscalia.gov.co\/colombia\/wp-json\/wp\/v2\/posts"}],"about":[{"href":"https:\/\/www.fiscalia.gov.co\/colombia\/wp-json\/wp\/v2\/types\/post"}],"author":[{"embeddable":true,"href":"https:\/\/www.fiscalia.gov.co\/colombia\/wp-json\/wp\/v2\/users\/143"}],"replies":[{"embeddable":true,"href":"https:\/\/www.fiscalia.gov.co\/colombia\/wp-json\/wp\/v2\/comments?post=76155"}],"version-history":[{"count":2,"href":"https:\/\/www.fiscalia.gov.co\/colombia\/wp-json\/wp\/v2\/posts\/76155\/revisions"}],"predecessor-version":[{"id":76158,"href":"https:\/\/www.fiscalia.gov.co\/colombia\/wp-json\/wp\/v2\/posts\/76155\/revisions\/76158"}],"wp:attachment":[{"href":"https:\/\/www.fiscalia.gov.co\/colombia\/wp-json\/wp\/v2\/media?parent=76155"}],"wp:term":[{"taxonomy":"category","embeddable":true,"href":"https:\/\/www.fiscalia.gov.co\/colombia\/wp-json\/wp\/v2\/categories?post=76155"},{"taxonomy":"post_tag","embeddable":true,"href":"https:\/\/www.fiscalia.gov.co\/colombia\/wp-json\/wp\/v2\/tags?post=76155"}],"curies":[{"name":"wp","href":"https:\/\/api.w.org\/{rel}","templated":true}]}}