{"id":74526,"date":"2015-10-23T17:40:02","date_gmt":"2015-10-23T22:40:02","guid":{"rendered":"http:\/\/www.fiscalia.gov.co\/colombia\/?p=74526"},"modified":"2015-10-23T17:40:02","modified_gmt":"2015-10-23T22:40:02","slug":"cti-y-ejercito-capturan-a-cabecilla-del-clan-usuga-y-sus-tres-escoltas","status":"publish","type":"post","link":"https:\/\/www.fiscalia.gov.co\/colombia\/noticias\/cti-y-ejercito-capturan-a-cabecilla-del-clan-usuga-y-sus-tres-escoltas\/","title":{"rendered":"CTI y Ej\u00e9rcito capturan a cabecilla del Clan \u00dasuga y sus tres escoltas"},"content":{"rendered":"<p>El presunto cabecilla de la estructura criminal Clan \u00dasuga, al servicio de la banda Los Pachenca, y sus tres escoltas, fueron capturados en la finca Las Palmas, vereda San Salvador, corregimiento de Palomino en el municipio de Dibuya (La Guajira), por investigadores de la Subdirecci\u00f3n Seccional de Polic\u00eda Judicial CTI Magdalena y tropas del Ej\u00e9rcito.<\/p>\n<p>Las aprehensiones fueron materializadas en diligencias de allanamiento y registro ordenadas por la Fiscal\u00eda 12 Especializada, con apoyo de la Fiscal\u00eda 19 Seccional de Santa Marta.<\/p>\n<p>Se trata de Rey Orlando L\u00f3pez Y\u00e1nez, alias Perreo, natural de C\u00f3rdoba y quien al parecer ejerc\u00eda su actividad il\u00edcita en el municipio de Dibuya, para la organizaci\u00f3n delincuencial Los Pachencas, en cabeza de Jes\u00fas Mar\u00eda Aguirre Gallego, alias Chucho Mercanc\u00eda.<\/p>\n<p>L\u00f3pez Y\u00e1nez tiene adem\u00e1s dos \u00f3rdenes de captura por el delito de concierto para delinquir con fines de extorsi\u00f3n y homicidio, de acuerdo con las investigaciones que adelantan la Fiscal\u00eda 49 Especializada de Crimen Organizado y la Fiscal\u00eda 3 Seccional de Riohacha, por el triple homicidio de una familia, en hechos ocurridos en agosto de 2013, en el corregimiento Cerro Verde, jurisdicci\u00f3n de Palomino. Asimismo, registra una m\u00e1s por tr\u00e1fico, porte ilegal de armas y municiones, que tiene la Fiscal\u00eda 1 Seccional de Maicao (La Guajira).<\/p>\n<p>De acuerdo con los investigadores del CTI Magdalena, alias Perreo es desmovilizado del Bloque Norte de Resistencia Tayrona y quien despu\u00e9s de la muerte de alias Gomelo, al parecer qued\u00f3 al mando de la estructura de Los Urabe\u00f1os, hoy Clan \u00dasuga\u2019, desempe\u00f1\u00e1ndose como jefe militar.<\/p>\n<p>Se logr\u00f3 establecer que despu\u00e9s de la operaci\u00f3n realizada el 27 de abril de 2015 contra la organizaci\u00f3n de alias Chucho Mercanc\u00eda, alias Perreo empez\u00f3 a trabajar con Los Pachencas y ten\u00eda 25 personas bajo su mando, con injerencia en el corregimiento de Buritaca (Magdalena), el municipio de Dibuya (La Guajira) y todos los corregimientos aleda\u00f1os hasta Riohacha.<\/p>\n<p>Por otra parte, sus tres escoltas, tambi\u00e9n aprehendidos en flagrancia, fueron identificados como Carlos Antonio Espitia Gonz\u00e1lez, alias To\u00f1o; Cristian Andr\u00e9s Caraballo Mu\u00f1oz, alias Caballo y Luis Dar\u00edo L\u00f3pez Cardona, alias Dar\u00edo; por el delito de tr\u00e1fico, fabricaci\u00f3n y porte de armas de fuego y municiones.<\/p>\n<p>Durante los allanamientos las autoridades se incautaron de dos armas de fuego y municiones para las mismas.<\/p>\n<p>Un juez con funciones de garant\u00edas de Santa Marta imparti\u00f3 legalidad a las capturas de los procesados. A esta hora contin\u00faan las audiencias de imputaci\u00f3n y solicitud de medida de aseguramiento en el complejo judicial de Santa Marta.<\/p>\n<p>NIGC\/DLBM<\/p>\n\n<div class=\"twitter-share\"><a href=\"https:\/\/twitter.com\/intent\/tweet?via=fiscaliacol\" class=\"twitter-share-button\">Tweet<\/a><\/div>\n","protected":false},"excerpt":{"rendered":"<p>El presunto cabecilla de la estructura criminal Clan \u00dasuga, al servicio de la banda Los Pachenca, y sus tres escoltas, fueron capturados en la finca Las Palmas, vereda San Salvador, corregimiento de Palomino en el municipio de Dibuya (La Guajira), por investigadores de la Subdirecci\u00f3n Seccional de Polic\u00eda Judicial CTI Magdalena y tropas del Ej\u00e9rcito. [&hellip;]<\/p>\n","protected":false},"author":143,"featured_media":0,"comment_status":"closed","ping_status":"open","sticky":false,"template":"","format":"standard","meta":{"_price":"","_stock":"","_tribe_ticket_header":"","_tribe_default_ticket_provider":"","_tribe_ticket_capacity":"0","_ticket_start_date":"","_ticket_end_date":"","_tribe_ticket_show_description":"","_tribe_ticket_show_not_going":false,"_tribe_ticket_use_global_stock":"","_tribe_ticket_global_stock_level":"","_global_stock_mode":"","_global_stock_cap":"","_tribe_rsvp_for_event":"","_tribe_ticket_going_count":"","_tribe_ticket_not_going_count":"","_tribe_tickets_list":"[]","_tribe_ticket_has_attendee_info_fields":false,"tdm_status":"","tdm_grid_status":"","footnotes":""},"categories":[1],"tags":[24048],"class_list":{"0":"post-74526","1":"post","2":"type-post","3":"status-publish","4":"format-standard","6":"category-noticias","7":"tag-clan-usuga"},"yoast_head":"<!-- This site is optimized with the Yoast SEO plugin v24.3 - https:\/\/yoast.com\/wordpress\/plugins\/seo\/ -->\n<title>Fiscal\u00eda General de la Naci\u00f3n<\/title>\n<meta name=\"description\" content=\"P\u00e1gina oficial de la Fiscal\u00eda General de la Naci\u00f3n \u2013 Colombia. Garantizamos el acceso efectivo a la justicia, la verdad y la reparaci\u00f3n de las v\u00edctimas de los delitos.\" \/>\n<meta name=\"robots\" content=\"noindex, follow\" \/>\n<meta property=\"og:locale\" content=\"es_ES\" \/>\n<meta property=\"og:type\" content=\"article\" \/>\n<meta property=\"og:title\" content=\"Fiscal\u00eda General de la Naci\u00f3n\" \/>\n<meta property=\"og:description\" content=\"P\u00e1gina oficial de la Fiscal\u00eda General de la Naci\u00f3n \u2013 Colombia. Garantizamos el acceso efectivo a la justicia, la verdad y la reparaci\u00f3n de las v\u00edctimas de los delitos.\" \/>\n<meta property=\"og:url\" content=\"https:\/\/www.fiscalia.gov.co\/colombia\/noticias\/cti-y-ejercito-capturan-a-cabecilla-del-clan-usuga-y-sus-tres-escoltas\/\" \/>\n<meta property=\"og:site_name\" content=\"Fiscal\u00eda General de la Naci\u00f3n\" \/>\n<meta property=\"article:publisher\" content=\"https:\/\/www.facebook.com\/FiscaliaCol\" \/>\n<meta property=\"article:published_time\" content=\"2015-10-23T22:40:02+00:00\" \/>\n<meta name=\"author\" content=\"dfgordillo\" \/>\n<meta name=\"twitter:card\" content=\"summary_large_image\" \/>\n<meta name=\"twitter:creator\" content=\"@FiscaliaCol\" \/>\n<meta name=\"twitter:site\" content=\"@FiscaliaCol\" \/>\n<meta name=\"twitter:label1\" content=\"Escrito por\" \/>\n\t<meta name=\"twitter:data1\" content=\"dfgordillo\" \/>\n\t<meta name=\"twitter:label2\" content=\"Tiempo de lectura\" \/>\n\t<meta name=\"twitter:data2\" content=\"2 minutos\" \/>\n<script type=\"application\/ld+json\" class=\"yoast-schema-graph\">{\"@context\":\"https:\/\/schema.org\",\"@graph\":[{\"@type\":\"Article\",\"@id\":\"https:\/\/www.fiscalia.gov.co\/colombia\/noticias\/cti-y-ejercito-capturan-a-cabecilla-del-clan-usuga-y-sus-tres-escoltas\/#article\",\"isPartOf\":{\"@id\":\"https:\/\/www.fiscalia.gov.co\/colombia\/noticias\/cti-y-ejercito-capturan-a-cabecilla-del-clan-usuga-y-sus-tres-escoltas\/\"},\"author\":{\"name\":\"dfgordillo\",\"@id\":\"https:\/\/www.fiscalia.gov.co\/colombia\/#\/schema\/person\/3903856a3ce2d54b094c69eb29247895\"},\"headline\":\"CTI y Ej\u00e9rcito capturan a cabecilla del Clan \u00dasuga y sus tres escoltas\",\"datePublished\":\"2015-10-23T22:40:02+00:00\",\"dateModified\":\"2015-10-23T22:40:02+00:00\",\"mainEntityOfPage\":{\"@id\":\"https:\/\/www.fiscalia.gov.co\/colombia\/noticias\/cti-y-ejercito-capturan-a-cabecilla-del-clan-usuga-y-sus-tres-escoltas\/\"},\"wordCount\":465,\"publisher\":{\"@id\":\"https:\/\/www.fiscalia.gov.co\/colombia\/#organization\"},\"keywords\":[\"Clan \u00dasuga\"],\"articleSection\":[\"Noticias\"],\"inLanguage\":\"es-CO\"},{\"@type\":\"WebPage\",\"@id\":\"https:\/\/www.fiscalia.gov.co\/colombia\/noticias\/cti-y-ejercito-capturan-a-cabecilla-del-clan-usuga-y-sus-tres-escoltas\/\",\"url\":\"https:\/\/www.fiscalia.gov.co\/colombia\/noticias\/cti-y-ejercito-capturan-a-cabecilla-del-clan-usuga-y-sus-tres-escoltas\/\",\"name\":\"Fiscal\u00eda General de la Naci\u00f3n\",\"isPartOf\":{\"@id\":\"https:\/\/www.fiscalia.gov.co\/colombia\/#website\"},\"datePublished\":\"2015-10-23T22:40:02+00:00\",\"dateModified\":\"2015-10-23T22:40:02+00:00\",\"description\":\"P\u00e1gina oficial de la Fiscal\u00eda General de la Naci\u00f3n \u2013 Colombia. Garantizamos el acceso efectivo a la justicia, la verdad y la reparaci\u00f3n de las v\u00edctimas de los delitos.\",\"breadcrumb\":{\"@id\":\"https:\/\/www.fiscalia.gov.co\/colombia\/noticias\/cti-y-ejercito-capturan-a-cabecilla-del-clan-usuga-y-sus-tres-escoltas\/#breadcrumb\"},\"inLanguage\":\"es-CO\",\"potentialAction\":[{\"@type\":\"ReadAction\",\"target\":[\"https:\/\/www.fiscalia.gov.co\/colombia\/noticias\/cti-y-ejercito-capturan-a-cabecilla-del-clan-usuga-y-sus-tres-escoltas\/\"]}]},{\"@type\":\"BreadcrumbList\",\"@id\":\"https:\/\/www.fiscalia.gov.co\/colombia\/noticias\/cti-y-ejercito-capturan-a-cabecilla-del-clan-usuga-y-sus-tres-escoltas\/#breadcrumb\",\"itemListElement\":[{\"@type\":\"ListItem\",\"position\":1,\"name\":\"Home\",\"item\":\"https:\/\/www.fiscalia.gov.co\/colombia\/\"},{\"@type\":\"ListItem\",\"position\":2,\"name\":\"CTI y Ej\u00e9rcito capturan a cabecilla del Clan \u00dasuga y sus tres escoltas\"}]},{\"@type\":\"WebSite\",\"@id\":\"https:\/\/www.fiscalia.gov.co\/colombia\/#website\",\"url\":\"https:\/\/www.fiscalia.gov.co\/colombia\/\",\"name\":\"Fiscal\u00eda General de la Naci\u00f3n\",\"description\":\"P\u00e1gina oficial de la Fiscal\u00eda General de la Naci\u00f3n \u2013 Colombia. Garantizamos el acceso efectivo a la justicia, la verdad y la reparaci\u00f3n de las v\u00edctimas de los delitos.\",\"publisher\":{\"@id\":\"https:\/\/www.fiscalia.gov.co\/colombia\/#organization\"},\"potentialAction\":[{\"@type\":\"SearchAction\",\"target\":{\"@type\":\"EntryPoint\",\"urlTemplate\":\"https:\/\/www.fiscalia.gov.co\/colombia\/?s={search_term_string}\"},\"query-input\":{\"@type\":\"PropertyValueSpecification\",\"valueRequired\":true,\"valueName\":\"search_term_string\"}}],\"inLanguage\":\"es-CO\"},{\"@type\":\"Organization\",\"@id\":\"https:\/\/www.fiscalia.gov.co\/colombia\/#organization\",\"name\":\"Fiscal\u00eda General de la Naci\u00f3n\",\"url\":\"https:\/\/www.fiscalia.gov.co\/colombia\/\",\"logo\":{\"@type\":\"ImageObject\",\"inLanguage\":\"es-CO\",\"@id\":\"https:\/\/www.fiscalia.gov.co\/colombia\/#\/schema\/logo\/image\/\",\"url\":\"https:\/\/www.fiscalia.gov.co\/colombia\/wp-content\/uploads\/LogoHorizontal_1.jpg\",\"contentUrl\":\"https:\/\/www.fiscalia.gov.co\/colombia\/wp-content\/uploads\/LogoHorizontal_1.jpg\",\"width\":300,\"height\":90,\"caption\":\"Fiscal\u00eda General de la Naci\u00f3n\"},\"image\":{\"@id\":\"https:\/\/www.fiscalia.gov.co\/colombia\/#\/schema\/logo\/image\/\"},\"sameAs\":[\"https:\/\/www.facebook.com\/FiscaliaCol\",\"https:\/\/x.com\/FiscaliaCol\",\"https:\/\/www.instagram.com\/fiscaliacol\",\"https:\/\/www.linkedin.com\/company\/fiscalia-general-de-la-naci-n\/\",\"https:\/\/youtube.com\/@fiscaliageneraldelanacion-4668?si=6nN79nyQICPU5iTh\"]},{\"@type\":\"Person\",\"@id\":\"https:\/\/www.fiscalia.gov.co\/colombia\/#\/schema\/person\/3903856a3ce2d54b094c69eb29247895\",\"name\":\"dfgordillo\",\"image\":{\"@type\":\"ImageObject\",\"inLanguage\":\"es-CO\",\"@id\":\"https:\/\/www.fiscalia.gov.co\/colombia\/#\/schema\/person\/image\/\",\"url\":\"https:\/\/secure.gravatar.com\/avatar\/b6356e21c5657c60757fe6fb9493e947?s=96&d=mm&r=g\",\"contentUrl\":\"https:\/\/secure.gravatar.com\/avatar\/b6356e21c5657c60757fe6fb9493e947?s=96&d=mm&r=g\",\"caption\":\"dfgordillo\"},\"sameAs\":[\"dfgordillo\"],\"url\":\"https:\/\/www.fiscalia.gov.co\/colombia\/author\/dfgordillo\/\"}]}<\/script>\n<!-- \/ Yoast SEO plugin. -->","yoast_head_json":{"title":"Fiscal\u00eda General de la Naci\u00f3n","description":"P\u00e1gina oficial de la Fiscal\u00eda General de la Naci\u00f3n \u2013 Colombia. Garantizamos el acceso efectivo a la justicia, la verdad y la reparaci\u00f3n de las v\u00edctimas de los delitos.","robots":{"index":"noindex","follow":"follow"},"og_locale":"es_ES","og_type":"article","og_title":"Fiscal\u00eda General de la Naci\u00f3n","og_description":"P\u00e1gina oficial de la Fiscal\u00eda General de la Naci\u00f3n \u2013 Colombia. Garantizamos el acceso efectivo a la justicia, la verdad y la reparaci\u00f3n de las v\u00edctimas de los delitos.","og_url":"https:\/\/www.fiscalia.gov.co\/colombia\/noticias\/cti-y-ejercito-capturan-a-cabecilla-del-clan-usuga-y-sus-tres-escoltas\/","og_site_name":"Fiscal\u00eda General de la Naci\u00f3n","article_publisher":"https:\/\/www.facebook.com\/FiscaliaCol","article_published_time":"2015-10-23T22:40:02+00:00","author":"dfgordillo","twitter_card":"summary_large_image","twitter_creator":"@FiscaliaCol","twitter_site":"@FiscaliaCol","twitter_misc":{"Escrito por":"dfgordillo","Tiempo de lectura":"2 minutos"},"schema":{"@context":"https:\/\/schema.org","@graph":[{"@type":"Article","@id":"https:\/\/www.fiscalia.gov.co\/colombia\/noticias\/cti-y-ejercito-capturan-a-cabecilla-del-clan-usuga-y-sus-tres-escoltas\/#article","isPartOf":{"@id":"https:\/\/www.fiscalia.gov.co\/colombia\/noticias\/cti-y-ejercito-capturan-a-cabecilla-del-clan-usuga-y-sus-tres-escoltas\/"},"author":{"name":"dfgordillo","@id":"https:\/\/www.fiscalia.gov.co\/colombia\/#\/schema\/person\/3903856a3ce2d54b094c69eb29247895"},"headline":"CTI y Ej\u00e9rcito capturan a cabecilla del Clan \u00dasuga y sus tres escoltas","datePublished":"2015-10-23T22:40:02+00:00","dateModified":"2015-10-23T22:40:02+00:00","mainEntityOfPage":{"@id":"https:\/\/www.fiscalia.gov.co\/colombia\/noticias\/cti-y-ejercito-capturan-a-cabecilla-del-clan-usuga-y-sus-tres-escoltas\/"},"wordCount":465,"publisher":{"@id":"https:\/\/www.fiscalia.gov.co\/colombia\/#organization"},"keywords":["Clan \u00dasuga"],"articleSection":["Noticias"],"inLanguage":"es-CO"},{"@type":"WebPage","@id":"https:\/\/www.fiscalia.gov.co\/colombia\/noticias\/cti-y-ejercito-capturan-a-cabecilla-del-clan-usuga-y-sus-tres-escoltas\/","url":"https:\/\/www.fiscalia.gov.co\/colombia\/noticias\/cti-y-ejercito-capturan-a-cabecilla-del-clan-usuga-y-sus-tres-escoltas\/","name":"Fiscal\u00eda General de la Naci\u00f3n","isPartOf":{"@id":"https:\/\/www.fiscalia.gov.co\/colombia\/#website"},"datePublished":"2015-10-23T22:40:02+00:00","dateModified":"2015-10-23T22:40:02+00:00","description":"P\u00e1gina oficial de la Fiscal\u00eda General de la Naci\u00f3n \u2013 Colombia. Garantizamos el acceso efectivo a la justicia, la verdad y la reparaci\u00f3n de las v\u00edctimas de los delitos.","breadcrumb":{"@id":"https:\/\/www.fiscalia.gov.co\/colombia\/noticias\/cti-y-ejercito-capturan-a-cabecilla-del-clan-usuga-y-sus-tres-escoltas\/#breadcrumb"},"inLanguage":"es-CO","potentialAction":[{"@type":"ReadAction","target":["https:\/\/www.fiscalia.gov.co\/colombia\/noticias\/cti-y-ejercito-capturan-a-cabecilla-del-clan-usuga-y-sus-tres-escoltas\/"]}]},{"@type":"BreadcrumbList","@id":"https:\/\/www.fiscalia.gov.co\/colombia\/noticias\/cti-y-ejercito-capturan-a-cabecilla-del-clan-usuga-y-sus-tres-escoltas\/#breadcrumb","itemListElement":[{"@type":"ListItem","position":1,"name":"Home","item":"https:\/\/www.fiscalia.gov.co\/colombia\/"},{"@type":"ListItem","position":2,"name":"CTI y Ej\u00e9rcito capturan a cabecilla del Clan \u00dasuga y sus tres escoltas"}]},{"@type":"WebSite","@id":"https:\/\/www.fiscalia.gov.co\/colombia\/#website","url":"https:\/\/www.fiscalia.gov.co\/colombia\/","name":"Fiscal\u00eda General de la Naci\u00f3n","description":"P\u00e1gina oficial de la Fiscal\u00eda General de la Naci\u00f3n \u2013 Colombia. Garantizamos el acceso efectivo a la justicia, la verdad y la reparaci\u00f3n de las v\u00edctimas de los delitos.","publisher":{"@id":"https:\/\/www.fiscalia.gov.co\/colombia\/#organization"},"potentialAction":[{"@type":"SearchAction","target":{"@type":"EntryPoint","urlTemplate":"https:\/\/www.fiscalia.gov.co\/colombia\/?s={search_term_string}"},"query-input":{"@type":"PropertyValueSpecification","valueRequired":true,"valueName":"search_term_string"}}],"inLanguage":"es-CO"},{"@type":"Organization","@id":"https:\/\/www.fiscalia.gov.co\/colombia\/#organization","name":"Fiscal\u00eda General de la Naci\u00f3n","url":"https:\/\/www.fiscalia.gov.co\/colombia\/","logo":{"@type":"ImageObject","inLanguage":"es-CO","@id":"https:\/\/www.fiscalia.gov.co\/colombia\/#\/schema\/logo\/image\/","url":"https:\/\/www.fiscalia.gov.co\/colombia\/wp-content\/uploads\/LogoHorizontal_1.jpg","contentUrl":"https:\/\/www.fiscalia.gov.co\/colombia\/wp-content\/uploads\/LogoHorizontal_1.jpg","width":300,"height":90,"caption":"Fiscal\u00eda General de la Naci\u00f3n"},"image":{"@id":"https:\/\/www.fiscalia.gov.co\/colombia\/#\/schema\/logo\/image\/"},"sameAs":["https:\/\/www.facebook.com\/FiscaliaCol","https:\/\/x.com\/FiscaliaCol","https:\/\/www.instagram.com\/fiscaliacol","https:\/\/www.linkedin.com\/company\/fiscalia-general-de-la-naci-n\/","https:\/\/youtube.com\/@fiscaliageneraldelanacion-4668?si=6nN79nyQICPU5iTh"]},{"@type":"Person","@id":"https:\/\/www.fiscalia.gov.co\/colombia\/#\/schema\/person\/3903856a3ce2d54b094c69eb29247895","name":"dfgordillo","image":{"@type":"ImageObject","inLanguage":"es-CO","@id":"https:\/\/www.fiscalia.gov.co\/colombia\/#\/schema\/person\/image\/","url":"https:\/\/secure.gravatar.com\/avatar\/b6356e21c5657c60757fe6fb9493e947?s=96&d=mm&r=g","contentUrl":"https:\/\/secure.gravatar.com\/avatar\/b6356e21c5657c60757fe6fb9493e947?s=96&d=mm&r=g","caption":"dfgordillo"},"sameAs":["dfgordillo"],"url":"https:\/\/www.fiscalia.gov.co\/colombia\/author\/dfgordillo\/"}]}},"_links":{"self":[{"href":"https:\/\/www.fiscalia.gov.co\/colombia\/wp-json\/wp\/v2\/posts\/74526","targetHints":{"allow":["GET"]}}],"collection":[{"href":"https:\/\/www.fiscalia.gov.co\/colombia\/wp-json\/wp\/v2\/posts"}],"about":[{"href":"https:\/\/www.fiscalia.gov.co\/colombia\/wp-json\/wp\/v2\/types\/post"}],"author":[{"embeddable":true,"href":"https:\/\/www.fiscalia.gov.co\/colombia\/wp-json\/wp\/v2\/users\/143"}],"replies":[{"embeddable":true,"href":"https:\/\/www.fiscalia.gov.co\/colombia\/wp-json\/wp\/v2\/comments?post=74526"}],"version-history":[{"count":2,"href":"https:\/\/www.fiscalia.gov.co\/colombia\/wp-json\/wp\/v2\/posts\/74526\/revisions"}],"predecessor-version":[{"id":74528,"href":"https:\/\/www.fiscalia.gov.co\/colombia\/wp-json\/wp\/v2\/posts\/74526\/revisions\/74528"}],"wp:attachment":[{"href":"https:\/\/www.fiscalia.gov.co\/colombia\/wp-json\/wp\/v2\/media?parent=74526"}],"wp:term":[{"taxonomy":"category","embeddable":true,"href":"https:\/\/www.fiscalia.gov.co\/colombia\/wp-json\/wp\/v2\/categories?post=74526"},{"taxonomy":"post_tag","embeddable":true,"href":"https:\/\/www.fiscalia.gov.co\/colombia\/wp-json\/wp\/v2\/tags?post=74526"}],"curies":[{"name":"wp","href":"https:\/\/api.w.org\/{rel}","templated":true}]}}