{"id":72659,"date":"2015-09-14T13:18:11","date_gmt":"2015-09-14T18:18:11","guid":{"rendered":"http:\/\/www.fiscalia.gov.co\/colombia\/?p=72659"},"modified":"2015-09-14T13:18:11","modified_gmt":"2015-09-14T18:18:11","slug":"a-la-modelo-fue-remitido-hombre-que-en-carro-blindado-rapto-a-su-hijo-de-cuatro-meses-y-provoco-extenso-operativo-policial","status":"publish","type":"post","link":"https:\/\/www.fiscalia.gov.co\/colombia\/noticias\/a-la-modelo-fue-remitido-hombre-que-en-carro-blindado-rapto-a-su-hijo-de-cuatro-meses-y-provoco-extenso-operativo-policial\/","title":{"rendered":"A la Modelo fue remitido hombre que en carro blindado rapt\u00f3 a su hijo de cuatro meses y provoc\u00f3 extenso operativo policial"},"content":{"rendered":"<p>La Subdirecci\u00f3n Seccional de Fiscal\u00edas de Bogot\u00e1\u00a0 envi\u00f3 a la C\u00e1rcel Nacional Modelo a Carlos Alberto Herrera Restrepo, como presunto responsable de los delitos de homicidio tentado, secuestro simple, da\u00f1o en bien ajeno agravado por ser contra bienes del Estado, y violencia intrafamiliar.<\/p>\n<p>Los hechos se registraron al s\u00e1bado 12 de septiembre, antes del mediod\u00eda al occidente de la capital, donde Herrera Restrepo de 41 a\u00f1os y oriundo del norte del Valle del Cauca, sostuvo una\u00a0 pelea con su pareja de 18 a\u00f1os de edad, a quien atac\u00f3 violentamente durante varios minutos.<\/p>\n<p>Seg\u00fan relat\u00f3 el fiscal del caso, tras la fuerte pelea tom\u00f3 a su\u00a0 hijo de 4 meses de nacido y se lo llev\u00f3 en su veh\u00edculo de alta gama blindado. Luego mediante una llamada telef\u00f3nica\u00a0 amenaz\u00f3 con quitarle la vida al ni\u00f1o si su compa\u00f1era sentimental no acud\u00eda al siti\u00f3 a donde fue citada para hablaban de su situaci\u00f3n sentimental.<\/p>\n<p>\u201cPor sus antecedentes de agresividad y violencia con la pareja,\u00a0 y ella sabiendo de lo que\u00a0\u00a0 es capaz de hacer, llam\u00f3 de inmediato a los agentes de\u00a0 Polic\u00eda quienes activaron las alarmas y emprendieron la b\u00fasqueda\u201d, agreg\u00f3 el delegado del ente acusador.<\/p>\n<p>Luego de varias barricadas puestas durante la persecuci\u00f3n,\u00a0 el procesado embisti\u00f3 a varios veh\u00edculos y motocicletas de la Polic\u00eda en su trayecto por los barrios Prado Veraniego, San Jos\u00e9 Spring y Mazur\u00e9n. Posteriormente logr\u00f3 salir a la Avenida Boyac\u00e1, donde las autoridades lo esperaban con una barrera de contenci\u00f3n; situaci\u00f3n que oblig\u00f3 a paralizar el tr\u00e1fico durante varios minutos.<\/p>\n<p>Sin embargo al ver que lo esperaban cerca de 70 agentes de Polic\u00eda se fue de frente contra ellos. Algunos evitaron ser arrollados pero otros sufrieron graves heridas. Por estos hechos la Fiscal\u00eda le imput\u00f3 cargos por tentativa de homicidio agravado por ser contra servidor p\u00fablico.<\/p>\n<p>El hombre, ya cercado, trat\u00f3 de huir en su veh\u00edculo por un paso peatonal. No obstante fue retenido por las autoridades. Luego, con violencia, se neg\u00f3 durante m\u00e1s de una hora a entregar al menor de edad y a soltar a la mujer. Despu\u00e9s de varias horas se logr\u00f3 dominar al procesado y ponerlo a disposici\u00f3n de las autoridades.<\/p>\n<p>La Fiscal\u00eda consider\u00f3 al argumentar la medida de aseguramiento ante el Juzgado 18 Penal Municipal de Bogot\u00e1, con funci\u00f3n de garant\u00edas, que se trata de una persona peligrosa para la comunidad y por lo tanto se hac\u00eda urgente someterlo a detenci\u00f3n en centro carcelario.<\/p>\n<p>&nbsp;<\/p>\n<p>CMR\/DLBM<\/p>\n\n<div class=\"twitter-share\"><a href=\"https:\/\/twitter.com\/intent\/tweet?via=fiscaliacol\" class=\"twitter-share-button\">Tweet<\/a><\/div>\n","protected":false},"excerpt":{"rendered":"<p>La Subdirecci\u00f3n Seccional de Fiscal\u00edas de Bogot\u00e1\u00a0 envi\u00f3 a la C\u00e1rcel Nacional Modelo a Carlos Alberto Herrera Restrepo, como presunto responsable de los delitos de homicidio tentado, secuestro simple, da\u00f1o en bien ajeno agravado por ser contra bienes del Estado, y violencia intrafamiliar. Los hechos se registraron al s\u00e1bado 12 de septiembre, antes del mediod\u00eda [&hellip;]<\/p>\n","protected":false},"author":143,"featured_media":0,"comment_status":"closed","ping_status":"open","sticky":false,"template":"","format":"standard","meta":{"_price":"","_stock":"","_tribe_ticket_header":"","_tribe_default_ticket_provider":"","_tribe_ticket_capacity":"0","_ticket_start_date":"","_ticket_end_date":"","_tribe_ticket_show_description":"","_tribe_ticket_show_not_going":false,"_tribe_ticket_use_global_stock":"","_tribe_ticket_global_stock_level":"","_global_stock_mode":"","_global_stock_cap":"","_tribe_rsvp_for_event":"","_tribe_ticket_going_count":"","_tribe_ticket_not_going_count":"","_tribe_tickets_list":"[]","_tribe_ticket_has_attendee_info_fields":false,"tdm_status":"","tdm_grid_status":"","footnotes":""},"categories":[1],"tags":[14557,2164,479,682],"class_list":{"0":"post-72659","1":"post","2":"type-post","3":"status-publish","4":"format-standard","6":"category-noticias","7":"tag-dano-en-bien-ajeno","8":"tag-secuestro-simple","9":"tag-tentativa-de-homicidio","10":"tag-violencia-intrafamiliar"},"yoast_head":"<!-- This site is optimized with the Yoast SEO plugin v24.3 - https:\/\/yoast.com\/wordpress\/plugins\/seo\/ -->\n<title>Fiscal\u00eda General de la Naci\u00f3n<\/title>\n<meta name=\"description\" content=\"P\u00e1gina oficial de la Fiscal\u00eda General de la Naci\u00f3n \u2013 Colombia. Garantizamos el acceso efectivo a la justicia, la verdad y la reparaci\u00f3n de las v\u00edctimas de los delitos.\" \/>\n<meta name=\"robots\" content=\"noindex, follow\" \/>\n<meta property=\"og:locale\" content=\"es_ES\" \/>\n<meta property=\"og:type\" content=\"article\" \/>\n<meta property=\"og:title\" content=\"Fiscal\u00eda General de la Naci\u00f3n\" \/>\n<meta property=\"og:description\" content=\"P\u00e1gina oficial de la Fiscal\u00eda General de la Naci\u00f3n \u2013 Colombia. Garantizamos el acceso efectivo a la justicia, la verdad y la reparaci\u00f3n de las v\u00edctimas de los delitos.\" \/>\n<meta property=\"og:url\" content=\"https:\/\/www.fiscalia.gov.co\/colombia\/noticias\/a-la-modelo-fue-remitido-hombre-que-en-carro-blindado-rapto-a-su-hijo-de-cuatro-meses-y-provoco-extenso-operativo-policial\/\" \/>\n<meta property=\"og:site_name\" content=\"Fiscal\u00eda General de la Naci\u00f3n\" \/>\n<meta property=\"article:publisher\" content=\"https:\/\/www.facebook.com\/FiscaliaCol\" \/>\n<meta property=\"article:published_time\" content=\"2015-09-14T18:18:11+00:00\" \/>\n<meta name=\"author\" content=\"dfgordillo\" \/>\n<meta name=\"twitter:card\" content=\"summary_large_image\" \/>\n<meta name=\"twitter:creator\" content=\"@FiscaliaCol\" \/>\n<meta name=\"twitter:site\" content=\"@FiscaliaCol\" \/>\n<meta name=\"twitter:label1\" content=\"Escrito por\" \/>\n\t<meta name=\"twitter:data1\" content=\"dfgordillo\" \/>\n\t<meta name=\"twitter:label2\" content=\"Tiempo de lectura\" \/>\n\t<meta name=\"twitter:data2\" content=\"2 minutos\" \/>\n<script type=\"application\/ld+json\" class=\"yoast-schema-graph\">{\"@context\":\"https:\/\/schema.org\",\"@graph\":[{\"@type\":\"Article\",\"@id\":\"https:\/\/www.fiscalia.gov.co\/colombia\/noticias\/a-la-modelo-fue-remitido-hombre-que-en-carro-blindado-rapto-a-su-hijo-de-cuatro-meses-y-provoco-extenso-operativo-policial\/#article\",\"isPartOf\":{\"@id\":\"https:\/\/www.fiscalia.gov.co\/colombia\/noticias\/a-la-modelo-fue-remitido-hombre-que-en-carro-blindado-rapto-a-su-hijo-de-cuatro-meses-y-provoco-extenso-operativo-policial\/\"},\"author\":{\"name\":\"dfgordillo\",\"@id\":\"https:\/\/www.fiscalia.gov.co\/colombia\/#\/schema\/person\/3903856a3ce2d54b094c69eb29247895\"},\"headline\":\"A la Modelo fue remitido hombre que en carro blindado rapt\u00f3 a su hijo de cuatro meses y provoc\u00f3 extenso operativo policial\",\"datePublished\":\"2015-09-14T18:18:11+00:00\",\"dateModified\":\"2015-09-14T18:18:11+00:00\",\"mainEntityOfPage\":{\"@id\":\"https:\/\/www.fiscalia.gov.co\/colombia\/noticias\/a-la-modelo-fue-remitido-hombre-que-en-carro-blindado-rapto-a-su-hijo-de-cuatro-meses-y-provoco-extenso-operativo-policial\/\"},\"wordCount\":457,\"publisher\":{\"@id\":\"https:\/\/www.fiscalia.gov.co\/colombia\/#organization\"},\"keywords\":[\"Da\u00f1o en bien ajeno\",\"Secuestro simple\",\"Tentativa de homicidio\",\"Violencia intrafamiliar\"],\"articleSection\":[\"Noticias\"],\"inLanguage\":\"es-CO\"},{\"@type\":\"WebPage\",\"@id\":\"https:\/\/www.fiscalia.gov.co\/colombia\/noticias\/a-la-modelo-fue-remitido-hombre-que-en-carro-blindado-rapto-a-su-hijo-de-cuatro-meses-y-provoco-extenso-operativo-policial\/\",\"url\":\"https:\/\/www.fiscalia.gov.co\/colombia\/noticias\/a-la-modelo-fue-remitido-hombre-que-en-carro-blindado-rapto-a-su-hijo-de-cuatro-meses-y-provoco-extenso-operativo-policial\/\",\"name\":\"Fiscal\u00eda General de la Naci\u00f3n\",\"isPartOf\":{\"@id\":\"https:\/\/www.fiscalia.gov.co\/colombia\/#website\"},\"datePublished\":\"2015-09-14T18:18:11+00:00\",\"dateModified\":\"2015-09-14T18:18:11+00:00\",\"description\":\"P\u00e1gina oficial de la Fiscal\u00eda General de la Naci\u00f3n \u2013 Colombia. Garantizamos el acceso efectivo a la justicia, la verdad y la reparaci\u00f3n de las v\u00edctimas de los delitos.\",\"breadcrumb\":{\"@id\":\"https:\/\/www.fiscalia.gov.co\/colombia\/noticias\/a-la-modelo-fue-remitido-hombre-que-en-carro-blindado-rapto-a-su-hijo-de-cuatro-meses-y-provoco-extenso-operativo-policial\/#breadcrumb\"},\"inLanguage\":\"es-CO\",\"potentialAction\":[{\"@type\":\"ReadAction\",\"target\":[\"https:\/\/www.fiscalia.gov.co\/colombia\/noticias\/a-la-modelo-fue-remitido-hombre-que-en-carro-blindado-rapto-a-su-hijo-de-cuatro-meses-y-provoco-extenso-operativo-policial\/\"]}]},{\"@type\":\"BreadcrumbList\",\"@id\":\"https:\/\/www.fiscalia.gov.co\/colombia\/noticias\/a-la-modelo-fue-remitido-hombre-que-en-carro-blindado-rapto-a-su-hijo-de-cuatro-meses-y-provoco-extenso-operativo-policial\/#breadcrumb\",\"itemListElement\":[{\"@type\":\"ListItem\",\"position\":1,\"name\":\"Home\",\"item\":\"https:\/\/www.fiscalia.gov.co\/colombia\/\"},{\"@type\":\"ListItem\",\"position\":2,\"name\":\"A la Modelo fue remitido hombre que en carro blindado rapt\u00f3 a su hijo de cuatro meses y provoc\u00f3 extenso operativo policial\"}]},{\"@type\":\"WebSite\",\"@id\":\"https:\/\/www.fiscalia.gov.co\/colombia\/#website\",\"url\":\"https:\/\/www.fiscalia.gov.co\/colombia\/\",\"name\":\"Fiscal\u00eda General de la Naci\u00f3n\",\"description\":\"P\u00e1gina oficial de la Fiscal\u00eda General de la Naci\u00f3n \u2013 Colombia. Garantizamos el acceso efectivo a la justicia, la verdad y la reparaci\u00f3n de las v\u00edctimas de los delitos.\",\"publisher\":{\"@id\":\"https:\/\/www.fiscalia.gov.co\/colombia\/#organization\"},\"potentialAction\":[{\"@type\":\"SearchAction\",\"target\":{\"@type\":\"EntryPoint\",\"urlTemplate\":\"https:\/\/www.fiscalia.gov.co\/colombia\/?s={search_term_string}\"},\"query-input\":{\"@type\":\"PropertyValueSpecification\",\"valueRequired\":true,\"valueName\":\"search_term_string\"}}],\"inLanguage\":\"es-CO\"},{\"@type\":\"Organization\",\"@id\":\"https:\/\/www.fiscalia.gov.co\/colombia\/#organization\",\"name\":\"Fiscal\u00eda General de la Naci\u00f3n\",\"url\":\"https:\/\/www.fiscalia.gov.co\/colombia\/\",\"logo\":{\"@type\":\"ImageObject\",\"inLanguage\":\"es-CO\",\"@id\":\"https:\/\/www.fiscalia.gov.co\/colombia\/#\/schema\/logo\/image\/\",\"url\":\"https:\/\/www.fiscalia.gov.co\/colombia\/wp-content\/uploads\/LogoHorizontal_1.jpg\",\"contentUrl\":\"https:\/\/www.fiscalia.gov.co\/colombia\/wp-content\/uploads\/LogoHorizontal_1.jpg\",\"width\":300,\"height\":90,\"caption\":\"Fiscal\u00eda General de la Naci\u00f3n\"},\"image\":{\"@id\":\"https:\/\/www.fiscalia.gov.co\/colombia\/#\/schema\/logo\/image\/\"},\"sameAs\":[\"https:\/\/www.facebook.com\/FiscaliaCol\",\"https:\/\/x.com\/FiscaliaCol\",\"https:\/\/www.instagram.com\/fiscaliacol\",\"https:\/\/www.linkedin.com\/company\/fiscalia-general-de-la-naci-n\/\",\"https:\/\/youtube.com\/@fiscaliageneraldelanacion-4668?si=6nN79nyQICPU5iTh\"]},{\"@type\":\"Person\",\"@id\":\"https:\/\/www.fiscalia.gov.co\/colombia\/#\/schema\/person\/3903856a3ce2d54b094c69eb29247895\",\"name\":\"dfgordillo\",\"image\":{\"@type\":\"ImageObject\",\"inLanguage\":\"es-CO\",\"@id\":\"https:\/\/www.fiscalia.gov.co\/colombia\/#\/schema\/person\/image\/\",\"url\":\"https:\/\/secure.gravatar.com\/avatar\/b6356e21c5657c60757fe6fb9493e947?s=96&d=mm&r=g\",\"contentUrl\":\"https:\/\/secure.gravatar.com\/avatar\/b6356e21c5657c60757fe6fb9493e947?s=96&d=mm&r=g\",\"caption\":\"dfgordillo\"},\"sameAs\":[\"dfgordillo\"],\"url\":\"https:\/\/www.fiscalia.gov.co\/colombia\/author\/dfgordillo\/\"}]}<\/script>\n<!-- \/ Yoast SEO plugin. -->","yoast_head_json":{"title":"Fiscal\u00eda General de la Naci\u00f3n","description":"P\u00e1gina oficial de la Fiscal\u00eda General de la Naci\u00f3n \u2013 Colombia. Garantizamos el acceso efectivo a la justicia, la verdad y la reparaci\u00f3n de las v\u00edctimas de los delitos.","robots":{"index":"noindex","follow":"follow"},"og_locale":"es_ES","og_type":"article","og_title":"Fiscal\u00eda General de la Naci\u00f3n","og_description":"P\u00e1gina oficial de la Fiscal\u00eda General de la Naci\u00f3n \u2013 Colombia. Garantizamos el acceso efectivo a la justicia, la verdad y la reparaci\u00f3n de las v\u00edctimas de los delitos.","og_url":"https:\/\/www.fiscalia.gov.co\/colombia\/noticias\/a-la-modelo-fue-remitido-hombre-que-en-carro-blindado-rapto-a-su-hijo-de-cuatro-meses-y-provoco-extenso-operativo-policial\/","og_site_name":"Fiscal\u00eda General de la Naci\u00f3n","article_publisher":"https:\/\/www.facebook.com\/FiscaliaCol","article_published_time":"2015-09-14T18:18:11+00:00","author":"dfgordillo","twitter_card":"summary_large_image","twitter_creator":"@FiscaliaCol","twitter_site":"@FiscaliaCol","twitter_misc":{"Escrito por":"dfgordillo","Tiempo de lectura":"2 minutos"},"schema":{"@context":"https:\/\/schema.org","@graph":[{"@type":"Article","@id":"https:\/\/www.fiscalia.gov.co\/colombia\/noticias\/a-la-modelo-fue-remitido-hombre-que-en-carro-blindado-rapto-a-su-hijo-de-cuatro-meses-y-provoco-extenso-operativo-policial\/#article","isPartOf":{"@id":"https:\/\/www.fiscalia.gov.co\/colombia\/noticias\/a-la-modelo-fue-remitido-hombre-que-en-carro-blindado-rapto-a-su-hijo-de-cuatro-meses-y-provoco-extenso-operativo-policial\/"},"author":{"name":"dfgordillo","@id":"https:\/\/www.fiscalia.gov.co\/colombia\/#\/schema\/person\/3903856a3ce2d54b094c69eb29247895"},"headline":"A la Modelo fue remitido hombre que en carro blindado rapt\u00f3 a su hijo de cuatro meses y provoc\u00f3 extenso operativo policial","datePublished":"2015-09-14T18:18:11+00:00","dateModified":"2015-09-14T18:18:11+00:00","mainEntityOfPage":{"@id":"https:\/\/www.fiscalia.gov.co\/colombia\/noticias\/a-la-modelo-fue-remitido-hombre-que-en-carro-blindado-rapto-a-su-hijo-de-cuatro-meses-y-provoco-extenso-operativo-policial\/"},"wordCount":457,"publisher":{"@id":"https:\/\/www.fiscalia.gov.co\/colombia\/#organization"},"keywords":["Da\u00f1o en bien ajeno","Secuestro simple","Tentativa de homicidio","Violencia intrafamiliar"],"articleSection":["Noticias"],"inLanguage":"es-CO"},{"@type":"WebPage","@id":"https:\/\/www.fiscalia.gov.co\/colombia\/noticias\/a-la-modelo-fue-remitido-hombre-que-en-carro-blindado-rapto-a-su-hijo-de-cuatro-meses-y-provoco-extenso-operativo-policial\/","url":"https:\/\/www.fiscalia.gov.co\/colombia\/noticias\/a-la-modelo-fue-remitido-hombre-que-en-carro-blindado-rapto-a-su-hijo-de-cuatro-meses-y-provoco-extenso-operativo-policial\/","name":"Fiscal\u00eda General de la Naci\u00f3n","isPartOf":{"@id":"https:\/\/www.fiscalia.gov.co\/colombia\/#website"},"datePublished":"2015-09-14T18:18:11+00:00","dateModified":"2015-09-14T18:18:11+00:00","description":"P\u00e1gina oficial de la Fiscal\u00eda General de la Naci\u00f3n \u2013 Colombia. Garantizamos el acceso efectivo a la justicia, la verdad y la reparaci\u00f3n de las v\u00edctimas de los delitos.","breadcrumb":{"@id":"https:\/\/www.fiscalia.gov.co\/colombia\/noticias\/a-la-modelo-fue-remitido-hombre-que-en-carro-blindado-rapto-a-su-hijo-de-cuatro-meses-y-provoco-extenso-operativo-policial\/#breadcrumb"},"inLanguage":"es-CO","potentialAction":[{"@type":"ReadAction","target":["https:\/\/www.fiscalia.gov.co\/colombia\/noticias\/a-la-modelo-fue-remitido-hombre-que-en-carro-blindado-rapto-a-su-hijo-de-cuatro-meses-y-provoco-extenso-operativo-policial\/"]}]},{"@type":"BreadcrumbList","@id":"https:\/\/www.fiscalia.gov.co\/colombia\/noticias\/a-la-modelo-fue-remitido-hombre-que-en-carro-blindado-rapto-a-su-hijo-de-cuatro-meses-y-provoco-extenso-operativo-policial\/#breadcrumb","itemListElement":[{"@type":"ListItem","position":1,"name":"Home","item":"https:\/\/www.fiscalia.gov.co\/colombia\/"},{"@type":"ListItem","position":2,"name":"A la Modelo fue remitido hombre que en carro blindado rapt\u00f3 a su hijo de cuatro meses y provoc\u00f3 extenso operativo policial"}]},{"@type":"WebSite","@id":"https:\/\/www.fiscalia.gov.co\/colombia\/#website","url":"https:\/\/www.fiscalia.gov.co\/colombia\/","name":"Fiscal\u00eda General de la Naci\u00f3n","description":"P\u00e1gina oficial de la Fiscal\u00eda General de la Naci\u00f3n \u2013 Colombia. Garantizamos el acceso efectivo a la justicia, la verdad y la reparaci\u00f3n de las v\u00edctimas de los delitos.","publisher":{"@id":"https:\/\/www.fiscalia.gov.co\/colombia\/#organization"},"potentialAction":[{"@type":"SearchAction","target":{"@type":"EntryPoint","urlTemplate":"https:\/\/www.fiscalia.gov.co\/colombia\/?s={search_term_string}"},"query-input":{"@type":"PropertyValueSpecification","valueRequired":true,"valueName":"search_term_string"}}],"inLanguage":"es-CO"},{"@type":"Organization","@id":"https:\/\/www.fiscalia.gov.co\/colombia\/#organization","name":"Fiscal\u00eda General de la Naci\u00f3n","url":"https:\/\/www.fiscalia.gov.co\/colombia\/","logo":{"@type":"ImageObject","inLanguage":"es-CO","@id":"https:\/\/www.fiscalia.gov.co\/colombia\/#\/schema\/logo\/image\/","url":"https:\/\/www.fiscalia.gov.co\/colombia\/wp-content\/uploads\/LogoHorizontal_1.jpg","contentUrl":"https:\/\/www.fiscalia.gov.co\/colombia\/wp-content\/uploads\/LogoHorizontal_1.jpg","width":300,"height":90,"caption":"Fiscal\u00eda General de la Naci\u00f3n"},"image":{"@id":"https:\/\/www.fiscalia.gov.co\/colombia\/#\/schema\/logo\/image\/"},"sameAs":["https:\/\/www.facebook.com\/FiscaliaCol","https:\/\/x.com\/FiscaliaCol","https:\/\/www.instagram.com\/fiscaliacol","https:\/\/www.linkedin.com\/company\/fiscalia-general-de-la-naci-n\/","https:\/\/youtube.com\/@fiscaliageneraldelanacion-4668?si=6nN79nyQICPU5iTh"]},{"@type":"Person","@id":"https:\/\/www.fiscalia.gov.co\/colombia\/#\/schema\/person\/3903856a3ce2d54b094c69eb29247895","name":"dfgordillo","image":{"@type":"ImageObject","inLanguage":"es-CO","@id":"https:\/\/www.fiscalia.gov.co\/colombia\/#\/schema\/person\/image\/","url":"https:\/\/secure.gravatar.com\/avatar\/b6356e21c5657c60757fe6fb9493e947?s=96&d=mm&r=g","contentUrl":"https:\/\/secure.gravatar.com\/avatar\/b6356e21c5657c60757fe6fb9493e947?s=96&d=mm&r=g","caption":"dfgordillo"},"sameAs":["dfgordillo"],"url":"https:\/\/www.fiscalia.gov.co\/colombia\/author\/dfgordillo\/"}]}},"_links":{"self":[{"href":"https:\/\/www.fiscalia.gov.co\/colombia\/wp-json\/wp\/v2\/posts\/72659","targetHints":{"allow":["GET"]}}],"collection":[{"href":"https:\/\/www.fiscalia.gov.co\/colombia\/wp-json\/wp\/v2\/posts"}],"about":[{"href":"https:\/\/www.fiscalia.gov.co\/colombia\/wp-json\/wp\/v2\/types\/post"}],"author":[{"embeddable":true,"href":"https:\/\/www.fiscalia.gov.co\/colombia\/wp-json\/wp\/v2\/users\/143"}],"replies":[{"embeddable":true,"href":"https:\/\/www.fiscalia.gov.co\/colombia\/wp-json\/wp\/v2\/comments?post=72659"}],"version-history":[{"count":1,"href":"https:\/\/www.fiscalia.gov.co\/colombia\/wp-json\/wp\/v2\/posts\/72659\/revisions"}],"predecessor-version":[{"id":72660,"href":"https:\/\/www.fiscalia.gov.co\/colombia\/wp-json\/wp\/v2\/posts\/72659\/revisions\/72660"}],"wp:attachment":[{"href":"https:\/\/www.fiscalia.gov.co\/colombia\/wp-json\/wp\/v2\/media?parent=72659"}],"wp:term":[{"taxonomy":"category","embeddable":true,"href":"https:\/\/www.fiscalia.gov.co\/colombia\/wp-json\/wp\/v2\/categories?post=72659"},{"taxonomy":"post_tag","embeddable":true,"href":"https:\/\/www.fiscalia.gov.co\/colombia\/wp-json\/wp\/v2\/tags?post=72659"}],"curies":[{"name":"wp","href":"https:\/\/api.w.org\/{rel}","templated":true}]}}