{"id":71995,"date":"2015-08-31T15:32:03","date_gmt":"2015-08-31T20:32:03","guid":{"rendered":"http:\/\/www.fiscalia.gov.co\/colombia\/?p=71995"},"modified":"2015-08-31T16:13:28","modified_gmt":"2015-08-31T21:13:28","slug":"nuevo-golpe-a-organizacion-criminal-los-piratas-del-caribe-dedicada-a-hurtos-millonarios-por-medios-informaticos","status":"publish","type":"post","link":"https:\/\/www.fiscalia.gov.co\/colombia\/noticias\/nuevo-golpe-a-organizacion-criminal-los-piratas-del-caribe-dedicada-a-hurtos-millonarios-por-medios-informaticos\/","title":{"rendered":"Nuevo golpe a organizaci\u00f3n criminal Los Piratas del Caribe, dedicada a hurtos millonarios por medios inform\u00e1ticos"},"content":{"rendered":"<p>En la segunda fase de la Operaci\u00f3n Piratas del Caribe, desarrollada bajo la coordinaci\u00f3n de la Fiscal\u00eda 52 Seccional de la Estructura de Apoyo de Ibagu\u00e9 (Tolima), unidades del CTI de esa ciudad lograron un nuevo golpe contra la organizaci\u00f3n criminal conocida con el mismo nombre, mediante la captura de 18 integrantes.<\/p>\n<p>Tras nueve meses de investigaci\u00f3n para esta fase, los investigadores efectuaron diligencias simult\u00e1neas de allanamiento y registro en Barranquilla y Soledad (Atl\u00e1ntico), Cartagena (Bol\u00edvar), Santa Marta (Magdalena), Ibagu\u00e9 (Tolima) y Bogot\u00e1, donde se materializaron las \u00f3rdenes de captura, y se hizo una m\u00e1s en flagrancia.<\/p>\n<p>\u201cSe capturaron 18 personas, dentro de los cuales estaba su cabecilla oriundo de barranquilla, se capturaron cuatro funcionarios de la Registradur\u00eda de Santa Marta y Soledad, cinco funcionarios de entidades bancarias y nueve particulares que colaboraban con la organizaci\u00f3n delictiva\u201d, indic\u00f3 el Vicefiscal General de la Naci\u00f3n, Jorge Fernando Perdomo.<\/p>\n<p>Asimismo en el operativo se incautaron dispositivos electr\u00f3nicos como equipos de c\u00f3mputo, tablets, celulares y memorias USB; tarjetas d\u00e9bito, c\u00e9dulas, pasaportes y escrituras.<\/p>\n<p>En el proceso se asociaron m\u00e1s de 323 casos a nivel nacional, en las seccionales de Cartagena, Barranquilla, Medell\u00edn, Bogot\u00e1, Fusagasug\u00e1, Funza, Sogamoso, Armenia e Ibagu\u00e9, entre otras.<\/p>\n<p>A trav\u00e9s de labores investigativas como interceptaci\u00f3n de comunicaciones, vigilancias y seguimientos a personas, allanamientos, b\u00fasquedas selectivas en bases de datos, an\u00e1lisis link y recuperaci\u00f3n de informaci\u00f3n dejada en internet, la Fiscal\u00eda estableci\u00f3 que la banda delictiva se dedicaba al fraude financiero por medios virtuales o electr\u00f3nicos, logrando millonarios hurtos a entidades bancarias, financieras y cuenta habientes.<\/p>\n<p>El Vicefiscal Perdomo se\u00f1al\u00f3 que \u201cel modus operandi consist\u00eda en que su l\u00edder, quien ten\u00eda un reconocimiento en la Costa, pose\u00eda algunos bienes inmuebles en la costa e incluso en las Islas del Rosario, fung\u00eda como hacker y obten\u00eda informaci\u00f3n de titulares de cuentas tanto privadas como de personas jur\u00eddicas p\u00fablicas, para luego venderla a un captador de la informaci\u00f3n, quien la recib\u00eda, hac\u00eda selecci\u00f3n de las v\u00edctimas y reclutaba personal bancario y de la Registradur\u00eda, as\u00ed como de empresas de telefon\u00eda celular, para hacer los traspasos de las cuentas de las v\u00edctimas a una cuenta determinada; despu\u00e9s el dinero era cobrado y distribuido entre los cabecillas\u201d.<\/p>\n<p>Se determin\u00f3 tambi\u00e9n que una de las modalidades para perpetrar los hurtos eran las transferencias electr\u00f3nicas a terceros, para lo cual la organizaci\u00f3n reclutaba personas que facilitaban sus cuentas para el il\u00edcito. Los integrantes de la banda, empleados en los bancos \u201calteraban sistemas de informaci\u00f3n y hac\u00edan transferencias sin que se reportara al tel\u00e9fono celular del due\u00f1o de la cuenta, sobre la transacci\u00f3n (\u2026) para evitar que los cuenta habientes pudieran enterarse de que se estaba haciendo esta defraudaci\u00f3n\u201d, agreg\u00f3 Perdomo.<\/p>\n<p>De acuerdo con el an\u00e1lisis realizado en la asociaci\u00f3n de casos se estableci\u00f3 que el valor hurtado fue de $7 000 000 000. Sin embargo, se considera que la suma podr\u00eda superar los $330 000 000 000, teniendo en cuenta el <em>modus operandi<\/em> y la informaci\u00f3n aportada por las entidades crediticias sobre los \u00faltimos cuatro a\u00f1os, que fue cuando se inici\u00f3 la indagaci\u00f3n.<\/p>\n<p>En las pr\u00f3ximas horas, la Fiscal\u00eda imputar\u00e1 cargos contra los detenidos ante un juez de control de garant\u00edas de Ibagu\u00e9, por los delitos de concierto para delinquir, hurto por medios inform\u00e1ticos, violaci\u00f3n de datos personales, uso de software malicioso y falsedad en documento p\u00fablico y privado.<\/p>\n<p>&nbsp;<\/p>\n<p>DLBM<\/p>\n<p>_______________________________________________________<\/p>\n<p><strong>Rueda de prensa Vicefiscal General de la Naci\u00f3n, Jorge Fernando Perdomo<\/strong><\/p>\n[audio:http:\/\/www.fiscalia.gov.co\/colombia\/wp-content\/uploads\/Rueda-de-prensa-Vicefiscal_piratas_01.mp3|titles=Declaraciones]\n<p><a title=\"Descargar audio\" href=\"http:\/\/www.fiscalia.gov.co\/colombia\/wp-content\/uploads\/Rueda-de-prensa-Vicefiscal_piratas_01.mp3\" target=\"_blank\">Descargar<\/a><\/p>\n<p>Tema:\u00a0Nuevo golpe a organizaci\u00f3n criminal Los Piratas del Caribe, dedicada a hurtos millonarios por medios inform\u00e1ticos<strong><\/strong><\/p>\n<p>Lugar: Nivel Central Fiscal\u00eda General de la Naci\u00f3n<\/p>\n<p>Fecha: 31 de agosto de 2015<\/p>\n\n<div class=\"twitter-share\"><a href=\"https:\/\/twitter.com\/intent\/tweet?via=fiscaliacol\" class=\"twitter-share-button\">Tweet<\/a><\/div>\n","protected":false},"excerpt":{"rendered":"<p>En la segunda fase de la Operaci\u00f3n Piratas del Caribe, desarrollada bajo la coordinaci\u00f3n de la Fiscal\u00eda 52 Seccional de la Estructura de Apoyo de Ibagu\u00e9 (Tolima), unidades del CTI de esa ciudad lograron un nuevo golpe contra la organizaci\u00f3n criminal conocida con el mismo nombre, mediante la captura de 18 integrantes. Tras nueve meses [&hellip;]<\/p>\n","protected":false},"author":143,"featured_media":0,"comment_status":"closed","ping_status":"open","sticky":false,"template":"","format":"standard","meta":{"_price":"","_stock":"","_tribe_ticket_header":"","_tribe_default_ticket_provider":"","_tribe_ticket_capacity":"0","_ticket_start_date":"","_ticket_end_date":"","_tribe_ticket_show_description":"","_tribe_ticket_show_not_going":false,"_tribe_ticket_use_global_stock":"","_tribe_ticket_global_stock_level":"","_global_stock_mode":"","_global_stock_cap":"","_tribe_rsvp_for_event":"","_tribe_ticket_going_count":"","_tribe_ticket_not_going_count":"","_tribe_tickets_list":"[]","_tribe_ticket_has_attendee_info_fields":false,"tdm_status":"","tdm_grid_status":"","footnotes":""},"categories":[1],"tags":[83,13864,14960,14961,14608,3399],"class_list":{"0":"post-71995","1":"post","2":"type-post","3":"status-publish","4":"format-standard","6":"category-noticias","7":"tag-concierto-para-delinquir","8":"tag-falsedad-en-documento-publico-y-privado","9":"tag-fraude-financiero-por-medios-virtuales","10":"tag-hurto-por-medios-informaticos","11":"tag-uso-de-software-malicioso","12":"tag-violacion-de-datos-personales"},"yoast_head":"<!-- This site is optimized with the Yoast SEO plugin v24.3 - https:\/\/yoast.com\/wordpress\/plugins\/seo\/ -->\n<title>Fiscal\u00eda General de la Naci\u00f3n<\/title>\n<meta name=\"description\" content=\"P\u00e1gina oficial de la Fiscal\u00eda General de la Naci\u00f3n \u2013 Colombia. Garantizamos el acceso efectivo a la justicia, la verdad y la reparaci\u00f3n de las v\u00edctimas de los delitos.\" \/>\n<meta name=\"robots\" content=\"noindex, follow\" \/>\n<meta property=\"og:locale\" content=\"es_ES\" \/>\n<meta property=\"og:type\" content=\"article\" \/>\n<meta property=\"og:title\" content=\"Fiscal\u00eda General de la Naci\u00f3n\" \/>\n<meta property=\"og:description\" content=\"P\u00e1gina oficial de la Fiscal\u00eda General de la Naci\u00f3n \u2013 Colombia. Garantizamos el acceso efectivo a la justicia, la verdad y la reparaci\u00f3n de las v\u00edctimas de los delitos.\" \/>\n<meta property=\"og:url\" content=\"https:\/\/www.fiscalia.gov.co\/colombia\/noticias\/nuevo-golpe-a-organizacion-criminal-los-piratas-del-caribe-dedicada-a-hurtos-millonarios-por-medios-informaticos\/\" \/>\n<meta property=\"og:site_name\" content=\"Fiscal\u00eda General de la Naci\u00f3n\" \/>\n<meta property=\"article:publisher\" content=\"https:\/\/www.facebook.com\/FiscaliaCol\" \/>\n<meta property=\"article:published_time\" content=\"2015-08-31T20:32:03+00:00\" \/>\n<meta property=\"article:modified_time\" content=\"2015-08-31T21:13:28+00:00\" \/>\n<meta name=\"author\" content=\"dfgordillo\" \/>\n<meta name=\"twitter:card\" content=\"summary_large_image\" \/>\n<meta name=\"twitter:creator\" content=\"@FiscaliaCol\" \/>\n<meta name=\"twitter:site\" content=\"@FiscaliaCol\" \/>\n<meta name=\"twitter:label1\" content=\"Escrito por\" \/>\n\t<meta name=\"twitter:data1\" content=\"dfgordillo\" \/>\n\t<meta name=\"twitter:label2\" content=\"Tiempo de lectura\" \/>\n\t<meta name=\"twitter:data2\" content=\"3 minutos\" \/>\n<script type=\"application\/ld+json\" class=\"yoast-schema-graph\">{\"@context\":\"https:\/\/schema.org\",\"@graph\":[{\"@type\":\"Article\",\"@id\":\"https:\/\/www.fiscalia.gov.co\/colombia\/noticias\/nuevo-golpe-a-organizacion-criminal-los-piratas-del-caribe-dedicada-a-hurtos-millonarios-por-medios-informaticos\/#article\",\"isPartOf\":{\"@id\":\"https:\/\/www.fiscalia.gov.co\/colombia\/noticias\/nuevo-golpe-a-organizacion-criminal-los-piratas-del-caribe-dedicada-a-hurtos-millonarios-por-medios-informaticos\/\"},\"author\":{\"name\":\"dfgordillo\",\"@id\":\"https:\/\/www.fiscalia.gov.co\/colombia\/#\/schema\/person\/3903856a3ce2d54b094c69eb29247895\"},\"headline\":\"Nuevo golpe a organizaci\u00f3n criminal Los Piratas del Caribe, dedicada a hurtos millonarios por medios inform\u00e1ticos\",\"datePublished\":\"2015-08-31T20:32:03+00:00\",\"dateModified\":\"2015-08-31T21:13:28+00:00\",\"mainEntityOfPage\":{\"@id\":\"https:\/\/www.fiscalia.gov.co\/colombia\/noticias\/nuevo-golpe-a-organizacion-criminal-los-piratas-del-caribe-dedicada-a-hurtos-millonarios-por-medios-informaticos\/\"},\"wordCount\":686,\"publisher\":{\"@id\":\"https:\/\/www.fiscalia.gov.co\/colombia\/#organization\"},\"keywords\":[\"Concierto para delinquir\",\"Falsedad en documento p\u00fablico y privado\",\"fraude financiero por medios virtuales\",\"hurto por medios inform\u00e1ticos\",\"uso de software malicioso\",\"Violaci\u00f3n de datos personales\"],\"articleSection\":[\"Noticias\"],\"inLanguage\":\"es-CO\"},{\"@type\":\"WebPage\",\"@id\":\"https:\/\/www.fiscalia.gov.co\/colombia\/noticias\/nuevo-golpe-a-organizacion-criminal-los-piratas-del-caribe-dedicada-a-hurtos-millonarios-por-medios-informaticos\/\",\"url\":\"https:\/\/www.fiscalia.gov.co\/colombia\/noticias\/nuevo-golpe-a-organizacion-criminal-los-piratas-del-caribe-dedicada-a-hurtos-millonarios-por-medios-informaticos\/\",\"name\":\"Fiscal\u00eda General de la Naci\u00f3n\",\"isPartOf\":{\"@id\":\"https:\/\/www.fiscalia.gov.co\/colombia\/#website\"},\"datePublished\":\"2015-08-31T20:32:03+00:00\",\"dateModified\":\"2015-08-31T21:13:28+00:00\",\"description\":\"P\u00e1gina oficial de la Fiscal\u00eda General de la Naci\u00f3n \u2013 Colombia. Garantizamos el acceso efectivo a la justicia, la verdad y la reparaci\u00f3n de las v\u00edctimas de los delitos.\",\"breadcrumb\":{\"@id\":\"https:\/\/www.fiscalia.gov.co\/colombia\/noticias\/nuevo-golpe-a-organizacion-criminal-los-piratas-del-caribe-dedicada-a-hurtos-millonarios-por-medios-informaticos\/#breadcrumb\"},\"inLanguage\":\"es-CO\",\"potentialAction\":[{\"@type\":\"ReadAction\",\"target\":[\"https:\/\/www.fiscalia.gov.co\/colombia\/noticias\/nuevo-golpe-a-organizacion-criminal-los-piratas-del-caribe-dedicada-a-hurtos-millonarios-por-medios-informaticos\/\"]}]},{\"@type\":\"BreadcrumbList\",\"@id\":\"https:\/\/www.fiscalia.gov.co\/colombia\/noticias\/nuevo-golpe-a-organizacion-criminal-los-piratas-del-caribe-dedicada-a-hurtos-millonarios-por-medios-informaticos\/#breadcrumb\",\"itemListElement\":[{\"@type\":\"ListItem\",\"position\":1,\"name\":\"Home\",\"item\":\"https:\/\/www.fiscalia.gov.co\/colombia\/\"},{\"@type\":\"ListItem\",\"position\":2,\"name\":\"Nuevo golpe a organizaci\u00f3n criminal Los Piratas del Caribe, dedicada a hurtos millonarios por medios inform\u00e1ticos\"}]},{\"@type\":\"WebSite\",\"@id\":\"https:\/\/www.fiscalia.gov.co\/colombia\/#website\",\"url\":\"https:\/\/www.fiscalia.gov.co\/colombia\/\",\"name\":\"Fiscal\u00eda General de la Naci\u00f3n\",\"description\":\"P\u00e1gina oficial de la Fiscal\u00eda General de la Naci\u00f3n \u2013 Colombia. Garantizamos el acceso efectivo a la justicia, la verdad y la reparaci\u00f3n de las v\u00edctimas de los delitos.\",\"publisher\":{\"@id\":\"https:\/\/www.fiscalia.gov.co\/colombia\/#organization\"},\"potentialAction\":[{\"@type\":\"SearchAction\",\"target\":{\"@type\":\"EntryPoint\",\"urlTemplate\":\"https:\/\/www.fiscalia.gov.co\/colombia\/?s={search_term_string}\"},\"query-input\":{\"@type\":\"PropertyValueSpecification\",\"valueRequired\":true,\"valueName\":\"search_term_string\"}}],\"inLanguage\":\"es-CO\"},{\"@type\":\"Organization\",\"@id\":\"https:\/\/www.fiscalia.gov.co\/colombia\/#organization\",\"name\":\"Fiscal\u00eda General de la Naci\u00f3n\",\"url\":\"https:\/\/www.fiscalia.gov.co\/colombia\/\",\"logo\":{\"@type\":\"ImageObject\",\"inLanguage\":\"es-CO\",\"@id\":\"https:\/\/www.fiscalia.gov.co\/colombia\/#\/schema\/logo\/image\/\",\"url\":\"https:\/\/www.fiscalia.gov.co\/colombia\/wp-content\/uploads\/LogoHorizontal_1.jpg\",\"contentUrl\":\"https:\/\/www.fiscalia.gov.co\/colombia\/wp-content\/uploads\/LogoHorizontal_1.jpg\",\"width\":300,\"height\":90,\"caption\":\"Fiscal\u00eda General de la Naci\u00f3n\"},\"image\":{\"@id\":\"https:\/\/www.fiscalia.gov.co\/colombia\/#\/schema\/logo\/image\/\"},\"sameAs\":[\"https:\/\/www.facebook.com\/FiscaliaCol\",\"https:\/\/x.com\/FiscaliaCol\",\"https:\/\/www.instagram.com\/fiscaliacol\",\"https:\/\/www.linkedin.com\/company\/fiscalia-general-de-la-naci-n\/\",\"https:\/\/youtube.com\/@fiscaliageneraldelanacion-4668?si=6nN79nyQICPU5iTh\"]},{\"@type\":\"Person\",\"@id\":\"https:\/\/www.fiscalia.gov.co\/colombia\/#\/schema\/person\/3903856a3ce2d54b094c69eb29247895\",\"name\":\"dfgordillo\",\"image\":{\"@type\":\"ImageObject\",\"inLanguage\":\"es-CO\",\"@id\":\"https:\/\/www.fiscalia.gov.co\/colombia\/#\/schema\/person\/image\/\",\"url\":\"https:\/\/secure.gravatar.com\/avatar\/b6356e21c5657c60757fe6fb9493e947?s=96&d=mm&r=g\",\"contentUrl\":\"https:\/\/secure.gravatar.com\/avatar\/b6356e21c5657c60757fe6fb9493e947?s=96&d=mm&r=g\",\"caption\":\"dfgordillo\"},\"sameAs\":[\"dfgordillo\"],\"url\":\"https:\/\/www.fiscalia.gov.co\/colombia\/author\/dfgordillo\/\"}]}<\/script>\n<!-- \/ Yoast SEO plugin. -->","yoast_head_json":{"title":"Fiscal\u00eda General de la Naci\u00f3n","description":"P\u00e1gina oficial de la Fiscal\u00eda General de la Naci\u00f3n \u2013 Colombia. Garantizamos el acceso efectivo a la justicia, la verdad y la reparaci\u00f3n de las v\u00edctimas de los delitos.","robots":{"index":"noindex","follow":"follow"},"og_locale":"es_ES","og_type":"article","og_title":"Fiscal\u00eda General de la Naci\u00f3n","og_description":"P\u00e1gina oficial de la Fiscal\u00eda General de la Naci\u00f3n \u2013 Colombia. Garantizamos el acceso efectivo a la justicia, la verdad y la reparaci\u00f3n de las v\u00edctimas de los delitos.","og_url":"https:\/\/www.fiscalia.gov.co\/colombia\/noticias\/nuevo-golpe-a-organizacion-criminal-los-piratas-del-caribe-dedicada-a-hurtos-millonarios-por-medios-informaticos\/","og_site_name":"Fiscal\u00eda General de la Naci\u00f3n","article_publisher":"https:\/\/www.facebook.com\/FiscaliaCol","article_published_time":"2015-08-31T20:32:03+00:00","article_modified_time":"2015-08-31T21:13:28+00:00","author":"dfgordillo","twitter_card":"summary_large_image","twitter_creator":"@FiscaliaCol","twitter_site":"@FiscaliaCol","twitter_misc":{"Escrito por":"dfgordillo","Tiempo de lectura":"3 minutos"},"schema":{"@context":"https:\/\/schema.org","@graph":[{"@type":"Article","@id":"https:\/\/www.fiscalia.gov.co\/colombia\/noticias\/nuevo-golpe-a-organizacion-criminal-los-piratas-del-caribe-dedicada-a-hurtos-millonarios-por-medios-informaticos\/#article","isPartOf":{"@id":"https:\/\/www.fiscalia.gov.co\/colombia\/noticias\/nuevo-golpe-a-organizacion-criminal-los-piratas-del-caribe-dedicada-a-hurtos-millonarios-por-medios-informaticos\/"},"author":{"name":"dfgordillo","@id":"https:\/\/www.fiscalia.gov.co\/colombia\/#\/schema\/person\/3903856a3ce2d54b094c69eb29247895"},"headline":"Nuevo golpe a organizaci\u00f3n criminal Los Piratas del Caribe, dedicada a hurtos millonarios por medios inform\u00e1ticos","datePublished":"2015-08-31T20:32:03+00:00","dateModified":"2015-08-31T21:13:28+00:00","mainEntityOfPage":{"@id":"https:\/\/www.fiscalia.gov.co\/colombia\/noticias\/nuevo-golpe-a-organizacion-criminal-los-piratas-del-caribe-dedicada-a-hurtos-millonarios-por-medios-informaticos\/"},"wordCount":686,"publisher":{"@id":"https:\/\/www.fiscalia.gov.co\/colombia\/#organization"},"keywords":["Concierto para delinquir","Falsedad en documento p\u00fablico y privado","fraude financiero por medios virtuales","hurto por medios inform\u00e1ticos","uso de software malicioso","Violaci\u00f3n de datos personales"],"articleSection":["Noticias"],"inLanguage":"es-CO"},{"@type":"WebPage","@id":"https:\/\/www.fiscalia.gov.co\/colombia\/noticias\/nuevo-golpe-a-organizacion-criminal-los-piratas-del-caribe-dedicada-a-hurtos-millonarios-por-medios-informaticos\/","url":"https:\/\/www.fiscalia.gov.co\/colombia\/noticias\/nuevo-golpe-a-organizacion-criminal-los-piratas-del-caribe-dedicada-a-hurtos-millonarios-por-medios-informaticos\/","name":"Fiscal\u00eda General de la Naci\u00f3n","isPartOf":{"@id":"https:\/\/www.fiscalia.gov.co\/colombia\/#website"},"datePublished":"2015-08-31T20:32:03+00:00","dateModified":"2015-08-31T21:13:28+00:00","description":"P\u00e1gina oficial de la Fiscal\u00eda General de la Naci\u00f3n \u2013 Colombia. Garantizamos el acceso efectivo a la justicia, la verdad y la reparaci\u00f3n de las v\u00edctimas de los delitos.","breadcrumb":{"@id":"https:\/\/www.fiscalia.gov.co\/colombia\/noticias\/nuevo-golpe-a-organizacion-criminal-los-piratas-del-caribe-dedicada-a-hurtos-millonarios-por-medios-informaticos\/#breadcrumb"},"inLanguage":"es-CO","potentialAction":[{"@type":"ReadAction","target":["https:\/\/www.fiscalia.gov.co\/colombia\/noticias\/nuevo-golpe-a-organizacion-criminal-los-piratas-del-caribe-dedicada-a-hurtos-millonarios-por-medios-informaticos\/"]}]},{"@type":"BreadcrumbList","@id":"https:\/\/www.fiscalia.gov.co\/colombia\/noticias\/nuevo-golpe-a-organizacion-criminal-los-piratas-del-caribe-dedicada-a-hurtos-millonarios-por-medios-informaticos\/#breadcrumb","itemListElement":[{"@type":"ListItem","position":1,"name":"Home","item":"https:\/\/www.fiscalia.gov.co\/colombia\/"},{"@type":"ListItem","position":2,"name":"Nuevo golpe a organizaci\u00f3n criminal Los Piratas del Caribe, dedicada a hurtos millonarios por medios inform\u00e1ticos"}]},{"@type":"WebSite","@id":"https:\/\/www.fiscalia.gov.co\/colombia\/#website","url":"https:\/\/www.fiscalia.gov.co\/colombia\/","name":"Fiscal\u00eda General de la Naci\u00f3n","description":"P\u00e1gina oficial de la Fiscal\u00eda General de la Naci\u00f3n \u2013 Colombia. Garantizamos el acceso efectivo a la justicia, la verdad y la reparaci\u00f3n de las v\u00edctimas de los delitos.","publisher":{"@id":"https:\/\/www.fiscalia.gov.co\/colombia\/#organization"},"potentialAction":[{"@type":"SearchAction","target":{"@type":"EntryPoint","urlTemplate":"https:\/\/www.fiscalia.gov.co\/colombia\/?s={search_term_string}"},"query-input":{"@type":"PropertyValueSpecification","valueRequired":true,"valueName":"search_term_string"}}],"inLanguage":"es-CO"},{"@type":"Organization","@id":"https:\/\/www.fiscalia.gov.co\/colombia\/#organization","name":"Fiscal\u00eda General de la Naci\u00f3n","url":"https:\/\/www.fiscalia.gov.co\/colombia\/","logo":{"@type":"ImageObject","inLanguage":"es-CO","@id":"https:\/\/www.fiscalia.gov.co\/colombia\/#\/schema\/logo\/image\/","url":"https:\/\/www.fiscalia.gov.co\/colombia\/wp-content\/uploads\/LogoHorizontal_1.jpg","contentUrl":"https:\/\/www.fiscalia.gov.co\/colombia\/wp-content\/uploads\/LogoHorizontal_1.jpg","width":300,"height":90,"caption":"Fiscal\u00eda General de la Naci\u00f3n"},"image":{"@id":"https:\/\/www.fiscalia.gov.co\/colombia\/#\/schema\/logo\/image\/"},"sameAs":["https:\/\/www.facebook.com\/FiscaliaCol","https:\/\/x.com\/FiscaliaCol","https:\/\/www.instagram.com\/fiscaliacol","https:\/\/www.linkedin.com\/company\/fiscalia-general-de-la-naci-n\/","https:\/\/youtube.com\/@fiscaliageneraldelanacion-4668?si=6nN79nyQICPU5iTh"]},{"@type":"Person","@id":"https:\/\/www.fiscalia.gov.co\/colombia\/#\/schema\/person\/3903856a3ce2d54b094c69eb29247895","name":"dfgordillo","image":{"@type":"ImageObject","inLanguage":"es-CO","@id":"https:\/\/www.fiscalia.gov.co\/colombia\/#\/schema\/person\/image\/","url":"https:\/\/secure.gravatar.com\/avatar\/b6356e21c5657c60757fe6fb9493e947?s=96&d=mm&r=g","contentUrl":"https:\/\/secure.gravatar.com\/avatar\/b6356e21c5657c60757fe6fb9493e947?s=96&d=mm&r=g","caption":"dfgordillo"},"sameAs":["dfgordillo"],"url":"https:\/\/www.fiscalia.gov.co\/colombia\/author\/dfgordillo\/"}]}},"_links":{"self":[{"href":"https:\/\/www.fiscalia.gov.co\/colombia\/wp-json\/wp\/v2\/posts\/71995","targetHints":{"allow":["GET"]}}],"collection":[{"href":"https:\/\/www.fiscalia.gov.co\/colombia\/wp-json\/wp\/v2\/posts"}],"about":[{"href":"https:\/\/www.fiscalia.gov.co\/colombia\/wp-json\/wp\/v2\/types\/post"}],"author":[{"embeddable":true,"href":"https:\/\/www.fiscalia.gov.co\/colombia\/wp-json\/wp\/v2\/users\/143"}],"replies":[{"embeddable":true,"href":"https:\/\/www.fiscalia.gov.co\/colombia\/wp-json\/wp\/v2\/comments?post=71995"}],"version-history":[{"count":3,"href":"https:\/\/www.fiscalia.gov.co\/colombia\/wp-json\/wp\/v2\/posts\/71995\/revisions"}],"predecessor-version":[{"id":71999,"href":"https:\/\/www.fiscalia.gov.co\/colombia\/wp-json\/wp\/v2\/posts\/71995\/revisions\/71999"}],"wp:attachment":[{"href":"https:\/\/www.fiscalia.gov.co\/colombia\/wp-json\/wp\/v2\/media?parent=71995"}],"wp:term":[{"taxonomy":"category","embeddable":true,"href":"https:\/\/www.fiscalia.gov.co\/colombia\/wp-json\/wp\/v2\/categories?post=71995"},{"taxonomy":"post_tag","embeddable":true,"href":"https:\/\/www.fiscalia.gov.co\/colombia\/wp-json\/wp\/v2\/tags?post=71995"}],"curies":[{"name":"wp","href":"https:\/\/api.w.org\/{rel}","templated":true}]}}