{"id":71660,"date":"2015-08-25T09:33:40","date_gmt":"2015-08-25T14:33:40","guid":{"rendered":"http:\/\/www.fiscalia.gov.co\/colombia\/?p=71660"},"modified":"2015-08-25T09:33:40","modified_gmt":"2015-08-25T14:33:40","slug":"primer-seminario-taller-ninos-y-ninas-adolescentes-victimas-de-abuso-sexual-en-el-proceso-penal-en-boyaca","status":"publish","type":"post","link":"https:\/\/www.fiscalia.gov.co\/colombia\/noticias\/primer-seminario-taller-ninos-y-ninas-adolescentes-victimas-de-abuso-sexual-en-el-proceso-penal-en-boyaca\/","title":{"rendered":"Primer Seminario Taller Ni\u00f1os y Ni\u00f1as Adolescentes V\u00edctimas de Abuso Sexual en el Proceso Penal en Boyac\u00e1"},"content":{"rendered":"<p>M\u00e1s de 160 personas asistieron a la instalaci\u00f3n del Primer Seminario Taller \u201cNi\u00f1os y Ni\u00f1as Adolescentes V\u00edctimas de Abuso Sexual en el Proceso Penal\u201d, organizado por el Consejo Seccional de la Polic\u00eda Judicial de Boyac\u00e1, el cual cont\u00f3 con la participaci\u00f3n de quienes lo integran: la Fiscal\u00eda General de la Naci\u00f3n, el Cuerpo T\u00e9cnico de Investigaci\u00f3n CTI, Medicina Legal, la Procuradur\u00eda General de la Naci\u00f3n, y la Polic\u00eda Nacional.<\/p>\n<p>Los asistentes, entre los cuales figuran comisarios, autoridades judiciales, investigadores de polic\u00eda judicial, funcionarios de la Secretar\u00eda de Educaci\u00f3n, Secretar\u00eda de Salud ICBF, entre otros, del 24 al 26 de agosto, tendr\u00e1n la oportunidad de compartir experiencias y casos reales con el objetivo de mejorar la investigaci\u00f3n y judicializaci\u00f3n de los delitos sexuales contra ni\u00f1as, ni\u00f1os y adolescentes.<\/p>\n<p>Durante el seminario taller se sensibilizar\u00e1 sobre la violencia sexual en Colombia, se socializar\u00e1 la ruta integral de atenci\u00f3n a v\u00edctimas, la recolecci\u00f3n de elementos materiales de prueba, evidencia y pruebas periciales, se hablar\u00e1 de la ley 1090 de 2006, la cual reglamenta el ejercicio de la profesi\u00f3n de psicolog\u00eda; se dicta el C\u00f3digo Deontol\u00f3gico y Bio\u00e9tico, el alcance y la aplicabilidad del Protocolo SATAC que adelanta la Polic\u00eda Judicial para entrevista forense a NN y a v\u00edctimas de abuso sexual, entre talleres y otras intervenciones de los diferentes actores que intervienen en este proceso penal.<\/p>\n<p>Los diferentes asistentes al seminario taller, que est\u00e9n a toda la jornada que se desarrolla en las instalaciones del Instituto de Medicina Legal, recibir\u00e1n un certificado de asistencia por parte de la Instituci\u00f3n Universitaria Conocimiento e Innovaci\u00f3n para la Justicia (CIJ), entidad adscrita a la Fiscal\u00eda General de la Naci\u00f3n.<\/p>\n<p>Al evento asisti\u00f3 la Directora Seccional de Boyac\u00e1, Gladys Constanza Medina; la Subdirectora Seccional de Fiscal\u00edas, Omaira Montoya, y la Subdirectora Seccional del CTI, Cielo Garc\u00eda.<\/p>\n<p>La Seccional de Boyac\u00e1 viene adelantando campa\u00f1as de sensibilizaci\u00f3n en diferentes instituciones educativas, as\u00ed como acercamientos con la comunidad dando a conocer el portafolio de la Secci\u00f3n de An\u00e1lisis Criminal, con el prop\u00f3sito de incentivar la denuncia por la comisi\u00f3n de hechos delictivos en especial donde se ven como v\u00edctimas ni\u00f1os, ni\u00f1as y adolescentes. Asimismo, por medio del programa Futuro Colombia de la Seccional de Boyac\u00e1, se realizan charlas pedag\u00f3gicas sobre temas relacionados con esta din\u00e1mica delictiva.<\/p>\n<p>&nbsp;<\/p>\n<p>AAMZ\/DLBM<\/p>\n\n<div class=\"twitter-share\"><a href=\"https:\/\/twitter.com\/intent\/tweet?via=fiscaliacol\" class=\"twitter-share-button\">Tweet<\/a><\/div>\n","protected":false},"excerpt":{"rendered":"<p>M\u00e1s de 160 personas asistieron a la instalaci\u00f3n del Primer Seminario Taller \u201cNi\u00f1os y Ni\u00f1as Adolescentes V\u00edctimas de Abuso Sexual en el Proceso Penal\u201d, organizado por el Consejo Seccional de [&hellip;]<\/p>\n","protected":false},"author":143,"featured_media":0,"comment_status":"closed","ping_status":"open","sticky":false,"template":"","format":"standard","meta":{"tdm_status":"","tdm_grid_status":"","footnotes":""},"categories":[1],"tags":[14808],"class_list":["post-71660","post","type-post","status-publish","format-standard","category-noticias","tag-seminario-taller-ninos-y-ninas-adolescentes-victimas-de-abuso-sexual"],"yoast_head":"<!-- This site is optimized with the Yoast SEO plugin v24.3 - https:\/\/yoast.com\/wordpress\/plugins\/seo\/ -->\n<title>Fiscal\u00eda General de la Naci\u00f3n<\/title>\n<meta name=\"description\" content=\"P\u00e1gina oficial de la Fiscal\u00eda General de la Naci\u00f3n \u2013 Colombia. Garantizamos el acceso efectivo a la justicia, la verdad y la reparaci\u00f3n de las v\u00edctimas de los delitos.\" \/>\n<meta name=\"robots\" content=\"noindex, follow\" \/>\n<meta property=\"og:locale\" content=\"es_ES\" \/>\n<meta property=\"og:type\" content=\"article\" \/>\n<meta property=\"og:title\" content=\"Fiscal\u00eda General de la Naci\u00f3n\" \/>\n<meta property=\"og:description\" content=\"P\u00e1gina oficial de la Fiscal\u00eda General de la Naci\u00f3n \u2013 Colombia. Garantizamos el acceso efectivo a la justicia, la verdad y la reparaci\u00f3n de las v\u00edctimas de los delitos.\" \/>\n<meta property=\"og:url\" content=\"https:\/\/www.fiscalia.gov.co\/colombia\/noticias\/primer-seminario-taller-ninos-y-ninas-adolescentes-victimas-de-abuso-sexual-en-el-proceso-penal-en-boyaca\/\" \/>\n<meta property=\"og:site_name\" content=\"Fiscal\u00eda General de la Naci\u00f3n\" \/>\n<meta property=\"article:publisher\" content=\"https:\/\/www.facebook.com\/FiscaliaCol\" \/>\n<meta property=\"article:published_time\" content=\"2015-08-25T14:33:40+00:00\" \/>\n<meta name=\"author\" content=\"dfgordillo\" \/>\n<meta name=\"twitter:card\" content=\"summary_large_image\" \/>\n<meta name=\"twitter:creator\" content=\"@FiscaliaCol\" \/>\n<meta name=\"twitter:site\" content=\"@FiscaliaCol\" \/>\n<meta name=\"twitter:label1\" content=\"Escrito por\" \/>\n\t<meta name=\"twitter:data1\" content=\"dfgordillo\" \/>\n\t<meta name=\"twitter:label2\" content=\"Tiempo de lectura\" \/>\n\t<meta name=\"twitter:data2\" content=\"2 minutos\" \/>\n<script type=\"application\/ld+json\" class=\"yoast-schema-graph\">{\"@context\":\"https:\/\/schema.org\",\"@graph\":[{\"@type\":\"Article\",\"@id\":\"https:\/\/www.fiscalia.gov.co\/colombia\/noticias\/primer-seminario-taller-ninos-y-ninas-adolescentes-victimas-de-abuso-sexual-en-el-proceso-penal-en-boyaca\/#article\",\"isPartOf\":{\"@id\":\"https:\/\/www.fiscalia.gov.co\/colombia\/noticias\/primer-seminario-taller-ninos-y-ninas-adolescentes-victimas-de-abuso-sexual-en-el-proceso-penal-en-boyaca\/\"},\"author\":{\"name\":\"dfgordillo\",\"@id\":\"https:\/\/www.fiscalia.gov.co\/colombia\/#\/schema\/person\/3903856a3ce2d54b094c69eb29247895\"},\"headline\":\"Primer Seminario Taller Ni\u00f1os y Ni\u00f1as Adolescentes V\u00edctimas de Abuso Sexual en el Proceso Penal en Boyac\u00e1\",\"datePublished\":\"2015-08-25T14:33:40+00:00\",\"dateModified\":\"2015-08-25T14:33:40+00:00\",\"mainEntityOfPage\":{\"@id\":\"https:\/\/www.fiscalia.gov.co\/colombia\/noticias\/primer-seminario-taller-ninos-y-ninas-adolescentes-victimas-de-abuso-sexual-en-el-proceso-penal-en-boyaca\/\"},\"wordCount\":446,\"publisher\":{\"@id\":\"https:\/\/www.fiscalia.gov.co\/colombia\/#organization\"},\"keywords\":[\"Seminario Taller Ni\u00f1os y Ni\u00f1as Adolescentes V\u00edctimas de Abuso Sexual\"],\"articleSection\":[\"Noticias\"],\"inLanguage\":\"es-CO\"},{\"@type\":\"WebPage\",\"@id\":\"https:\/\/www.fiscalia.gov.co\/colombia\/noticias\/primer-seminario-taller-ninos-y-ninas-adolescentes-victimas-de-abuso-sexual-en-el-proceso-penal-en-boyaca\/\",\"url\":\"https:\/\/www.fiscalia.gov.co\/colombia\/noticias\/primer-seminario-taller-ninos-y-ninas-adolescentes-victimas-de-abuso-sexual-en-el-proceso-penal-en-boyaca\/\",\"name\":\"Fiscal\u00eda General de la Naci\u00f3n\",\"isPartOf\":{\"@id\":\"https:\/\/www.fiscalia.gov.co\/colombia\/#website\"},\"datePublished\":\"2015-08-25T14:33:40+00:00\",\"dateModified\":\"2015-08-25T14:33:40+00:00\",\"description\":\"P\u00e1gina oficial de la Fiscal\u00eda General de la Naci\u00f3n \u2013 Colombia. Garantizamos el acceso efectivo a la justicia, la verdad y la reparaci\u00f3n de las v\u00edctimas de los delitos.\",\"breadcrumb\":{\"@id\":\"https:\/\/www.fiscalia.gov.co\/colombia\/noticias\/primer-seminario-taller-ninos-y-ninas-adolescentes-victimas-de-abuso-sexual-en-el-proceso-penal-en-boyaca\/#breadcrumb\"},\"inLanguage\":\"es-CO\",\"potentialAction\":[{\"@type\":\"ReadAction\",\"target\":[\"https:\/\/www.fiscalia.gov.co\/colombia\/noticias\/primer-seminario-taller-ninos-y-ninas-adolescentes-victimas-de-abuso-sexual-en-el-proceso-penal-en-boyaca\/\"]}]},{\"@type\":\"BreadcrumbList\",\"@id\":\"https:\/\/www.fiscalia.gov.co\/colombia\/noticias\/primer-seminario-taller-ninos-y-ninas-adolescentes-victimas-de-abuso-sexual-en-el-proceso-penal-en-boyaca\/#breadcrumb\",\"itemListElement\":[{\"@type\":\"ListItem\",\"position\":1,\"name\":\"Home\",\"item\":\"https:\/\/www.fiscalia.gov.co\/colombia\/\"},{\"@type\":\"ListItem\",\"position\":2,\"name\":\"Primer Seminario Taller Ni\u00f1os y Ni\u00f1as Adolescentes V\u00edctimas de Abuso Sexual en el Proceso Penal en Boyac\u00e1\"}]},{\"@type\":\"WebSite\",\"@id\":\"https:\/\/www.fiscalia.gov.co\/colombia\/#website\",\"url\":\"https:\/\/www.fiscalia.gov.co\/colombia\/\",\"name\":\"Fiscal\u00eda General de la Naci\u00f3n\",\"description\":\"P\u00e1gina oficial de la Fiscal\u00eda General de la Naci\u00f3n \u2013 Colombia. Garantizamos el acceso efectivo a la justicia, la verdad y la reparaci\u00f3n de las v\u00edctimas de los delitos.\",\"publisher\":{\"@id\":\"https:\/\/www.fiscalia.gov.co\/colombia\/#organization\"},\"potentialAction\":[{\"@type\":\"SearchAction\",\"target\":{\"@type\":\"EntryPoint\",\"urlTemplate\":\"https:\/\/www.fiscalia.gov.co\/colombia\/?s={search_term_string}\"},\"query-input\":{\"@type\":\"PropertyValueSpecification\",\"valueRequired\":true,\"valueName\":\"search_term_string\"}}],\"inLanguage\":\"es-CO\"},{\"@type\":\"Organization\",\"@id\":\"https:\/\/www.fiscalia.gov.co\/colombia\/#organization\",\"name\":\"Fiscal\u00eda General de la Naci\u00f3n\",\"url\":\"https:\/\/www.fiscalia.gov.co\/colombia\/\",\"logo\":{\"@type\":\"ImageObject\",\"inLanguage\":\"es-CO\",\"@id\":\"https:\/\/www.fiscalia.gov.co\/colombia\/#\/schema\/logo\/image\/\",\"url\":\"https:\/\/www.fiscalia.gov.co\/colombia\/wp-content\/uploads\/LogoHorizontal_1.jpg\",\"contentUrl\":\"https:\/\/www.fiscalia.gov.co\/colombia\/wp-content\/uploads\/LogoHorizontal_1.jpg\",\"width\":300,\"height\":90,\"caption\":\"Fiscal\u00eda General de la Naci\u00f3n\"},\"image\":{\"@id\":\"https:\/\/www.fiscalia.gov.co\/colombia\/#\/schema\/logo\/image\/\"},\"sameAs\":[\"https:\/\/www.facebook.com\/FiscaliaCol\",\"https:\/\/x.com\/FiscaliaCol\",\"https:\/\/www.instagram.com\/fiscaliacol\",\"https:\/\/www.linkedin.com\/company\/fiscalia-general-de-la-naci-n\/\",\"https:\/\/youtube.com\/@fiscaliageneraldelanacion-4668?si=6nN79nyQICPU5iTh\"]},{\"@type\":\"Person\",\"@id\":\"https:\/\/www.fiscalia.gov.co\/colombia\/#\/schema\/person\/3903856a3ce2d54b094c69eb29247895\",\"name\":\"dfgordillo\",\"image\":{\"@type\":\"ImageObject\",\"inLanguage\":\"es-CO\",\"@id\":\"https:\/\/www.fiscalia.gov.co\/colombia\/#\/schema\/person\/image\/\",\"url\":\"https:\/\/secure.gravatar.com\/avatar\/b6356e21c5657c60757fe6fb9493e947?s=96&d=mm&r=g\",\"contentUrl\":\"https:\/\/secure.gravatar.com\/avatar\/b6356e21c5657c60757fe6fb9493e947?s=96&d=mm&r=g\",\"caption\":\"dfgordillo\"},\"sameAs\":[\"dfgordillo\"],\"url\":\"https:\/\/www.fiscalia.gov.co\/colombia\/author\/dfgordillo\/\"}]}<\/script>\n<!-- \/ Yoast SEO plugin. -->","yoast_head_json":{"title":"Fiscal\u00eda General de la Naci\u00f3n","description":"P\u00e1gina oficial de la Fiscal\u00eda General de la Naci\u00f3n \u2013 Colombia. Garantizamos el acceso efectivo a la justicia, la verdad y la reparaci\u00f3n de las v\u00edctimas de los delitos.","robots":{"index":"noindex","follow":"follow"},"og_locale":"es_ES","og_type":"article","og_title":"Fiscal\u00eda General de la Naci\u00f3n","og_description":"P\u00e1gina oficial de la Fiscal\u00eda General de la Naci\u00f3n \u2013 Colombia. Garantizamos el acceso efectivo a la justicia, la verdad y la reparaci\u00f3n de las v\u00edctimas de los delitos.","og_url":"https:\/\/www.fiscalia.gov.co\/colombia\/noticias\/primer-seminario-taller-ninos-y-ninas-adolescentes-victimas-de-abuso-sexual-en-el-proceso-penal-en-boyaca\/","og_site_name":"Fiscal\u00eda General de la Naci\u00f3n","article_publisher":"https:\/\/www.facebook.com\/FiscaliaCol","article_published_time":"2015-08-25T14:33:40+00:00","author":"dfgordillo","twitter_card":"summary_large_image","twitter_creator":"@FiscaliaCol","twitter_site":"@FiscaliaCol","twitter_misc":{"Escrito por":"dfgordillo","Tiempo de lectura":"2 minutos"},"schema":{"@context":"https:\/\/schema.org","@graph":[{"@type":"Article","@id":"https:\/\/www.fiscalia.gov.co\/colombia\/noticias\/primer-seminario-taller-ninos-y-ninas-adolescentes-victimas-de-abuso-sexual-en-el-proceso-penal-en-boyaca\/#article","isPartOf":{"@id":"https:\/\/www.fiscalia.gov.co\/colombia\/noticias\/primer-seminario-taller-ninos-y-ninas-adolescentes-victimas-de-abuso-sexual-en-el-proceso-penal-en-boyaca\/"},"author":{"name":"dfgordillo","@id":"https:\/\/www.fiscalia.gov.co\/colombia\/#\/schema\/person\/3903856a3ce2d54b094c69eb29247895"},"headline":"Primer Seminario Taller Ni\u00f1os y Ni\u00f1as Adolescentes V\u00edctimas de Abuso Sexual en el Proceso Penal en Boyac\u00e1","datePublished":"2015-08-25T14:33:40+00:00","dateModified":"2015-08-25T14:33:40+00:00","mainEntityOfPage":{"@id":"https:\/\/www.fiscalia.gov.co\/colombia\/noticias\/primer-seminario-taller-ninos-y-ninas-adolescentes-victimas-de-abuso-sexual-en-el-proceso-penal-en-boyaca\/"},"wordCount":446,"publisher":{"@id":"https:\/\/www.fiscalia.gov.co\/colombia\/#organization"},"keywords":["Seminario Taller Ni\u00f1os y Ni\u00f1as Adolescentes V\u00edctimas de Abuso Sexual"],"articleSection":["Noticias"],"inLanguage":"es-CO"},{"@type":"WebPage","@id":"https:\/\/www.fiscalia.gov.co\/colombia\/noticias\/primer-seminario-taller-ninos-y-ninas-adolescentes-victimas-de-abuso-sexual-en-el-proceso-penal-en-boyaca\/","url":"https:\/\/www.fiscalia.gov.co\/colombia\/noticias\/primer-seminario-taller-ninos-y-ninas-adolescentes-victimas-de-abuso-sexual-en-el-proceso-penal-en-boyaca\/","name":"Fiscal\u00eda General de la Naci\u00f3n","isPartOf":{"@id":"https:\/\/www.fiscalia.gov.co\/colombia\/#website"},"datePublished":"2015-08-25T14:33:40+00:00","dateModified":"2015-08-25T14:33:40+00:00","description":"P\u00e1gina oficial de la Fiscal\u00eda General de la Naci\u00f3n \u2013 Colombia. Garantizamos el acceso efectivo a la justicia, la verdad y la reparaci\u00f3n de las v\u00edctimas de los delitos.","breadcrumb":{"@id":"https:\/\/www.fiscalia.gov.co\/colombia\/noticias\/primer-seminario-taller-ninos-y-ninas-adolescentes-victimas-de-abuso-sexual-en-el-proceso-penal-en-boyaca\/#breadcrumb"},"inLanguage":"es-CO","potentialAction":[{"@type":"ReadAction","target":["https:\/\/www.fiscalia.gov.co\/colombia\/noticias\/primer-seminario-taller-ninos-y-ninas-adolescentes-victimas-de-abuso-sexual-en-el-proceso-penal-en-boyaca\/"]}]},{"@type":"BreadcrumbList","@id":"https:\/\/www.fiscalia.gov.co\/colombia\/noticias\/primer-seminario-taller-ninos-y-ninas-adolescentes-victimas-de-abuso-sexual-en-el-proceso-penal-en-boyaca\/#breadcrumb","itemListElement":[{"@type":"ListItem","position":1,"name":"Home","item":"https:\/\/www.fiscalia.gov.co\/colombia\/"},{"@type":"ListItem","position":2,"name":"Primer Seminario Taller Ni\u00f1os y Ni\u00f1as Adolescentes V\u00edctimas de Abuso Sexual en el Proceso Penal en Boyac\u00e1"}]},{"@type":"WebSite","@id":"https:\/\/www.fiscalia.gov.co\/colombia\/#website","url":"https:\/\/www.fiscalia.gov.co\/colombia\/","name":"Fiscal\u00eda General de la Naci\u00f3n","description":"P\u00e1gina oficial de la Fiscal\u00eda General de la Naci\u00f3n \u2013 Colombia. Garantizamos el acceso efectivo a la justicia, la verdad y la reparaci\u00f3n de las v\u00edctimas de los delitos.","publisher":{"@id":"https:\/\/www.fiscalia.gov.co\/colombia\/#organization"},"potentialAction":[{"@type":"SearchAction","target":{"@type":"EntryPoint","urlTemplate":"https:\/\/www.fiscalia.gov.co\/colombia\/?s={search_term_string}"},"query-input":{"@type":"PropertyValueSpecification","valueRequired":true,"valueName":"search_term_string"}}],"inLanguage":"es-CO"},{"@type":"Organization","@id":"https:\/\/www.fiscalia.gov.co\/colombia\/#organization","name":"Fiscal\u00eda General de la Naci\u00f3n","url":"https:\/\/www.fiscalia.gov.co\/colombia\/","logo":{"@type":"ImageObject","inLanguage":"es-CO","@id":"https:\/\/www.fiscalia.gov.co\/colombia\/#\/schema\/logo\/image\/","url":"https:\/\/www.fiscalia.gov.co\/colombia\/wp-content\/uploads\/LogoHorizontal_1.jpg","contentUrl":"https:\/\/www.fiscalia.gov.co\/colombia\/wp-content\/uploads\/LogoHorizontal_1.jpg","width":300,"height":90,"caption":"Fiscal\u00eda General de la Naci\u00f3n"},"image":{"@id":"https:\/\/www.fiscalia.gov.co\/colombia\/#\/schema\/logo\/image\/"},"sameAs":["https:\/\/www.facebook.com\/FiscaliaCol","https:\/\/x.com\/FiscaliaCol","https:\/\/www.instagram.com\/fiscaliacol","https:\/\/www.linkedin.com\/company\/fiscalia-general-de-la-naci-n\/","https:\/\/youtube.com\/@fiscaliageneraldelanacion-4668?si=6nN79nyQICPU5iTh"]},{"@type":"Person","@id":"https:\/\/www.fiscalia.gov.co\/colombia\/#\/schema\/person\/3903856a3ce2d54b094c69eb29247895","name":"dfgordillo","image":{"@type":"ImageObject","inLanguage":"es-CO","@id":"https:\/\/www.fiscalia.gov.co\/colombia\/#\/schema\/person\/image\/","url":"https:\/\/secure.gravatar.com\/avatar\/b6356e21c5657c60757fe6fb9493e947?s=96&d=mm&r=g","contentUrl":"https:\/\/secure.gravatar.com\/avatar\/b6356e21c5657c60757fe6fb9493e947?s=96&d=mm&r=g","caption":"dfgordillo"},"sameAs":["dfgordillo"],"url":"https:\/\/www.fiscalia.gov.co\/colombia\/author\/dfgordillo\/"}]}},"_links":{"self":[{"href":"https:\/\/www.fiscalia.gov.co\/colombia\/wp-json\/wp\/v2\/posts\/71660","targetHints":{"allow":["GET"]}}],"collection":[{"href":"https:\/\/www.fiscalia.gov.co\/colombia\/wp-json\/wp\/v2\/posts"}],"about":[{"href":"https:\/\/www.fiscalia.gov.co\/colombia\/wp-json\/wp\/v2\/types\/post"}],"author":[{"embeddable":true,"href":"https:\/\/www.fiscalia.gov.co\/colombia\/wp-json\/wp\/v2\/users\/143"}],"replies":[{"embeddable":true,"href":"https:\/\/www.fiscalia.gov.co\/colombia\/wp-json\/wp\/v2\/comments?post=71660"}],"version-history":[{"count":1,"href":"https:\/\/www.fiscalia.gov.co\/colombia\/wp-json\/wp\/v2\/posts\/71660\/revisions"}],"predecessor-version":[{"id":71661,"href":"https:\/\/www.fiscalia.gov.co\/colombia\/wp-json\/wp\/v2\/posts\/71660\/revisions\/71661"}],"wp:attachment":[{"href":"https:\/\/www.fiscalia.gov.co\/colombia\/wp-json\/wp\/v2\/media?parent=71660"}],"wp:term":[{"taxonomy":"category","embeddable":true,"href":"https:\/\/www.fiscalia.gov.co\/colombia\/wp-json\/wp\/v2\/categories?post=71660"},{"taxonomy":"post_tag","embeddable":true,"href":"https:\/\/www.fiscalia.gov.co\/colombia\/wp-json\/wp\/v2\/tags?post=71660"}],"curies":[{"name":"wp","href":"https:\/\/api.w.org\/{rel}","templated":true}]}}