{"id":71214,"date":"2015-08-14T17:40:01","date_gmt":"2015-08-14T22:40:01","guid":{"rendered":"http:\/\/www.fiscalia.gov.co\/colombia\/?p=71214"},"modified":"2015-08-14T17:40:01","modified_gmt":"2015-08-14T22:40:01","slug":"13-capturas-por-corrupcion-en-la-justicia-en-barranquilla-incluidos-los-vinculados-al-caso-turco-hilsaca","status":"publish","type":"post","link":"https:\/\/www.fiscalia.gov.co\/colombia\/noticias\/13-capturas-por-corrupcion-en-la-justicia-en-barranquilla-incluidos-los-vinculados-al-caso-turco-hilsaca\/","title":{"rendered":"13 capturas por corrupci\u00f3n en la justicia en Barranquilla. Incluidos los vinculados al caso Turco Hilsaca"},"content":{"rendered":"<p>El Juzgado 79 Penal Municipal con funci\u00f3n de Control de Garant\u00edas de Bogot\u00e1 orden\u00f3 la captura de 13 personas, entre ellas cuatro jueces, un fiscal, dos abogados, tres funcionarios del centro de servicios de Barranquilla, un inspector Distrital de Polic\u00eda y un particular y el coordinador de una Casa de Justicia.<\/p>\n<p>La acci\u00f3n judicial se ejecut\u00f3 luego de la solicitud de la Fiscal\u00eda Delegada ante el Tribunal de Bogot\u00e1, adscrita al Eje Tem\u00e1tico para la Corrupci\u00f3n en la Administraci\u00f3n de Justicia.<\/p>\n<p>Estas personas, que integran una red de corrupci\u00f3n judicial, son investigadas por manipular y darles direcci\u00f3n espec\u00edfica a audiencias judiciales en Barranquilla y ser\u00e1n imputadas por falsedad documental, constre\u00f1imiento para delinquir, prevaricato por acci\u00f3n agravado, concusi\u00f3n, cohecho y concierto para delinquir.<\/p>\n<p>La investigaci\u00f3n, que se adelant\u00f3 durante el \u00faltimo a\u00f1o, implic\u00f3 agentes encubiertos, seguimientos electr\u00f3nicos, inspecci\u00f3n a procesos, declaraciones, entrevistas e interrogatorios, que permitieron establecer las posibles responsabilidades penales de cada uno de los capturados.<\/p>\n<p>Uno de los casos por los cuales son investigados tiene que ver con el proceso que la Fiscal\u00eda adelanta contra Alfonso Hilsaca, conocido como el Turco Hilsaca, quien seg\u00fan la investigaci\u00f3n fue uno de los beneficiarios de las decisiones tomadas por esta red de corrupci\u00f3n, en el centro de servicios de Barranquilla.<\/p>\n<p>&nbsp;<\/p>\n<p><strong>El caso Turco Hilsaca<\/strong><\/p>\n<p>La investigaci\u00f3n permiti\u00f3 establecer como el coordinador del centro de servicios cambi\u00f3 de lugar a varios funcionarios previamente a la decisi\u00f3n del caso Hilsaca. El d\u00eda en que se deb\u00eda resolver el recurso, el encargado de asignar las salas de audiencias y notificar alter\u00f3 el orden de las mismas, mientras que el secretario del juzgado se comunic\u00f3 telef\u00f3nicamente con otro funcionario para indicarle a qu\u00e9 juez le deb\u00edan asignar el caso y simult\u00e1neamente el coordinador del centro de servicios ingres\u00f3 al mismo despacho y le reiter\u00f3 personalmente al funcionario a qu\u00e9 juez deb\u00edan repartirle el caso Hilsaca.<\/p>\n<p>Ese mismo d\u00eda, 19 de diciembre de 2014, el Juzgado noveno de control de garant\u00edas, revoc\u00f3 la medida de aseguramiento que pesaba en contra de Alfonso Hilsaca Eljaude. La decisi\u00f3n fue apelada por la Fiscal\u00eda y confirmada en segunda instancia del 20 de marzo de 2015\u00a0 por el Juzgado Cuarto Penal del Circuito.<\/p>\n<p>Tambi\u00e9n se investigan entre otras decisiones la suspensi\u00f3n del poder dispositivo de unos bienes, la libertad de otro procesado que fracas\u00f3 porque el fiscal no se present\u00f3 a la audiencia; la libertad de una procesada por narcotr\u00e1fico con la colaboraci\u00f3n del fiscal del caso a la que le devolvieron el autom\u00f3vil en el que le encontraron la droga y le sustituyeron la medida de aseguramiento, atribuy\u00e9ndole calidad de madre cabeza de familia sin tenerla, a cambio de una fuerte suma de dinero; entre otros casos similares.<\/p>\n<p>&nbsp;<\/p>\n<p>AMC \/ AAEA<\/p>\n<p>&nbsp;<\/p>\n\n<div class=\"twitter-share\"><a href=\"https:\/\/twitter.com\/intent\/tweet?via=fiscaliacol\" class=\"twitter-share-button\">Tweet<\/a><\/div>\n","protected":false},"excerpt":{"rendered":"<p>El Juzgado 79 Penal Municipal con funci\u00f3n de Control de Garant\u00edas de Bogot\u00e1 orden\u00f3 la captura de 13 personas, entre ellas cuatro jueces, un fiscal, dos abogados, tres funcionarios del centro de servicios de Barranquilla, un inspector Distrital de Polic\u00eda y un particular y el coordinador de una Casa de Justicia. La acci\u00f3n judicial se [&hellip;]<\/p>\n","protected":false},"author":143,"featured_media":0,"comment_status":"closed","ping_status":"open","sticky":false,"template":"","format":"standard","meta":{"tdm_status":"","tdm_grid_status":"","footnotes":""},"categories":[1],"tags":[14638,14637],"class_list":{"0":"post-71214","1":"post","2":"type-post","3":"status-publish","4":"format-standard","6":"category-noticias","7":"tag-caso-turco-hilsaca","8":"tag-corrupcion-en-la-justicia"},"yoast_head":"<!-- This site is optimized with the Yoast SEO plugin v24.3 - https:\/\/yoast.com\/wordpress\/plugins\/seo\/ -->\n<title>Fiscal\u00eda General de la Naci\u00f3n<\/title>\n<meta name=\"description\" content=\"P\u00e1gina oficial de la Fiscal\u00eda General de la Naci\u00f3n \u2013 Colombia. Garantizamos el acceso efectivo a la justicia, la verdad y la reparaci\u00f3n de las v\u00edctimas de los delitos.\" \/>\n<meta name=\"robots\" content=\"noindex, follow\" \/>\n<meta property=\"og:locale\" content=\"es_ES\" \/>\n<meta property=\"og:type\" content=\"article\" \/>\n<meta property=\"og:title\" content=\"Fiscal\u00eda General de la Naci\u00f3n\" \/>\n<meta property=\"og:description\" content=\"P\u00e1gina oficial de la Fiscal\u00eda General de la Naci\u00f3n \u2013 Colombia. Garantizamos el acceso efectivo a la justicia, la verdad y la reparaci\u00f3n de las v\u00edctimas de los delitos.\" \/>\n<meta property=\"og:url\" content=\"https:\/\/www.fiscalia.gov.co\/colombia\/noticias\/13-capturas-por-corrupcion-en-la-justicia-en-barranquilla-incluidos-los-vinculados-al-caso-turco-hilsaca\/\" \/>\n<meta property=\"og:site_name\" content=\"Fiscal\u00eda General de la Naci\u00f3n\" \/>\n<meta property=\"article:publisher\" content=\"https:\/\/www.facebook.com\/FiscaliaCol\" \/>\n<meta property=\"article:published_time\" content=\"2015-08-14T22:40:01+00:00\" \/>\n<meta name=\"author\" content=\"dfgordillo\" \/>\n<meta name=\"twitter:card\" content=\"summary_large_image\" \/>\n<meta name=\"twitter:creator\" content=\"@FiscaliaCol\" \/>\n<meta name=\"twitter:site\" content=\"@FiscaliaCol\" \/>\n<meta name=\"twitter:label1\" content=\"Escrito por\" \/>\n\t<meta name=\"twitter:data1\" content=\"dfgordillo\" \/>\n\t<meta name=\"twitter:label2\" content=\"Tiempo de lectura\" \/>\n\t<meta name=\"twitter:data2\" content=\"2 minutos\" \/>\n<script type=\"application\/ld+json\" class=\"yoast-schema-graph\">{\"@context\":\"https:\/\/schema.org\",\"@graph\":[{\"@type\":\"Article\",\"@id\":\"https:\/\/www.fiscalia.gov.co\/colombia\/noticias\/13-capturas-por-corrupcion-en-la-justicia-en-barranquilla-incluidos-los-vinculados-al-caso-turco-hilsaca\/#article\",\"isPartOf\":{\"@id\":\"https:\/\/www.fiscalia.gov.co\/colombia\/noticias\/13-capturas-por-corrupcion-en-la-justicia-en-barranquilla-incluidos-los-vinculados-al-caso-turco-hilsaca\/\"},\"author\":{\"name\":\"dfgordillo\",\"@id\":\"https:\/\/www.fiscalia.gov.co\/colombia\/#\/schema\/person\/3903856a3ce2d54b094c69eb29247895\"},\"headline\":\"13 capturas por corrupci\u00f3n en la justicia en Barranquilla. Incluidos los vinculados al caso Turco Hilsaca\",\"datePublished\":\"2015-08-14T22:40:01+00:00\",\"dateModified\":\"2015-08-14T22:40:01+00:00\",\"mainEntityOfPage\":{\"@id\":\"https:\/\/www.fiscalia.gov.co\/colombia\/noticias\/13-capturas-por-corrupcion-en-la-justicia-en-barranquilla-incluidos-los-vinculados-al-caso-turco-hilsaca\/\"},\"wordCount\":504,\"publisher\":{\"@id\":\"https:\/\/www.fiscalia.gov.co\/colombia\/#organization\"},\"keywords\":[\"caso Turco Hilsaca\",\"corrupci\u00f3n en la justicia\"],\"articleSection\":[\"Noticias\"],\"inLanguage\":\"es-CO\"},{\"@type\":\"WebPage\",\"@id\":\"https:\/\/www.fiscalia.gov.co\/colombia\/noticias\/13-capturas-por-corrupcion-en-la-justicia-en-barranquilla-incluidos-los-vinculados-al-caso-turco-hilsaca\/\",\"url\":\"https:\/\/www.fiscalia.gov.co\/colombia\/noticias\/13-capturas-por-corrupcion-en-la-justicia-en-barranquilla-incluidos-los-vinculados-al-caso-turco-hilsaca\/\",\"name\":\"Fiscal\u00eda General de la Naci\u00f3n\",\"isPartOf\":{\"@id\":\"https:\/\/www.fiscalia.gov.co\/colombia\/#website\"},\"datePublished\":\"2015-08-14T22:40:01+00:00\",\"dateModified\":\"2015-08-14T22:40:01+00:00\",\"description\":\"P\u00e1gina oficial de la Fiscal\u00eda General de la Naci\u00f3n \u2013 Colombia. Garantizamos el acceso efectivo a la justicia, la verdad y la reparaci\u00f3n de las v\u00edctimas de los delitos.\",\"breadcrumb\":{\"@id\":\"https:\/\/www.fiscalia.gov.co\/colombia\/noticias\/13-capturas-por-corrupcion-en-la-justicia-en-barranquilla-incluidos-los-vinculados-al-caso-turco-hilsaca\/#breadcrumb\"},\"inLanguage\":\"es-CO\",\"potentialAction\":[{\"@type\":\"ReadAction\",\"target\":[\"https:\/\/www.fiscalia.gov.co\/colombia\/noticias\/13-capturas-por-corrupcion-en-la-justicia-en-barranquilla-incluidos-los-vinculados-al-caso-turco-hilsaca\/\"]}]},{\"@type\":\"BreadcrumbList\",\"@id\":\"https:\/\/www.fiscalia.gov.co\/colombia\/noticias\/13-capturas-por-corrupcion-en-la-justicia-en-barranquilla-incluidos-los-vinculados-al-caso-turco-hilsaca\/#breadcrumb\",\"itemListElement\":[{\"@type\":\"ListItem\",\"position\":1,\"name\":\"Home\",\"item\":\"https:\/\/www.fiscalia.gov.co\/colombia\/\"},{\"@type\":\"ListItem\",\"position\":2,\"name\":\"13 capturas por corrupci\u00f3n en la justicia en Barranquilla. Incluidos los vinculados al caso Turco Hilsaca\"}]},{\"@type\":\"WebSite\",\"@id\":\"https:\/\/www.fiscalia.gov.co\/colombia\/#website\",\"url\":\"https:\/\/www.fiscalia.gov.co\/colombia\/\",\"name\":\"Fiscal\u00eda General de la Naci\u00f3n\",\"description\":\"P\u00e1gina oficial de la Fiscal\u00eda General de la Naci\u00f3n \u2013 Colombia. Garantizamos el acceso efectivo a la justicia, la verdad y la reparaci\u00f3n de las v\u00edctimas de los delitos.\",\"publisher\":{\"@id\":\"https:\/\/www.fiscalia.gov.co\/colombia\/#organization\"},\"potentialAction\":[{\"@type\":\"SearchAction\",\"target\":{\"@type\":\"EntryPoint\",\"urlTemplate\":\"https:\/\/www.fiscalia.gov.co\/colombia\/?s={search_term_string}\"},\"query-input\":{\"@type\":\"PropertyValueSpecification\",\"valueRequired\":true,\"valueName\":\"search_term_string\"}}],\"inLanguage\":\"es-CO\"},{\"@type\":\"Organization\",\"@id\":\"https:\/\/www.fiscalia.gov.co\/colombia\/#organization\",\"name\":\"Fiscal\u00eda General de la Naci\u00f3n\",\"url\":\"https:\/\/www.fiscalia.gov.co\/colombia\/\",\"logo\":{\"@type\":\"ImageObject\",\"inLanguage\":\"es-CO\",\"@id\":\"https:\/\/www.fiscalia.gov.co\/colombia\/#\/schema\/logo\/image\/\",\"url\":\"https:\/\/www.fiscalia.gov.co\/colombia\/wp-content\/uploads\/LogoHorizontal_1.jpg\",\"contentUrl\":\"https:\/\/www.fiscalia.gov.co\/colombia\/wp-content\/uploads\/LogoHorizontal_1.jpg\",\"width\":300,\"height\":90,\"caption\":\"Fiscal\u00eda General de la Naci\u00f3n\"},\"image\":{\"@id\":\"https:\/\/www.fiscalia.gov.co\/colombia\/#\/schema\/logo\/image\/\"},\"sameAs\":[\"https:\/\/www.facebook.com\/FiscaliaCol\",\"https:\/\/x.com\/FiscaliaCol\",\"https:\/\/www.instagram.com\/fiscaliacol\",\"https:\/\/www.linkedin.com\/company\/fiscalia-general-de-la-naci-n\/\",\"https:\/\/youtube.com\/@fiscaliageneraldelanacion-4668?si=6nN79nyQICPU5iTh\"]},{\"@type\":\"Person\",\"@id\":\"https:\/\/www.fiscalia.gov.co\/colombia\/#\/schema\/person\/3903856a3ce2d54b094c69eb29247895\",\"name\":\"dfgordillo\",\"image\":{\"@type\":\"ImageObject\",\"inLanguage\":\"es-CO\",\"@id\":\"https:\/\/www.fiscalia.gov.co\/colombia\/#\/schema\/person\/image\/\",\"url\":\"https:\/\/secure.gravatar.com\/avatar\/b6356e21c5657c60757fe6fb9493e947?s=96&d=mm&r=g\",\"contentUrl\":\"https:\/\/secure.gravatar.com\/avatar\/b6356e21c5657c60757fe6fb9493e947?s=96&d=mm&r=g\",\"caption\":\"dfgordillo\"},\"sameAs\":[\"dfgordillo\"],\"url\":\"https:\/\/www.fiscalia.gov.co\/colombia\/author\/dfgordillo\/\"}]}<\/script>\n<!-- \/ Yoast SEO plugin. -->","yoast_head_json":{"title":"Fiscal\u00eda General de la Naci\u00f3n","description":"P\u00e1gina oficial de la Fiscal\u00eda General de la Naci\u00f3n \u2013 Colombia. Garantizamos el acceso efectivo a la justicia, la verdad y la reparaci\u00f3n de las v\u00edctimas de los delitos.","robots":{"index":"noindex","follow":"follow"},"og_locale":"es_ES","og_type":"article","og_title":"Fiscal\u00eda General de la Naci\u00f3n","og_description":"P\u00e1gina oficial de la Fiscal\u00eda General de la Naci\u00f3n \u2013 Colombia. Garantizamos el acceso efectivo a la justicia, la verdad y la reparaci\u00f3n de las v\u00edctimas de los delitos.","og_url":"https:\/\/www.fiscalia.gov.co\/colombia\/noticias\/13-capturas-por-corrupcion-en-la-justicia-en-barranquilla-incluidos-los-vinculados-al-caso-turco-hilsaca\/","og_site_name":"Fiscal\u00eda General de la Naci\u00f3n","article_publisher":"https:\/\/www.facebook.com\/FiscaliaCol","article_published_time":"2015-08-14T22:40:01+00:00","author":"dfgordillo","twitter_card":"summary_large_image","twitter_creator":"@FiscaliaCol","twitter_site":"@FiscaliaCol","twitter_misc":{"Escrito por":"dfgordillo","Tiempo de lectura":"2 minutos"},"schema":{"@context":"https:\/\/schema.org","@graph":[{"@type":"Article","@id":"https:\/\/www.fiscalia.gov.co\/colombia\/noticias\/13-capturas-por-corrupcion-en-la-justicia-en-barranquilla-incluidos-los-vinculados-al-caso-turco-hilsaca\/#article","isPartOf":{"@id":"https:\/\/www.fiscalia.gov.co\/colombia\/noticias\/13-capturas-por-corrupcion-en-la-justicia-en-barranquilla-incluidos-los-vinculados-al-caso-turco-hilsaca\/"},"author":{"name":"dfgordillo","@id":"https:\/\/www.fiscalia.gov.co\/colombia\/#\/schema\/person\/3903856a3ce2d54b094c69eb29247895"},"headline":"13 capturas por corrupci\u00f3n en la justicia en Barranquilla. Incluidos los vinculados al caso Turco Hilsaca","datePublished":"2015-08-14T22:40:01+00:00","dateModified":"2015-08-14T22:40:01+00:00","mainEntityOfPage":{"@id":"https:\/\/www.fiscalia.gov.co\/colombia\/noticias\/13-capturas-por-corrupcion-en-la-justicia-en-barranquilla-incluidos-los-vinculados-al-caso-turco-hilsaca\/"},"wordCount":504,"publisher":{"@id":"https:\/\/www.fiscalia.gov.co\/colombia\/#organization"},"keywords":["caso Turco Hilsaca","corrupci\u00f3n en la justicia"],"articleSection":["Noticias"],"inLanguage":"es-CO"},{"@type":"WebPage","@id":"https:\/\/www.fiscalia.gov.co\/colombia\/noticias\/13-capturas-por-corrupcion-en-la-justicia-en-barranquilla-incluidos-los-vinculados-al-caso-turco-hilsaca\/","url":"https:\/\/www.fiscalia.gov.co\/colombia\/noticias\/13-capturas-por-corrupcion-en-la-justicia-en-barranquilla-incluidos-los-vinculados-al-caso-turco-hilsaca\/","name":"Fiscal\u00eda General de la Naci\u00f3n","isPartOf":{"@id":"https:\/\/www.fiscalia.gov.co\/colombia\/#website"},"datePublished":"2015-08-14T22:40:01+00:00","dateModified":"2015-08-14T22:40:01+00:00","description":"P\u00e1gina oficial de la Fiscal\u00eda General de la Naci\u00f3n \u2013 Colombia. Garantizamos el acceso efectivo a la justicia, la verdad y la reparaci\u00f3n de las v\u00edctimas de los delitos.","breadcrumb":{"@id":"https:\/\/www.fiscalia.gov.co\/colombia\/noticias\/13-capturas-por-corrupcion-en-la-justicia-en-barranquilla-incluidos-los-vinculados-al-caso-turco-hilsaca\/#breadcrumb"},"inLanguage":"es-CO","potentialAction":[{"@type":"ReadAction","target":["https:\/\/www.fiscalia.gov.co\/colombia\/noticias\/13-capturas-por-corrupcion-en-la-justicia-en-barranquilla-incluidos-los-vinculados-al-caso-turco-hilsaca\/"]}]},{"@type":"BreadcrumbList","@id":"https:\/\/www.fiscalia.gov.co\/colombia\/noticias\/13-capturas-por-corrupcion-en-la-justicia-en-barranquilla-incluidos-los-vinculados-al-caso-turco-hilsaca\/#breadcrumb","itemListElement":[{"@type":"ListItem","position":1,"name":"Home","item":"https:\/\/www.fiscalia.gov.co\/colombia\/"},{"@type":"ListItem","position":2,"name":"13 capturas por corrupci\u00f3n en la justicia en Barranquilla. Incluidos los vinculados al caso Turco Hilsaca"}]},{"@type":"WebSite","@id":"https:\/\/www.fiscalia.gov.co\/colombia\/#website","url":"https:\/\/www.fiscalia.gov.co\/colombia\/","name":"Fiscal\u00eda General de la Naci\u00f3n","description":"P\u00e1gina oficial de la Fiscal\u00eda General de la Naci\u00f3n \u2013 Colombia. Garantizamos el acceso efectivo a la justicia, la verdad y la reparaci\u00f3n de las v\u00edctimas de los delitos.","publisher":{"@id":"https:\/\/www.fiscalia.gov.co\/colombia\/#organization"},"potentialAction":[{"@type":"SearchAction","target":{"@type":"EntryPoint","urlTemplate":"https:\/\/www.fiscalia.gov.co\/colombia\/?s={search_term_string}"},"query-input":{"@type":"PropertyValueSpecification","valueRequired":true,"valueName":"search_term_string"}}],"inLanguage":"es-CO"},{"@type":"Organization","@id":"https:\/\/www.fiscalia.gov.co\/colombia\/#organization","name":"Fiscal\u00eda General de la Naci\u00f3n","url":"https:\/\/www.fiscalia.gov.co\/colombia\/","logo":{"@type":"ImageObject","inLanguage":"es-CO","@id":"https:\/\/www.fiscalia.gov.co\/colombia\/#\/schema\/logo\/image\/","url":"https:\/\/www.fiscalia.gov.co\/colombia\/wp-content\/uploads\/LogoHorizontal_1.jpg","contentUrl":"https:\/\/www.fiscalia.gov.co\/colombia\/wp-content\/uploads\/LogoHorizontal_1.jpg","width":300,"height":90,"caption":"Fiscal\u00eda General de la Naci\u00f3n"},"image":{"@id":"https:\/\/www.fiscalia.gov.co\/colombia\/#\/schema\/logo\/image\/"},"sameAs":["https:\/\/www.facebook.com\/FiscaliaCol","https:\/\/x.com\/FiscaliaCol","https:\/\/www.instagram.com\/fiscaliacol","https:\/\/www.linkedin.com\/company\/fiscalia-general-de-la-naci-n\/","https:\/\/youtube.com\/@fiscaliageneraldelanacion-4668?si=6nN79nyQICPU5iTh"]},{"@type":"Person","@id":"https:\/\/www.fiscalia.gov.co\/colombia\/#\/schema\/person\/3903856a3ce2d54b094c69eb29247895","name":"dfgordillo","image":{"@type":"ImageObject","inLanguage":"es-CO","@id":"https:\/\/www.fiscalia.gov.co\/colombia\/#\/schema\/person\/image\/","url":"https:\/\/secure.gravatar.com\/avatar\/b6356e21c5657c60757fe6fb9493e947?s=96&d=mm&r=g","contentUrl":"https:\/\/secure.gravatar.com\/avatar\/b6356e21c5657c60757fe6fb9493e947?s=96&d=mm&r=g","caption":"dfgordillo"},"sameAs":["dfgordillo"],"url":"https:\/\/www.fiscalia.gov.co\/colombia\/author\/dfgordillo\/"}]}},"_links":{"self":[{"href":"https:\/\/www.fiscalia.gov.co\/colombia\/wp-json\/wp\/v2\/posts\/71214","targetHints":{"allow":["GET"]}}],"collection":[{"href":"https:\/\/www.fiscalia.gov.co\/colombia\/wp-json\/wp\/v2\/posts"}],"about":[{"href":"https:\/\/www.fiscalia.gov.co\/colombia\/wp-json\/wp\/v2\/types\/post"}],"author":[{"embeddable":true,"href":"https:\/\/www.fiscalia.gov.co\/colombia\/wp-json\/wp\/v2\/users\/143"}],"replies":[{"embeddable":true,"href":"https:\/\/www.fiscalia.gov.co\/colombia\/wp-json\/wp\/v2\/comments?post=71214"}],"version-history":[{"count":2,"href":"https:\/\/www.fiscalia.gov.co\/colombia\/wp-json\/wp\/v2\/posts\/71214\/revisions"}],"predecessor-version":[{"id":71216,"href":"https:\/\/www.fiscalia.gov.co\/colombia\/wp-json\/wp\/v2\/posts\/71214\/revisions\/71216"}],"wp:attachment":[{"href":"https:\/\/www.fiscalia.gov.co\/colombia\/wp-json\/wp\/v2\/media?parent=71214"}],"wp:term":[{"taxonomy":"category","embeddable":true,"href":"https:\/\/www.fiscalia.gov.co\/colombia\/wp-json\/wp\/v2\/categories?post=71214"},{"taxonomy":"post_tag","embeddable":true,"href":"https:\/\/www.fiscalia.gov.co\/colombia\/wp-json\/wp\/v2\/tags?post=71214"}],"curies":[{"name":"wp","href":"https:\/\/api.w.org\/{rel}","templated":true}]}}