{"id":67762,"date":"2015-05-26T11:19:55","date_gmt":"2015-05-26T16:19:55","guid":{"rendered":"http:\/\/www.fiscalia.gov.co\/colombia\/?p=67762"},"modified":"2015-05-26T11:39:42","modified_gmt":"2015-05-26T16:39:42","slug":"condenas-para-agentes-de-inteligencia-del-estado-en-caso-hacker-son-las-primeras-en-colombia-por-espionaje-contra-servidores-publicos","status":"publish","type":"post","link":"https:\/\/www.fiscalia.gov.co\/colombia\/noticias\/condenas-para-agentes-de-inteligencia-del-estado-en-caso-hacker-son-las-primeras-en-colombia-por-espionaje-contra-servidores-publicos\/","title":{"rendered":"Condenas para agentes de inteligencia del Estado en caso Hacker, son las primeras en Colombia por espionaje contra servidores p\u00fablicos"},"content":{"rendered":"<p>Luego del preacuerdo realizado entre la Fiscal\u00eda y la defensa de dos agentes de inteligencia del Estado, procesados en el marco de la investigaci\u00f3n contra el hacker Andr\u00e9s Fernando Sep\u00falveda, un juez con funci\u00f3n de conocimiento de Bogot\u00e1 lo aval\u00f3 e impuso una condena de 4 a\u00f1os y 4 meses de prisi\u00f3n, as\u00ed como 6 a\u00f1os y 8 meses de c\u00e1rcel, respectivamente, para un miembro de la Direcci\u00f3n Nacional de Inteligencia y un cabo primero del Ej\u00e9rcito Nacional.<\/p>\n<p>\u201cEstas dos personas traficaban informaci\u00f3n con Andr\u00e9s Sep\u00falveda, le vend\u00edan informaci\u00f3n confidencial y sobre objetivos militares, objetivos nacionales e incluso internacionales. Adem\u00e1s por la suma de ocho millones de pesos entregaron informaci\u00f3n de las Farc de inteligencia, sobre movimientos, ubicaci\u00f3n y operaciones\u201d, indic\u00f3 el Director Nacional del CTI, Juli\u00e1n Quintana.<\/p>\n<p>En la investigaci\u00f3n se determin\u00f3 que ambos vendieron informaci\u00f3n de car\u00e1cter secreto, como la base de datos de GAHD (Grupo de Atenci\u00f3n Humanitaria para el Desmovilizado), la cual conten\u00eda datos de desmovilizados de la guerrilla colombiana, desde 1993 a 2008.<\/p>\n<p>Quintana recalc\u00f3 que \u201cen Colombia tenemos ya dos sentencias por los delitos de espionaje, que fueron las primeras en el pa\u00eds\u201d. Los agentes son los dos primeros funcionarios p\u00fablicos condenados en el pa\u00eds por este delito.<\/p>\n<p>Seg\u00fan lo pactado en el preacuerdo, los procesados tambi\u00e9n fueron condenados por los punibles de violaci\u00f3n de datos personales y cohecho.<\/p>\n<p>&nbsp;<\/p>\n<p>DLBM<\/p>\n<p>_______________________________________________________<\/p>\n<h4><strong>Rueda de prensa Danny Juli\u00e1n Quintana, Director Nacional CTI<\/strong><\/h4>\n[audio:http:\/\/www.fiscalia.gov.co\/colombia\/wp-content\/uploads\/JULIAN-QUINTANA-CONDENAS-CASO-HACKER-2605151.mp3|titles=Declaraciones]\n<p><a title=\"Descargar audio\" href=\"http:\/\/www.fiscalia.gov.co\/colombia\/wp-content\/uploads\/JULIAN-QUINTANA-CONDENAS-CASO-HACKER-2605151.mp3\" target=\"_blank\">Descargar<\/a><\/p>\n<p>Tema:\u00a0Condenas para agentes de inteligencia del Estado en caso Hacker, son las primeras en Colombia por espionaje contra servidores p\u00fablicos<strong><br \/>\n<\/strong>Lugar:\u00a0Nivel Central Fiscal\u00eda General de la Naci\u00f3n<br \/>\nFecha: 26 de mayo de 2015<\/p>\n<p>&nbsp;<\/p>\n\n<div class=\"twitter-share\"><a href=\"https:\/\/twitter.com\/intent\/tweet?via=fiscaliacol\" class=\"twitter-share-button\">Tweet<\/a><\/div>\n","protected":false},"excerpt":{"rendered":"<p>\u201cEstas dos personas traficaban informaci\u00f3n con Andr\u00e9s Sep\u00falveda, le vend\u00edan informaci\u00f3n confidencial y sobre objetivos militares&#8221;.<\/p>\n","protected":false},"author":143,"featured_media":0,"comment_status":"closed","ping_status":"open","sticky":false,"template":"","format":"standard","meta":{"tdm_status":"","tdm_grid_status":"","footnotes":""},"categories":[3,1],"tags":[13173,8244,13172,13174],"class_list":{"0":"post-67762","1":"post","2":"type-post","3":"status-publish","4":"format-standard","6":"category-destacada","7":"category-noticias","8":"tag-agentes-del-estado","9":"tag-andres-sepulveda","10":"tag-caso-hacker","11":"tag-inteligencia"},"yoast_head":"<!-- This site is optimized with the Yoast SEO plugin v24.3 - https:\/\/yoast.com\/wordpress\/plugins\/seo\/ -->\n<title>Fiscal\u00eda General de la Naci\u00f3n<\/title>\n<meta name=\"description\" content=\"P\u00e1gina oficial de la Fiscal\u00eda General de la Naci\u00f3n \u2013 Colombia. Garantizamos el acceso efectivo a la justicia, la verdad y la reparaci\u00f3n de las v\u00edctimas de los delitos.\" \/>\n<meta name=\"robots\" content=\"noindex, follow\" \/>\n<meta property=\"og:locale\" content=\"es_ES\" \/>\n<meta property=\"og:type\" content=\"article\" \/>\n<meta property=\"og:title\" content=\"Fiscal\u00eda General de la Naci\u00f3n\" \/>\n<meta property=\"og:description\" content=\"P\u00e1gina oficial de la Fiscal\u00eda General de la Naci\u00f3n \u2013 Colombia. Garantizamos el acceso efectivo a la justicia, la verdad y la reparaci\u00f3n de las v\u00edctimas de los delitos.\" \/>\n<meta property=\"og:url\" content=\"https:\/\/www.fiscalia.gov.co\/colombia\/noticias\/condenas-para-agentes-de-inteligencia-del-estado-en-caso-hacker-son-las-primeras-en-colombia-por-espionaje-contra-servidores-publicos\/\" \/>\n<meta property=\"og:site_name\" content=\"Fiscal\u00eda General de la Naci\u00f3n\" \/>\n<meta property=\"article:publisher\" content=\"https:\/\/www.facebook.com\/FiscaliaCol\" \/>\n<meta property=\"article:published_time\" content=\"2015-05-26T16:19:55+00:00\" \/>\n<meta property=\"article:modified_time\" content=\"2015-05-26T16:39:42+00:00\" \/>\n<meta name=\"author\" content=\"dfgordillo\" \/>\n<meta name=\"twitter:card\" content=\"summary_large_image\" \/>\n<meta name=\"twitter:creator\" content=\"@FiscaliaCol\" \/>\n<meta name=\"twitter:site\" content=\"@FiscaliaCol\" \/>\n<meta name=\"twitter:label1\" content=\"Escrito por\" \/>\n\t<meta name=\"twitter:data1\" content=\"dfgordillo\" \/>\n\t<meta name=\"twitter:label2\" content=\"Tiempo de lectura\" \/>\n\t<meta name=\"twitter:data2\" content=\"2 minutos\" \/>\n<script type=\"application\/ld+json\" class=\"yoast-schema-graph\">{\"@context\":\"https:\/\/schema.org\",\"@graph\":[{\"@type\":\"Article\",\"@id\":\"https:\/\/www.fiscalia.gov.co\/colombia\/noticias\/condenas-para-agentes-de-inteligencia-del-estado-en-caso-hacker-son-las-primeras-en-colombia-por-espionaje-contra-servidores-publicos\/#article\",\"isPartOf\":{\"@id\":\"https:\/\/www.fiscalia.gov.co\/colombia\/noticias\/condenas-para-agentes-de-inteligencia-del-estado-en-caso-hacker-son-las-primeras-en-colombia-por-espionaje-contra-servidores-publicos\/\"},\"author\":{\"name\":\"dfgordillo\",\"@id\":\"https:\/\/www.fiscalia.gov.co\/colombia\/#\/schema\/person\/3903856a3ce2d54b094c69eb29247895\"},\"headline\":\"Condenas para agentes de inteligencia del Estado en caso Hacker, son las primeras en Colombia por espionaje contra servidores p\u00fablicos\",\"datePublished\":\"2015-05-26T16:19:55+00:00\",\"dateModified\":\"2015-05-26T16:39:42+00:00\",\"mainEntityOfPage\":{\"@id\":\"https:\/\/www.fiscalia.gov.co\/colombia\/noticias\/condenas-para-agentes-de-inteligencia-del-estado-en-caso-hacker-son-las-primeras-en-colombia-por-espionaje-contra-servidores-publicos\/\"},\"wordCount\":334,\"publisher\":{\"@id\":\"https:\/\/www.fiscalia.gov.co\/colombia\/#organization\"},\"keywords\":[\"Agentes del Estado\",\"Andr\u00e9s Sep\u00falveda\",\"Caso Hacker\",\"Inteligencia\"],\"articleSection\":[\"Destacada\",\"Noticias\"],\"inLanguage\":\"es-CO\"},{\"@type\":\"WebPage\",\"@id\":\"https:\/\/www.fiscalia.gov.co\/colombia\/noticias\/condenas-para-agentes-de-inteligencia-del-estado-en-caso-hacker-son-las-primeras-en-colombia-por-espionaje-contra-servidores-publicos\/\",\"url\":\"https:\/\/www.fiscalia.gov.co\/colombia\/noticias\/condenas-para-agentes-de-inteligencia-del-estado-en-caso-hacker-son-las-primeras-en-colombia-por-espionaje-contra-servidores-publicos\/\",\"name\":\"Fiscal\u00eda General de la Naci\u00f3n\",\"isPartOf\":{\"@id\":\"https:\/\/www.fiscalia.gov.co\/colombia\/#website\"},\"datePublished\":\"2015-05-26T16:19:55+00:00\",\"dateModified\":\"2015-05-26T16:39:42+00:00\",\"description\":\"P\u00e1gina oficial de la Fiscal\u00eda General de la Naci\u00f3n \u2013 Colombia. Garantizamos el acceso efectivo a la justicia, la verdad y la reparaci\u00f3n de las v\u00edctimas de los delitos.\",\"breadcrumb\":{\"@id\":\"https:\/\/www.fiscalia.gov.co\/colombia\/noticias\/condenas-para-agentes-de-inteligencia-del-estado-en-caso-hacker-son-las-primeras-en-colombia-por-espionaje-contra-servidores-publicos\/#breadcrumb\"},\"inLanguage\":\"es-CO\",\"potentialAction\":[{\"@type\":\"ReadAction\",\"target\":[\"https:\/\/www.fiscalia.gov.co\/colombia\/noticias\/condenas-para-agentes-de-inteligencia-del-estado-en-caso-hacker-son-las-primeras-en-colombia-por-espionaje-contra-servidores-publicos\/\"]}]},{\"@type\":\"BreadcrumbList\",\"@id\":\"https:\/\/www.fiscalia.gov.co\/colombia\/noticias\/condenas-para-agentes-de-inteligencia-del-estado-en-caso-hacker-son-las-primeras-en-colombia-por-espionaje-contra-servidores-publicos\/#breadcrumb\",\"itemListElement\":[{\"@type\":\"ListItem\",\"position\":1,\"name\":\"Home\",\"item\":\"https:\/\/www.fiscalia.gov.co\/colombia\/\"},{\"@type\":\"ListItem\",\"position\":2,\"name\":\"Condenas para agentes de inteligencia del Estado en caso Hacker, son las primeras en Colombia por espionaje contra servidores p\u00fablicos\"}]},{\"@type\":\"WebSite\",\"@id\":\"https:\/\/www.fiscalia.gov.co\/colombia\/#website\",\"url\":\"https:\/\/www.fiscalia.gov.co\/colombia\/\",\"name\":\"Fiscal\u00eda General de la Naci\u00f3n\",\"description\":\"P\u00e1gina oficial de la Fiscal\u00eda General de la Naci\u00f3n \u2013 Colombia. Garantizamos el acceso efectivo a la justicia, la verdad y la reparaci\u00f3n de las v\u00edctimas de los delitos.\",\"publisher\":{\"@id\":\"https:\/\/www.fiscalia.gov.co\/colombia\/#organization\"},\"potentialAction\":[{\"@type\":\"SearchAction\",\"target\":{\"@type\":\"EntryPoint\",\"urlTemplate\":\"https:\/\/www.fiscalia.gov.co\/colombia\/?s={search_term_string}\"},\"query-input\":{\"@type\":\"PropertyValueSpecification\",\"valueRequired\":true,\"valueName\":\"search_term_string\"}}],\"inLanguage\":\"es-CO\"},{\"@type\":\"Organization\",\"@id\":\"https:\/\/www.fiscalia.gov.co\/colombia\/#organization\",\"name\":\"Fiscal\u00eda General de la Naci\u00f3n\",\"url\":\"https:\/\/www.fiscalia.gov.co\/colombia\/\",\"logo\":{\"@type\":\"ImageObject\",\"inLanguage\":\"es-CO\",\"@id\":\"https:\/\/www.fiscalia.gov.co\/colombia\/#\/schema\/logo\/image\/\",\"url\":\"https:\/\/www.fiscalia.gov.co\/colombia\/wp-content\/uploads\/LogoHorizontal_1.jpg\",\"contentUrl\":\"https:\/\/www.fiscalia.gov.co\/colombia\/wp-content\/uploads\/LogoHorizontal_1.jpg\",\"width\":300,\"height\":90,\"caption\":\"Fiscal\u00eda General de la Naci\u00f3n\"},\"image\":{\"@id\":\"https:\/\/www.fiscalia.gov.co\/colombia\/#\/schema\/logo\/image\/\"},\"sameAs\":[\"https:\/\/www.facebook.com\/FiscaliaCol\",\"https:\/\/x.com\/FiscaliaCol\",\"https:\/\/www.instagram.com\/fiscaliacol\",\"https:\/\/www.linkedin.com\/company\/fiscalia-general-de-la-naci-n\/\",\"https:\/\/youtube.com\/@fiscaliageneraldelanacion-4668?si=6nN79nyQICPU5iTh\"]},{\"@type\":\"Person\",\"@id\":\"https:\/\/www.fiscalia.gov.co\/colombia\/#\/schema\/person\/3903856a3ce2d54b094c69eb29247895\",\"name\":\"dfgordillo\",\"image\":{\"@type\":\"ImageObject\",\"inLanguage\":\"es-CO\",\"@id\":\"https:\/\/www.fiscalia.gov.co\/colombia\/#\/schema\/person\/image\/\",\"url\":\"https:\/\/secure.gravatar.com\/avatar\/b6356e21c5657c60757fe6fb9493e947?s=96&d=mm&r=g\",\"contentUrl\":\"https:\/\/secure.gravatar.com\/avatar\/b6356e21c5657c60757fe6fb9493e947?s=96&d=mm&r=g\",\"caption\":\"dfgordillo\"},\"sameAs\":[\"dfgordillo\"],\"url\":\"https:\/\/www.fiscalia.gov.co\/colombia\/author\/dfgordillo\/\"}]}<\/script>\n<!-- \/ Yoast SEO plugin. -->","yoast_head_json":{"title":"Fiscal\u00eda General de la Naci\u00f3n","description":"P\u00e1gina oficial de la Fiscal\u00eda General de la Naci\u00f3n \u2013 Colombia. Garantizamos el acceso efectivo a la justicia, la verdad y la reparaci\u00f3n de las v\u00edctimas de los delitos.","robots":{"index":"noindex","follow":"follow"},"og_locale":"es_ES","og_type":"article","og_title":"Fiscal\u00eda General de la Naci\u00f3n","og_description":"P\u00e1gina oficial de la Fiscal\u00eda General de la Naci\u00f3n \u2013 Colombia. Garantizamos el acceso efectivo a la justicia, la verdad y la reparaci\u00f3n de las v\u00edctimas de los delitos.","og_url":"https:\/\/www.fiscalia.gov.co\/colombia\/noticias\/condenas-para-agentes-de-inteligencia-del-estado-en-caso-hacker-son-las-primeras-en-colombia-por-espionaje-contra-servidores-publicos\/","og_site_name":"Fiscal\u00eda General de la Naci\u00f3n","article_publisher":"https:\/\/www.facebook.com\/FiscaliaCol","article_published_time":"2015-05-26T16:19:55+00:00","article_modified_time":"2015-05-26T16:39:42+00:00","author":"dfgordillo","twitter_card":"summary_large_image","twitter_creator":"@FiscaliaCol","twitter_site":"@FiscaliaCol","twitter_misc":{"Escrito por":"dfgordillo","Tiempo de lectura":"2 minutos"},"schema":{"@context":"https:\/\/schema.org","@graph":[{"@type":"Article","@id":"https:\/\/www.fiscalia.gov.co\/colombia\/noticias\/condenas-para-agentes-de-inteligencia-del-estado-en-caso-hacker-son-las-primeras-en-colombia-por-espionaje-contra-servidores-publicos\/#article","isPartOf":{"@id":"https:\/\/www.fiscalia.gov.co\/colombia\/noticias\/condenas-para-agentes-de-inteligencia-del-estado-en-caso-hacker-son-las-primeras-en-colombia-por-espionaje-contra-servidores-publicos\/"},"author":{"name":"dfgordillo","@id":"https:\/\/www.fiscalia.gov.co\/colombia\/#\/schema\/person\/3903856a3ce2d54b094c69eb29247895"},"headline":"Condenas para agentes de inteligencia del Estado en caso Hacker, son las primeras en Colombia por espionaje contra servidores p\u00fablicos","datePublished":"2015-05-26T16:19:55+00:00","dateModified":"2015-05-26T16:39:42+00:00","mainEntityOfPage":{"@id":"https:\/\/www.fiscalia.gov.co\/colombia\/noticias\/condenas-para-agentes-de-inteligencia-del-estado-en-caso-hacker-son-las-primeras-en-colombia-por-espionaje-contra-servidores-publicos\/"},"wordCount":334,"publisher":{"@id":"https:\/\/www.fiscalia.gov.co\/colombia\/#organization"},"keywords":["Agentes del Estado","Andr\u00e9s Sep\u00falveda","Caso Hacker","Inteligencia"],"articleSection":["Destacada","Noticias"],"inLanguage":"es-CO"},{"@type":"WebPage","@id":"https:\/\/www.fiscalia.gov.co\/colombia\/noticias\/condenas-para-agentes-de-inteligencia-del-estado-en-caso-hacker-son-las-primeras-en-colombia-por-espionaje-contra-servidores-publicos\/","url":"https:\/\/www.fiscalia.gov.co\/colombia\/noticias\/condenas-para-agentes-de-inteligencia-del-estado-en-caso-hacker-son-las-primeras-en-colombia-por-espionaje-contra-servidores-publicos\/","name":"Fiscal\u00eda General de la Naci\u00f3n","isPartOf":{"@id":"https:\/\/www.fiscalia.gov.co\/colombia\/#website"},"datePublished":"2015-05-26T16:19:55+00:00","dateModified":"2015-05-26T16:39:42+00:00","description":"P\u00e1gina oficial de la Fiscal\u00eda General de la Naci\u00f3n \u2013 Colombia. Garantizamos el acceso efectivo a la justicia, la verdad y la reparaci\u00f3n de las v\u00edctimas de los delitos.","breadcrumb":{"@id":"https:\/\/www.fiscalia.gov.co\/colombia\/noticias\/condenas-para-agentes-de-inteligencia-del-estado-en-caso-hacker-son-las-primeras-en-colombia-por-espionaje-contra-servidores-publicos\/#breadcrumb"},"inLanguage":"es-CO","potentialAction":[{"@type":"ReadAction","target":["https:\/\/www.fiscalia.gov.co\/colombia\/noticias\/condenas-para-agentes-de-inteligencia-del-estado-en-caso-hacker-son-las-primeras-en-colombia-por-espionaje-contra-servidores-publicos\/"]}]},{"@type":"BreadcrumbList","@id":"https:\/\/www.fiscalia.gov.co\/colombia\/noticias\/condenas-para-agentes-de-inteligencia-del-estado-en-caso-hacker-son-las-primeras-en-colombia-por-espionaje-contra-servidores-publicos\/#breadcrumb","itemListElement":[{"@type":"ListItem","position":1,"name":"Home","item":"https:\/\/www.fiscalia.gov.co\/colombia\/"},{"@type":"ListItem","position":2,"name":"Condenas para agentes de inteligencia del Estado en caso Hacker, son las primeras en Colombia por espionaje contra servidores p\u00fablicos"}]},{"@type":"WebSite","@id":"https:\/\/www.fiscalia.gov.co\/colombia\/#website","url":"https:\/\/www.fiscalia.gov.co\/colombia\/","name":"Fiscal\u00eda General de la Naci\u00f3n","description":"P\u00e1gina oficial de la Fiscal\u00eda General de la Naci\u00f3n \u2013 Colombia. Garantizamos el acceso efectivo a la justicia, la verdad y la reparaci\u00f3n de las v\u00edctimas de los delitos.","publisher":{"@id":"https:\/\/www.fiscalia.gov.co\/colombia\/#organization"},"potentialAction":[{"@type":"SearchAction","target":{"@type":"EntryPoint","urlTemplate":"https:\/\/www.fiscalia.gov.co\/colombia\/?s={search_term_string}"},"query-input":{"@type":"PropertyValueSpecification","valueRequired":true,"valueName":"search_term_string"}}],"inLanguage":"es-CO"},{"@type":"Organization","@id":"https:\/\/www.fiscalia.gov.co\/colombia\/#organization","name":"Fiscal\u00eda General de la Naci\u00f3n","url":"https:\/\/www.fiscalia.gov.co\/colombia\/","logo":{"@type":"ImageObject","inLanguage":"es-CO","@id":"https:\/\/www.fiscalia.gov.co\/colombia\/#\/schema\/logo\/image\/","url":"https:\/\/www.fiscalia.gov.co\/colombia\/wp-content\/uploads\/LogoHorizontal_1.jpg","contentUrl":"https:\/\/www.fiscalia.gov.co\/colombia\/wp-content\/uploads\/LogoHorizontal_1.jpg","width":300,"height":90,"caption":"Fiscal\u00eda General de la Naci\u00f3n"},"image":{"@id":"https:\/\/www.fiscalia.gov.co\/colombia\/#\/schema\/logo\/image\/"},"sameAs":["https:\/\/www.facebook.com\/FiscaliaCol","https:\/\/x.com\/FiscaliaCol","https:\/\/www.instagram.com\/fiscaliacol","https:\/\/www.linkedin.com\/company\/fiscalia-general-de-la-naci-n\/","https:\/\/youtube.com\/@fiscaliageneraldelanacion-4668?si=6nN79nyQICPU5iTh"]},{"@type":"Person","@id":"https:\/\/www.fiscalia.gov.co\/colombia\/#\/schema\/person\/3903856a3ce2d54b094c69eb29247895","name":"dfgordillo","image":{"@type":"ImageObject","inLanguage":"es-CO","@id":"https:\/\/www.fiscalia.gov.co\/colombia\/#\/schema\/person\/image\/","url":"https:\/\/secure.gravatar.com\/avatar\/b6356e21c5657c60757fe6fb9493e947?s=96&d=mm&r=g","contentUrl":"https:\/\/secure.gravatar.com\/avatar\/b6356e21c5657c60757fe6fb9493e947?s=96&d=mm&r=g","caption":"dfgordillo"},"sameAs":["dfgordillo"],"url":"https:\/\/www.fiscalia.gov.co\/colombia\/author\/dfgordillo\/"}]}},"_links":{"self":[{"href":"https:\/\/www.fiscalia.gov.co\/colombia\/wp-json\/wp\/v2\/posts\/67762","targetHints":{"allow":["GET"]}}],"collection":[{"href":"https:\/\/www.fiscalia.gov.co\/colombia\/wp-json\/wp\/v2\/posts"}],"about":[{"href":"https:\/\/www.fiscalia.gov.co\/colombia\/wp-json\/wp\/v2\/types\/post"}],"author":[{"embeddable":true,"href":"https:\/\/www.fiscalia.gov.co\/colombia\/wp-json\/wp\/v2\/users\/143"}],"replies":[{"embeddable":true,"href":"https:\/\/www.fiscalia.gov.co\/colombia\/wp-json\/wp\/v2\/comments?post=67762"}],"version-history":[{"count":6,"href":"https:\/\/www.fiscalia.gov.co\/colombia\/wp-json\/wp\/v2\/posts\/67762\/revisions"}],"predecessor-version":[{"id":67765,"href":"https:\/\/www.fiscalia.gov.co\/colombia\/wp-json\/wp\/v2\/posts\/67762\/revisions\/67765"}],"wp:attachment":[{"href":"https:\/\/www.fiscalia.gov.co\/colombia\/wp-json\/wp\/v2\/media?parent=67762"}],"wp:term":[{"taxonomy":"category","embeddable":true,"href":"https:\/\/www.fiscalia.gov.co\/colombia\/wp-json\/wp\/v2\/categories?post=67762"},{"taxonomy":"post_tag","embeddable":true,"href":"https:\/\/www.fiscalia.gov.co\/colombia\/wp-json\/wp\/v2\/tags?post=67762"}],"curies":[{"name":"wp","href":"https:\/\/api.w.org\/{rel}","templated":true}]}}