{"id":66660,"date":"2015-05-05T13:56:24","date_gmt":"2015-05-05T18:56:24","guid":{"rendered":"http:\/\/www.fiscalia.gov.co\/colombia\/?p=66660"},"modified":"2015-05-05T13:56:24","modified_gmt":"2015-05-05T18:56:24","slug":"aseguran-a-militares-recapturados-por-millonario-desfalco-a-las-fuerzas-armadas","status":"publish","type":"post","link":"https:\/\/www.fiscalia.gov.co\/colombia\/noticias\/aseguran-a-militares-recapturados-por-millonario-desfalco-a-las-fuerzas-armadas\/","title":{"rendered":"Aseguran a militares recapturados por millonario desfalco a las Fuerzas Armadas"},"content":{"rendered":"<p>El Juzgado Primero Penal Ambulante de Antioquia, con funciones de control de garant\u00edas, impuso medida de aseguramiento en contra de 7 militares\u00a0y 2 civiles, investigados por apropiarse de m\u00e1s de $3 000 000 000, mediante la obtenci\u00f3n de\u00a0pensiones e indemnizaciones fraudulentas.<\/p>\n<p>Con la decisi\u00f3n de detenci\u00f3n intramuros fueron cobijados el sargento primero (r) y presunto cabecilla de la organizaci\u00f3n criminal en Neiva, Roberto Mu\u00f1oz; el sargento viceprimero\u00a0\u00c9dgar Albeiro Gaviria Mart\u00ednez, el sargento segundo \u00d3scar Roberto Cediel Hoyos, el teniente (r) \u00d3scar Fernando Murcia Pe\u00f1a, el soldado profesional (r) Gentil Menza Mosca y el cabo primero (r) Otoniel Antonio Aguirre C\u00e1rdenas, el m\u00e9dico Julio Andr\u00e9s Lozada Montes y el abogado Jos\u00e9 Ovidio Reyes Reyes.<\/p>\n<p>En la misma providencia se le concedi\u00f3 detenci\u00f3n domiciliaria al sargento primero (r) William Cabezas Mej\u00eda, investigado por tramitar una indemnizaci\u00f3n por dolencias f\u00edsicas que no padec\u00eda.<\/p>\n<p>Seg\u00fan lo establecido, el suboficial Cediel Hoyos colaboraba en la organizaci\u00f3n agilizando citas m\u00e9dicas para los usuarios de la misma, por ello deber\u00e1 responder por el delito de cohecho impropio, as\u00ed como el sargento Gaviria Mart\u00ednez, quien al parecer era el encargado de programar las citas m\u00e9dicas a cambio de d\u00e1divas.<\/p>\n<p>Por otra parte, se determin\u00f3 que el soldado Menza Mosca era quien coordinaba la alteraci\u00f3n de los ex\u00e1menes m\u00e9dicos y los conceptos, hechos que motivaron a la Fiscal\u00eda para imputar cargos por concierto para delinquir y cohecho impropio.<\/p>\n<p>En cuanto al teniente Murcia Pe\u00f1a y el cabo primero Aguirre C\u00e1rdenas, quienes ya permanec\u00edan privados de la libertad pagando condenas por otros hechos, fueron judicializados por fraude procesal, falsedad material en documento p\u00fablico y estafa agravada, tras conocer que adelantaban procesos ante la junta m\u00e9dica para obtener la pensi\u00f3n de forma fraudulenta, al igual que el sargento Cabezas Mej\u00eda, quien deber\u00e1 responder por los dos primeros punibles.<\/p>\n<p>Al sargento Mu\u00f1oz la Fiscal\u00eda le endilg\u00f3 cargos por concierto para delinquir agravado con fines de enriquecimiento il\u00edcito, fraude procesal y prevaricato por acci\u00f3n. Asimismo, el abogado Reyes Reyes, quien tambi\u00e9n se desempe\u00f1aba como l\u00edder de la organizaci\u00f3n en el Huila,\u00a0 fue afectado por los delitos de concierto para delinquir y cohecho propio.<\/p>\n<p>Finalmente, el m\u00e9dico y fonoaudi\u00f3logo Lozada Montes deber\u00e1 responder por las conductas de concierto para delinquir, peculado por apropiaci\u00f3n, fraude procesal y prevaricato por acci\u00f3n.<\/p>\n<p>Los militares activos y retirados, as\u00ed como los civiles, fueron dejados en libertad el pasado 25 de abril por un juez de control de garant\u00edas de Bogot\u00e1, tras considerar que en los formatos de polic\u00eda judicial no se consign\u00f3 la hora en la que fueron capturados.<\/p>\n<p>De acuerdo con la investigaci\u00f3n adelantada por un Fiscal Delegado Ante el Tribunal Superior de Bogot\u00e1, la estructura criminal que delinqu\u00eda desde Neiva (Huila) y la capital de la rep\u00fablica,\u00a0 habr\u00eda obtenido unas 200 indemnizaciones o pensiones por valores que oscilan entre los $ 170 000 000 y 180 000 000, cada una.<\/p>\n<p>Para lograr sus prop\u00f3sitos, los delincuentes\u00a0 falsificaban conceptos m\u00e9dicos, sellos y firmas oficiales, con ayuda de profesionales de las propias Fuerzas Militares.\u00a0Los pagos de las falsas pensiones o indemnizaciones se agilizaban con la complicidad de un capit\u00e1n que laboraba en el \u00e1rea de Prestaciones Sociales.<\/p>\n<p>Los procesados, excepto Cabezas Mej\u00eda, permanecen recluidos en la c\u00e1rcel El Pedregal de Medell\u00edn (Antioquia), para cumplir la medida de aseguramiento impuesta.<\/p>\n<p>LFML\/DLBM<\/p>\n\n<div class=\"twitter-share\"><a href=\"https:\/\/twitter.com\/intent\/tweet?via=fiscaliacol\" class=\"twitter-share-button\">Tweet<\/a><\/div>\n","protected":false},"excerpt":{"rendered":"<p>El Juzgado Primero Penal Ambulante de Antioquia, con funciones de control de garant\u00edas, impuso medida de aseguramiento en contra de 7 militares\u00a0y 2 civiles, investigados por apropiarse de m\u00e1s de $3 000 000 000, mediante la obtenci\u00f3n de\u00a0pensiones e indemnizaciones fraudulentas. Con la decisi\u00f3n de detenci\u00f3n intramuros fueron cobijados el sargento primero (r) y presunto [&hellip;]<\/p>\n","protected":false},"author":143,"featured_media":0,"comment_status":"closed","ping_status":"open","sticky":false,"template":"","format":"standard","meta":{"_price":"","_stock":"","_tribe_ticket_header":"","_tribe_default_ticket_provider":"","_tribe_ticket_capacity":"0","_ticket_start_date":"","_ticket_end_date":"","_tribe_ticket_show_description":"","_tribe_ticket_show_not_going":false,"_tribe_ticket_use_global_stock":"","_tribe_ticket_global_stock_level":"","_global_stock_mode":"","_global_stock_cap":"","_tribe_rsvp_for_event":"","_tribe_ticket_going_count":"","_tribe_ticket_not_going_count":"","_tribe_tickets_list":"[]","_tribe_ticket_has_attendee_info_fields":false,"tdm_status":"","tdm_grid_status":"","footnotes":""},"categories":[1],"tags":[12698,12192],"class_list":{"0":"post-66660","1":"post","2":"type-post","3":"status-publish","4":"format-standard","6":"category-noticias","7":"tag-concierto-para-delinquir-y-cohecho-propio","8":"tag-fuerzas-armadas"},"yoast_head":"<!-- This site is optimized with the Yoast SEO plugin v24.3 - https:\/\/yoast.com\/wordpress\/plugins\/seo\/ -->\n<title>Fiscal\u00eda General de la Naci\u00f3n<\/title>\n<meta name=\"description\" content=\"P\u00e1gina oficial de la Fiscal\u00eda General de la Naci\u00f3n \u2013 Colombia. Garantizamos el acceso efectivo a la justicia, la verdad y la reparaci\u00f3n de las v\u00edctimas de los delitos.\" \/>\n<meta name=\"robots\" content=\"noindex, follow\" \/>\n<meta property=\"og:locale\" content=\"es_ES\" \/>\n<meta property=\"og:type\" content=\"article\" \/>\n<meta property=\"og:title\" content=\"Fiscal\u00eda General de la Naci\u00f3n\" \/>\n<meta property=\"og:description\" content=\"P\u00e1gina oficial de la Fiscal\u00eda General de la Naci\u00f3n \u2013 Colombia. Garantizamos el acceso efectivo a la justicia, la verdad y la reparaci\u00f3n de las v\u00edctimas de los delitos.\" \/>\n<meta property=\"og:url\" content=\"https:\/\/www.fiscalia.gov.co\/colombia\/noticias\/aseguran-a-militares-recapturados-por-millonario-desfalco-a-las-fuerzas-armadas\/\" \/>\n<meta property=\"og:site_name\" content=\"Fiscal\u00eda General de la Naci\u00f3n\" \/>\n<meta property=\"article:publisher\" content=\"https:\/\/www.facebook.com\/FiscaliaCol\" \/>\n<meta property=\"article:published_time\" content=\"2015-05-05T18:56:24+00:00\" \/>\n<meta name=\"author\" content=\"dfgordillo\" \/>\n<meta name=\"twitter:card\" content=\"summary_large_image\" \/>\n<meta name=\"twitter:creator\" content=\"@FiscaliaCol\" \/>\n<meta name=\"twitter:site\" content=\"@FiscaliaCol\" \/>\n<meta name=\"twitter:label1\" content=\"Escrito por\" \/>\n\t<meta name=\"twitter:data1\" content=\"dfgordillo\" \/>\n\t<meta name=\"twitter:label2\" content=\"Tiempo de lectura\" \/>\n\t<meta name=\"twitter:data2\" content=\"3 minutos\" \/>\n<script type=\"application\/ld+json\" class=\"yoast-schema-graph\">{\"@context\":\"https:\/\/schema.org\",\"@graph\":[{\"@type\":\"Article\",\"@id\":\"https:\/\/www.fiscalia.gov.co\/colombia\/noticias\/aseguran-a-militares-recapturados-por-millonario-desfalco-a-las-fuerzas-armadas\/#article\",\"isPartOf\":{\"@id\":\"https:\/\/www.fiscalia.gov.co\/colombia\/noticias\/aseguran-a-militares-recapturados-por-millonario-desfalco-a-las-fuerzas-armadas\/\"},\"author\":{\"name\":\"dfgordillo\",\"@id\":\"https:\/\/www.fiscalia.gov.co\/colombia\/#\/schema\/person\/3903856a3ce2d54b094c69eb29247895\"},\"headline\":\"Aseguran a militares recapturados por millonario desfalco a las Fuerzas Armadas\",\"datePublished\":\"2015-05-05T18:56:24+00:00\",\"dateModified\":\"2015-05-05T18:56:24+00:00\",\"mainEntityOfPage\":{\"@id\":\"https:\/\/www.fiscalia.gov.co\/colombia\/noticias\/aseguran-a-militares-recapturados-por-millonario-desfalco-a-las-fuerzas-armadas\/\"},\"wordCount\":601,\"publisher\":{\"@id\":\"https:\/\/www.fiscalia.gov.co\/colombia\/#organization\"},\"keywords\":[\"concierto para delinquir y cohecho propio\",\"Fuerzas Armadas\"],\"articleSection\":[\"Noticias\"],\"inLanguage\":\"es-CO\"},{\"@type\":\"WebPage\",\"@id\":\"https:\/\/www.fiscalia.gov.co\/colombia\/noticias\/aseguran-a-militares-recapturados-por-millonario-desfalco-a-las-fuerzas-armadas\/\",\"url\":\"https:\/\/www.fiscalia.gov.co\/colombia\/noticias\/aseguran-a-militares-recapturados-por-millonario-desfalco-a-las-fuerzas-armadas\/\",\"name\":\"Fiscal\u00eda General de la Naci\u00f3n\",\"isPartOf\":{\"@id\":\"https:\/\/www.fiscalia.gov.co\/colombia\/#website\"},\"datePublished\":\"2015-05-05T18:56:24+00:00\",\"dateModified\":\"2015-05-05T18:56:24+00:00\",\"description\":\"P\u00e1gina oficial de la Fiscal\u00eda General de la Naci\u00f3n \u2013 Colombia. Garantizamos el acceso efectivo a la justicia, la verdad y la reparaci\u00f3n de las v\u00edctimas de los delitos.\",\"breadcrumb\":{\"@id\":\"https:\/\/www.fiscalia.gov.co\/colombia\/noticias\/aseguran-a-militares-recapturados-por-millonario-desfalco-a-las-fuerzas-armadas\/#breadcrumb\"},\"inLanguage\":\"es-CO\",\"potentialAction\":[{\"@type\":\"ReadAction\",\"target\":[\"https:\/\/www.fiscalia.gov.co\/colombia\/noticias\/aseguran-a-militares-recapturados-por-millonario-desfalco-a-las-fuerzas-armadas\/\"]}]},{\"@type\":\"BreadcrumbList\",\"@id\":\"https:\/\/www.fiscalia.gov.co\/colombia\/noticias\/aseguran-a-militares-recapturados-por-millonario-desfalco-a-las-fuerzas-armadas\/#breadcrumb\",\"itemListElement\":[{\"@type\":\"ListItem\",\"position\":1,\"name\":\"Home\",\"item\":\"https:\/\/www.fiscalia.gov.co\/colombia\/\"},{\"@type\":\"ListItem\",\"position\":2,\"name\":\"Aseguran a militares recapturados por millonario desfalco a las Fuerzas Armadas\"}]},{\"@type\":\"WebSite\",\"@id\":\"https:\/\/www.fiscalia.gov.co\/colombia\/#website\",\"url\":\"https:\/\/www.fiscalia.gov.co\/colombia\/\",\"name\":\"Fiscal\u00eda General de la Naci\u00f3n\",\"description\":\"P\u00e1gina oficial de la Fiscal\u00eda General de la Naci\u00f3n \u2013 Colombia. Garantizamos el acceso efectivo a la justicia, la verdad y la reparaci\u00f3n de las v\u00edctimas de los delitos.\",\"publisher\":{\"@id\":\"https:\/\/www.fiscalia.gov.co\/colombia\/#organization\"},\"potentialAction\":[{\"@type\":\"SearchAction\",\"target\":{\"@type\":\"EntryPoint\",\"urlTemplate\":\"https:\/\/www.fiscalia.gov.co\/colombia\/?s={search_term_string}\"},\"query-input\":{\"@type\":\"PropertyValueSpecification\",\"valueRequired\":true,\"valueName\":\"search_term_string\"}}],\"inLanguage\":\"es-CO\"},{\"@type\":\"Organization\",\"@id\":\"https:\/\/www.fiscalia.gov.co\/colombia\/#organization\",\"name\":\"Fiscal\u00eda General de la Naci\u00f3n\",\"url\":\"https:\/\/www.fiscalia.gov.co\/colombia\/\",\"logo\":{\"@type\":\"ImageObject\",\"inLanguage\":\"es-CO\",\"@id\":\"https:\/\/www.fiscalia.gov.co\/colombia\/#\/schema\/logo\/image\/\",\"url\":\"https:\/\/www.fiscalia.gov.co\/colombia\/wp-content\/uploads\/LogoHorizontal_1.jpg\",\"contentUrl\":\"https:\/\/www.fiscalia.gov.co\/colombia\/wp-content\/uploads\/LogoHorizontal_1.jpg\",\"width\":300,\"height\":90,\"caption\":\"Fiscal\u00eda General de la Naci\u00f3n\"},\"image\":{\"@id\":\"https:\/\/www.fiscalia.gov.co\/colombia\/#\/schema\/logo\/image\/\"},\"sameAs\":[\"https:\/\/www.facebook.com\/FiscaliaCol\",\"https:\/\/x.com\/FiscaliaCol\",\"https:\/\/www.instagram.com\/fiscaliacol\",\"https:\/\/www.linkedin.com\/company\/fiscalia-general-de-la-naci-n\/\",\"https:\/\/youtube.com\/@fiscaliageneraldelanacion-4668?si=6nN79nyQICPU5iTh\"]},{\"@type\":\"Person\",\"@id\":\"https:\/\/www.fiscalia.gov.co\/colombia\/#\/schema\/person\/3903856a3ce2d54b094c69eb29247895\",\"name\":\"dfgordillo\",\"image\":{\"@type\":\"ImageObject\",\"inLanguage\":\"es-CO\",\"@id\":\"https:\/\/www.fiscalia.gov.co\/colombia\/#\/schema\/person\/image\/\",\"url\":\"https:\/\/secure.gravatar.com\/avatar\/b6356e21c5657c60757fe6fb9493e947?s=96&d=mm&r=g\",\"contentUrl\":\"https:\/\/secure.gravatar.com\/avatar\/b6356e21c5657c60757fe6fb9493e947?s=96&d=mm&r=g\",\"caption\":\"dfgordillo\"},\"sameAs\":[\"dfgordillo\"],\"url\":\"https:\/\/www.fiscalia.gov.co\/colombia\/author\/dfgordillo\/\"}]}<\/script>\n<!-- \/ Yoast SEO plugin. -->","yoast_head_json":{"title":"Fiscal\u00eda General de la Naci\u00f3n","description":"P\u00e1gina oficial de la Fiscal\u00eda General de la Naci\u00f3n \u2013 Colombia. Garantizamos el acceso efectivo a la justicia, la verdad y la reparaci\u00f3n de las v\u00edctimas de los delitos.","robots":{"index":"noindex","follow":"follow"},"og_locale":"es_ES","og_type":"article","og_title":"Fiscal\u00eda General de la Naci\u00f3n","og_description":"P\u00e1gina oficial de la Fiscal\u00eda General de la Naci\u00f3n \u2013 Colombia. Garantizamos el acceso efectivo a la justicia, la verdad y la reparaci\u00f3n de las v\u00edctimas de los delitos.","og_url":"https:\/\/www.fiscalia.gov.co\/colombia\/noticias\/aseguran-a-militares-recapturados-por-millonario-desfalco-a-las-fuerzas-armadas\/","og_site_name":"Fiscal\u00eda General de la Naci\u00f3n","article_publisher":"https:\/\/www.facebook.com\/FiscaliaCol","article_published_time":"2015-05-05T18:56:24+00:00","author":"dfgordillo","twitter_card":"summary_large_image","twitter_creator":"@FiscaliaCol","twitter_site":"@FiscaliaCol","twitter_misc":{"Escrito por":"dfgordillo","Tiempo de lectura":"3 minutos"},"schema":{"@context":"https:\/\/schema.org","@graph":[{"@type":"Article","@id":"https:\/\/www.fiscalia.gov.co\/colombia\/noticias\/aseguran-a-militares-recapturados-por-millonario-desfalco-a-las-fuerzas-armadas\/#article","isPartOf":{"@id":"https:\/\/www.fiscalia.gov.co\/colombia\/noticias\/aseguran-a-militares-recapturados-por-millonario-desfalco-a-las-fuerzas-armadas\/"},"author":{"name":"dfgordillo","@id":"https:\/\/www.fiscalia.gov.co\/colombia\/#\/schema\/person\/3903856a3ce2d54b094c69eb29247895"},"headline":"Aseguran a militares recapturados por millonario desfalco a las Fuerzas Armadas","datePublished":"2015-05-05T18:56:24+00:00","dateModified":"2015-05-05T18:56:24+00:00","mainEntityOfPage":{"@id":"https:\/\/www.fiscalia.gov.co\/colombia\/noticias\/aseguran-a-militares-recapturados-por-millonario-desfalco-a-las-fuerzas-armadas\/"},"wordCount":601,"publisher":{"@id":"https:\/\/www.fiscalia.gov.co\/colombia\/#organization"},"keywords":["concierto para delinquir y cohecho propio","Fuerzas Armadas"],"articleSection":["Noticias"],"inLanguage":"es-CO"},{"@type":"WebPage","@id":"https:\/\/www.fiscalia.gov.co\/colombia\/noticias\/aseguran-a-militares-recapturados-por-millonario-desfalco-a-las-fuerzas-armadas\/","url":"https:\/\/www.fiscalia.gov.co\/colombia\/noticias\/aseguran-a-militares-recapturados-por-millonario-desfalco-a-las-fuerzas-armadas\/","name":"Fiscal\u00eda General de la Naci\u00f3n","isPartOf":{"@id":"https:\/\/www.fiscalia.gov.co\/colombia\/#website"},"datePublished":"2015-05-05T18:56:24+00:00","dateModified":"2015-05-05T18:56:24+00:00","description":"P\u00e1gina oficial de la Fiscal\u00eda General de la Naci\u00f3n \u2013 Colombia. Garantizamos el acceso efectivo a la justicia, la verdad y la reparaci\u00f3n de las v\u00edctimas de los delitos.","breadcrumb":{"@id":"https:\/\/www.fiscalia.gov.co\/colombia\/noticias\/aseguran-a-militares-recapturados-por-millonario-desfalco-a-las-fuerzas-armadas\/#breadcrumb"},"inLanguage":"es-CO","potentialAction":[{"@type":"ReadAction","target":["https:\/\/www.fiscalia.gov.co\/colombia\/noticias\/aseguran-a-militares-recapturados-por-millonario-desfalco-a-las-fuerzas-armadas\/"]}]},{"@type":"BreadcrumbList","@id":"https:\/\/www.fiscalia.gov.co\/colombia\/noticias\/aseguran-a-militares-recapturados-por-millonario-desfalco-a-las-fuerzas-armadas\/#breadcrumb","itemListElement":[{"@type":"ListItem","position":1,"name":"Home","item":"https:\/\/www.fiscalia.gov.co\/colombia\/"},{"@type":"ListItem","position":2,"name":"Aseguran a militares recapturados por millonario desfalco a las Fuerzas Armadas"}]},{"@type":"WebSite","@id":"https:\/\/www.fiscalia.gov.co\/colombia\/#website","url":"https:\/\/www.fiscalia.gov.co\/colombia\/","name":"Fiscal\u00eda General de la Naci\u00f3n","description":"P\u00e1gina oficial de la Fiscal\u00eda General de la Naci\u00f3n \u2013 Colombia. Garantizamos el acceso efectivo a la justicia, la verdad y la reparaci\u00f3n de las v\u00edctimas de los delitos.","publisher":{"@id":"https:\/\/www.fiscalia.gov.co\/colombia\/#organization"},"potentialAction":[{"@type":"SearchAction","target":{"@type":"EntryPoint","urlTemplate":"https:\/\/www.fiscalia.gov.co\/colombia\/?s={search_term_string}"},"query-input":{"@type":"PropertyValueSpecification","valueRequired":true,"valueName":"search_term_string"}}],"inLanguage":"es-CO"},{"@type":"Organization","@id":"https:\/\/www.fiscalia.gov.co\/colombia\/#organization","name":"Fiscal\u00eda General de la Naci\u00f3n","url":"https:\/\/www.fiscalia.gov.co\/colombia\/","logo":{"@type":"ImageObject","inLanguage":"es-CO","@id":"https:\/\/www.fiscalia.gov.co\/colombia\/#\/schema\/logo\/image\/","url":"https:\/\/www.fiscalia.gov.co\/colombia\/wp-content\/uploads\/LogoHorizontal_1.jpg","contentUrl":"https:\/\/www.fiscalia.gov.co\/colombia\/wp-content\/uploads\/LogoHorizontal_1.jpg","width":300,"height":90,"caption":"Fiscal\u00eda General de la Naci\u00f3n"},"image":{"@id":"https:\/\/www.fiscalia.gov.co\/colombia\/#\/schema\/logo\/image\/"},"sameAs":["https:\/\/www.facebook.com\/FiscaliaCol","https:\/\/x.com\/FiscaliaCol","https:\/\/www.instagram.com\/fiscaliacol","https:\/\/www.linkedin.com\/company\/fiscalia-general-de-la-naci-n\/","https:\/\/youtube.com\/@fiscaliageneraldelanacion-4668?si=6nN79nyQICPU5iTh"]},{"@type":"Person","@id":"https:\/\/www.fiscalia.gov.co\/colombia\/#\/schema\/person\/3903856a3ce2d54b094c69eb29247895","name":"dfgordillo","image":{"@type":"ImageObject","inLanguage":"es-CO","@id":"https:\/\/www.fiscalia.gov.co\/colombia\/#\/schema\/person\/image\/","url":"https:\/\/secure.gravatar.com\/avatar\/b6356e21c5657c60757fe6fb9493e947?s=96&d=mm&r=g","contentUrl":"https:\/\/secure.gravatar.com\/avatar\/b6356e21c5657c60757fe6fb9493e947?s=96&d=mm&r=g","caption":"dfgordillo"},"sameAs":["dfgordillo"],"url":"https:\/\/www.fiscalia.gov.co\/colombia\/author\/dfgordillo\/"}]}},"_links":{"self":[{"href":"https:\/\/www.fiscalia.gov.co\/colombia\/wp-json\/wp\/v2\/posts\/66660","targetHints":{"allow":["GET"]}}],"collection":[{"href":"https:\/\/www.fiscalia.gov.co\/colombia\/wp-json\/wp\/v2\/posts"}],"about":[{"href":"https:\/\/www.fiscalia.gov.co\/colombia\/wp-json\/wp\/v2\/types\/post"}],"author":[{"embeddable":true,"href":"https:\/\/www.fiscalia.gov.co\/colombia\/wp-json\/wp\/v2\/users\/143"}],"replies":[{"embeddable":true,"href":"https:\/\/www.fiscalia.gov.co\/colombia\/wp-json\/wp\/v2\/comments?post=66660"}],"version-history":[{"count":2,"href":"https:\/\/www.fiscalia.gov.co\/colombia\/wp-json\/wp\/v2\/posts\/66660\/revisions"}],"predecessor-version":[{"id":66664,"href":"https:\/\/www.fiscalia.gov.co\/colombia\/wp-json\/wp\/v2\/posts\/66660\/revisions\/66664"}],"wp:attachment":[{"href":"https:\/\/www.fiscalia.gov.co\/colombia\/wp-json\/wp\/v2\/media?parent=66660"}],"wp:term":[{"taxonomy":"category","embeddable":true,"href":"https:\/\/www.fiscalia.gov.co\/colombia\/wp-json\/wp\/v2\/categories?post=66660"},{"taxonomy":"post_tag","embeddable":true,"href":"https:\/\/www.fiscalia.gov.co\/colombia\/wp-json\/wp\/v2\/tags?post=66660"}],"curies":[{"name":"wp","href":"https:\/\/api.w.org\/{rel}","templated":true}]}}