{"id":66466,"date":"2015-04-29T18:18:02","date_gmt":"2015-04-29T23:18:02","guid":{"rendered":"http:\/\/www.fiscalia.gov.co\/colombia\/?p=66466"},"modified":"2015-04-29T18:21:51","modified_gmt":"2015-04-29T23:21:51","slug":"no-hubo-ningun-quebranto-etico-ni-legal-de-la-doctora-olga-claros-fiscal-general-de-la-nacion","status":"publish","type":"post","link":"https:\/\/www.fiscalia.gov.co\/colombia\/noticias\/no-hubo-ningun-quebranto-etico-ni-legal-de-la-doctora-olga-claros-fiscal-general-de-la-nacion\/","title":{"rendered":"\u2018No hubo ning\u00fan quebranto \u00e9tico ni legal de la doctora Olga Claros\u2019: Fiscal General de la Naci\u00f3n"},"content":{"rendered":"<p>El Fiscal General de la Naci\u00f3n, Eduardo Montealegre Lynett, se refiri\u00f3 a las funciones de la asesora del despacho Olga Claros, sobre su participaci\u00f3n en un debate el en Congreso de la Rep\u00fablica, e indic\u00f3 enf\u00e1ticamente que la funcionaria tiene la competencia de hacer seguimiento a los procesos legislativos en esa corporaci\u00f3n.<\/p>\n<p>Manifest\u00f3 que \u201cla Fiscal\u00eda General de la Naci\u00f3n present\u00f3 recientemente un proyecto de reforma al C\u00f3digo de Procedimiento Penal conjuntamente con el Ministro de justicia, una ley estatutaria para crear una segunda instancia en materia de congresistas y redise\u00f1ar la Sala Penal de la Corte, y otro proyecto de ley estatutaria referente a m\u00e1s garant\u00edas dentro del proceso penal\u201d.<\/p>\n<p>Por ello destac\u00f3 el fiscal Montealegre que la funcionaria no tiene la funci\u00f3n de hacer lobby en el Congreso sino que \u201cestaba presente en el momento del debate sobre el equilibrio de poderes, y (\u2026) la funcionaria, con toda raz\u00f3n, ten\u00eda unas observaciones jur\u00eddicas a la propuesta de la Senadora Viviane Morales, en el sentido que es una propuesta que podr\u00eda resultar inconstitucional porque estaba creando inhabilidades que no hab\u00edan sido discutidas durante los cinco debates anteriores\u201d.<\/p>\n<p>\u201cPara que una norma pueda convertirse en acto legislativo necesita 8 debates, que el tema haya sido discutido en esos 8 debates; hay una gran rigidez en la interpretaci\u00f3n del principio de identidad y consecutividad seg\u00fan lo ha dicho la Corte, y la doctora Olga Claros puso de manifiesto en el congreso que ten\u00eda observaciones jur\u00eddicas al proyecto porque estaba introduciendo inhabilidades que no hab\u00eda sido discutidos durante los tr\u00e1mites anteriores\u201d, puntualiz\u00f3 el jefe del ente acusador.<\/p>\n<p>Agreg\u00f3 que \u201ces totalmente legal, totalmente permitido que un funcionario, en este caso que est\u00e1 actuando dentro del \u00e1mbito de sus competencias les exponga a los congresistas las razones jur\u00eddicas frente a eventuales inconstitucionalidades de un proyecto\u201d.<\/p>\n<p>El Fiscal Montealegre se\u00f1al\u00f3 tambi\u00e9n que \u201cno hubo ning\u00fan quebranto \u00e9tico ni legal de la doctora Olga Claros, quien se limit\u00f3 a llamar la atenci\u00f3n sobre la posible inconstitucionalidad en la propuesta de la Senadora Viviane Morales\u201d.<\/p>\n<p>Finalmente, sostuvo que como Fiscal General de la Naci\u00f3n considera \u201cla propuesta de introducir una inhabilidad de cinco a\u00f1os para los magistrados de las altas Cortes es una inhabilidad desproporcionada que afecta sensiblemente a las funciones de la justicia, que afecta sensiblemente derechos constitucionales; me parece que es absolutamente desproporcionada (\u2026) porque en este momento tanto el Fiscal General\u00a0 como los magistrados de las altas Cortes tenemos una inhabilidad de dos a\u00f1os para ejercer nuestra profesi\u00f3n ante la entidad a la cual estamos sirviendo\u201d.<\/p>\n<p>&nbsp;<\/p>\n<p>DLBM<\/p>\n<p>____________________________________________________<\/p>\n<h4><strong>Rueda de prensa Eduardo Montealegre Lynett, Fiscal General de la Naci\u00f3n<\/strong><\/h4>\n[audio:http:\/\/www.fiscalia.gov.co\/colombia\/wp-content\/uploads\/rdpfiscal29abr_c.mp3|titles=Declaraciones]\n<p><a title=\"Descargar audio\" href=\"http:\/\/www.fiscalia.gov.co\/colombia\/wp-content\/uploads\/rdpfiscal29abr_c.mp3\" target=\"_blank\">Descargar<\/a><\/p>\n<p>Tema:\u00a0\u2018No hubo ning\u00fan quebranto \u00e9tico ni legal de la doctora Olga Claros\u2019: Fiscal General de la Naci\u00f3n\u00a0<strong><br \/>\n<\/strong>Lugar: \u00a0Nivel Central Fiscal\u00eda General de la Naci\u00f3n, Bogot\u00e1<br \/>\nFecha: 29 de abril de 2015<\/p>\n\n<div class=\"twitter-share\"><a href=\"https:\/\/twitter.com\/intent\/tweet?via=fiscaliacol\" class=\"twitter-share-button\">Tweet<\/a><\/div>\n","protected":false},"excerpt":{"rendered":"<p>El Fiscal General de la Naci\u00f3n, Eduardo Montealegre Lynett, se refiri\u00f3 a las funciones de la asesora del despacho Olga Claros, sobre su participaci\u00f3n en un debate el en Congreso de la Rep\u00fablica, e indic\u00f3 enf\u00e1ticamente que la funcionaria tiene la competencia de hacer seguimiento a los procesos legislativos en esa corporaci\u00f3n. Manifest\u00f3 que \u201cla [&hellip;]<\/p>\n","protected":false},"author":143,"featured_media":0,"comment_status":"closed","ping_status":"open","sticky":false,"template":"","format":"standard","meta":{"_price":"","_stock":"","_tribe_ticket_header":"","_tribe_default_ticket_provider":"","_tribe_ticket_capacity":"0","_ticket_start_date":"","_ticket_end_date":"","_tribe_ticket_show_description":"","_tribe_ticket_show_not_going":false,"_tribe_ticket_use_global_stock":"","_tribe_ticket_global_stock_level":"","_global_stock_mode":"","_global_stock_cap":"","_tribe_rsvp_for_event":"","_tribe_ticket_going_count":"","_tribe_ticket_not_going_count":"","_tribe_tickets_list":"[]","_tribe_ticket_has_attendee_info_fields":false,"tdm_status":"","tdm_grid_status":"","footnotes":""},"categories":[1],"tags":[3317,12602],"class_list":{"0":"post-66466","1":"post","2":"type-post","3":"status-publish","4":"format-standard","6":"category-noticias","7":"tag-congreso-de-la-republica","8":"tag-olga-claros"},"yoast_head":"<!-- This site is optimized with the Yoast SEO plugin v24.3 - https:\/\/yoast.com\/wordpress\/plugins\/seo\/ -->\n<title>Fiscal\u00eda General de la Naci\u00f3n<\/title>\n<meta name=\"description\" content=\"P\u00e1gina oficial de la Fiscal\u00eda General de la Naci\u00f3n \u2013 Colombia. Garantizamos el acceso efectivo a la justicia, la verdad y la reparaci\u00f3n de las v\u00edctimas de los delitos.\" \/>\n<meta name=\"robots\" content=\"noindex, follow\" \/>\n<meta property=\"og:locale\" content=\"es_ES\" \/>\n<meta property=\"og:type\" content=\"article\" \/>\n<meta property=\"og:title\" content=\"Fiscal\u00eda General de la Naci\u00f3n\" \/>\n<meta property=\"og:description\" content=\"P\u00e1gina oficial de la Fiscal\u00eda General de la Naci\u00f3n \u2013 Colombia. Garantizamos el acceso efectivo a la justicia, la verdad y la reparaci\u00f3n de las v\u00edctimas de los delitos.\" \/>\n<meta property=\"og:url\" content=\"https:\/\/www.fiscalia.gov.co\/colombia\/noticias\/no-hubo-ningun-quebranto-etico-ni-legal-de-la-doctora-olga-claros-fiscal-general-de-la-nacion\/\" \/>\n<meta property=\"og:site_name\" content=\"Fiscal\u00eda General de la Naci\u00f3n\" \/>\n<meta property=\"article:publisher\" content=\"https:\/\/www.facebook.com\/FiscaliaCol\" \/>\n<meta property=\"article:published_time\" content=\"2015-04-29T23:18:02+00:00\" \/>\n<meta property=\"article:modified_time\" content=\"2015-04-29T23:21:51+00:00\" \/>\n<meta name=\"author\" content=\"dfgordillo\" \/>\n<meta name=\"twitter:card\" content=\"summary_large_image\" \/>\n<meta name=\"twitter:creator\" content=\"@FiscaliaCol\" \/>\n<meta name=\"twitter:site\" content=\"@FiscaliaCol\" \/>\n<meta name=\"twitter:label1\" content=\"Escrito por\" \/>\n\t<meta name=\"twitter:data1\" content=\"dfgordillo\" \/>\n\t<meta name=\"twitter:label2\" content=\"Tiempo de lectura\" \/>\n\t<meta name=\"twitter:data2\" content=\"3 minutos\" \/>\n<script type=\"application\/ld+json\" class=\"yoast-schema-graph\">{\"@context\":\"https:\/\/schema.org\",\"@graph\":[{\"@type\":\"Article\",\"@id\":\"https:\/\/www.fiscalia.gov.co\/colombia\/noticias\/no-hubo-ningun-quebranto-etico-ni-legal-de-la-doctora-olga-claros-fiscal-general-de-la-nacion\/#article\",\"isPartOf\":{\"@id\":\"https:\/\/www.fiscalia.gov.co\/colombia\/noticias\/no-hubo-ningun-quebranto-etico-ni-legal-de-la-doctora-olga-claros-fiscal-general-de-la-nacion\/\"},\"author\":{\"name\":\"dfgordillo\",\"@id\":\"https:\/\/www.fiscalia.gov.co\/colombia\/#\/schema\/person\/3903856a3ce2d54b094c69eb29247895\"},\"headline\":\"\u2018No hubo ning\u00fan quebranto \u00e9tico ni legal de la doctora Olga Claros\u2019: Fiscal General de la Naci\u00f3n\",\"datePublished\":\"2015-04-29T23:18:02+00:00\",\"dateModified\":\"2015-04-29T23:21:51+00:00\",\"mainEntityOfPage\":{\"@id\":\"https:\/\/www.fiscalia.gov.co\/colombia\/noticias\/no-hubo-ningun-quebranto-etico-ni-legal-de-la-doctora-olga-claros-fiscal-general-de-la-nacion\/\"},\"wordCount\":535,\"publisher\":{\"@id\":\"https:\/\/www.fiscalia.gov.co\/colombia\/#organization\"},\"keywords\":[\"Congreso de la Rep\u00fablica\",\"Olga Claros\"],\"articleSection\":[\"Noticias\"],\"inLanguage\":\"es-CO\"},{\"@type\":\"WebPage\",\"@id\":\"https:\/\/www.fiscalia.gov.co\/colombia\/noticias\/no-hubo-ningun-quebranto-etico-ni-legal-de-la-doctora-olga-claros-fiscal-general-de-la-nacion\/\",\"url\":\"https:\/\/www.fiscalia.gov.co\/colombia\/noticias\/no-hubo-ningun-quebranto-etico-ni-legal-de-la-doctora-olga-claros-fiscal-general-de-la-nacion\/\",\"name\":\"Fiscal\u00eda General de la Naci\u00f3n\",\"isPartOf\":{\"@id\":\"https:\/\/www.fiscalia.gov.co\/colombia\/#website\"},\"datePublished\":\"2015-04-29T23:18:02+00:00\",\"dateModified\":\"2015-04-29T23:21:51+00:00\",\"description\":\"P\u00e1gina oficial de la Fiscal\u00eda General de la Naci\u00f3n \u2013 Colombia. Garantizamos el acceso efectivo a la justicia, la verdad y la reparaci\u00f3n de las v\u00edctimas de los delitos.\",\"breadcrumb\":{\"@id\":\"https:\/\/www.fiscalia.gov.co\/colombia\/noticias\/no-hubo-ningun-quebranto-etico-ni-legal-de-la-doctora-olga-claros-fiscal-general-de-la-nacion\/#breadcrumb\"},\"inLanguage\":\"es-CO\",\"potentialAction\":[{\"@type\":\"ReadAction\",\"target\":[\"https:\/\/www.fiscalia.gov.co\/colombia\/noticias\/no-hubo-ningun-quebranto-etico-ni-legal-de-la-doctora-olga-claros-fiscal-general-de-la-nacion\/\"]}]},{\"@type\":\"BreadcrumbList\",\"@id\":\"https:\/\/www.fiscalia.gov.co\/colombia\/noticias\/no-hubo-ningun-quebranto-etico-ni-legal-de-la-doctora-olga-claros-fiscal-general-de-la-nacion\/#breadcrumb\",\"itemListElement\":[{\"@type\":\"ListItem\",\"position\":1,\"name\":\"Home\",\"item\":\"https:\/\/www.fiscalia.gov.co\/colombia\/\"},{\"@type\":\"ListItem\",\"position\":2,\"name\":\"\u2018No hubo ning\u00fan quebranto \u00e9tico ni legal de la doctora Olga Claros\u2019: Fiscal General de la Naci\u00f3n\"}]},{\"@type\":\"WebSite\",\"@id\":\"https:\/\/www.fiscalia.gov.co\/colombia\/#website\",\"url\":\"https:\/\/www.fiscalia.gov.co\/colombia\/\",\"name\":\"Fiscal\u00eda General de la Naci\u00f3n\",\"description\":\"P\u00e1gina oficial de la Fiscal\u00eda General de la Naci\u00f3n \u2013 Colombia. Garantizamos el acceso efectivo a la justicia, la verdad y la reparaci\u00f3n de las v\u00edctimas de los delitos.\",\"publisher\":{\"@id\":\"https:\/\/www.fiscalia.gov.co\/colombia\/#organization\"},\"potentialAction\":[{\"@type\":\"SearchAction\",\"target\":{\"@type\":\"EntryPoint\",\"urlTemplate\":\"https:\/\/www.fiscalia.gov.co\/colombia\/?s={search_term_string}\"},\"query-input\":{\"@type\":\"PropertyValueSpecification\",\"valueRequired\":true,\"valueName\":\"search_term_string\"}}],\"inLanguage\":\"es-CO\"},{\"@type\":\"Organization\",\"@id\":\"https:\/\/www.fiscalia.gov.co\/colombia\/#organization\",\"name\":\"Fiscal\u00eda General de la Naci\u00f3n\",\"url\":\"https:\/\/www.fiscalia.gov.co\/colombia\/\",\"logo\":{\"@type\":\"ImageObject\",\"inLanguage\":\"es-CO\",\"@id\":\"https:\/\/www.fiscalia.gov.co\/colombia\/#\/schema\/logo\/image\/\",\"url\":\"https:\/\/www.fiscalia.gov.co\/colombia\/wp-content\/uploads\/LogoHorizontal_1.jpg\",\"contentUrl\":\"https:\/\/www.fiscalia.gov.co\/colombia\/wp-content\/uploads\/LogoHorizontal_1.jpg\",\"width\":300,\"height\":90,\"caption\":\"Fiscal\u00eda General de la Naci\u00f3n\"},\"image\":{\"@id\":\"https:\/\/www.fiscalia.gov.co\/colombia\/#\/schema\/logo\/image\/\"},\"sameAs\":[\"https:\/\/www.facebook.com\/FiscaliaCol\",\"https:\/\/x.com\/FiscaliaCol\",\"https:\/\/www.instagram.com\/fiscaliacol\",\"https:\/\/www.linkedin.com\/company\/fiscalia-general-de-la-naci-n\/\",\"https:\/\/youtube.com\/@fiscaliageneraldelanacion-4668?si=6nN79nyQICPU5iTh\"]},{\"@type\":\"Person\",\"@id\":\"https:\/\/www.fiscalia.gov.co\/colombia\/#\/schema\/person\/3903856a3ce2d54b094c69eb29247895\",\"name\":\"dfgordillo\",\"image\":{\"@type\":\"ImageObject\",\"inLanguage\":\"es-CO\",\"@id\":\"https:\/\/www.fiscalia.gov.co\/colombia\/#\/schema\/person\/image\/\",\"url\":\"https:\/\/secure.gravatar.com\/avatar\/b6356e21c5657c60757fe6fb9493e947?s=96&d=mm&r=g\",\"contentUrl\":\"https:\/\/secure.gravatar.com\/avatar\/b6356e21c5657c60757fe6fb9493e947?s=96&d=mm&r=g\",\"caption\":\"dfgordillo\"},\"sameAs\":[\"dfgordillo\"],\"url\":\"https:\/\/www.fiscalia.gov.co\/colombia\/author\/dfgordillo\/\"}]}<\/script>\n<!-- \/ Yoast SEO plugin. -->","yoast_head_json":{"title":"Fiscal\u00eda General de la Naci\u00f3n","description":"P\u00e1gina oficial de la Fiscal\u00eda General de la Naci\u00f3n \u2013 Colombia. Garantizamos el acceso efectivo a la justicia, la verdad y la reparaci\u00f3n de las v\u00edctimas de los delitos.","robots":{"index":"noindex","follow":"follow"},"og_locale":"es_ES","og_type":"article","og_title":"Fiscal\u00eda General de la Naci\u00f3n","og_description":"P\u00e1gina oficial de la Fiscal\u00eda General de la Naci\u00f3n \u2013 Colombia. Garantizamos el acceso efectivo a la justicia, la verdad y la reparaci\u00f3n de las v\u00edctimas de los delitos.","og_url":"https:\/\/www.fiscalia.gov.co\/colombia\/noticias\/no-hubo-ningun-quebranto-etico-ni-legal-de-la-doctora-olga-claros-fiscal-general-de-la-nacion\/","og_site_name":"Fiscal\u00eda General de la Naci\u00f3n","article_publisher":"https:\/\/www.facebook.com\/FiscaliaCol","article_published_time":"2015-04-29T23:18:02+00:00","article_modified_time":"2015-04-29T23:21:51+00:00","author":"dfgordillo","twitter_card":"summary_large_image","twitter_creator":"@FiscaliaCol","twitter_site":"@FiscaliaCol","twitter_misc":{"Escrito por":"dfgordillo","Tiempo de lectura":"3 minutos"},"schema":{"@context":"https:\/\/schema.org","@graph":[{"@type":"Article","@id":"https:\/\/www.fiscalia.gov.co\/colombia\/noticias\/no-hubo-ningun-quebranto-etico-ni-legal-de-la-doctora-olga-claros-fiscal-general-de-la-nacion\/#article","isPartOf":{"@id":"https:\/\/www.fiscalia.gov.co\/colombia\/noticias\/no-hubo-ningun-quebranto-etico-ni-legal-de-la-doctora-olga-claros-fiscal-general-de-la-nacion\/"},"author":{"name":"dfgordillo","@id":"https:\/\/www.fiscalia.gov.co\/colombia\/#\/schema\/person\/3903856a3ce2d54b094c69eb29247895"},"headline":"\u2018No hubo ning\u00fan quebranto \u00e9tico ni legal de la doctora Olga Claros\u2019: Fiscal General de la Naci\u00f3n","datePublished":"2015-04-29T23:18:02+00:00","dateModified":"2015-04-29T23:21:51+00:00","mainEntityOfPage":{"@id":"https:\/\/www.fiscalia.gov.co\/colombia\/noticias\/no-hubo-ningun-quebranto-etico-ni-legal-de-la-doctora-olga-claros-fiscal-general-de-la-nacion\/"},"wordCount":535,"publisher":{"@id":"https:\/\/www.fiscalia.gov.co\/colombia\/#organization"},"keywords":["Congreso de la Rep\u00fablica","Olga Claros"],"articleSection":["Noticias"],"inLanguage":"es-CO"},{"@type":"WebPage","@id":"https:\/\/www.fiscalia.gov.co\/colombia\/noticias\/no-hubo-ningun-quebranto-etico-ni-legal-de-la-doctora-olga-claros-fiscal-general-de-la-nacion\/","url":"https:\/\/www.fiscalia.gov.co\/colombia\/noticias\/no-hubo-ningun-quebranto-etico-ni-legal-de-la-doctora-olga-claros-fiscal-general-de-la-nacion\/","name":"Fiscal\u00eda General de la Naci\u00f3n","isPartOf":{"@id":"https:\/\/www.fiscalia.gov.co\/colombia\/#website"},"datePublished":"2015-04-29T23:18:02+00:00","dateModified":"2015-04-29T23:21:51+00:00","description":"P\u00e1gina oficial de la Fiscal\u00eda General de la Naci\u00f3n \u2013 Colombia. Garantizamos el acceso efectivo a la justicia, la verdad y la reparaci\u00f3n de las v\u00edctimas de los delitos.","breadcrumb":{"@id":"https:\/\/www.fiscalia.gov.co\/colombia\/noticias\/no-hubo-ningun-quebranto-etico-ni-legal-de-la-doctora-olga-claros-fiscal-general-de-la-nacion\/#breadcrumb"},"inLanguage":"es-CO","potentialAction":[{"@type":"ReadAction","target":["https:\/\/www.fiscalia.gov.co\/colombia\/noticias\/no-hubo-ningun-quebranto-etico-ni-legal-de-la-doctora-olga-claros-fiscal-general-de-la-nacion\/"]}]},{"@type":"BreadcrumbList","@id":"https:\/\/www.fiscalia.gov.co\/colombia\/noticias\/no-hubo-ningun-quebranto-etico-ni-legal-de-la-doctora-olga-claros-fiscal-general-de-la-nacion\/#breadcrumb","itemListElement":[{"@type":"ListItem","position":1,"name":"Home","item":"https:\/\/www.fiscalia.gov.co\/colombia\/"},{"@type":"ListItem","position":2,"name":"\u2018No hubo ning\u00fan quebranto \u00e9tico ni legal de la doctora Olga Claros\u2019: Fiscal General de la Naci\u00f3n"}]},{"@type":"WebSite","@id":"https:\/\/www.fiscalia.gov.co\/colombia\/#website","url":"https:\/\/www.fiscalia.gov.co\/colombia\/","name":"Fiscal\u00eda General de la Naci\u00f3n","description":"P\u00e1gina oficial de la Fiscal\u00eda General de la Naci\u00f3n \u2013 Colombia. Garantizamos el acceso efectivo a la justicia, la verdad y la reparaci\u00f3n de las v\u00edctimas de los delitos.","publisher":{"@id":"https:\/\/www.fiscalia.gov.co\/colombia\/#organization"},"potentialAction":[{"@type":"SearchAction","target":{"@type":"EntryPoint","urlTemplate":"https:\/\/www.fiscalia.gov.co\/colombia\/?s={search_term_string}"},"query-input":{"@type":"PropertyValueSpecification","valueRequired":true,"valueName":"search_term_string"}}],"inLanguage":"es-CO"},{"@type":"Organization","@id":"https:\/\/www.fiscalia.gov.co\/colombia\/#organization","name":"Fiscal\u00eda General de la Naci\u00f3n","url":"https:\/\/www.fiscalia.gov.co\/colombia\/","logo":{"@type":"ImageObject","inLanguage":"es-CO","@id":"https:\/\/www.fiscalia.gov.co\/colombia\/#\/schema\/logo\/image\/","url":"https:\/\/www.fiscalia.gov.co\/colombia\/wp-content\/uploads\/LogoHorizontal_1.jpg","contentUrl":"https:\/\/www.fiscalia.gov.co\/colombia\/wp-content\/uploads\/LogoHorizontal_1.jpg","width":300,"height":90,"caption":"Fiscal\u00eda General de la Naci\u00f3n"},"image":{"@id":"https:\/\/www.fiscalia.gov.co\/colombia\/#\/schema\/logo\/image\/"},"sameAs":["https:\/\/www.facebook.com\/FiscaliaCol","https:\/\/x.com\/FiscaliaCol","https:\/\/www.instagram.com\/fiscaliacol","https:\/\/www.linkedin.com\/company\/fiscalia-general-de-la-naci-n\/","https:\/\/youtube.com\/@fiscaliageneraldelanacion-4668?si=6nN79nyQICPU5iTh"]},{"@type":"Person","@id":"https:\/\/www.fiscalia.gov.co\/colombia\/#\/schema\/person\/3903856a3ce2d54b094c69eb29247895","name":"dfgordillo","image":{"@type":"ImageObject","inLanguage":"es-CO","@id":"https:\/\/www.fiscalia.gov.co\/colombia\/#\/schema\/person\/image\/","url":"https:\/\/secure.gravatar.com\/avatar\/b6356e21c5657c60757fe6fb9493e947?s=96&d=mm&r=g","contentUrl":"https:\/\/secure.gravatar.com\/avatar\/b6356e21c5657c60757fe6fb9493e947?s=96&d=mm&r=g","caption":"dfgordillo"},"sameAs":["dfgordillo"],"url":"https:\/\/www.fiscalia.gov.co\/colombia\/author\/dfgordillo\/"}]}},"_links":{"self":[{"href":"https:\/\/www.fiscalia.gov.co\/colombia\/wp-json\/wp\/v2\/posts\/66466","targetHints":{"allow":["GET"]}}],"collection":[{"href":"https:\/\/www.fiscalia.gov.co\/colombia\/wp-json\/wp\/v2\/posts"}],"about":[{"href":"https:\/\/www.fiscalia.gov.co\/colombia\/wp-json\/wp\/v2\/types\/post"}],"author":[{"embeddable":true,"href":"https:\/\/www.fiscalia.gov.co\/colombia\/wp-json\/wp\/v2\/users\/143"}],"replies":[{"embeddable":true,"href":"https:\/\/www.fiscalia.gov.co\/colombia\/wp-json\/wp\/v2\/comments?post=66466"}],"version-history":[{"count":4,"href":"https:\/\/www.fiscalia.gov.co\/colombia\/wp-json\/wp\/v2\/posts\/66466\/revisions"}],"predecessor-version":[{"id":66474,"href":"https:\/\/www.fiscalia.gov.co\/colombia\/wp-json\/wp\/v2\/posts\/66466\/revisions\/66474"}],"wp:attachment":[{"href":"https:\/\/www.fiscalia.gov.co\/colombia\/wp-json\/wp\/v2\/media?parent=66466"}],"wp:term":[{"taxonomy":"category","embeddable":true,"href":"https:\/\/www.fiscalia.gov.co\/colombia\/wp-json\/wp\/v2\/categories?post=66466"},{"taxonomy":"post_tag","embeddable":true,"href":"https:\/\/www.fiscalia.gov.co\/colombia\/wp-json\/wp\/v2\/tags?post=66466"}],"curies":[{"name":"wp","href":"https:\/\/api.w.org\/{rel}","templated":true}]}}