{"id":66455,"date":"2015-04-29T18:03:52","date_gmt":"2015-04-29T23:03:52","guid":{"rendered":"http:\/\/www.fiscalia.gov.co\/colombia\/?p=66455"},"modified":"2015-04-29T18:04:48","modified_gmt":"2015-04-29T23:04:48","slug":"fiscal-propondra-al-consejo-nacional-de-estupefacientes-que-se-abandone-el-glifosato-en-la-erradicacion-de-cultivos-ilicitos","status":"publish","type":"post","link":"https:\/\/www.fiscalia.gov.co\/colombia\/noticias\/fiscal-propondra-al-consejo-nacional-de-estupefacientes-que-se-abandone-el-glifosato-en-la-erradicacion-de-cultivos-ilicitos\/","title":{"rendered":"Fiscal propondr\u00e1 al Consejo Nacional de Estupefacientes que se abandone el glifosato en la erradicaci\u00f3n de cultivos il\u00edcitos"},"content":{"rendered":"<p>El uso del glifosato en los procesos de erradicaci\u00f3n de cultivos il\u00edcitos es un riesgo probable para la salud y por lo tanto debe dejar de usarse en el pa\u00eds. La afirmaci\u00f3n la hizo el Fiscal General de la Naci\u00f3n, Eduardo Montealegre Lynett, al afirmar que cuando se re\u00fana el Consejo Nacional de Estupefacientes propondr\u00e1 que su uso sea eliminado.<\/p>\n<p>El funcionario precis\u00f3 que los estudios recientemente presentados por el Ministerio de Salud se\u00f1alan que este qu\u00edmico es peligroso para la salud y que hay un gran riesgo de que su uso genere c\u00e1ncer en la salud de las personas.<\/p>\n<p>El Fiscal dijo que comparte \u201cplenamente las afirmaciones del ministro de salud frente a la necesidad de suspender inmediatamente las fumigaciones con el glifosato. La postura del Ministro de Salud acoge planteamientos anteriores de la Corte Constitucional y recientes pronunciamientos de la Organizaci\u00f3n Mundial de la Salud\u201d.<\/p>\n<p>Lo novedoso es que una dependencia de la OMS considera que cuando se utiliza el glifosato en la aspersi\u00f3n existen riesgos graves y serios de que los ciudadanos puedan desarrollar c\u00e1ncer. \u201cQueda plenamente establecido que hay grandes riesgos contra la vida de los ciudadanos\u201d, dijo\u00a0 Montealegre.<\/p>\n<p>Por esto, seguir empleando este veneno pone en la balanza el derecho a la salud de los colombianos \u00a0ponderado con la lucha contra el crimen organizado. \u201cYo creo que debe ponderarse en favor de la vida de los ciudadanos\u201d, enfatiz\u00f3 el Fiscal General de la Naci\u00f3n.<\/p>\n<p>\u201cCuando exista alguna probabilidad de que la utilizaci\u00f3n de alguna sustancia puede causar da\u00f1os, por el principio de precauci\u00f3n es deber de las autoridades dejar de utilizarlo. Mi posici\u00f3n por lo tanto en el Consejo Nacional de Estupefacientes es que se declare la suspensi\u00f3n inmediata del glifosato como instrumento de aspersi\u00f3n en la lucha contra el narcotr\u00e1fico\u201d, reiter\u00f3 Montealegre.<\/p>\n<p>&nbsp;<\/p>\n<p>AAEA<\/p>\n<p>____________________________________________________<\/p>\n<h4><strong>Rueda de prensa Eduardo Montealegre Lynett, Fiscal General de la Naci\u00f3n<\/strong><\/h4>\n[audio:http:\/\/www.fiscalia.gov.co\/colombia\/wp-content\/uploads\/rdpfiscal29abr_b.mp3|titles=Declaraciones]\n<p><a title=\"Descargar audio\" href=\"http:\/\/www.fiscalia.gov.co\/colombia\/wp-content\/uploads\/rdpfiscal29abr_b.mp3\" target=\"_blank\">Descargar<\/a><\/p>\n<p>Tema:\u00a0Fiscal propondr\u00e1 al Consejo Nacional de Estupefacientes que se abandone el glifosato en la erradicaci\u00f3n de cultivos il\u00edcitos<strong><br \/>\n<\/strong>Lugar: \u00a0Nivel Central Fiscal\u00eda General de la Naci\u00f3n, Bogot\u00e1<br \/>\nFecha: 29 de abril de 2015<\/p>\n\n<div class=\"twitter-share\"><a href=\"https:\/\/twitter.com\/intent\/tweet?via=fiscaliacol\" class=\"twitter-share-button\">Tweet<\/a><\/div>\n","protected":false},"excerpt":{"rendered":"<p>El uso del glifosato en los procesos de erradicaci\u00f3n de cultivos il\u00edcitos es un riesgo probable para la salud y por lo tanto debe dejar de usarse en el pa\u00eds. La afirmaci\u00f3n la hizo el Fiscal General de la Naci\u00f3n, Eduardo Montealegre Lynett, al afirmar que cuando se re\u00fana el Consejo Nacional de Estupefacientes propondr\u00e1 [&hellip;]<\/p>\n","protected":false},"author":143,"featured_media":0,"comment_status":"closed","ping_status":"open","sticky":false,"template":"","format":"standard","meta":{"tdm_status":"","tdm_grid_status":"","footnotes":""},"categories":[1],"tags":[12600,12599,12598,148],"class_list":{"0":"post-66455","1":"post","2":"type-post","3":"status-publish","4":"format-standard","6":"category-noticias","7":"tag-cancer","8":"tag-fumicaciones","9":"tag-glifosato","10":"tag-narcotrafico"},"yoast_head":"<!-- This site is optimized with the Yoast SEO plugin v24.3 - https:\/\/yoast.com\/wordpress\/plugins\/seo\/ -->\n<title>Fiscal\u00eda General de la Naci\u00f3n<\/title>\n<meta name=\"description\" content=\"P\u00e1gina oficial de la Fiscal\u00eda General de la Naci\u00f3n \u2013 Colombia. Garantizamos el acceso efectivo a la justicia, la verdad y la reparaci\u00f3n de las v\u00edctimas de los delitos.\" \/>\n<meta name=\"robots\" content=\"noindex, follow\" \/>\n<meta property=\"og:locale\" content=\"es_ES\" \/>\n<meta property=\"og:type\" content=\"article\" \/>\n<meta property=\"og:title\" content=\"Fiscal\u00eda General de la Naci\u00f3n\" \/>\n<meta property=\"og:description\" content=\"P\u00e1gina oficial de la Fiscal\u00eda General de la Naci\u00f3n \u2013 Colombia. Garantizamos el acceso efectivo a la justicia, la verdad y la reparaci\u00f3n de las v\u00edctimas de los delitos.\" \/>\n<meta property=\"og:url\" content=\"https:\/\/www.fiscalia.gov.co\/colombia\/noticias\/fiscal-propondra-al-consejo-nacional-de-estupefacientes-que-se-abandone-el-glifosato-en-la-erradicacion-de-cultivos-ilicitos\/\" \/>\n<meta property=\"og:site_name\" content=\"Fiscal\u00eda General de la Naci\u00f3n\" \/>\n<meta property=\"article:publisher\" content=\"https:\/\/www.facebook.com\/FiscaliaCol\" \/>\n<meta property=\"article:published_time\" content=\"2015-04-29T23:03:52+00:00\" \/>\n<meta property=\"article:modified_time\" content=\"2015-04-29T23:04:48+00:00\" \/>\n<meta name=\"author\" content=\"dfgordillo\" \/>\n<meta name=\"twitter:card\" content=\"summary_large_image\" \/>\n<meta name=\"twitter:creator\" content=\"@FiscaliaCol\" \/>\n<meta name=\"twitter:site\" content=\"@FiscaliaCol\" \/>\n<meta name=\"twitter:label1\" content=\"Escrito por\" \/>\n\t<meta name=\"twitter:data1\" content=\"dfgordillo\" \/>\n\t<meta name=\"twitter:label2\" content=\"Tiempo de lectura\" \/>\n\t<meta name=\"twitter:data2\" content=\"2 minutos\" \/>\n<script type=\"application\/ld+json\" class=\"yoast-schema-graph\">{\"@context\":\"https:\/\/schema.org\",\"@graph\":[{\"@type\":\"Article\",\"@id\":\"https:\/\/www.fiscalia.gov.co\/colombia\/noticias\/fiscal-propondra-al-consejo-nacional-de-estupefacientes-que-se-abandone-el-glifosato-en-la-erradicacion-de-cultivos-ilicitos\/#article\",\"isPartOf\":{\"@id\":\"https:\/\/www.fiscalia.gov.co\/colombia\/noticias\/fiscal-propondra-al-consejo-nacional-de-estupefacientes-que-se-abandone-el-glifosato-en-la-erradicacion-de-cultivos-ilicitos\/\"},\"author\":{\"name\":\"dfgordillo\",\"@id\":\"https:\/\/www.fiscalia.gov.co\/colombia\/#\/schema\/person\/3903856a3ce2d54b094c69eb29247895\"},\"headline\":\"Fiscal propondr\u00e1 al Consejo Nacional de Estupefacientes que se abandone el glifosato en la erradicaci\u00f3n de cultivos il\u00edcitos\",\"datePublished\":\"2015-04-29T23:03:52+00:00\",\"dateModified\":\"2015-04-29T23:04:48+00:00\",\"mainEntityOfPage\":{\"@id\":\"https:\/\/www.fiscalia.gov.co\/colombia\/noticias\/fiscal-propondra-al-consejo-nacional-de-estupefacientes-que-se-abandone-el-glifosato-en-la-erradicacion-de-cultivos-ilicitos\/\"},\"wordCount\":404,\"publisher\":{\"@id\":\"https:\/\/www.fiscalia.gov.co\/colombia\/#organization\"},\"keywords\":[\"C\u00e1ncer\",\"Fumicaciones\",\"Glifosato\",\"Narcotr\u00e1fico\"],\"articleSection\":[\"Noticias\"],\"inLanguage\":\"es-CO\"},{\"@type\":\"WebPage\",\"@id\":\"https:\/\/www.fiscalia.gov.co\/colombia\/noticias\/fiscal-propondra-al-consejo-nacional-de-estupefacientes-que-se-abandone-el-glifosato-en-la-erradicacion-de-cultivos-ilicitos\/\",\"url\":\"https:\/\/www.fiscalia.gov.co\/colombia\/noticias\/fiscal-propondra-al-consejo-nacional-de-estupefacientes-que-se-abandone-el-glifosato-en-la-erradicacion-de-cultivos-ilicitos\/\",\"name\":\"Fiscal\u00eda General de la Naci\u00f3n\",\"isPartOf\":{\"@id\":\"https:\/\/www.fiscalia.gov.co\/colombia\/#website\"},\"datePublished\":\"2015-04-29T23:03:52+00:00\",\"dateModified\":\"2015-04-29T23:04:48+00:00\",\"description\":\"P\u00e1gina oficial de la Fiscal\u00eda General de la Naci\u00f3n \u2013 Colombia. Garantizamos el acceso efectivo a la justicia, la verdad y la reparaci\u00f3n de las v\u00edctimas de los delitos.\",\"breadcrumb\":{\"@id\":\"https:\/\/www.fiscalia.gov.co\/colombia\/noticias\/fiscal-propondra-al-consejo-nacional-de-estupefacientes-que-se-abandone-el-glifosato-en-la-erradicacion-de-cultivos-ilicitos\/#breadcrumb\"},\"inLanguage\":\"es-CO\",\"potentialAction\":[{\"@type\":\"ReadAction\",\"target\":[\"https:\/\/www.fiscalia.gov.co\/colombia\/noticias\/fiscal-propondra-al-consejo-nacional-de-estupefacientes-que-se-abandone-el-glifosato-en-la-erradicacion-de-cultivos-ilicitos\/\"]}]},{\"@type\":\"BreadcrumbList\",\"@id\":\"https:\/\/www.fiscalia.gov.co\/colombia\/noticias\/fiscal-propondra-al-consejo-nacional-de-estupefacientes-que-se-abandone-el-glifosato-en-la-erradicacion-de-cultivos-ilicitos\/#breadcrumb\",\"itemListElement\":[{\"@type\":\"ListItem\",\"position\":1,\"name\":\"Home\",\"item\":\"https:\/\/www.fiscalia.gov.co\/colombia\/\"},{\"@type\":\"ListItem\",\"position\":2,\"name\":\"Fiscal propondr\u00e1 al Consejo Nacional de Estupefacientes que se abandone el glifosato en la erradicaci\u00f3n de cultivos il\u00edcitos\"}]},{\"@type\":\"WebSite\",\"@id\":\"https:\/\/www.fiscalia.gov.co\/colombia\/#website\",\"url\":\"https:\/\/www.fiscalia.gov.co\/colombia\/\",\"name\":\"Fiscal\u00eda General de la Naci\u00f3n\",\"description\":\"P\u00e1gina oficial de la Fiscal\u00eda General de la Naci\u00f3n \u2013 Colombia. Garantizamos el acceso efectivo a la justicia, la verdad y la reparaci\u00f3n de las v\u00edctimas de los delitos.\",\"publisher\":{\"@id\":\"https:\/\/www.fiscalia.gov.co\/colombia\/#organization\"},\"potentialAction\":[{\"@type\":\"SearchAction\",\"target\":{\"@type\":\"EntryPoint\",\"urlTemplate\":\"https:\/\/www.fiscalia.gov.co\/colombia\/?s={search_term_string}\"},\"query-input\":{\"@type\":\"PropertyValueSpecification\",\"valueRequired\":true,\"valueName\":\"search_term_string\"}}],\"inLanguage\":\"es-CO\"},{\"@type\":\"Organization\",\"@id\":\"https:\/\/www.fiscalia.gov.co\/colombia\/#organization\",\"name\":\"Fiscal\u00eda General de la Naci\u00f3n\",\"url\":\"https:\/\/www.fiscalia.gov.co\/colombia\/\",\"logo\":{\"@type\":\"ImageObject\",\"inLanguage\":\"es-CO\",\"@id\":\"https:\/\/www.fiscalia.gov.co\/colombia\/#\/schema\/logo\/image\/\",\"url\":\"https:\/\/www.fiscalia.gov.co\/colombia\/wp-content\/uploads\/LogoHorizontal_1.jpg\",\"contentUrl\":\"https:\/\/www.fiscalia.gov.co\/colombia\/wp-content\/uploads\/LogoHorizontal_1.jpg\",\"width\":300,\"height\":90,\"caption\":\"Fiscal\u00eda General de la Naci\u00f3n\"},\"image\":{\"@id\":\"https:\/\/www.fiscalia.gov.co\/colombia\/#\/schema\/logo\/image\/\"},\"sameAs\":[\"https:\/\/www.facebook.com\/FiscaliaCol\",\"https:\/\/x.com\/FiscaliaCol\",\"https:\/\/www.instagram.com\/fiscaliacol\",\"https:\/\/www.linkedin.com\/company\/fiscalia-general-de-la-naci-n\/\",\"https:\/\/youtube.com\/@fiscaliageneraldelanacion-4668?si=6nN79nyQICPU5iTh\"]},{\"@type\":\"Person\",\"@id\":\"https:\/\/www.fiscalia.gov.co\/colombia\/#\/schema\/person\/3903856a3ce2d54b094c69eb29247895\",\"name\":\"dfgordillo\",\"image\":{\"@type\":\"ImageObject\",\"inLanguage\":\"es-CO\",\"@id\":\"https:\/\/www.fiscalia.gov.co\/colombia\/#\/schema\/person\/image\/\",\"url\":\"https:\/\/secure.gravatar.com\/avatar\/b6356e21c5657c60757fe6fb9493e947?s=96&d=mm&r=g\",\"contentUrl\":\"https:\/\/secure.gravatar.com\/avatar\/b6356e21c5657c60757fe6fb9493e947?s=96&d=mm&r=g\",\"caption\":\"dfgordillo\"},\"sameAs\":[\"dfgordillo\"],\"url\":\"https:\/\/www.fiscalia.gov.co\/colombia\/author\/dfgordillo\/\"}]}<\/script>\n<!-- \/ Yoast SEO plugin. -->","yoast_head_json":{"title":"Fiscal\u00eda General de la Naci\u00f3n","description":"P\u00e1gina oficial de la Fiscal\u00eda General de la Naci\u00f3n \u2013 Colombia. Garantizamos el acceso efectivo a la justicia, la verdad y la reparaci\u00f3n de las v\u00edctimas de los delitos.","robots":{"index":"noindex","follow":"follow"},"og_locale":"es_ES","og_type":"article","og_title":"Fiscal\u00eda General de la Naci\u00f3n","og_description":"P\u00e1gina oficial de la Fiscal\u00eda General de la Naci\u00f3n \u2013 Colombia. Garantizamos el acceso efectivo a la justicia, la verdad y la reparaci\u00f3n de las v\u00edctimas de los delitos.","og_url":"https:\/\/www.fiscalia.gov.co\/colombia\/noticias\/fiscal-propondra-al-consejo-nacional-de-estupefacientes-que-se-abandone-el-glifosato-en-la-erradicacion-de-cultivos-ilicitos\/","og_site_name":"Fiscal\u00eda General de la Naci\u00f3n","article_publisher":"https:\/\/www.facebook.com\/FiscaliaCol","article_published_time":"2015-04-29T23:03:52+00:00","article_modified_time":"2015-04-29T23:04:48+00:00","author":"dfgordillo","twitter_card":"summary_large_image","twitter_creator":"@FiscaliaCol","twitter_site":"@FiscaliaCol","twitter_misc":{"Escrito por":"dfgordillo","Tiempo de lectura":"2 minutos"},"schema":{"@context":"https:\/\/schema.org","@graph":[{"@type":"Article","@id":"https:\/\/www.fiscalia.gov.co\/colombia\/noticias\/fiscal-propondra-al-consejo-nacional-de-estupefacientes-que-se-abandone-el-glifosato-en-la-erradicacion-de-cultivos-ilicitos\/#article","isPartOf":{"@id":"https:\/\/www.fiscalia.gov.co\/colombia\/noticias\/fiscal-propondra-al-consejo-nacional-de-estupefacientes-que-se-abandone-el-glifosato-en-la-erradicacion-de-cultivos-ilicitos\/"},"author":{"name":"dfgordillo","@id":"https:\/\/www.fiscalia.gov.co\/colombia\/#\/schema\/person\/3903856a3ce2d54b094c69eb29247895"},"headline":"Fiscal propondr\u00e1 al Consejo Nacional de Estupefacientes que se abandone el glifosato en la erradicaci\u00f3n de cultivos il\u00edcitos","datePublished":"2015-04-29T23:03:52+00:00","dateModified":"2015-04-29T23:04:48+00:00","mainEntityOfPage":{"@id":"https:\/\/www.fiscalia.gov.co\/colombia\/noticias\/fiscal-propondra-al-consejo-nacional-de-estupefacientes-que-se-abandone-el-glifosato-en-la-erradicacion-de-cultivos-ilicitos\/"},"wordCount":404,"publisher":{"@id":"https:\/\/www.fiscalia.gov.co\/colombia\/#organization"},"keywords":["C\u00e1ncer","Fumicaciones","Glifosato","Narcotr\u00e1fico"],"articleSection":["Noticias"],"inLanguage":"es-CO"},{"@type":"WebPage","@id":"https:\/\/www.fiscalia.gov.co\/colombia\/noticias\/fiscal-propondra-al-consejo-nacional-de-estupefacientes-que-se-abandone-el-glifosato-en-la-erradicacion-de-cultivos-ilicitos\/","url":"https:\/\/www.fiscalia.gov.co\/colombia\/noticias\/fiscal-propondra-al-consejo-nacional-de-estupefacientes-que-se-abandone-el-glifosato-en-la-erradicacion-de-cultivos-ilicitos\/","name":"Fiscal\u00eda General de la Naci\u00f3n","isPartOf":{"@id":"https:\/\/www.fiscalia.gov.co\/colombia\/#website"},"datePublished":"2015-04-29T23:03:52+00:00","dateModified":"2015-04-29T23:04:48+00:00","description":"P\u00e1gina oficial de la Fiscal\u00eda General de la Naci\u00f3n \u2013 Colombia. Garantizamos el acceso efectivo a la justicia, la verdad y la reparaci\u00f3n de las v\u00edctimas de los delitos.","breadcrumb":{"@id":"https:\/\/www.fiscalia.gov.co\/colombia\/noticias\/fiscal-propondra-al-consejo-nacional-de-estupefacientes-que-se-abandone-el-glifosato-en-la-erradicacion-de-cultivos-ilicitos\/#breadcrumb"},"inLanguage":"es-CO","potentialAction":[{"@type":"ReadAction","target":["https:\/\/www.fiscalia.gov.co\/colombia\/noticias\/fiscal-propondra-al-consejo-nacional-de-estupefacientes-que-se-abandone-el-glifosato-en-la-erradicacion-de-cultivos-ilicitos\/"]}]},{"@type":"BreadcrumbList","@id":"https:\/\/www.fiscalia.gov.co\/colombia\/noticias\/fiscal-propondra-al-consejo-nacional-de-estupefacientes-que-se-abandone-el-glifosato-en-la-erradicacion-de-cultivos-ilicitos\/#breadcrumb","itemListElement":[{"@type":"ListItem","position":1,"name":"Home","item":"https:\/\/www.fiscalia.gov.co\/colombia\/"},{"@type":"ListItem","position":2,"name":"Fiscal propondr\u00e1 al Consejo Nacional de Estupefacientes que se abandone el glifosato en la erradicaci\u00f3n de cultivos il\u00edcitos"}]},{"@type":"WebSite","@id":"https:\/\/www.fiscalia.gov.co\/colombia\/#website","url":"https:\/\/www.fiscalia.gov.co\/colombia\/","name":"Fiscal\u00eda General de la Naci\u00f3n","description":"P\u00e1gina oficial de la Fiscal\u00eda General de la Naci\u00f3n \u2013 Colombia. Garantizamos el acceso efectivo a la justicia, la verdad y la reparaci\u00f3n de las v\u00edctimas de los delitos.","publisher":{"@id":"https:\/\/www.fiscalia.gov.co\/colombia\/#organization"},"potentialAction":[{"@type":"SearchAction","target":{"@type":"EntryPoint","urlTemplate":"https:\/\/www.fiscalia.gov.co\/colombia\/?s={search_term_string}"},"query-input":{"@type":"PropertyValueSpecification","valueRequired":true,"valueName":"search_term_string"}}],"inLanguage":"es-CO"},{"@type":"Organization","@id":"https:\/\/www.fiscalia.gov.co\/colombia\/#organization","name":"Fiscal\u00eda General de la Naci\u00f3n","url":"https:\/\/www.fiscalia.gov.co\/colombia\/","logo":{"@type":"ImageObject","inLanguage":"es-CO","@id":"https:\/\/www.fiscalia.gov.co\/colombia\/#\/schema\/logo\/image\/","url":"https:\/\/www.fiscalia.gov.co\/colombia\/wp-content\/uploads\/LogoHorizontal_1.jpg","contentUrl":"https:\/\/www.fiscalia.gov.co\/colombia\/wp-content\/uploads\/LogoHorizontal_1.jpg","width":300,"height":90,"caption":"Fiscal\u00eda General de la Naci\u00f3n"},"image":{"@id":"https:\/\/www.fiscalia.gov.co\/colombia\/#\/schema\/logo\/image\/"},"sameAs":["https:\/\/www.facebook.com\/FiscaliaCol","https:\/\/x.com\/FiscaliaCol","https:\/\/www.instagram.com\/fiscaliacol","https:\/\/www.linkedin.com\/company\/fiscalia-general-de-la-naci-n\/","https:\/\/youtube.com\/@fiscaliageneraldelanacion-4668?si=6nN79nyQICPU5iTh"]},{"@type":"Person","@id":"https:\/\/www.fiscalia.gov.co\/colombia\/#\/schema\/person\/3903856a3ce2d54b094c69eb29247895","name":"dfgordillo","image":{"@type":"ImageObject","inLanguage":"es-CO","@id":"https:\/\/www.fiscalia.gov.co\/colombia\/#\/schema\/person\/image\/","url":"https:\/\/secure.gravatar.com\/avatar\/b6356e21c5657c60757fe6fb9493e947?s=96&d=mm&r=g","contentUrl":"https:\/\/secure.gravatar.com\/avatar\/b6356e21c5657c60757fe6fb9493e947?s=96&d=mm&r=g","caption":"dfgordillo"},"sameAs":["dfgordillo"],"url":"https:\/\/www.fiscalia.gov.co\/colombia\/author\/dfgordillo\/"}]}},"_links":{"self":[{"href":"https:\/\/www.fiscalia.gov.co\/colombia\/wp-json\/wp\/v2\/posts\/66455","targetHints":{"allow":["GET"]}}],"collection":[{"href":"https:\/\/www.fiscalia.gov.co\/colombia\/wp-json\/wp\/v2\/posts"}],"about":[{"href":"https:\/\/www.fiscalia.gov.co\/colombia\/wp-json\/wp\/v2\/types\/post"}],"author":[{"embeddable":true,"href":"https:\/\/www.fiscalia.gov.co\/colombia\/wp-json\/wp\/v2\/users\/143"}],"replies":[{"embeddable":true,"href":"https:\/\/www.fiscalia.gov.co\/colombia\/wp-json\/wp\/v2\/comments?post=66455"}],"version-history":[{"count":3,"href":"https:\/\/www.fiscalia.gov.co\/colombia\/wp-json\/wp\/v2\/posts\/66455\/revisions"}],"predecessor-version":[{"id":66462,"href":"https:\/\/www.fiscalia.gov.co\/colombia\/wp-json\/wp\/v2\/posts\/66455\/revisions\/66462"}],"wp:attachment":[{"href":"https:\/\/www.fiscalia.gov.co\/colombia\/wp-json\/wp\/v2\/media?parent=66455"}],"wp:term":[{"taxonomy":"category","embeddable":true,"href":"https:\/\/www.fiscalia.gov.co\/colombia\/wp-json\/wp\/v2\/categories?post=66455"},{"taxonomy":"post_tag","embeddable":true,"href":"https:\/\/www.fiscalia.gov.co\/colombia\/wp-json\/wp\/v2\/tags?post=66455"}],"curies":[{"name":"wp","href":"https:\/\/api.w.org\/{rel}","templated":true}]}}