{"id":66447,"date":"2015-04-29T17:52:18","date_gmt":"2015-04-29T22:52:18","guid":{"rendered":"http:\/\/www.fiscalia.gov.co\/colombia\/?p=66447"},"modified":"2015-04-29T17:52:18","modified_gmt":"2015-04-29T22:52:18","slug":"detencion-domiciliaria-a-juez-que-dejo-en-libertad-a-exgobernador-de-la-guajira","status":"publish","type":"post","link":"https:\/\/www.fiscalia.gov.co\/colombia\/noticias\/detencion-domiciliaria-a-juez-que-dejo-en-libertad-a-exgobernador-de-la-guajira\/","title":{"rendered":"Detenci\u00f3n domiciliaria a juez que dej\u00f3 en libertad a exgobernador de La Guajira"},"content":{"rendered":"<p>Abelardo Tercero Andrade Meri\u00f1o, Juez 22 Civil de Barranquilla (Atl\u00e1ntico), fue afectado con medida de aseguramiento de detenci\u00f3n domiciliaria, por las conductas punibles de prevaricato por acci\u00f3n y abuso de funci\u00f3n p\u00fablica, al considerar el juzgador que se cumplieron con los requisitos para este fin.<\/p>\n<p>El procesado renunci\u00f3 a estar presente en la diligencia judicial argumentando su condici\u00f3n de salud.<\/p>\n<p>La decisi\u00f3n fue proferida por el\u00a0 Juzgado Penal Municipal de Barranquilla, con funciones de control de garant\u00edas ambulante (Bacrim), quien acogi\u00f3 los argumentos de la Fiscal 9 Delegada ante el Tribunal Superior de Bogot\u00e1, del eje tem\u00e1tico corrupci\u00f3n en la administraci\u00f3n de justicia.<\/p>\n<p>La decisi\u00f3n se deriva de la investigaci\u00f3n adelantada por el ente acusador en contra del mencionado funcionario por las presuntas irregularidades cometidas al conocer y decidir la acci\u00f3n constitucional del\u00a0<em>habeas corpus<\/em>\u00a0que otorg\u00f3\u00a0la libertad al exgobernador de La Guajira, Francisco G\u00f3mez, a quien se investiga por sus presuntos v\u00ednculos con las mafias del narcotr\u00e1fico.<\/p>\n<p>El juez al motivar su providencia indic\u00f3 que para su despacho es claro la existencia de unas conductas punibles graves, y que la responsabilidad del Juez 22 Civil Municipal recae al recibir el d\u00eda s\u00e1bado 11 de abril del presente a\u00f1o un habeas corpus,\u00a0muy a pesar que para esa fecha fung\u00edan como competentes otros jueces distintos al togado al que le fue asignado y admitido la acci\u00f3n constitucional, lo cual fue debidamente constatado por la Fiscal\u00eda en la inspecci\u00f3n de las actas o certificaciones que dan cuenta del tr\u00e1mite impartido por parte de los funcionarios judiciales encargados del mismo.<\/p>\n<p>Asimismo, el juzgador en su intervenci\u00f3n se\u00f1al\u00f3 que para su despacho resulta tambi\u00e9n incomprensible como pudo el togado decidir sobre una acci\u00f3n constitucional, que as\u00ed sea una exigencia en rigor que requiera de la administraci\u00f3n de justicia, no se detuvo a observar en primera instancia que exist\u00eda una notificaci\u00f3n donde se advierte que no pod\u00eda aceptar el conocimiento de la acci\u00f3n constitucional en comento, lo cual debi\u00f3 generar un detenimiento por parte del funcionario para\u00a0 no solo valorar una discusi\u00f3n de jurisdicci\u00f3n sino de competencia.<\/p>\n<p>Qued\u00f3 entonces en entredicho la inferencia razonable de autor\u00eda de comisi\u00f3n dolosa por parte del togado civil municipal para\u00a0conocer, admitir y decidir sobre la acci\u00f3n entablada.<\/p>\n<p>Dijo adem\u00e1s que\u00a0existe otro hecho no menos grave y es que\u00a0el togado no tuviera en cuenta las consideraciones de los despachos 11 y 13 de la Fiscal\u00eda Delegada ante la Corte Suprema de Justicia y la discusi\u00f3n propuesta por los jueces 8 y 9 penales de Barranquilla, donde se adelantan las investigaciones en contra del exgobernador de La Guajira, Francisco G\u00f3mez Cerchar, quien se encuentra privado de la libertad;\u00a0para motivar su decisi\u00f3n. Decisi\u00f3n\u00a0que, desde un principio para ese despacho,\u00a0se encuentra viciada de competencia.<\/p>\n<p>Por otra parte, el juez de garant\u00edas, pese a la solicitud de la Fiscal\u00eda sobre la imposici\u00f3n de medida de aseguramiento intramuros, dict\u00f3 la domiciliaria al tener en cuenta\u00a0el respeto y la dignidad humana de quien funge como procesado por presentar quebrantos de\u00a0salud que lo mantienen internado en un centro de salud en Barranquilla, y que de igual forma no representa peligro\u00a0de fuga para el desarrollo del proceso,\u00a0obstrucci\u00f3n a la administraci\u00f3n de justicia ni para la seguridad de la comunidad.<\/p>\n<p>La medida impuesta deber\u00e1 cumplirse una vez el procesado supere su condici\u00f3n de salud, y no debe existir acercamiento entre el imputado y el sitio donde funciona el Juzgado 22 Civil Municipal, pues de advertirse que la decisi\u00f3n no se est\u00e1 cumpliendo,\u00a0podr\u00e1 sustituirse la medida por una privativa en centro carcelario.<\/p>\n<p>El representante del ente acusador interpuso recurso de apelaci\u00f3n contra la decisi\u00f3n del juez de garant\u00edas, al concluir que se debe garantizar el cumplimiento de los fines constitucionales y\u00a0el buen desarrollo de la investigaci\u00f3n.<\/p>\n<p>&nbsp;<\/p>\n<p>NIGC\/DLBM<\/p>\n\n<div class=\"twitter-share\"><a href=\"https:\/\/twitter.com\/intent\/tweet?via=fiscaliacol\" class=\"twitter-share-button\">Tweet<\/a><\/div>\n","protected":false},"excerpt":{"rendered":"<p>Abelardo Tercero Andrade Meri\u00f1o, Juez 22 Civil de Barranquilla (Atl\u00e1ntico), fue afectado con medida de aseguramiento de detenci\u00f3n domiciliaria, por las conductas punibles de prevaricato por acci\u00f3n y abuso de funci\u00f3n p\u00fablica, al considerar el juzgador que se cumplieron con los requisitos para este fin. El procesado renunci\u00f3 a estar presente en la diligencia judicial [&hellip;]<\/p>\n","protected":false},"author":143,"featured_media":0,"comment_status":"closed","ping_status":"open","sticky":false,"template":"","format":"standard","meta":{"_price":"","_stock":"","_tribe_ticket_header":"","_tribe_default_ticket_provider":"","_tribe_ticket_capacity":"0","_ticket_start_date":"","_ticket_end_date":"","_tribe_ticket_show_description":"","_tribe_ticket_show_not_going":false,"_tribe_ticket_use_global_stock":"","_tribe_ticket_global_stock_level":"","_global_stock_mode":"","_global_stock_cap":"","_tribe_rsvp_for_event":"","_tribe_ticket_going_count":"","_tribe_ticket_not_going_count":"","_tribe_tickets_list":"[]","_tribe_ticket_has_attendee_info_fields":false,"tdm_status":"","tdm_grid_status":"","footnotes":""},"categories":[1],"tags":[12593,12592,1267],"class_list":{"0":"post-66447","1":"post","2":"type-post","3":"status-publish","4":"format-standard","6":"category-noticias","7":"tag-detencion-domiciliaria","8":"tag-exgobernador-de-la-guajira","9":"tag-juez"},"yoast_head":"<!-- This site is optimized with the Yoast SEO plugin v24.3 - https:\/\/yoast.com\/wordpress\/plugins\/seo\/ -->\n<title>Fiscal\u00eda General de la Naci\u00f3n<\/title>\n<meta name=\"description\" content=\"P\u00e1gina oficial de la Fiscal\u00eda General de la Naci\u00f3n \u2013 Colombia. Garantizamos el acceso efectivo a la justicia, la verdad y la reparaci\u00f3n de las v\u00edctimas de los delitos.\" \/>\n<meta name=\"robots\" content=\"noindex, follow\" \/>\n<meta property=\"og:locale\" content=\"es_ES\" \/>\n<meta property=\"og:type\" content=\"article\" \/>\n<meta property=\"og:title\" content=\"Fiscal\u00eda General de la Naci\u00f3n\" \/>\n<meta property=\"og:description\" content=\"P\u00e1gina oficial de la Fiscal\u00eda General de la Naci\u00f3n \u2013 Colombia. Garantizamos el acceso efectivo a la justicia, la verdad y la reparaci\u00f3n de las v\u00edctimas de los delitos.\" \/>\n<meta property=\"og:url\" content=\"https:\/\/www.fiscalia.gov.co\/colombia\/noticias\/detencion-domiciliaria-a-juez-que-dejo-en-libertad-a-exgobernador-de-la-guajira\/\" \/>\n<meta property=\"og:site_name\" content=\"Fiscal\u00eda General de la Naci\u00f3n\" \/>\n<meta property=\"article:publisher\" content=\"https:\/\/www.facebook.com\/FiscaliaCol\" \/>\n<meta property=\"article:published_time\" content=\"2015-04-29T22:52:18+00:00\" \/>\n<meta name=\"author\" content=\"dfgordillo\" \/>\n<meta name=\"twitter:card\" content=\"summary_large_image\" \/>\n<meta name=\"twitter:creator\" content=\"@FiscaliaCol\" \/>\n<meta name=\"twitter:site\" content=\"@FiscaliaCol\" \/>\n<meta name=\"twitter:label1\" content=\"Escrito por\" \/>\n\t<meta name=\"twitter:data1\" content=\"dfgordillo\" \/>\n\t<meta name=\"twitter:label2\" content=\"Tiempo de lectura\" \/>\n\t<meta name=\"twitter:data2\" content=\"3 minutos\" \/>\n<script type=\"application\/ld+json\" class=\"yoast-schema-graph\">{\"@context\":\"https:\/\/schema.org\",\"@graph\":[{\"@type\":\"Article\",\"@id\":\"https:\/\/www.fiscalia.gov.co\/colombia\/noticias\/detencion-domiciliaria-a-juez-que-dejo-en-libertad-a-exgobernador-de-la-guajira\/#article\",\"isPartOf\":{\"@id\":\"https:\/\/www.fiscalia.gov.co\/colombia\/noticias\/detencion-domiciliaria-a-juez-que-dejo-en-libertad-a-exgobernador-de-la-guajira\/\"},\"author\":{\"name\":\"dfgordillo\",\"@id\":\"https:\/\/www.fiscalia.gov.co\/colombia\/#\/schema\/person\/3903856a3ce2d54b094c69eb29247895\"},\"headline\":\"Detenci\u00f3n domiciliaria a juez que dej\u00f3 en libertad a exgobernador de La Guajira\",\"datePublished\":\"2015-04-29T22:52:18+00:00\",\"dateModified\":\"2015-04-29T22:52:18+00:00\",\"mainEntityOfPage\":{\"@id\":\"https:\/\/www.fiscalia.gov.co\/colombia\/noticias\/detencion-domiciliaria-a-juez-que-dejo-en-libertad-a-exgobernador-de-la-guajira\/\"},\"wordCount\":695,\"publisher\":{\"@id\":\"https:\/\/www.fiscalia.gov.co\/colombia\/#organization\"},\"keywords\":[\"Detenci\u00f3n domiciliaria\",\"exgobernador de La Guajira\",\"Juez\"],\"articleSection\":[\"Noticias\"],\"inLanguage\":\"es-CO\"},{\"@type\":\"WebPage\",\"@id\":\"https:\/\/www.fiscalia.gov.co\/colombia\/noticias\/detencion-domiciliaria-a-juez-que-dejo-en-libertad-a-exgobernador-de-la-guajira\/\",\"url\":\"https:\/\/www.fiscalia.gov.co\/colombia\/noticias\/detencion-domiciliaria-a-juez-que-dejo-en-libertad-a-exgobernador-de-la-guajira\/\",\"name\":\"Fiscal\u00eda General de la Naci\u00f3n\",\"isPartOf\":{\"@id\":\"https:\/\/www.fiscalia.gov.co\/colombia\/#website\"},\"datePublished\":\"2015-04-29T22:52:18+00:00\",\"dateModified\":\"2015-04-29T22:52:18+00:00\",\"description\":\"P\u00e1gina oficial de la Fiscal\u00eda General de la Naci\u00f3n \u2013 Colombia. Garantizamos el acceso efectivo a la justicia, la verdad y la reparaci\u00f3n de las v\u00edctimas de los delitos.\",\"breadcrumb\":{\"@id\":\"https:\/\/www.fiscalia.gov.co\/colombia\/noticias\/detencion-domiciliaria-a-juez-que-dejo-en-libertad-a-exgobernador-de-la-guajira\/#breadcrumb\"},\"inLanguage\":\"es-CO\",\"potentialAction\":[{\"@type\":\"ReadAction\",\"target\":[\"https:\/\/www.fiscalia.gov.co\/colombia\/noticias\/detencion-domiciliaria-a-juez-que-dejo-en-libertad-a-exgobernador-de-la-guajira\/\"]}]},{\"@type\":\"BreadcrumbList\",\"@id\":\"https:\/\/www.fiscalia.gov.co\/colombia\/noticias\/detencion-domiciliaria-a-juez-que-dejo-en-libertad-a-exgobernador-de-la-guajira\/#breadcrumb\",\"itemListElement\":[{\"@type\":\"ListItem\",\"position\":1,\"name\":\"Home\",\"item\":\"https:\/\/www.fiscalia.gov.co\/colombia\/\"},{\"@type\":\"ListItem\",\"position\":2,\"name\":\"Detenci\u00f3n domiciliaria a juez que dej\u00f3 en libertad a exgobernador de La Guajira\"}]},{\"@type\":\"WebSite\",\"@id\":\"https:\/\/www.fiscalia.gov.co\/colombia\/#website\",\"url\":\"https:\/\/www.fiscalia.gov.co\/colombia\/\",\"name\":\"Fiscal\u00eda General de la Naci\u00f3n\",\"description\":\"P\u00e1gina oficial de la Fiscal\u00eda General de la Naci\u00f3n \u2013 Colombia. Garantizamos el acceso efectivo a la justicia, la verdad y la reparaci\u00f3n de las v\u00edctimas de los delitos.\",\"publisher\":{\"@id\":\"https:\/\/www.fiscalia.gov.co\/colombia\/#organization\"},\"potentialAction\":[{\"@type\":\"SearchAction\",\"target\":{\"@type\":\"EntryPoint\",\"urlTemplate\":\"https:\/\/www.fiscalia.gov.co\/colombia\/?s={search_term_string}\"},\"query-input\":{\"@type\":\"PropertyValueSpecification\",\"valueRequired\":true,\"valueName\":\"search_term_string\"}}],\"inLanguage\":\"es-CO\"},{\"@type\":\"Organization\",\"@id\":\"https:\/\/www.fiscalia.gov.co\/colombia\/#organization\",\"name\":\"Fiscal\u00eda General de la Naci\u00f3n\",\"url\":\"https:\/\/www.fiscalia.gov.co\/colombia\/\",\"logo\":{\"@type\":\"ImageObject\",\"inLanguage\":\"es-CO\",\"@id\":\"https:\/\/www.fiscalia.gov.co\/colombia\/#\/schema\/logo\/image\/\",\"url\":\"https:\/\/www.fiscalia.gov.co\/colombia\/wp-content\/uploads\/LogoHorizontal_1.jpg\",\"contentUrl\":\"https:\/\/www.fiscalia.gov.co\/colombia\/wp-content\/uploads\/LogoHorizontal_1.jpg\",\"width\":300,\"height\":90,\"caption\":\"Fiscal\u00eda General de la Naci\u00f3n\"},\"image\":{\"@id\":\"https:\/\/www.fiscalia.gov.co\/colombia\/#\/schema\/logo\/image\/\"},\"sameAs\":[\"https:\/\/www.facebook.com\/FiscaliaCol\",\"https:\/\/x.com\/FiscaliaCol\",\"https:\/\/www.instagram.com\/fiscaliacol\",\"https:\/\/www.linkedin.com\/company\/fiscalia-general-de-la-naci-n\/\",\"https:\/\/youtube.com\/@fiscaliageneraldelanacion-4668?si=6nN79nyQICPU5iTh\"]},{\"@type\":\"Person\",\"@id\":\"https:\/\/www.fiscalia.gov.co\/colombia\/#\/schema\/person\/3903856a3ce2d54b094c69eb29247895\",\"name\":\"dfgordillo\",\"image\":{\"@type\":\"ImageObject\",\"inLanguage\":\"es-CO\",\"@id\":\"https:\/\/www.fiscalia.gov.co\/colombia\/#\/schema\/person\/image\/\",\"url\":\"https:\/\/secure.gravatar.com\/avatar\/b6356e21c5657c60757fe6fb9493e947?s=96&d=mm&r=g\",\"contentUrl\":\"https:\/\/secure.gravatar.com\/avatar\/b6356e21c5657c60757fe6fb9493e947?s=96&d=mm&r=g\",\"caption\":\"dfgordillo\"},\"sameAs\":[\"dfgordillo\"],\"url\":\"https:\/\/www.fiscalia.gov.co\/colombia\/author\/dfgordillo\/\"}]}<\/script>\n<!-- \/ Yoast SEO plugin. -->","yoast_head_json":{"title":"Fiscal\u00eda General de la Naci\u00f3n","description":"P\u00e1gina oficial de la Fiscal\u00eda General de la Naci\u00f3n \u2013 Colombia. Garantizamos el acceso efectivo a la justicia, la verdad y la reparaci\u00f3n de las v\u00edctimas de los delitos.","robots":{"index":"noindex","follow":"follow"},"og_locale":"es_ES","og_type":"article","og_title":"Fiscal\u00eda General de la Naci\u00f3n","og_description":"P\u00e1gina oficial de la Fiscal\u00eda General de la Naci\u00f3n \u2013 Colombia. Garantizamos el acceso efectivo a la justicia, la verdad y la reparaci\u00f3n de las v\u00edctimas de los delitos.","og_url":"https:\/\/www.fiscalia.gov.co\/colombia\/noticias\/detencion-domiciliaria-a-juez-que-dejo-en-libertad-a-exgobernador-de-la-guajira\/","og_site_name":"Fiscal\u00eda General de la Naci\u00f3n","article_publisher":"https:\/\/www.facebook.com\/FiscaliaCol","article_published_time":"2015-04-29T22:52:18+00:00","author":"dfgordillo","twitter_card":"summary_large_image","twitter_creator":"@FiscaliaCol","twitter_site":"@FiscaliaCol","twitter_misc":{"Escrito por":"dfgordillo","Tiempo de lectura":"3 minutos"},"schema":{"@context":"https:\/\/schema.org","@graph":[{"@type":"Article","@id":"https:\/\/www.fiscalia.gov.co\/colombia\/noticias\/detencion-domiciliaria-a-juez-que-dejo-en-libertad-a-exgobernador-de-la-guajira\/#article","isPartOf":{"@id":"https:\/\/www.fiscalia.gov.co\/colombia\/noticias\/detencion-domiciliaria-a-juez-que-dejo-en-libertad-a-exgobernador-de-la-guajira\/"},"author":{"name":"dfgordillo","@id":"https:\/\/www.fiscalia.gov.co\/colombia\/#\/schema\/person\/3903856a3ce2d54b094c69eb29247895"},"headline":"Detenci\u00f3n domiciliaria a juez que dej\u00f3 en libertad a exgobernador de La Guajira","datePublished":"2015-04-29T22:52:18+00:00","dateModified":"2015-04-29T22:52:18+00:00","mainEntityOfPage":{"@id":"https:\/\/www.fiscalia.gov.co\/colombia\/noticias\/detencion-domiciliaria-a-juez-que-dejo-en-libertad-a-exgobernador-de-la-guajira\/"},"wordCount":695,"publisher":{"@id":"https:\/\/www.fiscalia.gov.co\/colombia\/#organization"},"keywords":["Detenci\u00f3n domiciliaria","exgobernador de La Guajira","Juez"],"articleSection":["Noticias"],"inLanguage":"es-CO"},{"@type":"WebPage","@id":"https:\/\/www.fiscalia.gov.co\/colombia\/noticias\/detencion-domiciliaria-a-juez-que-dejo-en-libertad-a-exgobernador-de-la-guajira\/","url":"https:\/\/www.fiscalia.gov.co\/colombia\/noticias\/detencion-domiciliaria-a-juez-que-dejo-en-libertad-a-exgobernador-de-la-guajira\/","name":"Fiscal\u00eda General de la Naci\u00f3n","isPartOf":{"@id":"https:\/\/www.fiscalia.gov.co\/colombia\/#website"},"datePublished":"2015-04-29T22:52:18+00:00","dateModified":"2015-04-29T22:52:18+00:00","description":"P\u00e1gina oficial de la Fiscal\u00eda General de la Naci\u00f3n \u2013 Colombia. Garantizamos el acceso efectivo a la justicia, la verdad y la reparaci\u00f3n de las v\u00edctimas de los delitos.","breadcrumb":{"@id":"https:\/\/www.fiscalia.gov.co\/colombia\/noticias\/detencion-domiciliaria-a-juez-que-dejo-en-libertad-a-exgobernador-de-la-guajira\/#breadcrumb"},"inLanguage":"es-CO","potentialAction":[{"@type":"ReadAction","target":["https:\/\/www.fiscalia.gov.co\/colombia\/noticias\/detencion-domiciliaria-a-juez-que-dejo-en-libertad-a-exgobernador-de-la-guajira\/"]}]},{"@type":"BreadcrumbList","@id":"https:\/\/www.fiscalia.gov.co\/colombia\/noticias\/detencion-domiciliaria-a-juez-que-dejo-en-libertad-a-exgobernador-de-la-guajira\/#breadcrumb","itemListElement":[{"@type":"ListItem","position":1,"name":"Home","item":"https:\/\/www.fiscalia.gov.co\/colombia\/"},{"@type":"ListItem","position":2,"name":"Detenci\u00f3n domiciliaria a juez que dej\u00f3 en libertad a exgobernador de La Guajira"}]},{"@type":"WebSite","@id":"https:\/\/www.fiscalia.gov.co\/colombia\/#website","url":"https:\/\/www.fiscalia.gov.co\/colombia\/","name":"Fiscal\u00eda General de la Naci\u00f3n","description":"P\u00e1gina oficial de la Fiscal\u00eda General de la Naci\u00f3n \u2013 Colombia. Garantizamos el acceso efectivo a la justicia, la verdad y la reparaci\u00f3n de las v\u00edctimas de los delitos.","publisher":{"@id":"https:\/\/www.fiscalia.gov.co\/colombia\/#organization"},"potentialAction":[{"@type":"SearchAction","target":{"@type":"EntryPoint","urlTemplate":"https:\/\/www.fiscalia.gov.co\/colombia\/?s={search_term_string}"},"query-input":{"@type":"PropertyValueSpecification","valueRequired":true,"valueName":"search_term_string"}}],"inLanguage":"es-CO"},{"@type":"Organization","@id":"https:\/\/www.fiscalia.gov.co\/colombia\/#organization","name":"Fiscal\u00eda General de la Naci\u00f3n","url":"https:\/\/www.fiscalia.gov.co\/colombia\/","logo":{"@type":"ImageObject","inLanguage":"es-CO","@id":"https:\/\/www.fiscalia.gov.co\/colombia\/#\/schema\/logo\/image\/","url":"https:\/\/www.fiscalia.gov.co\/colombia\/wp-content\/uploads\/LogoHorizontal_1.jpg","contentUrl":"https:\/\/www.fiscalia.gov.co\/colombia\/wp-content\/uploads\/LogoHorizontal_1.jpg","width":300,"height":90,"caption":"Fiscal\u00eda General de la Naci\u00f3n"},"image":{"@id":"https:\/\/www.fiscalia.gov.co\/colombia\/#\/schema\/logo\/image\/"},"sameAs":["https:\/\/www.facebook.com\/FiscaliaCol","https:\/\/x.com\/FiscaliaCol","https:\/\/www.instagram.com\/fiscaliacol","https:\/\/www.linkedin.com\/company\/fiscalia-general-de-la-naci-n\/","https:\/\/youtube.com\/@fiscaliageneraldelanacion-4668?si=6nN79nyQICPU5iTh"]},{"@type":"Person","@id":"https:\/\/www.fiscalia.gov.co\/colombia\/#\/schema\/person\/3903856a3ce2d54b094c69eb29247895","name":"dfgordillo","image":{"@type":"ImageObject","inLanguage":"es-CO","@id":"https:\/\/www.fiscalia.gov.co\/colombia\/#\/schema\/person\/image\/","url":"https:\/\/secure.gravatar.com\/avatar\/b6356e21c5657c60757fe6fb9493e947?s=96&d=mm&r=g","contentUrl":"https:\/\/secure.gravatar.com\/avatar\/b6356e21c5657c60757fe6fb9493e947?s=96&d=mm&r=g","caption":"dfgordillo"},"sameAs":["dfgordillo"],"url":"https:\/\/www.fiscalia.gov.co\/colombia\/author\/dfgordillo\/"}]}},"_links":{"self":[{"href":"https:\/\/www.fiscalia.gov.co\/colombia\/wp-json\/wp\/v2\/posts\/66447","targetHints":{"allow":["GET"]}}],"collection":[{"href":"https:\/\/www.fiscalia.gov.co\/colombia\/wp-json\/wp\/v2\/posts"}],"about":[{"href":"https:\/\/www.fiscalia.gov.co\/colombia\/wp-json\/wp\/v2\/types\/post"}],"author":[{"embeddable":true,"href":"https:\/\/www.fiscalia.gov.co\/colombia\/wp-json\/wp\/v2\/users\/143"}],"replies":[{"embeddable":true,"href":"https:\/\/www.fiscalia.gov.co\/colombia\/wp-json\/wp\/v2\/comments?post=66447"}],"version-history":[{"count":1,"href":"https:\/\/www.fiscalia.gov.co\/colombia\/wp-json\/wp\/v2\/posts\/66447\/revisions"}],"predecessor-version":[{"id":66448,"href":"https:\/\/www.fiscalia.gov.co\/colombia\/wp-json\/wp\/v2\/posts\/66447\/revisions\/66448"}],"wp:attachment":[{"href":"https:\/\/www.fiscalia.gov.co\/colombia\/wp-json\/wp\/v2\/media?parent=66447"}],"wp:term":[{"taxonomy":"category","embeddable":true,"href":"https:\/\/www.fiscalia.gov.co\/colombia\/wp-json\/wp\/v2\/categories?post=66447"},{"taxonomy":"post_tag","embeddable":true,"href":"https:\/\/www.fiscalia.gov.co\/colombia\/wp-json\/wp\/v2\/tags?post=66447"}],"curies":[{"name":"wp","href":"https:\/\/api.w.org\/{rel}","templated":true}]}}