{"id":66441,"date":"2015-04-29T17:44:58","date_gmt":"2015-04-29T22:44:58","guid":{"rendered":"http:\/\/www.fiscalia.gov.co\/colombia\/?p=66441"},"modified":"2015-04-29T18:15:52","modified_gmt":"2015-04-29T23:15:52","slug":"a-extincion-bienes-avaluados-en-107-mil-millones-de-pesos-de-familiares-de-alias-otoniel-lider-del-clan-usuga","status":"publish","type":"post","link":"https:\/\/www.fiscalia.gov.co\/colombia\/noticias\/destacada\/a-extincion-bienes-avaluados-en-107-mil-millones-de-pesos-de-familiares-de-alias-otoniel-lider-del-clan-usuga\/","title":{"rendered":"A extinci\u00f3n bienes avaluados en 107 mil millones de pesos de familiares de alias Otoniel, l\u00edder del clan \u00dasuga"},"content":{"rendered":"<p>Cuarenta y ocho bienes, 8 veh\u00edculos y 11 cuentas bancarias del n\u00facleo familiar y testaferros de Dairo Antonio \u00dasuga David, alias Otoniel, fueron objeto de medidas cautelares de suspensi\u00f3n del poder dispositivo, embargo y secuestro con fines de extinci\u00f3n de dominio.<\/p>\n<p>El proceso que adelanta la Direcci\u00f3n de Fiscal\u00eda Nacional Especializada de Extinci\u00f3n del Derecho de Dominio se origin\u00f3 en las escrituras de varios inmuebles, certificados de libertad y tradici\u00f3n, documentos sobre consignaciones bancarias, algunas c\u00e9dulas de ciudadan\u00eda y otros documentos.<\/p>\n<p>Del mismo modo, fueron afectados 21 millones 250 mil pesos y 3.932 d\u00f3lares y una camioneta de alta gama registrada a nombre de Nini Johana \u00dasuga. Estos elementos fueron encontrados durante un allanamiento practicado el 11 de diciembre del 2013, en el barrio Los Colores de Medell\u00edn, donde fue capturada la hermana de alias Otoniel.<\/p>\n<p>En total, los bienes ocupados est\u00e1n representados en 19 fincas, una casa, 12 lotes, 10 apartamentos, 6 parqueaderos, 6 motocicletas y 2 carros, que junto con las 11 cuentas, est\u00e1n valorados en 107 mil millones de pesos.<\/p>\n<p>Diecisiete bienes fueron ocupados en Medell\u00edn, 16 en Turbo, siete en Necocl\u00ed, cuatro en Rionegro y los dem\u00e1s en La Ceja, el Guarne, Carepa y San Pedro de Urab\u00e1, todos en Antioquia.<\/p>\n<p>La decisi\u00f3n est\u00e1 basada en la existencia de una empresa criminal denominada el Clan \u00dasuga, liderada por alias Otoniel, que est\u00e1 integrada igualmente por miembros de su n\u00facleo familiar, quienes adquirieron los bienes ocupados con dineros producto de actividades delictivas desplegadas por esa agrupaci\u00f3n, como lo son el tr\u00e1fico de estupefacientes a escala nacional e internacional, el enriquecimiento il\u00edcito, lavado de activos, extorsi\u00f3n y secuestro, entre otras.<\/p>\n<p>Esta es la segunda operaci\u00f3n de gran magnitud contra el Clan \u00dasuga y la primera contra su n\u00facleo familiar, despu\u00e9s de la efectuada en mayo del a\u00f1o pasado en la que se ocuparon bienes por 477 mil millones de pesos.<\/p>\n<p>&nbsp;<\/p>\n<p>AMC \/ AAEA<\/p>\n<p>_____________________________________________________<\/p>\n<h4><strong>Rueda de prensa Eduardo Montealegre Lynett, Fiscal General de la Naci\u00f3n<\/strong><\/h4>\n[audio:http:\/\/www.fiscalia.gov.co\/colombia\/wp-content\/uploads\/rdpfiscal29abr_a.mp3|titles=Declaraciones]\n<p><a title=\"Descargar audio\" href=\"http:\/\/www.fiscalia.gov.co\/colombia\/wp-content\/uploads\/rdpfiscal29abr_a.mp3\" target=\"_blank\">Descargar<\/a><\/p>\n<p>Tema:\u00a0A extinci\u00f3n bienes avaluados en 107 mil millones de pesos de familiares de alias Otoniel, l\u00edder del clan \u00dasuga<strong><br \/>\n<\/strong>Lugar: \u00a0Nivel Central Fiscal\u00eda General de la Naci\u00f3n, Bogot\u00e1<br \/>\nFecha: 29 de abril de 2015<\/p>\n\n<div class=\"twitter-share\"><a href=\"https:\/\/twitter.com\/intent\/tweet?via=fiscaliacol\" class=\"twitter-share-button\">Tweet<\/a><\/div>\n","protected":false},"excerpt":{"rendered":"<p>Cuarenta y ocho bienes, 8 veh\u00edculos y 11 cuentas bancarias del n\u00facleo familiar y testaferros de Dairo Antonio \u00dasuga David, alias Otoniel, fueron objeto de medidas cautelares.<\/p>\n","protected":false},"author":143,"featured_media":0,"comment_status":"closed","ping_status":"open","sticky":false,"template":"","format":"standard","meta":{"_price":"","_stock":"","_tribe_ticket_header":"","_tribe_default_ticket_provider":"","_tribe_ticket_capacity":"0","_ticket_start_date":"","_ticket_end_date":"","_tribe_ticket_show_description":"","_tribe_ticket_show_not_going":false,"_tribe_ticket_use_global_stock":"","_tribe_ticket_global_stock_level":"","_global_stock_mode":"","_global_stock_cap":"","_tribe_rsvp_for_event":"","_tribe_ticket_going_count":"","_tribe_ticket_not_going_count":"","_tribe_tickets_list":"[]","_tribe_ticket_has_attendee_info_fields":false,"tdm_status":"","tdm_grid_status":"","footnotes":""},"categories":[3],"tags":[12586,305,24048],"class_list":{"0":"post-66441","1":"post","2":"type-post","3":"status-publish","4":"format-standard","6":"category-destacada","7":"tag-alias-otoniel","8":"tag-bandas-criminales","9":"tag-clan-usuga"},"yoast_head":"<!-- This site is optimized with the Yoast SEO plugin v24.3 - https:\/\/yoast.com\/wordpress\/plugins\/seo\/ -->\n<title>Fiscal\u00eda General de la Naci\u00f3n<\/title>\n<meta name=\"description\" content=\"P\u00e1gina oficial de la Fiscal\u00eda General de la Naci\u00f3n \u2013 Colombia. Garantizamos el acceso efectivo a la justicia, la verdad y la reparaci\u00f3n de las v\u00edctimas de los delitos.\" \/>\n<meta name=\"robots\" content=\"noindex, follow\" \/>\n<meta property=\"og:locale\" content=\"es_ES\" \/>\n<meta property=\"og:type\" content=\"article\" \/>\n<meta property=\"og:title\" content=\"Fiscal\u00eda General de la Naci\u00f3n\" \/>\n<meta property=\"og:description\" content=\"P\u00e1gina oficial de la Fiscal\u00eda General de la Naci\u00f3n \u2013 Colombia. Garantizamos el acceso efectivo a la justicia, la verdad y la reparaci\u00f3n de las v\u00edctimas de los delitos.\" \/>\n<meta property=\"og:url\" content=\"https:\/\/www.fiscalia.gov.co\/colombia\/noticias\/destacada\/a-extincion-bienes-avaluados-en-107-mil-millones-de-pesos-de-familiares-de-alias-otoniel-lider-del-clan-usuga\/\" \/>\n<meta property=\"og:site_name\" content=\"Fiscal\u00eda General de la Naci\u00f3n\" \/>\n<meta property=\"article:publisher\" content=\"https:\/\/www.facebook.com\/FiscaliaCol\" \/>\n<meta property=\"article:published_time\" content=\"2015-04-29T22:44:58+00:00\" \/>\n<meta property=\"article:modified_time\" content=\"2015-04-29T23:15:52+00:00\" \/>\n<meta name=\"author\" content=\"dfgordillo\" \/>\n<meta name=\"twitter:card\" content=\"summary_large_image\" \/>\n<meta name=\"twitter:creator\" content=\"@FiscaliaCol\" \/>\n<meta name=\"twitter:site\" content=\"@FiscaliaCol\" \/>\n<meta name=\"twitter:label1\" content=\"Escrito por\" \/>\n\t<meta name=\"twitter:data1\" content=\"dfgordillo\" \/>\n\t<meta name=\"twitter:label2\" content=\"Tiempo de lectura\" \/>\n\t<meta name=\"twitter:data2\" content=\"2 minutos\" \/>\n<script type=\"application\/ld+json\" class=\"yoast-schema-graph\">{\"@context\":\"https:\/\/schema.org\",\"@graph\":[{\"@type\":\"Article\",\"@id\":\"https:\/\/www.fiscalia.gov.co\/colombia\/noticias\/destacada\/a-extincion-bienes-avaluados-en-107-mil-millones-de-pesos-de-familiares-de-alias-otoniel-lider-del-clan-usuga\/#article\",\"isPartOf\":{\"@id\":\"https:\/\/www.fiscalia.gov.co\/colombia\/noticias\/destacada\/a-extincion-bienes-avaluados-en-107-mil-millones-de-pesos-de-familiares-de-alias-otoniel-lider-del-clan-usuga\/\"},\"author\":{\"name\":\"dfgordillo\",\"@id\":\"https:\/\/www.fiscalia.gov.co\/colombia\/#\/schema\/person\/3903856a3ce2d54b094c69eb29247895\"},\"headline\":\"A extinci\u00f3n bienes avaluados en 107 mil millones de pesos de familiares de alias Otoniel, l\u00edder del clan \u00dasuga\",\"datePublished\":\"2015-04-29T22:44:58+00:00\",\"dateModified\":\"2015-04-29T23:15:52+00:00\",\"mainEntityOfPage\":{\"@id\":\"https:\/\/www.fiscalia.gov.co\/colombia\/noticias\/destacada\/a-extincion-bienes-avaluados-en-107-mil-millones-de-pesos-de-familiares-de-alias-otoniel-lider-del-clan-usuga\/\"},\"wordCount\":408,\"publisher\":{\"@id\":\"https:\/\/www.fiscalia.gov.co\/colombia\/#organization\"},\"keywords\":[\"Alias Otoniel\",\"Bandas criminales\",\"Clan \u00dasuga\"],\"articleSection\":[\"Destacada\"],\"inLanguage\":\"es-CO\"},{\"@type\":\"WebPage\",\"@id\":\"https:\/\/www.fiscalia.gov.co\/colombia\/noticias\/destacada\/a-extincion-bienes-avaluados-en-107-mil-millones-de-pesos-de-familiares-de-alias-otoniel-lider-del-clan-usuga\/\",\"url\":\"https:\/\/www.fiscalia.gov.co\/colombia\/noticias\/destacada\/a-extincion-bienes-avaluados-en-107-mil-millones-de-pesos-de-familiares-de-alias-otoniel-lider-del-clan-usuga\/\",\"name\":\"Fiscal\u00eda General de la Naci\u00f3n\",\"isPartOf\":{\"@id\":\"https:\/\/www.fiscalia.gov.co\/colombia\/#website\"},\"datePublished\":\"2015-04-29T22:44:58+00:00\",\"dateModified\":\"2015-04-29T23:15:52+00:00\",\"description\":\"P\u00e1gina oficial de la Fiscal\u00eda General de la Naci\u00f3n \u2013 Colombia. Garantizamos el acceso efectivo a la justicia, la verdad y la reparaci\u00f3n de las v\u00edctimas de los delitos.\",\"breadcrumb\":{\"@id\":\"https:\/\/www.fiscalia.gov.co\/colombia\/noticias\/destacada\/a-extincion-bienes-avaluados-en-107-mil-millones-de-pesos-de-familiares-de-alias-otoniel-lider-del-clan-usuga\/#breadcrumb\"},\"inLanguage\":\"es-CO\",\"potentialAction\":[{\"@type\":\"ReadAction\",\"target\":[\"https:\/\/www.fiscalia.gov.co\/colombia\/noticias\/destacada\/a-extincion-bienes-avaluados-en-107-mil-millones-de-pesos-de-familiares-de-alias-otoniel-lider-del-clan-usuga\/\"]}]},{\"@type\":\"BreadcrumbList\",\"@id\":\"https:\/\/www.fiscalia.gov.co\/colombia\/noticias\/destacada\/a-extincion-bienes-avaluados-en-107-mil-millones-de-pesos-de-familiares-de-alias-otoniel-lider-del-clan-usuga\/#breadcrumb\",\"itemListElement\":[{\"@type\":\"ListItem\",\"position\":1,\"name\":\"Home\",\"item\":\"https:\/\/www.fiscalia.gov.co\/colombia\/\"},{\"@type\":\"ListItem\",\"position\":2,\"name\":\"A extinci\u00f3n bienes avaluados en 107 mil millones de pesos de familiares de alias Otoniel, l\u00edder del clan \u00dasuga\"}]},{\"@type\":\"WebSite\",\"@id\":\"https:\/\/www.fiscalia.gov.co\/colombia\/#website\",\"url\":\"https:\/\/www.fiscalia.gov.co\/colombia\/\",\"name\":\"Fiscal\u00eda General de la Naci\u00f3n\",\"description\":\"P\u00e1gina oficial de la Fiscal\u00eda General de la Naci\u00f3n \u2013 Colombia. Garantizamos el acceso efectivo a la justicia, la verdad y la reparaci\u00f3n de las v\u00edctimas de los delitos.\",\"publisher\":{\"@id\":\"https:\/\/www.fiscalia.gov.co\/colombia\/#organization\"},\"potentialAction\":[{\"@type\":\"SearchAction\",\"target\":{\"@type\":\"EntryPoint\",\"urlTemplate\":\"https:\/\/www.fiscalia.gov.co\/colombia\/?s={search_term_string}\"},\"query-input\":{\"@type\":\"PropertyValueSpecification\",\"valueRequired\":true,\"valueName\":\"search_term_string\"}}],\"inLanguage\":\"es-CO\"},{\"@type\":\"Organization\",\"@id\":\"https:\/\/www.fiscalia.gov.co\/colombia\/#organization\",\"name\":\"Fiscal\u00eda General de la Naci\u00f3n\",\"url\":\"https:\/\/www.fiscalia.gov.co\/colombia\/\",\"logo\":{\"@type\":\"ImageObject\",\"inLanguage\":\"es-CO\",\"@id\":\"https:\/\/www.fiscalia.gov.co\/colombia\/#\/schema\/logo\/image\/\",\"url\":\"https:\/\/www.fiscalia.gov.co\/colombia\/wp-content\/uploads\/LogoHorizontal_1.jpg\",\"contentUrl\":\"https:\/\/www.fiscalia.gov.co\/colombia\/wp-content\/uploads\/LogoHorizontal_1.jpg\",\"width\":300,\"height\":90,\"caption\":\"Fiscal\u00eda General de la Naci\u00f3n\"},\"image\":{\"@id\":\"https:\/\/www.fiscalia.gov.co\/colombia\/#\/schema\/logo\/image\/\"},\"sameAs\":[\"https:\/\/www.facebook.com\/FiscaliaCol\",\"https:\/\/x.com\/FiscaliaCol\",\"https:\/\/www.instagram.com\/fiscaliacol\",\"https:\/\/www.linkedin.com\/company\/fiscalia-general-de-la-naci-n\/\",\"https:\/\/youtube.com\/@fiscaliageneraldelanacion-4668?si=6nN79nyQICPU5iTh\"]},{\"@type\":\"Person\",\"@id\":\"https:\/\/www.fiscalia.gov.co\/colombia\/#\/schema\/person\/3903856a3ce2d54b094c69eb29247895\",\"name\":\"dfgordillo\",\"image\":{\"@type\":\"ImageObject\",\"inLanguage\":\"es-CO\",\"@id\":\"https:\/\/www.fiscalia.gov.co\/colombia\/#\/schema\/person\/image\/\",\"url\":\"https:\/\/secure.gravatar.com\/avatar\/b6356e21c5657c60757fe6fb9493e947?s=96&d=mm&r=g\",\"contentUrl\":\"https:\/\/secure.gravatar.com\/avatar\/b6356e21c5657c60757fe6fb9493e947?s=96&d=mm&r=g\",\"caption\":\"dfgordillo\"},\"sameAs\":[\"dfgordillo\"],\"url\":\"https:\/\/www.fiscalia.gov.co\/colombia\/author\/dfgordillo\/\"}]}<\/script>\n<!-- \/ Yoast SEO plugin. -->","yoast_head_json":{"title":"Fiscal\u00eda General de la Naci\u00f3n","description":"P\u00e1gina oficial de la Fiscal\u00eda General de la Naci\u00f3n \u2013 Colombia. Garantizamos el acceso efectivo a la justicia, la verdad y la reparaci\u00f3n de las v\u00edctimas de los delitos.","robots":{"index":"noindex","follow":"follow"},"og_locale":"es_ES","og_type":"article","og_title":"Fiscal\u00eda General de la Naci\u00f3n","og_description":"P\u00e1gina oficial de la Fiscal\u00eda General de la Naci\u00f3n \u2013 Colombia. Garantizamos el acceso efectivo a la justicia, la verdad y la reparaci\u00f3n de las v\u00edctimas de los delitos.","og_url":"https:\/\/www.fiscalia.gov.co\/colombia\/noticias\/destacada\/a-extincion-bienes-avaluados-en-107-mil-millones-de-pesos-de-familiares-de-alias-otoniel-lider-del-clan-usuga\/","og_site_name":"Fiscal\u00eda General de la Naci\u00f3n","article_publisher":"https:\/\/www.facebook.com\/FiscaliaCol","article_published_time":"2015-04-29T22:44:58+00:00","article_modified_time":"2015-04-29T23:15:52+00:00","author":"dfgordillo","twitter_card":"summary_large_image","twitter_creator":"@FiscaliaCol","twitter_site":"@FiscaliaCol","twitter_misc":{"Escrito por":"dfgordillo","Tiempo de lectura":"2 minutos"},"schema":{"@context":"https:\/\/schema.org","@graph":[{"@type":"Article","@id":"https:\/\/www.fiscalia.gov.co\/colombia\/noticias\/destacada\/a-extincion-bienes-avaluados-en-107-mil-millones-de-pesos-de-familiares-de-alias-otoniel-lider-del-clan-usuga\/#article","isPartOf":{"@id":"https:\/\/www.fiscalia.gov.co\/colombia\/noticias\/destacada\/a-extincion-bienes-avaluados-en-107-mil-millones-de-pesos-de-familiares-de-alias-otoniel-lider-del-clan-usuga\/"},"author":{"name":"dfgordillo","@id":"https:\/\/www.fiscalia.gov.co\/colombia\/#\/schema\/person\/3903856a3ce2d54b094c69eb29247895"},"headline":"A extinci\u00f3n bienes avaluados en 107 mil millones de pesos de familiares de alias Otoniel, l\u00edder del clan \u00dasuga","datePublished":"2015-04-29T22:44:58+00:00","dateModified":"2015-04-29T23:15:52+00:00","mainEntityOfPage":{"@id":"https:\/\/www.fiscalia.gov.co\/colombia\/noticias\/destacada\/a-extincion-bienes-avaluados-en-107-mil-millones-de-pesos-de-familiares-de-alias-otoniel-lider-del-clan-usuga\/"},"wordCount":408,"publisher":{"@id":"https:\/\/www.fiscalia.gov.co\/colombia\/#organization"},"keywords":["Alias Otoniel","Bandas criminales","Clan \u00dasuga"],"articleSection":["Destacada"],"inLanguage":"es-CO"},{"@type":"WebPage","@id":"https:\/\/www.fiscalia.gov.co\/colombia\/noticias\/destacada\/a-extincion-bienes-avaluados-en-107-mil-millones-de-pesos-de-familiares-de-alias-otoniel-lider-del-clan-usuga\/","url":"https:\/\/www.fiscalia.gov.co\/colombia\/noticias\/destacada\/a-extincion-bienes-avaluados-en-107-mil-millones-de-pesos-de-familiares-de-alias-otoniel-lider-del-clan-usuga\/","name":"Fiscal\u00eda General de la Naci\u00f3n","isPartOf":{"@id":"https:\/\/www.fiscalia.gov.co\/colombia\/#website"},"datePublished":"2015-04-29T22:44:58+00:00","dateModified":"2015-04-29T23:15:52+00:00","description":"P\u00e1gina oficial de la Fiscal\u00eda General de la Naci\u00f3n \u2013 Colombia. Garantizamos el acceso efectivo a la justicia, la verdad y la reparaci\u00f3n de las v\u00edctimas de los delitos.","breadcrumb":{"@id":"https:\/\/www.fiscalia.gov.co\/colombia\/noticias\/destacada\/a-extincion-bienes-avaluados-en-107-mil-millones-de-pesos-de-familiares-de-alias-otoniel-lider-del-clan-usuga\/#breadcrumb"},"inLanguage":"es-CO","potentialAction":[{"@type":"ReadAction","target":["https:\/\/www.fiscalia.gov.co\/colombia\/noticias\/destacada\/a-extincion-bienes-avaluados-en-107-mil-millones-de-pesos-de-familiares-de-alias-otoniel-lider-del-clan-usuga\/"]}]},{"@type":"BreadcrumbList","@id":"https:\/\/www.fiscalia.gov.co\/colombia\/noticias\/destacada\/a-extincion-bienes-avaluados-en-107-mil-millones-de-pesos-de-familiares-de-alias-otoniel-lider-del-clan-usuga\/#breadcrumb","itemListElement":[{"@type":"ListItem","position":1,"name":"Home","item":"https:\/\/www.fiscalia.gov.co\/colombia\/"},{"@type":"ListItem","position":2,"name":"A extinci\u00f3n bienes avaluados en 107 mil millones de pesos de familiares de alias Otoniel, l\u00edder del clan \u00dasuga"}]},{"@type":"WebSite","@id":"https:\/\/www.fiscalia.gov.co\/colombia\/#website","url":"https:\/\/www.fiscalia.gov.co\/colombia\/","name":"Fiscal\u00eda General de la Naci\u00f3n","description":"P\u00e1gina oficial de la Fiscal\u00eda General de la Naci\u00f3n \u2013 Colombia. Garantizamos el acceso efectivo a la justicia, la verdad y la reparaci\u00f3n de las v\u00edctimas de los delitos.","publisher":{"@id":"https:\/\/www.fiscalia.gov.co\/colombia\/#organization"},"potentialAction":[{"@type":"SearchAction","target":{"@type":"EntryPoint","urlTemplate":"https:\/\/www.fiscalia.gov.co\/colombia\/?s={search_term_string}"},"query-input":{"@type":"PropertyValueSpecification","valueRequired":true,"valueName":"search_term_string"}}],"inLanguage":"es-CO"},{"@type":"Organization","@id":"https:\/\/www.fiscalia.gov.co\/colombia\/#organization","name":"Fiscal\u00eda General de la Naci\u00f3n","url":"https:\/\/www.fiscalia.gov.co\/colombia\/","logo":{"@type":"ImageObject","inLanguage":"es-CO","@id":"https:\/\/www.fiscalia.gov.co\/colombia\/#\/schema\/logo\/image\/","url":"https:\/\/www.fiscalia.gov.co\/colombia\/wp-content\/uploads\/LogoHorizontal_1.jpg","contentUrl":"https:\/\/www.fiscalia.gov.co\/colombia\/wp-content\/uploads\/LogoHorizontal_1.jpg","width":300,"height":90,"caption":"Fiscal\u00eda General de la Naci\u00f3n"},"image":{"@id":"https:\/\/www.fiscalia.gov.co\/colombia\/#\/schema\/logo\/image\/"},"sameAs":["https:\/\/www.facebook.com\/FiscaliaCol","https:\/\/x.com\/FiscaliaCol","https:\/\/www.instagram.com\/fiscaliacol","https:\/\/www.linkedin.com\/company\/fiscalia-general-de-la-naci-n\/","https:\/\/youtube.com\/@fiscaliageneraldelanacion-4668?si=6nN79nyQICPU5iTh"]},{"@type":"Person","@id":"https:\/\/www.fiscalia.gov.co\/colombia\/#\/schema\/person\/3903856a3ce2d54b094c69eb29247895","name":"dfgordillo","image":{"@type":"ImageObject","inLanguage":"es-CO","@id":"https:\/\/www.fiscalia.gov.co\/colombia\/#\/schema\/person\/image\/","url":"https:\/\/secure.gravatar.com\/avatar\/b6356e21c5657c60757fe6fb9493e947?s=96&d=mm&r=g","contentUrl":"https:\/\/secure.gravatar.com\/avatar\/b6356e21c5657c60757fe6fb9493e947?s=96&d=mm&r=g","caption":"dfgordillo"},"sameAs":["dfgordillo"],"url":"https:\/\/www.fiscalia.gov.co\/colombia\/author\/dfgordillo\/"}]}},"_links":{"self":[{"href":"https:\/\/www.fiscalia.gov.co\/colombia\/wp-json\/wp\/v2\/posts\/66441","targetHints":{"allow":["GET"]}}],"collection":[{"href":"https:\/\/www.fiscalia.gov.co\/colombia\/wp-json\/wp\/v2\/posts"}],"about":[{"href":"https:\/\/www.fiscalia.gov.co\/colombia\/wp-json\/wp\/v2\/types\/post"}],"author":[{"embeddable":true,"href":"https:\/\/www.fiscalia.gov.co\/colombia\/wp-json\/wp\/v2\/users\/143"}],"replies":[{"embeddable":true,"href":"https:\/\/www.fiscalia.gov.co\/colombia\/wp-json\/wp\/v2\/comments?post=66441"}],"version-history":[{"count":5,"href":"https:\/\/www.fiscalia.gov.co\/colombia\/wp-json\/wp\/v2\/posts\/66441\/revisions"}],"predecessor-version":[{"id":66465,"href":"https:\/\/www.fiscalia.gov.co\/colombia\/wp-json\/wp\/v2\/posts\/66441\/revisions\/66465"}],"wp:attachment":[{"href":"https:\/\/www.fiscalia.gov.co\/colombia\/wp-json\/wp\/v2\/media?parent=66441"}],"wp:term":[{"taxonomy":"category","embeddable":true,"href":"https:\/\/www.fiscalia.gov.co\/colombia\/wp-json\/wp\/v2\/categories?post=66441"},{"taxonomy":"post_tag","embeddable":true,"href":"https:\/\/www.fiscalia.gov.co\/colombia\/wp-json\/wp\/v2\/tags?post=66441"}],"curies":[{"name":"wp","href":"https:\/\/api.w.org\/{rel}","templated":true}]}}